{"id":134636,"date":"2026-09-01T13:14:41","date_gmt":"2026-09-01T18:14:41","guid":{"rendered":"https:\/\/futbolhoy.co\/?p=134636"},"modified":"2026-09-01T13:16:46","modified_gmt":"2026-09-01T18:16:46","slug":"junior-anuncio-a-su-nuevo-director-tecnico","status":"publish","type":"post","link":"https:\/\/futbolhoy.co\/index.php\/2026\/09\/01\/junior-anuncio-a-su-nuevo-director-tecnico\/","title":{"rendered":"Junior tiene nuevo director t\u00e9cnico: as\u00ed fue anunciado"},"content":{"rendered":"<p style=\"text-align: justify;\"><span style=\"font-family: helvetica, arial, sans-serif;\">Un d\u00eda despu\u00e9s de la salida de<strong> Alfredo Arias<\/strong> de la instituci\u00f3n barranquillera, Junior anunci\u00f3 a su nuevo entrenador. el exportero <strong>Sebasti\u00e1n Viera<\/strong>. El uruguayo, quien se retir\u00f3 en el cuadro Tibur\u00f3n, es un \u00eddolo de la instituci\u00f3n y ahora regresa en otro rol.<\/span><\/p>\n<p style=\"text-align: justify;\"><span style=\"font-family: helvetica, arial, sans-serif;\">\u00abJunior FC se complace en anunciar oficialmente a Sebasti\u00e1n Viera como nuevo director t\u00e9cnico del equipo profesional. <strong>Viera regresa a la instituci\u00f3n para asumir un nuevo desaf\u00edo, esta vez desde el banquillo,<\/strong> despu\u00e9s de haber construido una historia imborrable como jugador y capit\u00e1n del equipo. Durante su etapa como futbolista del Junior FC, Sebasti\u00e1n Viera se convirti\u00f3 en uno de los grandes referentes en la histona del club\u201d, se lee en el comunicado.<\/span><\/p>\n<blockquote class=\"twitter-tweet\">\n<p dir=\"ltr\" lang=\"es\">\ud83e\udd88 COMUNICADO OFICIAL: Sebasti\u00e1n Viera, nuevo director t\u00e9cnico del Junior FC <a href=\"https:\/\/t.co\/f2qKDOww3r\">pic.twitter.com\/f2qKDOww3r<\/a><\/p>\n<p>\u2014 Junior FC (@JuniorClubSA) <a href=\"https:\/\/x.com\/JuniorClubSA\/status\/2094836948753850527?ref_src=twsrc%5Etfw\">September 1, 2026<\/a><\/p><\/blockquote>\n<p><script async src=\"https:\/\/platform.x.com\/widgets.js\" charset=\"utf-8\"><\/script>\u00a0<span style=\"font-family: helvetica, arial, sans-serif;\">El asistente ser\u00e1 su padre, <strong>Mario Viera<\/strong>, mientras que el preparador f\u00edsico ser\u00e1 <strong>Ram\u00f3n V\u00e1squez<\/strong>, quien estuvo en la instituci\u00f3n en 2010.<\/span><\/p>\n<p style=\"text-align: justify;\"><span style=\"font-family: helvetica, arial, sans-serif;\">Se trata entonces de la segunda experiencia de Viera como entrenador, pues ya estuvo al frente del <strong>Real Cartagena entre 2024 y 2025, al que llev\u00f3 a jugar cuadrangulares, pero no pudo lograr el ascenso<\/strong>. Se espera que su debut en el equipo sea el pr\u00f3ximo s\u00e1bado 5 de septiembre, cuando<strong> Junior reciba a Jaguares.<\/strong><\/span><\/p>\n","protected":false},"excerpt":{"rendered":"<p>Un d\u00eda despu\u00e9s de la salida de Alfredo Arias de la instituci\u00f3n barranquillera, Junior anunci\u00f3 a su nuevo entrenador. el exportero Sebasti\u00e1n Viera. El uruguayo, quien se retir\u00f3 en el cuadro Tibur\u00f3n, es un \u00eddolo de la instituci\u00f3n y ahora regresa en otro rol. \u00abJunior FC se complace en anunciar oficialmente a Sebasti\u00e1n Viera como [&hellip;]<\/p>\n","protected":false},"author":17,"featured_media":134637,"comment_status":"closed","ping_status":"closed","sticky":false,"template":"","format":"standard","meta":{"_acf_changed":false,"footnotes":""},"categories":[5],"tags":[],"class_list":["post-134636","post","type-post","status-publish","format-standard","has-post-thumbnail","category-destacados"],"acf":[],"yoast_head":"<!-- This site is optimized with the Yoast SEO plugin v28.3 - https:\/\/yoast.com\/product\/yoast-seo-wordpress\/ -->\n<title>Junior tiene nuevo director t\u00e9cnico: as\u00ed fue anunciado -<\/title>\n<meta name=\"robots\" content=\"index, follow, max-snippet:-1, max-image-preview:large, max-video-preview:-1\" \/>\n<link rel=\"canonical\" href=\"https:\/\/futbolhoy.co\/index.php\/2026\/09\/01\/junior-anuncio-a-su-nuevo-director-tecnico\/\" \/>\n<meta property=\"og:locale\" content=\"es_ES\" \/>\n<meta property=\"og:type\" content=\"article\" \/>\n<meta property=\"og:title\" content=\"Junior tiene nuevo director t\u00e9cnico: as\u00ed fue anunciado -\" \/>\n<meta property=\"og:description\" content=\"Un d\u00eda despu\u00e9s de la salida de Alfredo Arias de la instituci\u00f3n barranquillera, Junior anunci\u00f3 a su nuevo entrenador. el exportero Sebasti\u00e1n Viera. El uruguayo, quien se retir\u00f3 en el cuadro Tibur\u00f3n, es un \u00eddolo de la instituci\u00f3n y ahora regresa en otro rol. \u00abJunior FC se complace en anunciar oficialmente a Sebasti\u00e1n Viera como [&hellip;]\" \/>\n<meta property=\"og:url\" content=\"https:\/\/futbolhoy.co\/index.php\/2026\/09\/01\/junior-anuncio-a-su-nuevo-director-tecnico\/\" \/>\n<meta property=\"article:publisher\" content=\"https:\/\/www.facebook.com\/FutbolHoyCol\/\" \/>\n<meta property=\"article:published_time\" content=\"2026-09-01T18:14:41+00:00\" \/>\n<meta property=\"article:modified_time\" content=\"2026-09-01T18:16:46+00:00\" \/>\n<meta property=\"og:image\" content=\"https:\/\/futbolhoy.co\/wp-content\/uploads\/2026\/09\/HQNqcXsXsAApXaN.jpeg\" \/>\n\t<meta property=\"og:image:width\" content=\"1080\" \/>\n\t<meta property=\"og:image:height\" content=\"675\" \/>\n\t<meta property=\"og:image:type\" content=\"image\/jpeg\" \/>\n<meta name=\"author\" content=\"David Santiago Mu\u00f1oz Camargo\" \/>\n<meta name=\"twitter:card\" content=\"summary_large_image\" \/>\n<meta name=\"twitter:creator\" content=\"@FutbolHoyCol\" \/>\n<meta name=\"twitter:site\" content=\"@FutbolHoyCol\" \/>\n<meta name=\"twitter:label1\" content=\"Escrito por\" \/>\n\t<meta name=\"twitter:data1\" content=\"David Santiago Mu\u00f1oz Camargo\" \/>\n\t<meta name=\"twitter:label2\" content=\"Tiempo de lectura\" \/>\n\t<meta name=\"twitter:data2\" content=\"1 minuto\" \/>\n<script type=\"application\/ld+json\" class=\"yoast-schema-graph\">{\"@context\":\"https:\\\/\\\/schema.org\",\"@graph\":[{\"@type\":\"Article\",\"@id\":\"https:\\\/\\\/futbolhoy.co\\\/index.php\\\/2026\\\/09\\\/01\\\/junior-anuncio-a-su-nuevo-director-tecnico\\\/#article\",\"isPartOf\":{\"@id\":\"https:\\\/\\\/futbolhoy.co\\\/index.php\\\/2026\\\/09\\\/01\\\/junior-anuncio-a-su-nuevo-director-tecnico\\\/\"},\"author\":{\"name\":\"David Santiago Mu\u00f1oz Camargo\",\"@id\":\"https:\\\/\\\/futbolhoy.co\\\/#\\\/schema\\\/person\\\/9c4cd8a1e5edd266e2b8371fed02ea54\"},\"headline\":\"Junior tiene nuevo director t\u00e9cnico: as\u00ed fue anunciado\",\"datePublished\":\"2026-09-01T18:14:41+00:00\",\"dateModified\":\"2026-09-01T18:16:46+00:00\",\"mainEntityOfPage\":{\"@id\":\"https:\\\/\\\/futbolhoy.co\\\/index.php\\\/2026\\\/09\\\/01\\\/junior-anuncio-a-su-nuevo-director-tecnico\\\/\"},\"wordCount\":240,\"image\":{\"@id\":\"https:\\\/\\\/futbolhoy.co\\\/index.php\\\/2026\\\/09\\\/01\\\/junior-anuncio-a-su-nuevo-director-tecnico\\\/#primaryimage\"},\"thumbnailUrl\":\"https:\\\/\\\/futbolhoy.co\\\/wp-content\\\/uploads\\\/2026\\\/09\\\/HQNqcXsXsAApXaN.jpeg\",\"articleSection\":[\"Destacados\"],\"inLanguage\":\"es\"},{\"@type\":\"WebPage\",\"@id\":\"https:\\\/\\\/futbolhoy.co\\\/index.php\\\/2026\\\/09\\\/01\\\/junior-anuncio-a-su-nuevo-director-tecnico\\\/\",\"url\":\"https:\\\/\\\/futbolhoy.co\\\/index.php\\\/2026\\\/09\\\/01\\\/junior-anuncio-a-su-nuevo-director-tecnico\\\/\",\"name\":\"Junior tiene nuevo director t\u00e9cnico: as\u00ed fue anunciado -\",\"isPartOf\":{\"@id\":\"https:\\\/\\\/futbolhoy.co\\\/#website\"},\"primaryImageOfPage\":{\"@id\":\"https:\\\/\\\/futbolhoy.co\\\/index.php\\\/2026\\\/09\\\/01\\\/junior-anuncio-a-su-nuevo-director-tecnico\\\/#primaryimage\"},\"image\":{\"@id\":\"https:\\\/\\\/futbolhoy.co\\\/index.php\\\/2026\\\/09\\\/01\\\/junior-anuncio-a-su-nuevo-director-tecnico\\\/#primaryimage\"},\"thumbnailUrl\":\"https:\\\/\\\/futbolhoy.co\\\/wp-content\\\/uploads\\\/2026\\\/09\\\/HQNqcXsXsAApXaN.jpeg\",\"datePublished\":\"2026-09-01T18:14:41+00:00\",\"dateModified\":\"2026-09-01T18:16:46+00:00\",\"author\":{\"@id\":\"https:\\\/\\\/futbolhoy.co\\\/#\\\/schema\\\/person\\\/9c4cd8a1e5edd266e2b8371fed02ea54\"},\"breadcrumb\":{\"@id\":\"https:\\\/\\\/futbolhoy.co\\\/index.php\\\/2026\\\/09\\\/01\\\/junior-anuncio-a-su-nuevo-director-tecnico\\\/#breadcrumb\"},\"inLanguage\":\"es\",\"potentialAction\":[{\"@type\":\"ReadAction\",\"target\":[\"https:\\\/\\\/futbolhoy.co\\\/index.php\\\/2026\\\/09\\\/01\\\/junior-anuncio-a-su-nuevo-director-tecnico\\\/\"]}]},{\"@type\":\"ImageObject\",\"inLanguage\":\"es\",\"@id\":\"https:\\\/\\\/futbolhoy.co\\\/index.php\\\/2026\\\/09\\\/01\\\/junior-anuncio-a-su-nuevo-director-tecnico\\\/#primaryimage\",\"url\":\"https:\\\/\\\/futbolhoy.co\\\/wp-content\\\/uploads\\\/2026\\\/09\\\/HQNqcXsXsAApXaN.jpeg\",\"contentUrl\":\"https:\\\/\\\/futbolhoy.co\\\/wp-content\\\/uploads\\\/2026\\\/09\\\/HQNqcXsXsAApXaN.jpeg\",\"width\":1080,\"height\":675},{\"@type\":\"BreadcrumbList\",\"@id\":\"https:\\\/\\\/futbolhoy.co\\\/index.php\\\/2026\\\/09\\\/01\\\/junior-anuncio-a-su-nuevo-director-tecnico\\\/#breadcrumb\",\"itemListElement\":[{\"@type\":\"ListItem\",\"position\":1,\"name\":\"Portada\",\"item\":\"https:\\\/\\\/futbolhoy.co\\\/\"},{\"@type\":\"ListItem\",\"position\":2,\"name\":\"Junior tiene nuevo director t\u00e9cnico: as\u00ed fue anunciado\"}]},{\"@type\":\"WebSite\",\"@id\":\"https:\\\/\\\/futbolhoy.co\\\/#website\",\"url\":\"https:\\\/\\\/futbolhoy.co\\\/\",\"name\":\"FutbolHoy\",\"description\":\"\",\"potentialAction\":[{\"@type\":\"SearchAction\",\"target\":{\"@type\":\"EntryPoint\",\"urlTemplate\":\"https:\\\/\\\/futbolhoy.co\\\/?s={search_term_string}\"},\"query-input\":{\"@type\":\"PropertyValueSpecification\",\"valueRequired\":true,\"valueName\":\"search_term_string\"}}],\"inLanguage\":\"es\"},{\"@type\":\"Person\",\"@id\":\"https:\\\/\\\/futbolhoy.co\\\/#\\\/schema\\\/person\\\/9c4cd8a1e5edd266e2b8371fed02ea54\",\"name\":\"David Santiago Mu\u00f1oz Camargo\",\"image\":{\"@type\":\"ImageObject\",\"inLanguage\":\"es\",\"@id\":\"https:\\\/\\\/secure.gravatar.com\\\/avatar\\\/d259e022a90965a4d22b3d1dcef2c57c07862a6da0716d8835409335a106cb2a?s=96&d=mm&r=g\",\"url\":\"https:\\\/\\\/secure.gravatar.com\\\/avatar\\\/d259e022a90965a4d22b3d1dcef2c57c07862a6da0716d8835409335a106cb2a?s=96&d=mm&r=g\",\"contentUrl\":\"https:\\\/\\\/secure.gravatar.com\\\/avatar\\\/d259e022a90965a4d22b3d1dcef2c57c07862a6da0716d8835409335a106cb2a?s=96&d=mm&r=g\",\"caption\":\"David Santiago Mu\u00f1oz Camargo\"}}]}<\/script>\n<!-- \/ Yoast SEO plugin. -->","yoast_head_json":{"title":"Junior tiene nuevo director t\u00e9cnico: as\u00ed fue anunciado -","robots":{"index":"index","follow":"follow","max-snippet":"max-snippet:-1","max-image-preview":"max-image-preview:large","max-video-preview":"max-video-preview:-1"},"canonical":"https:\/\/futbolhoy.co\/index.php\/2026\/09\/01\/junior-anuncio-a-su-nuevo-director-tecnico\/","og_locale":"es_ES","og_type":"article","og_title":"Junior tiene nuevo director t\u00e9cnico: as\u00ed fue anunciado -","og_description":"Un d\u00eda despu\u00e9s de la salida de Alfredo Arias de la instituci\u00f3n barranquillera, Junior anunci\u00f3 a su nuevo entrenador. el exportero Sebasti\u00e1n Viera. El uruguayo, quien se retir\u00f3 en el cuadro Tibur\u00f3n, es un \u00eddolo de la instituci\u00f3n y ahora regresa en otro rol. \u00abJunior FC se complace en anunciar oficialmente a Sebasti\u00e1n Viera como [&hellip;]","og_url":"https:\/\/futbolhoy.co\/index.php\/2026\/09\/01\/junior-anuncio-a-su-nuevo-director-tecnico\/","article_publisher":"https:\/\/www.facebook.com\/FutbolHoyCol\/","article_published_time":"2026-09-01T18:14:41+00:00","article_modified_time":"2026-09-01T18:16:46+00:00","og_image":[{"width":1080,"height":675,"url":"https:\/\/futbolhoy.co\/wp-content\/uploads\/2026\/09\/HQNqcXsXsAApXaN.jpeg","type":"image\/jpeg"}],"author":"David Santiago Mu\u00f1oz Camargo","twitter_card":"summary_large_image","twitter_creator":"@FutbolHoyCol","twitter_site":"@FutbolHoyCol","twitter_misc":{"Escrito por":"David Santiago Mu\u00f1oz Camargo","Tiempo de lectura":"1 minuto"},"schema":{"@context":"https:\/\/schema.org","@graph":[{"@type":"Article","@id":"https:\/\/futbolhoy.co\/index.php\/2026\/09\/01\/junior-anuncio-a-su-nuevo-director-tecnico\/#article","isPartOf":{"@id":"https:\/\/futbolhoy.co\/index.php\/2026\/09\/01\/junior-anuncio-a-su-nuevo-director-tecnico\/"},"author":{"name":"David Santiago Mu\u00f1oz Camargo","@id":"https:\/\/futbolhoy.co\/#\/schema\/person\/9c4cd8a1e5edd266e2b8371fed02ea54"},"headline":"Junior tiene nuevo director t\u00e9cnico: as\u00ed fue anunciado","datePublished":"2026-09-01T18:14:41+00:00","dateModified":"2026-09-01T18:16:46+00:00","mainEntityOfPage":{"@id":"https:\/\/futbolhoy.co\/index.php\/2026\/09\/01\/junior-anuncio-a-su-nuevo-director-tecnico\/"},"wordCount":240,"image":{"@id":"https:\/\/futbolhoy.co\/index.php\/2026\/09\/01\/junior-anuncio-a-su-nuevo-director-tecnico\/#primaryimage"},"thumbnailUrl":"https:\/\/futbolhoy.co\/wp-content\/uploads\/2026\/09\/HQNqcXsXsAApXaN.jpeg","articleSection":["Destacados"],"inLanguage":"es"},{"@type":"WebPage","@id":"https:\/\/futbolhoy.co\/index.php\/2026\/09\/01\/junior-anuncio-a-su-nuevo-director-tecnico\/","url":"https:\/\/futbolhoy.co\/index.php\/2026\/09\/01\/junior-anuncio-a-su-nuevo-director-tecnico\/","name":"Junior tiene nuevo director t\u00e9cnico: as\u00ed fue anunciado -","isPartOf":{"@id":"https:\/\/futbolhoy.co\/#website"},"primaryImageOfPage":{"@id":"https:\/\/futbolhoy.co\/index.php\/2026\/09\/01\/junior-anuncio-a-su-nuevo-director-tecnico\/#primaryimage"},"image":{"@id":"https:\/\/futbolhoy.co\/index.php\/2026\/09\/01\/junior-anuncio-a-su-nuevo-director-tecnico\/#primaryimage"},"thumbnailUrl":"https:\/\/futbolhoy.co\/wp-content\/uploads\/2026\/09\/HQNqcXsXsAApXaN.jpeg","datePublished":"2026-09-01T18:14:41+00:00","dateModified":"2026-09-01T18:16:46+00:00","author":{"@id":"https:\/\/futbolhoy.co\/#\/schema\/person\/9c4cd8a1e5edd266e2b8371fed02ea54"},"breadcrumb":{"@id":"https:\/\/futbolhoy.co\/index.php\/2026\/09\/01\/junior-anuncio-a-su-nuevo-director-tecnico\/#breadcrumb"},"inLanguage":"es","potentialAction":[{"@type":"ReadAction","target":["https:\/\/futbolhoy.co\/index.php\/2026\/09\/01\/junior-anuncio-a-su-nuevo-director-tecnico\/"]}]},{"@type":"ImageObject","inLanguage":"es","@id":"https:\/\/futbolhoy.co\/index.php\/2026\/09\/01\/junior-anuncio-a-su-nuevo-director-tecnico\/#primaryimage","url":"https:\/\/futbolhoy.co\/wp-content\/uploads\/2026\/09\/HQNqcXsXsAApXaN.jpeg","contentUrl":"https:\/\/futbolhoy.co\/wp-content\/uploads\/2026\/09\/HQNqcXsXsAApXaN.jpeg","width":1080,"height":675},{"@type":"BreadcrumbList","@id":"https:\/\/futbolhoy.co\/index.php\/2026\/09\/01\/junior-anuncio-a-su-nuevo-director-tecnico\/#breadcrumb","itemListElement":[{"@type":"ListItem","position":1,"name":"Portada","item":"https:\/\/futbolhoy.co\/"},{"@type":"ListItem","position":2,"name":"Junior tiene nuevo director t\u00e9cnico: as\u00ed fue anunciado"}]},{"@type":"WebSite","@id":"https:\/\/futbolhoy.co\/#website","url":"https:\/\/futbolhoy.co\/","name":"FutbolHoy","description":"","potentialAction":[{"@type":"SearchAction","target":{"@type":"EntryPoint","urlTemplate":"https:\/\/futbolhoy.co\/?s={search_term_string}"},"query-input":{"@type":"PropertyValueSpecification","valueRequired":true,"valueName":"search_term_string"}}],"inLanguage":"es"},{"@type":"Person","@id":"https:\/\/futbolhoy.co\/#\/schema\/person\/9c4cd8a1e5edd266e2b8371fed02ea54","name":"David Santiago Mu\u00f1oz Camargo","image":{"@type":"ImageObject","inLanguage":"es","@id":"https:\/\/secure.gravatar.com\/avatar\/d259e022a90965a4d22b3d1dcef2c57c07862a6da0716d8835409335a106cb2a?s=96&d=mm&r=g","url":"https:\/\/secure.gravatar.com\/avatar\/d259e022a90965a4d22b3d1dcef2c57c07862a6da0716d8835409335a106cb2a?s=96&d=mm&r=g","contentUrl":"https:\/\/secure.gravatar.com\/avatar\/d259e022a90965a4d22b3d1dcef2c57c07862a6da0716d8835409335a106cb2a?s=96&d=mm&r=g","caption":"David Santiago Mu\u00f1oz Camargo"}}]}},"_links":{"self":[{"href":"https:\/\/futbolhoy.co\/index.php\/wp-json\/wp\/v2\/posts\/134636","targetHints":{"allow":["GET"]}}],"collection":[{"href":"https:\/\/futbolhoy.co\/index.php\/wp-json\/wp\/v2\/posts"}],"about":[{"href":"https:\/\/futbolhoy.co\/index.php\/wp-json\/wp\/v2\/types\/post"}],"author":[{"embeddable":true,"href":"https:\/\/futbolhoy.co\/index.php\/wp-json\/wp\/v2\/users\/17"}],"replies":[{"embeddable":true,"href":"https:\/\/futbolhoy.co\/index.php\/wp-json\/wp\/v2\/comments?post=134636"}],"version-history":[{"count":3,"href":"https:\/\/futbolhoy.co\/index.php\/wp-json\/wp\/v2\/posts\/134636\/revisions"}],"predecessor-version":[{"id":134639,"href":"https:\/\/futbolhoy.co\/index.php\/wp-json\/wp\/v2\/posts\/134636\/revisions\/134639"}],"wp:featuredmedia":[{"embeddable":true,"href":"https:\/\/futbolhoy.co\/index.php\/wp-json\/wp\/v2\/media\/134637"}],"wp:attachment":[{"href":"https:\/\/futbolhoy.co\/index.php\/wp-json\/wp\/v2\/media?parent=134636"}],"wp:term":[{"taxonomy":"category","embeddable":true,"href":"https:\/\/futbolhoy.co\/index.php\/wp-json\/wp\/v2\/categories?post=134636"},{"taxonomy":"post_tag","embeddable":true,"href":"https:\/\/futbolhoy.co\/index.php\/wp-json\/wp\/v2\/tags?post=134636"}],"curies":[{"name":"wp","href":"https:\/\/api.w.org\/{rel}","templated":true}]}}