{"id":134641,"date":"2026-09-01T15:33:07","date_gmt":"2026-09-01T20:33:07","guid":{"rendered":"https:\/\/futbolhoy.co\/?p=134641"},"modified":"2026-09-01T15:33:07","modified_gmt":"2026-09-01T20:33:07","slug":"gustavo-puerta-abandona-racing-de-santander-para-unirse-al-olympiakos-de-grecia","status":"publish","type":"post","link":"https:\/\/futbolhoy.co\/index.php\/2026\/09\/01\/gustavo-puerta-abandona-racing-de-santander-para-unirse-al-olympiakos-de-grecia\/","title":{"rendered":"Gustavo Puerta abandona Racing de Santander para unirse al Olympiakos de Grecia"},"content":{"rendered":"<p style=\"text-align: justify;\"><span style=\"font-family: helvetica, arial, sans-serif;\">El <strong>Racing de Santander<\/strong>, reci\u00e9n ascendido a LaLiga espa\u00f1ola, ha llegado a un acuerdo con el <strong>Olympiakos<\/strong> para el traspaso al club griego del centrocampista colombiano <strong>Gustavo Puerta<\/strong>.<\/span><\/p>\n<p style=\"text-align: justify;\"><span style=\"font-family: helvetica, arial, sans-serif;\">\u00ab<strong>El Racing ha transferido los derechos deportivos de Gustavo Puerta al Olympiakos de El Pireo<\/strong>\u00ab, inform\u00f3 este martes el club c\u00e1ntabro en una breve nota.<\/span><\/p>\n<p style=\"text-align: justify;\"><span style=\"font-family: helvetica, arial, sans-serif;\">Olympiakos ha pagado la cl\u00e1usula de rescisi\u00f3n del jugador colombiano que, seg\u00fan distintos medios locales, asciende a <strong>16 millones de euros (18,5 millones de d\u00f3lares)<\/strong>.<\/span><\/p>\n<p style=\"text-align: justify;\"><span style=\"font-family: helvetica, arial, sans-serif;\">Puerta lleg\u00f3 al Racing de Santander en 2025, cuando el club se encontraba en Segunda Divisi\u00f3n. El internacional colombiano, que jug\u00f3 el \u00faltimo <strong>Mundial<\/strong> con su pa\u00eds, contribuy\u00f3 al <strong>ascenso del Racing a Primera Divisi\u00f3n<\/strong>, donde ha disputado las tres primeras fechas del campeonato en la actual temporada.<\/span><\/p>\n<blockquote class=\"twitter-tweet\" data-media-max-width=\"560\">\n<p dir=\"ltr\" lang=\"es\">Gracias por dejarte la piel siempre por este escudo, hasta el \u00faltimo d\u00eda que portaste la verdiblanca. \u00a1Suerte, Gustavo! \ud83e\udec2\ud83d\udc9a <a href=\"https:\/\/t.co\/O6gV9hJIqT\">pic.twitter.com\/O6gV9hJIqT<\/a><\/p>\n<p>\u2014 Real Racing Club (@realracingclub) <a href=\"https:\/\/x.com\/realracingclub\/status\/2094850490781638991?ref_src=twsrc%5Etfw\">September 1, 2026<\/a><\/p><\/blockquote>\n<p><script async src=\"https:\/\/platform.x.com\/widgets.js\" charset=\"utf-8\"><\/script><\/p>\n","protected":false},"excerpt":{"rendered":"<p>El Racing de Santander, reci\u00e9n ascendido a LaLiga espa\u00f1ola, ha llegado a un acuerdo con el Olympiakos para el traspaso al club griego del centrocampista colombiano Gustavo Puerta. \u00abEl Racing ha transferido los derechos deportivos de Gustavo Puerta al Olympiakos de El Pireo\u00ab, inform\u00f3 este martes el club c\u00e1ntabro en una breve nota. Olympiakos ha [&hellip;]<\/p>\n","protected":false},"author":18,"featured_media":134642,"comment_status":"closed","ping_status":"closed","sticky":false,"template":"","format":"standard","meta":{"_acf_changed":false,"footnotes":""},"categories":[5],"tags":[],"class_list":["post-134641","post","type-post","status-publish","format-standard","has-post-thumbnail","category-destacados"],"acf":[],"yoast_head":"<!-- This site is optimized with the Yoast SEO plugin v28.4 - https:\/\/yoast.com\/product\/yoast-seo-wordpress\/ -->\n<title>Gustavo Puerta abandona Racing de Santander para unirse al Olympiakos de Grecia -<\/title>\n<meta name=\"robots\" content=\"index, follow, max-snippet:-1, max-image-preview:large, max-video-preview:-1\" \/>\n<link rel=\"canonical\" href=\"https:\/\/futbolhoy.co\/index.php\/2026\/09\/01\/gustavo-puerta-abandona-racing-de-santander-para-unirse-al-olympiakos-de-grecia\/\" \/>\n<meta property=\"og:locale\" content=\"es_ES\" \/>\n<meta property=\"og:type\" content=\"article\" \/>\n<meta property=\"og:title\" content=\"Gustavo Puerta abandona Racing de Santander para unirse al Olympiakos de Grecia -\" \/>\n<meta property=\"og:description\" content=\"El Racing de Santander, reci\u00e9n ascendido a LaLiga espa\u00f1ola, ha llegado a un acuerdo con el Olympiakos para el traspaso al club griego del centrocampista colombiano Gustavo Puerta. \u00abEl Racing ha transferido los derechos deportivos de Gustavo Puerta al Olympiakos de El Pireo\u00ab, inform\u00f3 este martes el club c\u00e1ntabro en una breve nota. Olympiakos ha [&hellip;]\" \/>\n<meta property=\"og:url\" content=\"https:\/\/futbolhoy.co\/index.php\/2026\/09\/01\/gustavo-puerta-abandona-racing-de-santander-para-unirse-al-olympiakos-de-grecia\/\" \/>\n<meta property=\"article:publisher\" content=\"https:\/\/www.facebook.com\/FutbolHoyCol\/\" \/>\n<meta property=\"article:published_time\" content=\"2026-09-01T20:33:07+00:00\" \/>\n<meta property=\"og:image\" content=\"https:\/\/futbolhoy.co\/wp-content\/uploads\/2026\/09\/image-1.png\" \/>\n\t<meta property=\"og:image:width\" content=\"1094\" \/>\n\t<meta property=\"og:image:height\" content=\"622\" \/>\n\t<meta property=\"og:image:type\" content=\"image\/png\" \/>\n<meta name=\"author\" content=\"Christian Felipe Amezquita Ortiz\" \/>\n<meta name=\"twitter:card\" content=\"summary_large_image\" \/>\n<meta name=\"twitter:creator\" content=\"@FutbolHoyCol\" \/>\n<meta name=\"twitter:site\" content=\"@FutbolHoyCol\" \/>\n<meta name=\"twitter:label1\" content=\"Escrito por\" \/>\n\t<meta name=\"twitter:data1\" content=\"Christian Felipe Amezquita Ortiz\" \/>\n\t<meta name=\"twitter:label2\" content=\"Tiempo de lectura\" \/>\n\t<meta name=\"twitter:data2\" content=\"1 minuto\" \/>\n<script type=\"application\/ld+json\" class=\"yoast-schema-graph\">{\"@context\":\"https:\\\/\\\/schema.org\",\"@graph\":[{\"@type\":\"Article\",\"@id\":\"https:\\\/\\\/futbolhoy.co\\\/index.php\\\/2026\\\/09\\\/01\\\/gustavo-puerta-abandona-racing-de-santander-para-unirse-al-olympiakos-de-grecia\\\/#article\",\"isPartOf\":{\"@id\":\"https:\\\/\\\/futbolhoy.co\\\/index.php\\\/2026\\\/09\\\/01\\\/gustavo-puerta-abandona-racing-de-santander-para-unirse-al-olympiakos-de-grecia\\\/\"},\"author\":{\"name\":\"Christian Felipe Amezquita Ortiz\",\"@id\":\"https:\\\/\\\/futbolhoy.co\\\/#\\\/schema\\\/person\\\/fd6655d9c96e8d0be987c569dbef4401\"},\"headline\":\"Gustavo Puerta abandona Racing de Santander para unirse al Olympiakos de Grecia\",\"datePublished\":\"2026-09-01T20:33:07+00:00\",\"mainEntityOfPage\":{\"@id\":\"https:\\\/\\\/futbolhoy.co\\\/index.php\\\/2026\\\/09\\\/01\\\/gustavo-puerta-abandona-racing-de-santander-para-unirse-al-olympiakos-de-grecia\\\/\"},\"wordCount\":176,\"image\":{\"@id\":\"https:\\\/\\\/futbolhoy.co\\\/index.php\\\/2026\\\/09\\\/01\\\/gustavo-puerta-abandona-racing-de-santander-para-unirse-al-olympiakos-de-grecia\\\/#primaryimage\"},\"thumbnailUrl\":\"https:\\\/\\\/futbolhoy.co\\\/wp-content\\\/uploads\\\/2026\\\/09\\\/image-1.png\",\"articleSection\":[\"Destacados\"],\"inLanguage\":\"es\"},{\"@type\":\"WebPage\",\"@id\":\"https:\\\/\\\/futbolhoy.co\\\/index.php\\\/2026\\\/09\\\/01\\\/gustavo-puerta-abandona-racing-de-santander-para-unirse-al-olympiakos-de-grecia\\\/\",\"url\":\"https:\\\/\\\/futbolhoy.co\\\/index.php\\\/2026\\\/09\\\/01\\\/gustavo-puerta-abandona-racing-de-santander-para-unirse-al-olympiakos-de-grecia\\\/\",\"name\":\"Gustavo Puerta abandona Racing de Santander para unirse al Olympiakos de Grecia -\",\"isPartOf\":{\"@id\":\"https:\\\/\\\/futbolhoy.co\\\/#website\"},\"primaryImageOfPage\":{\"@id\":\"https:\\\/\\\/futbolhoy.co\\\/index.php\\\/2026\\\/09\\\/01\\\/gustavo-puerta-abandona-racing-de-santander-para-unirse-al-olympiakos-de-grecia\\\/#primaryimage\"},\"image\":{\"@id\":\"https:\\\/\\\/futbolhoy.co\\\/index.php\\\/2026\\\/09\\\/01\\\/gustavo-puerta-abandona-racing-de-santander-para-unirse-al-olympiakos-de-grecia\\\/#primaryimage\"},\"thumbnailUrl\":\"https:\\\/\\\/futbolhoy.co\\\/wp-content\\\/uploads\\\/2026\\\/09\\\/image-1.png\",\"datePublished\":\"2026-09-01T20:33:07+00:00\",\"author\":{\"@id\":\"https:\\\/\\\/futbolhoy.co\\\/#\\\/schema\\\/person\\\/fd6655d9c96e8d0be987c569dbef4401\"},\"breadcrumb\":{\"@id\":\"https:\\\/\\\/futbolhoy.co\\\/index.php\\\/2026\\\/09\\\/01\\\/gustavo-puerta-abandona-racing-de-santander-para-unirse-al-olympiakos-de-grecia\\\/#breadcrumb\"},\"inLanguage\":\"es\",\"potentialAction\":[{\"@type\":\"ReadAction\",\"target\":[\"https:\\\/\\\/futbolhoy.co\\\/index.php\\\/2026\\\/09\\\/01\\\/gustavo-puerta-abandona-racing-de-santander-para-unirse-al-olympiakos-de-grecia\\\/\"]}]},{\"@type\":\"ImageObject\",\"inLanguage\":\"es\",\"@id\":\"https:\\\/\\\/futbolhoy.co\\\/index.php\\\/2026\\\/09\\\/01\\\/gustavo-puerta-abandona-racing-de-santander-para-unirse-al-olympiakos-de-grecia\\\/#primaryimage\",\"url\":\"https:\\\/\\\/futbolhoy.co\\\/wp-content\\\/uploads\\\/2026\\\/09\\\/image-1.png\",\"contentUrl\":\"https:\\\/\\\/futbolhoy.co\\\/wp-content\\\/uploads\\\/2026\\\/09\\\/image-1.png\",\"width\":1094,\"height\":622},{\"@type\":\"BreadcrumbList\",\"@id\":\"https:\\\/\\\/futbolhoy.co\\\/index.php\\\/2026\\\/09\\\/01\\\/gustavo-puerta-abandona-racing-de-santander-para-unirse-al-olympiakos-de-grecia\\\/#breadcrumb\",\"itemListElement\":[{\"@type\":\"ListItem\",\"position\":1,\"name\":\"Portada\",\"item\":\"https:\\\/\\\/futbolhoy.co\\\/\"},{\"@type\":\"ListItem\",\"position\":2,\"name\":\"Gustavo Puerta abandona Racing de Santander para unirse al Olympiakos de Grecia\"}]},{\"@type\":\"WebSite\",\"@id\":\"https:\\\/\\\/futbolhoy.co\\\/#website\",\"url\":\"https:\\\/\\\/futbolhoy.co\\\/\",\"name\":\"FutbolHoy\",\"description\":\"\",\"potentialAction\":[{\"@type\":\"SearchAction\",\"target\":{\"@type\":\"EntryPoint\",\"urlTemplate\":\"https:\\\/\\\/futbolhoy.co\\\/?s={search_term_string}\"},\"query-input\":{\"@type\":\"PropertyValueSpecification\",\"valueRequired\":true,\"valueName\":\"search_term_string\"}}],\"inLanguage\":\"es\"},{\"@type\":\"Person\",\"@id\":\"https:\\\/\\\/futbolhoy.co\\\/#\\\/schema\\\/person\\\/fd6655d9c96e8d0be987c569dbef4401\",\"name\":\"Christian Felipe Amezquita Ortiz\",\"image\":{\"@type\":\"ImageObject\",\"inLanguage\":\"es\",\"@id\":\"https:\\\/\\\/secure.gravatar.com\\\/avatar\\\/6a1b9e57b97fa86c2c4e887dcc49d71ff8b05649dac810809466547eb33825f4?s=96&d=mm&r=g\",\"url\":\"https:\\\/\\\/secure.gravatar.com\\\/avatar\\\/6a1b9e57b97fa86c2c4e887dcc49d71ff8b05649dac810809466547eb33825f4?s=96&d=mm&r=g\",\"contentUrl\":\"https:\\\/\\\/secure.gravatar.com\\\/avatar\\\/6a1b9e57b97fa86c2c4e887dcc49d71ff8b05649dac810809466547eb33825f4?s=96&d=mm&r=g\",\"caption\":\"Christian Felipe Amezquita Ortiz\"}}]}<\/script>\n<!-- \/ Yoast SEO plugin. -->","yoast_head_json":{"title":"Gustavo Puerta abandona Racing de Santander para unirse al Olympiakos de Grecia -","robots":{"index":"index","follow":"follow","max-snippet":"max-snippet:-1","max-image-preview":"max-image-preview:large","max-video-preview":"max-video-preview:-1"},"canonical":"https:\/\/futbolhoy.co\/index.php\/2026\/09\/01\/gustavo-puerta-abandona-racing-de-santander-para-unirse-al-olympiakos-de-grecia\/","og_locale":"es_ES","og_type":"article","og_title":"Gustavo Puerta abandona Racing de Santander para unirse al Olympiakos de Grecia -","og_description":"El Racing de Santander, reci\u00e9n ascendido a LaLiga espa\u00f1ola, ha llegado a un acuerdo con el Olympiakos para el traspaso al club griego del centrocampista colombiano Gustavo Puerta. \u00abEl Racing ha transferido los derechos deportivos de Gustavo Puerta al Olympiakos de El Pireo\u00ab, inform\u00f3 este martes el club c\u00e1ntabro en una breve nota. Olympiakos ha [&hellip;]","og_url":"https:\/\/futbolhoy.co\/index.php\/2026\/09\/01\/gustavo-puerta-abandona-racing-de-santander-para-unirse-al-olympiakos-de-grecia\/","article_publisher":"https:\/\/www.facebook.com\/FutbolHoyCol\/","article_published_time":"2026-09-01T20:33:07+00:00","og_image":[{"width":1094,"height":622,"url":"https:\/\/futbolhoy.co\/wp-content\/uploads\/2026\/09\/image-1.png","type":"image\/png"}],"author":"Christian Felipe Amezquita Ortiz","twitter_card":"summary_large_image","twitter_creator":"@FutbolHoyCol","twitter_site":"@FutbolHoyCol","twitter_misc":{"Escrito por":"Christian Felipe Amezquita Ortiz","Tiempo de lectura":"1 minuto"},"schema":{"@context":"https:\/\/schema.org","@graph":[{"@type":"Article","@id":"https:\/\/futbolhoy.co\/index.php\/2026\/09\/01\/gustavo-puerta-abandona-racing-de-santander-para-unirse-al-olympiakos-de-grecia\/#article","isPartOf":{"@id":"https:\/\/futbolhoy.co\/index.php\/2026\/09\/01\/gustavo-puerta-abandona-racing-de-santander-para-unirse-al-olympiakos-de-grecia\/"},"author":{"name":"Christian Felipe Amezquita Ortiz","@id":"https:\/\/futbolhoy.co\/#\/schema\/person\/fd6655d9c96e8d0be987c569dbef4401"},"headline":"Gustavo Puerta abandona Racing de Santander para unirse al Olympiakos de Grecia","datePublished":"2026-09-01T20:33:07+00:00","mainEntityOfPage":{"@id":"https:\/\/futbolhoy.co\/index.php\/2026\/09\/01\/gustavo-puerta-abandona-racing-de-santander-para-unirse-al-olympiakos-de-grecia\/"},"wordCount":176,"image":{"@id":"https:\/\/futbolhoy.co\/index.php\/2026\/09\/01\/gustavo-puerta-abandona-racing-de-santander-para-unirse-al-olympiakos-de-grecia\/#primaryimage"},"thumbnailUrl":"https:\/\/futbolhoy.co\/wp-content\/uploads\/2026\/09\/image-1.png","articleSection":["Destacados"],"inLanguage":"es"},{"@type":"WebPage","@id":"https:\/\/futbolhoy.co\/index.php\/2026\/09\/01\/gustavo-puerta-abandona-racing-de-santander-para-unirse-al-olympiakos-de-grecia\/","url":"https:\/\/futbolhoy.co\/index.php\/2026\/09\/01\/gustavo-puerta-abandona-racing-de-santander-para-unirse-al-olympiakos-de-grecia\/","name":"Gustavo Puerta abandona Racing de Santander para unirse al Olympiakos de Grecia -","isPartOf":{"@id":"https:\/\/futbolhoy.co\/#website"},"primaryImageOfPage":{"@id":"https:\/\/futbolhoy.co\/index.php\/2026\/09\/01\/gustavo-puerta-abandona-racing-de-santander-para-unirse-al-olympiakos-de-grecia\/#primaryimage"},"image":{"@id":"https:\/\/futbolhoy.co\/index.php\/2026\/09\/01\/gustavo-puerta-abandona-racing-de-santander-para-unirse-al-olympiakos-de-grecia\/#primaryimage"},"thumbnailUrl":"https:\/\/futbolhoy.co\/wp-content\/uploads\/2026\/09\/image-1.png","datePublished":"2026-09-01T20:33:07+00:00","author":{"@id":"https:\/\/futbolhoy.co\/#\/schema\/person\/fd6655d9c96e8d0be987c569dbef4401"},"breadcrumb":{"@id":"https:\/\/futbolhoy.co\/index.php\/2026\/09\/01\/gustavo-puerta-abandona-racing-de-santander-para-unirse-al-olympiakos-de-grecia\/#breadcrumb"},"inLanguage":"es","potentialAction":[{"@type":"ReadAction","target":["https:\/\/futbolhoy.co\/index.php\/2026\/09\/01\/gustavo-puerta-abandona-racing-de-santander-para-unirse-al-olympiakos-de-grecia\/"]}]},{"@type":"ImageObject","inLanguage":"es","@id":"https:\/\/futbolhoy.co\/index.php\/2026\/09\/01\/gustavo-puerta-abandona-racing-de-santander-para-unirse-al-olympiakos-de-grecia\/#primaryimage","url":"https:\/\/futbolhoy.co\/wp-content\/uploads\/2026\/09\/image-1.png","contentUrl":"https:\/\/futbolhoy.co\/wp-content\/uploads\/2026\/09\/image-1.png","width":1094,"height":622},{"@type":"BreadcrumbList","@id":"https:\/\/futbolhoy.co\/index.php\/2026\/09\/01\/gustavo-puerta-abandona-racing-de-santander-para-unirse-al-olympiakos-de-grecia\/#breadcrumb","itemListElement":[{"@type":"ListItem","position":1,"name":"Portada","item":"https:\/\/futbolhoy.co\/"},{"@type":"ListItem","position":2,"name":"Gustavo Puerta abandona Racing de Santander para unirse al Olympiakos de Grecia"}]},{"@type":"WebSite","@id":"https:\/\/futbolhoy.co\/#website","url":"https:\/\/futbolhoy.co\/","name":"FutbolHoy","description":"","potentialAction":[{"@type":"SearchAction","target":{"@type":"EntryPoint","urlTemplate":"https:\/\/futbolhoy.co\/?s={search_term_string}"},"query-input":{"@type":"PropertyValueSpecification","valueRequired":true,"valueName":"search_term_string"}}],"inLanguage":"es"},{"@type":"Person","@id":"https:\/\/futbolhoy.co\/#\/schema\/person\/fd6655d9c96e8d0be987c569dbef4401","name":"Christian Felipe Amezquita Ortiz","image":{"@type":"ImageObject","inLanguage":"es","@id":"https:\/\/secure.gravatar.com\/avatar\/6a1b9e57b97fa86c2c4e887dcc49d71ff8b05649dac810809466547eb33825f4?s=96&d=mm&r=g","url":"https:\/\/secure.gravatar.com\/avatar\/6a1b9e57b97fa86c2c4e887dcc49d71ff8b05649dac810809466547eb33825f4?s=96&d=mm&r=g","contentUrl":"https:\/\/secure.gravatar.com\/avatar\/6a1b9e57b97fa86c2c4e887dcc49d71ff8b05649dac810809466547eb33825f4?s=96&d=mm&r=g","caption":"Christian Felipe Amezquita Ortiz"}}]}},"_links":{"self":[{"href":"https:\/\/futbolhoy.co\/index.php\/wp-json\/wp\/v2\/posts\/134641","targetHints":{"allow":["GET"]}}],"collection":[{"href":"https:\/\/futbolhoy.co\/index.php\/wp-json\/wp\/v2\/posts"}],"about":[{"href":"https:\/\/futbolhoy.co\/index.php\/wp-json\/wp\/v2\/types\/post"}],"author":[{"embeddable":true,"href":"https:\/\/futbolhoy.co\/index.php\/wp-json\/wp\/v2\/users\/18"}],"replies":[{"embeddable":true,"href":"https:\/\/futbolhoy.co\/index.php\/wp-json\/wp\/v2\/comments?post=134641"}],"version-history":[{"count":1,"href":"https:\/\/futbolhoy.co\/index.php\/wp-json\/wp\/v2\/posts\/134641\/revisions"}],"predecessor-version":[{"id":134643,"href":"https:\/\/futbolhoy.co\/index.php\/wp-json\/wp\/v2\/posts\/134641\/revisions\/134643"}],"wp:featuredmedia":[{"embeddable":true,"href":"https:\/\/futbolhoy.co\/index.php\/wp-json\/wp\/v2\/media\/134642"}],"wp:attachment":[{"href":"https:\/\/futbolhoy.co\/index.php\/wp-json\/wp\/v2\/media?parent=134641"}],"wp:term":[{"taxonomy":"category","embeddable":true,"href":"https:\/\/futbolhoy.co\/index.php\/wp-json\/wp\/v2\/categories?post=134641"},{"taxonomy":"post_tag","embeddable":true,"href":"https:\/\/futbolhoy.co\/index.php\/wp-json\/wp\/v2\/tags?post=134641"}],"curies":[{"name":"wp","href":"https:\/\/api.w.org\/{rel}","templated":true}]}}