{"id":134644,"date":"2026-09-01T18:10:25","date_gmt":"2026-09-01T23:10:25","guid":{"rendered":"https:\/\/futbolhoy.co\/?p=134644"},"modified":"2026-09-01T18:10:25","modified_gmt":"2026-09-01T23:10:25","slug":"fabian-bustos-no-es-mas-el-director-tecnico-de-millonarios","status":"publish","type":"post","link":"https:\/\/futbolhoy.co\/index.php\/2026\/09\/01\/fabian-bustos-no-es-mas-el-director-tecnico-de-millonarios\/","title":{"rendered":"Fabi\u00e1n Bustos no es m\u00e1s el director t\u00e9cnico de Millonarios"},"content":{"rendered":"<p style=\"text-align: justify;\"><span style=\"font-family: helvetica, arial, sans-serif;\"><strong>Fabi\u00e1n Bustos no es m\u00e1s el director t\u00e9cnico de Millonarios<\/strong>, decisi\u00f3n tomada horas antes de disputarse el cl\u00e1sico capitalino ante Independiente Santa Fe.<\/span><\/p>\n<p style=\"text-align: justify;\"><span style=\"font-family: helvetica, arial, sans-serif;\">El \u00faltimo partido dirigido por el estratega argentino ocurri\u00f3 el pasado domingo 30 de agosto, cuando el cuadro bogotano <strong>empat\u00f3 a cero (0-0) con Internacional de Bogot\u00e1<\/strong> en el Estadio El Camp\u00edn. Dicho resultado alarg\u00f3 la mala racha en condici\u00f3n de local durante este segundo semestre: <strong>4 puntos de 9 posibles<\/strong>.<\/span><\/p>\n<p style=\"text-align: justify;\"><span style=\"font-family: helvetica, arial, sans-serif;\">Bustos deja entonces a un Millonarios posiciondo en la <strong>quinta casilla de la Liga betPlay 2026-2 con 11 puntos de 18 posibles<\/strong>. Claro est\u00e1 que se va con la mancha de no clasificar a los play-offs del primer semestre y quedar eliminado en fase de grupos de la Copa Sudamericana. En l\u00edneas generales, dirigi\u00f3 un total de <strong>32 partidos: 16 victorias, 9 empates y 7 derrotas<\/strong> (59.4% de rendimiento).<\/span><\/p>\n<p style=\"text-align: justify;\"><span style=\"font-family: helvetica, arial, sans-serif;\">Se trata del tercer entrenador que pasa por la instituci\u00f3n desde que se fue Alberto Gamero, es decir en los \u00faltimos 20 meses. Antes de <strong>Fabi\u00e1n Bustos<\/strong> estuvieron <strong>Hern\u00e1n Torres y David Gonz\u00e1lez<\/strong>; asimismo, pasaron los interinatos de<strong> Carlos Giraldo y Omar Rodr\u00edguez<\/strong>.<\/span><\/p>\n<p style=\"text-align: justify;\"><span style=\"font-family: helvetica, arial, sans-serif;\">Habr\u00e1 que esperar qui\u00e9n ser\u00e1 el <strong>nuevo DT del equipo<\/strong> y la elecci\u00f3n del encargado para el cl\u00e1sico ante Santa Fe e incluso para el duelo del fin de semana ante <strong>Deportivo Pereira<\/strong>.<\/span><\/p>\n","protected":false},"excerpt":{"rendered":"<p>Fabi\u00e1n Bustos no es m\u00e1s el director t\u00e9cnico de Millonarios, decisi\u00f3n tomada horas antes de disputarse el cl\u00e1sico capitalino ante Independiente Santa Fe. El \u00faltimo partido dirigido por el estratega argentino ocurri\u00f3 el pasado domingo 30 de agosto, cuando el cuadro bogotano empat\u00f3 a cero (0-0) con Internacional de Bogot\u00e1 en el Estadio El Camp\u00edn. [&hellip;]<\/p>\n","protected":false},"author":18,"featured_media":134645,"comment_status":"closed","ping_status":"closed","sticky":false,"template":"","format":"standard","meta":{"_acf_changed":false,"footnotes":""},"categories":[5],"tags":[],"class_list":["post-134644","post","type-post","status-publish","format-standard","has-post-thumbnail","category-destacados"],"acf":[],"yoast_head":"<!-- This site is optimized with the Yoast SEO plugin v28.3 - https:\/\/yoast.com\/product\/yoast-seo-wordpress\/ -->\n<title>Fabi\u00e1n Bustos no es m\u00e1s el director t\u00e9cnico de Millonarios -<\/title>\n<meta name=\"robots\" content=\"index, follow, max-snippet:-1, max-image-preview:large, max-video-preview:-1\" \/>\n<link rel=\"canonical\" href=\"https:\/\/futbolhoy.co\/index.php\/2026\/09\/01\/fabian-bustos-no-es-mas-el-director-tecnico-de-millonarios\/\" \/>\n<meta property=\"og:locale\" content=\"es_ES\" \/>\n<meta property=\"og:type\" content=\"article\" \/>\n<meta property=\"og:title\" content=\"Fabi\u00e1n Bustos no es m\u00e1s el director t\u00e9cnico de Millonarios -\" \/>\n<meta property=\"og:description\" content=\"Fabi\u00e1n Bustos no es m\u00e1s el director t\u00e9cnico de Millonarios, decisi\u00f3n tomada horas antes de disputarse el cl\u00e1sico capitalino ante Independiente Santa Fe. El \u00faltimo partido dirigido por el estratega argentino ocurri\u00f3 el pasado domingo 30 de agosto, cuando el cuadro bogotano empat\u00f3 a cero (0-0) con Internacional de Bogot\u00e1 en el Estadio El Camp\u00edn. [&hellip;]\" \/>\n<meta property=\"og:url\" content=\"https:\/\/futbolhoy.co\/index.php\/2026\/09\/01\/fabian-bustos-no-es-mas-el-director-tecnico-de-millonarios\/\" \/>\n<meta property=\"article:publisher\" content=\"https:\/\/www.facebook.com\/FutbolHoyCol\/\" \/>\n<meta property=\"article:published_time\" content=\"2026-09-01T23:10:25+00:00\" \/>\n<meta property=\"og:image\" content=\"https:\/\/futbolhoy.co\/wp-content\/uploads\/2026\/09\/image-2.png\" \/>\n\t<meta property=\"og:image:width\" content=\"1080\" \/>\n\t<meta property=\"og:image:height\" content=\"648\" \/>\n\t<meta property=\"og:image:type\" content=\"image\/png\" \/>\n<meta name=\"author\" content=\"Christian Felipe Amezquita Ortiz\" \/>\n<meta name=\"twitter:card\" content=\"summary_large_image\" \/>\n<meta name=\"twitter:creator\" content=\"@FutbolHoyCol\" \/>\n<meta name=\"twitter:site\" content=\"@FutbolHoyCol\" \/>\n<meta name=\"twitter:label1\" content=\"Escrito por\" \/>\n\t<meta name=\"twitter:data1\" content=\"Christian Felipe Amezquita Ortiz\" \/>\n\t<meta name=\"twitter:label2\" content=\"Tiempo de lectura\" \/>\n\t<meta name=\"twitter:data2\" content=\"1 minuto\" \/>\n<script type=\"application\/ld+json\" class=\"yoast-schema-graph\">{\"@context\":\"https:\\\/\\\/schema.org\",\"@graph\":[{\"@type\":\"Article\",\"@id\":\"https:\\\/\\\/futbolhoy.co\\\/index.php\\\/2026\\\/09\\\/01\\\/fabian-bustos-no-es-mas-el-director-tecnico-de-millonarios\\\/#article\",\"isPartOf\":{\"@id\":\"https:\\\/\\\/futbolhoy.co\\\/index.php\\\/2026\\\/09\\\/01\\\/fabian-bustos-no-es-mas-el-director-tecnico-de-millonarios\\\/\"},\"author\":{\"name\":\"Christian Felipe Amezquita Ortiz\",\"@id\":\"https:\\\/\\\/futbolhoy.co\\\/#\\\/schema\\\/person\\\/fd6655d9c96e8d0be987c569dbef4401\"},\"headline\":\"Fabi\u00e1n Bustos no es m\u00e1s el director t\u00e9cnico de Millonarios\",\"datePublished\":\"2026-09-01T23:10:25+00:00\",\"mainEntityOfPage\":{\"@id\":\"https:\\\/\\\/futbolhoy.co\\\/index.php\\\/2026\\\/09\\\/01\\\/fabian-bustos-no-es-mas-el-director-tecnico-de-millonarios\\\/\"},\"wordCount\":237,\"image\":{\"@id\":\"https:\\\/\\\/futbolhoy.co\\\/index.php\\\/2026\\\/09\\\/01\\\/fabian-bustos-no-es-mas-el-director-tecnico-de-millonarios\\\/#primaryimage\"},\"thumbnailUrl\":\"https:\\\/\\\/futbolhoy.co\\\/wp-content\\\/uploads\\\/2026\\\/09\\\/image-2.png\",\"articleSection\":[\"Destacados\"],\"inLanguage\":\"es\"},{\"@type\":\"WebPage\",\"@id\":\"https:\\\/\\\/futbolhoy.co\\\/index.php\\\/2026\\\/09\\\/01\\\/fabian-bustos-no-es-mas-el-director-tecnico-de-millonarios\\\/\",\"url\":\"https:\\\/\\\/futbolhoy.co\\\/index.php\\\/2026\\\/09\\\/01\\\/fabian-bustos-no-es-mas-el-director-tecnico-de-millonarios\\\/\",\"name\":\"Fabi\u00e1n Bustos no es m\u00e1s el director t\u00e9cnico de Millonarios -\",\"isPartOf\":{\"@id\":\"https:\\\/\\\/futbolhoy.co\\\/#website\"},\"primaryImageOfPage\":{\"@id\":\"https:\\\/\\\/futbolhoy.co\\\/index.php\\\/2026\\\/09\\\/01\\\/fabian-bustos-no-es-mas-el-director-tecnico-de-millonarios\\\/#primaryimage\"},\"image\":{\"@id\":\"https:\\\/\\\/futbolhoy.co\\\/index.php\\\/2026\\\/09\\\/01\\\/fabian-bustos-no-es-mas-el-director-tecnico-de-millonarios\\\/#primaryimage\"},\"thumbnailUrl\":\"https:\\\/\\\/futbolhoy.co\\\/wp-content\\\/uploads\\\/2026\\\/09\\\/image-2.png\",\"datePublished\":\"2026-09-01T23:10:25+00:00\",\"author\":{\"@id\":\"https:\\\/\\\/futbolhoy.co\\\/#\\\/schema\\\/person\\\/fd6655d9c96e8d0be987c569dbef4401\"},\"breadcrumb\":{\"@id\":\"https:\\\/\\\/futbolhoy.co\\\/index.php\\\/2026\\\/09\\\/01\\\/fabian-bustos-no-es-mas-el-director-tecnico-de-millonarios\\\/#breadcrumb\"},\"inLanguage\":\"es\",\"potentialAction\":[{\"@type\":\"ReadAction\",\"target\":[\"https:\\\/\\\/futbolhoy.co\\\/index.php\\\/2026\\\/09\\\/01\\\/fabian-bustos-no-es-mas-el-director-tecnico-de-millonarios\\\/\"]}]},{\"@type\":\"ImageObject\",\"inLanguage\":\"es\",\"@id\":\"https:\\\/\\\/futbolhoy.co\\\/index.php\\\/2026\\\/09\\\/01\\\/fabian-bustos-no-es-mas-el-director-tecnico-de-millonarios\\\/#primaryimage\",\"url\":\"https:\\\/\\\/futbolhoy.co\\\/wp-content\\\/uploads\\\/2026\\\/09\\\/image-2.png\",\"contentUrl\":\"https:\\\/\\\/futbolhoy.co\\\/wp-content\\\/uploads\\\/2026\\\/09\\\/image-2.png\",\"width\":1080,\"height\":648},{\"@type\":\"BreadcrumbList\",\"@id\":\"https:\\\/\\\/futbolhoy.co\\\/index.php\\\/2026\\\/09\\\/01\\\/fabian-bustos-no-es-mas-el-director-tecnico-de-millonarios\\\/#breadcrumb\",\"itemListElement\":[{\"@type\":\"ListItem\",\"position\":1,\"name\":\"Portada\",\"item\":\"https:\\\/\\\/futbolhoy.co\\\/\"},{\"@type\":\"ListItem\",\"position\":2,\"name\":\"Fabi\u00e1n Bustos no es m\u00e1s el director t\u00e9cnico de Millonarios\"}]},{\"@type\":\"WebSite\",\"@id\":\"https:\\\/\\\/futbolhoy.co\\\/#website\",\"url\":\"https:\\\/\\\/futbolhoy.co\\\/\",\"name\":\"FutbolHoy\",\"description\":\"\",\"potentialAction\":[{\"@type\":\"SearchAction\",\"target\":{\"@type\":\"EntryPoint\",\"urlTemplate\":\"https:\\\/\\\/futbolhoy.co\\\/?s={search_term_string}\"},\"query-input\":{\"@type\":\"PropertyValueSpecification\",\"valueRequired\":true,\"valueName\":\"search_term_string\"}}],\"inLanguage\":\"es\"},{\"@type\":\"Person\",\"@id\":\"https:\\\/\\\/futbolhoy.co\\\/#\\\/schema\\\/person\\\/fd6655d9c96e8d0be987c569dbef4401\",\"name\":\"Christian Felipe Amezquita Ortiz\",\"image\":{\"@type\":\"ImageObject\",\"inLanguage\":\"es\",\"@id\":\"https:\\\/\\\/secure.gravatar.com\\\/avatar\\\/6a1b9e57b97fa86c2c4e887dcc49d71ff8b05649dac810809466547eb33825f4?s=96&d=mm&r=g\",\"url\":\"https:\\\/\\\/secure.gravatar.com\\\/avatar\\\/6a1b9e57b97fa86c2c4e887dcc49d71ff8b05649dac810809466547eb33825f4?s=96&d=mm&r=g\",\"contentUrl\":\"https:\\\/\\\/secure.gravatar.com\\\/avatar\\\/6a1b9e57b97fa86c2c4e887dcc49d71ff8b05649dac810809466547eb33825f4?s=96&d=mm&r=g\",\"caption\":\"Christian Felipe Amezquita Ortiz\"}}]}<\/script>\n<!-- \/ Yoast SEO plugin. -->","yoast_head_json":{"title":"Fabi\u00e1n Bustos no es m\u00e1s el director t\u00e9cnico de Millonarios -","robots":{"index":"index","follow":"follow","max-snippet":"max-snippet:-1","max-image-preview":"max-image-preview:large","max-video-preview":"max-video-preview:-1"},"canonical":"https:\/\/futbolhoy.co\/index.php\/2026\/09\/01\/fabian-bustos-no-es-mas-el-director-tecnico-de-millonarios\/","og_locale":"es_ES","og_type":"article","og_title":"Fabi\u00e1n Bustos no es m\u00e1s el director t\u00e9cnico de Millonarios -","og_description":"Fabi\u00e1n Bustos no es m\u00e1s el director t\u00e9cnico de Millonarios, decisi\u00f3n tomada horas antes de disputarse el cl\u00e1sico capitalino ante Independiente Santa Fe. El \u00faltimo partido dirigido por el estratega argentino ocurri\u00f3 el pasado domingo 30 de agosto, cuando el cuadro bogotano empat\u00f3 a cero (0-0) con Internacional de Bogot\u00e1 en el Estadio El Camp\u00edn. [&hellip;]","og_url":"https:\/\/futbolhoy.co\/index.php\/2026\/09\/01\/fabian-bustos-no-es-mas-el-director-tecnico-de-millonarios\/","article_publisher":"https:\/\/www.facebook.com\/FutbolHoyCol\/","article_published_time":"2026-09-01T23:10:25+00:00","og_image":[{"width":1080,"height":648,"url":"https:\/\/futbolhoy.co\/wp-content\/uploads\/2026\/09\/image-2.png","type":"image\/png"}],"author":"Christian Felipe Amezquita Ortiz","twitter_card":"summary_large_image","twitter_creator":"@FutbolHoyCol","twitter_site":"@FutbolHoyCol","twitter_misc":{"Escrito por":"Christian Felipe Amezquita Ortiz","Tiempo de lectura":"1 minuto"},"schema":{"@context":"https:\/\/schema.org","@graph":[{"@type":"Article","@id":"https:\/\/futbolhoy.co\/index.php\/2026\/09\/01\/fabian-bustos-no-es-mas-el-director-tecnico-de-millonarios\/#article","isPartOf":{"@id":"https:\/\/futbolhoy.co\/index.php\/2026\/09\/01\/fabian-bustos-no-es-mas-el-director-tecnico-de-millonarios\/"},"author":{"name":"Christian Felipe Amezquita Ortiz","@id":"https:\/\/futbolhoy.co\/#\/schema\/person\/fd6655d9c96e8d0be987c569dbef4401"},"headline":"Fabi\u00e1n Bustos no es m\u00e1s el director t\u00e9cnico de Millonarios","datePublished":"2026-09-01T23:10:25+00:00","mainEntityOfPage":{"@id":"https:\/\/futbolhoy.co\/index.php\/2026\/09\/01\/fabian-bustos-no-es-mas-el-director-tecnico-de-millonarios\/"},"wordCount":237,"image":{"@id":"https:\/\/futbolhoy.co\/index.php\/2026\/09\/01\/fabian-bustos-no-es-mas-el-director-tecnico-de-millonarios\/#primaryimage"},"thumbnailUrl":"https:\/\/futbolhoy.co\/wp-content\/uploads\/2026\/09\/image-2.png","articleSection":["Destacados"],"inLanguage":"es"},{"@type":"WebPage","@id":"https:\/\/futbolhoy.co\/index.php\/2026\/09\/01\/fabian-bustos-no-es-mas-el-director-tecnico-de-millonarios\/","url":"https:\/\/futbolhoy.co\/index.php\/2026\/09\/01\/fabian-bustos-no-es-mas-el-director-tecnico-de-millonarios\/","name":"Fabi\u00e1n Bustos no es m\u00e1s el director t\u00e9cnico de Millonarios -","isPartOf":{"@id":"https:\/\/futbolhoy.co\/#website"},"primaryImageOfPage":{"@id":"https:\/\/futbolhoy.co\/index.php\/2026\/09\/01\/fabian-bustos-no-es-mas-el-director-tecnico-de-millonarios\/#primaryimage"},"image":{"@id":"https:\/\/futbolhoy.co\/index.php\/2026\/09\/01\/fabian-bustos-no-es-mas-el-director-tecnico-de-millonarios\/#primaryimage"},"thumbnailUrl":"https:\/\/futbolhoy.co\/wp-content\/uploads\/2026\/09\/image-2.png","datePublished":"2026-09-01T23:10:25+00:00","author":{"@id":"https:\/\/futbolhoy.co\/#\/schema\/person\/fd6655d9c96e8d0be987c569dbef4401"},"breadcrumb":{"@id":"https:\/\/futbolhoy.co\/index.php\/2026\/09\/01\/fabian-bustos-no-es-mas-el-director-tecnico-de-millonarios\/#breadcrumb"},"inLanguage":"es","potentialAction":[{"@type":"ReadAction","target":["https:\/\/futbolhoy.co\/index.php\/2026\/09\/01\/fabian-bustos-no-es-mas-el-director-tecnico-de-millonarios\/"]}]},{"@type":"ImageObject","inLanguage":"es","@id":"https:\/\/futbolhoy.co\/index.php\/2026\/09\/01\/fabian-bustos-no-es-mas-el-director-tecnico-de-millonarios\/#primaryimage","url":"https:\/\/futbolhoy.co\/wp-content\/uploads\/2026\/09\/image-2.png","contentUrl":"https:\/\/futbolhoy.co\/wp-content\/uploads\/2026\/09\/image-2.png","width":1080,"height":648},{"@type":"BreadcrumbList","@id":"https:\/\/futbolhoy.co\/index.php\/2026\/09\/01\/fabian-bustos-no-es-mas-el-director-tecnico-de-millonarios\/#breadcrumb","itemListElement":[{"@type":"ListItem","position":1,"name":"Portada","item":"https:\/\/futbolhoy.co\/"},{"@type":"ListItem","position":2,"name":"Fabi\u00e1n Bustos no es m\u00e1s el director t\u00e9cnico de Millonarios"}]},{"@type":"WebSite","@id":"https:\/\/futbolhoy.co\/#website","url":"https:\/\/futbolhoy.co\/","name":"FutbolHoy","description":"","potentialAction":[{"@type":"SearchAction","target":{"@type":"EntryPoint","urlTemplate":"https:\/\/futbolhoy.co\/?s={search_term_string}"},"query-input":{"@type":"PropertyValueSpecification","valueRequired":true,"valueName":"search_term_string"}}],"inLanguage":"es"},{"@type":"Person","@id":"https:\/\/futbolhoy.co\/#\/schema\/person\/fd6655d9c96e8d0be987c569dbef4401","name":"Christian Felipe Amezquita Ortiz","image":{"@type":"ImageObject","inLanguage":"es","@id":"https:\/\/secure.gravatar.com\/avatar\/6a1b9e57b97fa86c2c4e887dcc49d71ff8b05649dac810809466547eb33825f4?s=96&d=mm&r=g","url":"https:\/\/secure.gravatar.com\/avatar\/6a1b9e57b97fa86c2c4e887dcc49d71ff8b05649dac810809466547eb33825f4?s=96&d=mm&r=g","contentUrl":"https:\/\/secure.gravatar.com\/avatar\/6a1b9e57b97fa86c2c4e887dcc49d71ff8b05649dac810809466547eb33825f4?s=96&d=mm&r=g","caption":"Christian Felipe Amezquita Ortiz"}}]}},"_links":{"self":[{"href":"https:\/\/futbolhoy.co\/index.php\/wp-json\/wp\/v2\/posts\/134644","targetHints":{"allow":["GET"]}}],"collection":[{"href":"https:\/\/futbolhoy.co\/index.php\/wp-json\/wp\/v2\/posts"}],"about":[{"href":"https:\/\/futbolhoy.co\/index.php\/wp-json\/wp\/v2\/types\/post"}],"author":[{"embeddable":true,"href":"https:\/\/futbolhoy.co\/index.php\/wp-json\/wp\/v2\/users\/18"}],"replies":[{"embeddable":true,"href":"https:\/\/futbolhoy.co\/index.php\/wp-json\/wp\/v2\/comments?post=134644"}],"version-history":[{"count":1,"href":"https:\/\/futbolhoy.co\/index.php\/wp-json\/wp\/v2\/posts\/134644\/revisions"}],"predecessor-version":[{"id":134646,"href":"https:\/\/futbolhoy.co\/index.php\/wp-json\/wp\/v2\/posts\/134644\/revisions\/134646"}],"wp:featuredmedia":[{"embeddable":true,"href":"https:\/\/futbolhoy.co\/index.php\/wp-json\/wp\/v2\/media\/134645"}],"wp:attachment":[{"href":"https:\/\/futbolhoy.co\/index.php\/wp-json\/wp\/v2\/media?parent=134644"}],"wp:term":[{"taxonomy":"category","embeddable":true,"href":"https:\/\/futbolhoy.co\/index.php\/wp-json\/wp\/v2\/categories?post=134644"},{"taxonomy":"post_tag","embeddable":true,"href":"https:\/\/futbolhoy.co\/index.php\/wp-json\/wp\/v2\/tags?post=134644"}],"curies":[{"name":"wp","href":"https:\/\/api.w.org\/{rel}","templated":true}]}}