{"id":134662,"date":"2026-09-02T10:40:22","date_gmt":"2026-09-02T15:40:22","guid":{"rendered":"https:\/\/futbolhoy.co\/?p=134662"},"modified":"2026-09-02T19:41:07","modified_gmt":"2026-09-03T00:41:07","slug":"santa-fe-y-millonarios-afrontan-un-clasico-en-medio-de-turbulencia-previa-y-posibles-alineaciones","status":"publish","type":"post","link":"https:\/\/futbolhoy.co\/index.php\/2026\/09\/02\/santa-fe-y-millonarios-afrontan-un-clasico-en-medio-de-turbulencia-previa-y-posibles-alineaciones\/","title":{"rendered":"Santa Fe y Millonarios afrontan un cl\u00e1sico en medio de turbulencia: previa y posibles alineaciones"},"content":{"rendered":"<p style=\"text-align: justify;\"><span style=\"font-family: helvetica, arial, sans-serif;\">La Liga BetPlay 20226-2 se viste de <strong>cl\u00e1sico capitalino<\/strong>. Este mi\u00e9rcoles 2 de septiembre, <strong>Independiente Santa Fe y Millonarios<\/strong> se ven las caras en duelo adelantado de la fecha 16. El <em>Le\u00f3n<\/em> llega con aire en la camiseta luego de <strong>eliminar a River Plate de la Copa Sudamericana,<\/strong> mientras que el <em>Embajador<\/em> es un mar de dudas ante la sorpresiva salida de <strong>Fabi\u00e1n Bustos<\/strong>.<\/span><\/p>\n<p style=\"text-align: justify;\"><span style=\"font-family: helvetica, arial, sans-serif;\">Por los lados del albirrojo, la confianza es absoluta en el<strong> entrenador Pablo Repetto<\/strong>, quien ha logrado afianzar su n\u00f3mina y expresarlo en resultados deportivos. Si bien <strong>se mantiene la baja de Mosquera Marmolejo<\/strong> en la porter\u00eda, <strong>Weimar Asprilla<\/strong> ha respondido a la perfecci\u00f3n. En el frente de ataque destaca el regreso del capit\u00e1n <strong>Hugo Rodallega<\/strong>, quien se perdi\u00f3 el partido ante Junior por temas f\u00edsicos, pero ya est\u00e1 listo para liderar la zona ofensiva.<\/span><\/p>\n<p style=\"text-align: justify;\"><span style=\"font-family: helvetica, arial, sans-serif;\">En cuanto a los azules, la turbulencia es absoluta: <strong>Fabi\u00e1n Bustos<\/strong> <strong>fue cesado del cargo<\/strong>, el hincha no est\u00e1 conforme con el rendimiento del equipo y en El Camp\u00edn ha ganado solo uno de los \u00faltimos tres partidos&#8230; Adicionalmente, <strong>Rodrigo Contreras y Jorge Arias<\/strong> contin\u00faan en el departamento m\u00e9dico, mientras que <strong>Mackalister Silva<\/strong> no se encuentra al 100% por un tema muscular.<\/span><\/p>\n<p style=\"text-align: justify;\"><span style=\"font-family: helvetica, arial, sans-serif;\">Imperdible cl\u00e1sico, en el que la hinchada santafere\u00f1a oficiar\u00e1 de local en medio de las <strong>sanciones del Distrito por cuenta de los disturbios ocurridos en El Camp\u00edn<\/strong>, durante el partido frente al Am\u00e9rica de Cali. Las tribunas de norte y sur no contar\u00e1n con ingreso de adicionados.<\/span><\/p>\n<p style=\"text-align: justify;\"><span style=\"font-family: helvetica, arial, sans-serif;\">Las acciones en la capital del pa\u00eds comenzar\u00e1n a partir de las<strong> 8:25 de la noche<\/strong>.<\/span><\/p>\n<ul>\n<li style=\"text-align: justify;\"><span style=\"font-family: helvetica, arial, sans-serif;\"><em>Posible n\u00f3mina de Independiente Santa Fe<\/em><\/span><\/li>\n<\/ul>\n<p style=\"text-align: justify;\"><span style=\"font-family: helvetica, arial, sans-serif;\">Weimar Asprilla; Helibelton Palacios (Mateo Puerta), Emmanuel Olivera, Iv\u00e1n Scarpeta, Christian Mafla; Daniel Torres, Kilian Toscano; J\u00e1der Obrian, Maximiliano Lovera, Nahuel Bustos; Hugo Rodallega.\u00a0<\/span><\/p>\n<ul style=\"text-align: justify;\">\n<li><span style=\"font-family: helvetica, arial, sans-serif;\"><em>Posible n\u00f3mina de Millonarios<\/em><\/span><\/li>\n<\/ul>\n<p style=\"text-align: justify;\"><span style=\"font-family: helvetica, arial, sans-serif;\">Javier Burrai, Jhomier Guerrero, Andr\u00e9s Llin\u00e1s, Sergio Mosquera, Stiven Barreiro y Sebasti\u00e1n Valencia; Rodrigo Ure\u00f1a, Mateo Garc\u00eda; Daniel Ruiz, Francisco Chaverra y Leonardo Castro.<\/span><\/p>\n","protected":false},"excerpt":{"rendered":"<p>La Liga BetPlay 20226-2 se viste de cl\u00e1sico capitalino. Este mi\u00e9rcoles 2 de septiembre, Independiente Santa Fe y Millonarios se ven las caras en duelo adelantado de la fecha 16. El Le\u00f3n llega con aire en la camiseta luego de eliminar a River Plate de la Copa Sudamericana, mientras que el Embajador es un mar [&hellip;]<\/p>\n","protected":false},"author":18,"featured_media":134663,"comment_status":"closed","ping_status":"closed","sticky":false,"template":"","format":"standard","meta":{"_acf_changed":false,"footnotes":""},"categories":[7],"tags":[],"class_list":["post-134662","post","type-post","status-publish","format-standard","has-post-thumbnail","category-liga-betplay"],"acf":[],"yoast_head":"<!-- This site is optimized with the Yoast SEO plugin v28.4 - https:\/\/yoast.com\/product\/yoast-seo-wordpress\/ -->\n<title>Santa Fe y Millonarios afrontan un cl\u00e1sico en medio de turbulencia: previa y posibles alineaciones -<\/title>\n<meta name=\"robots\" content=\"index, follow, max-snippet:-1, max-image-preview:large, max-video-preview:-1\" \/>\n<link rel=\"canonical\" href=\"https:\/\/futbolhoy.co\/index.php\/2026\/09\/02\/santa-fe-y-millonarios-afrontan-un-clasico-en-medio-de-turbulencia-previa-y-posibles-alineaciones\/\" \/>\n<meta property=\"og:locale\" content=\"es_ES\" \/>\n<meta property=\"og:type\" content=\"article\" \/>\n<meta property=\"og:title\" content=\"Santa Fe y Millonarios afrontan un cl\u00e1sico en medio de turbulencia: previa y posibles alineaciones -\" \/>\n<meta property=\"og:description\" content=\"La Liga BetPlay 20226-2 se viste de cl\u00e1sico capitalino. Este mi\u00e9rcoles 2 de septiembre, Independiente Santa Fe y Millonarios se ven las caras en duelo adelantado de la fecha 16. El Le\u00f3n llega con aire en la camiseta luego de eliminar a River Plate de la Copa Sudamericana, mientras que el Embajador es un mar [&hellip;]\" \/>\n<meta property=\"og:url\" content=\"https:\/\/futbolhoy.co\/index.php\/2026\/09\/02\/santa-fe-y-millonarios-afrontan-un-clasico-en-medio-de-turbulencia-previa-y-posibles-alineaciones\/\" \/>\n<meta property=\"article:publisher\" content=\"https:\/\/www.facebook.com\/FutbolHoyCol\/\" \/>\n<meta property=\"article:published_time\" content=\"2026-09-02T15:40:22+00:00\" \/>\n<meta property=\"article:modified_time\" content=\"2026-09-03T00:41:07+00:00\" \/>\n<meta property=\"og:image\" content=\"https:\/\/futbolhoy.co\/wp-content\/uploads\/2026\/09\/COLP_334804.jpg\" \/>\n\t<meta property=\"og:image:width\" content=\"900\" \/>\n\t<meta property=\"og:image:height\" content=\"600\" \/>\n\t<meta property=\"og:image:type\" content=\"image\/jpeg\" \/>\n<meta name=\"author\" content=\"Christian Felipe Amezquita Ortiz\" \/>\n<meta name=\"twitter:card\" content=\"summary_large_image\" \/>\n<meta name=\"twitter:creator\" content=\"@FutbolHoyCol\" \/>\n<meta name=\"twitter:site\" content=\"@FutbolHoyCol\" \/>\n<meta name=\"twitter:label1\" content=\"Escrito por\" \/>\n\t<meta name=\"twitter:data1\" content=\"Christian Felipe Amezquita Ortiz\" \/>\n\t<meta name=\"twitter:label2\" content=\"Tiempo de lectura\" \/>\n\t<meta name=\"twitter:data2\" content=\"2 minutos\" \/>\n<script type=\"application\/ld+json\" class=\"yoast-schema-graph\">{\"@context\":\"https:\\\/\\\/schema.org\",\"@graph\":[{\"@type\":\"Article\",\"@id\":\"https:\\\/\\\/futbolhoy.co\\\/index.php\\\/2026\\\/09\\\/02\\\/santa-fe-y-millonarios-afrontan-un-clasico-en-medio-de-turbulencia-previa-y-posibles-alineaciones\\\/#article\",\"isPartOf\":{\"@id\":\"https:\\\/\\\/futbolhoy.co\\\/index.php\\\/2026\\\/09\\\/02\\\/santa-fe-y-millonarios-afrontan-un-clasico-en-medio-de-turbulencia-previa-y-posibles-alineaciones\\\/\"},\"author\":{\"name\":\"Christian Felipe Amezquita Ortiz\",\"@id\":\"https:\\\/\\\/futbolhoy.co\\\/#\\\/schema\\\/person\\\/fd6655d9c96e8d0be987c569dbef4401\"},\"headline\":\"Santa Fe y Millonarios afrontan un cl\u00e1sico en medio de turbulencia: previa y posibles alineaciones\",\"datePublished\":\"2026-09-02T15:40:22+00:00\",\"dateModified\":\"2026-09-03T00:41:07+00:00\",\"mainEntityOfPage\":{\"@id\":\"https:\\\/\\\/futbolhoy.co\\\/index.php\\\/2026\\\/09\\\/02\\\/santa-fe-y-millonarios-afrontan-un-clasico-en-medio-de-turbulencia-previa-y-posibles-alineaciones\\\/\"},\"wordCount\":363,\"image\":{\"@id\":\"https:\\\/\\\/futbolhoy.co\\\/index.php\\\/2026\\\/09\\\/02\\\/santa-fe-y-millonarios-afrontan-un-clasico-en-medio-de-turbulencia-previa-y-posibles-alineaciones\\\/#primaryimage\"},\"thumbnailUrl\":\"https:\\\/\\\/futbolhoy.co\\\/wp-content\\\/uploads\\\/2026\\\/09\\\/COLP_334804.jpg\",\"articleSection\":[\"Liga BetPlay\"],\"inLanguage\":\"es\"},{\"@type\":\"WebPage\",\"@id\":\"https:\\\/\\\/futbolhoy.co\\\/index.php\\\/2026\\\/09\\\/02\\\/santa-fe-y-millonarios-afrontan-un-clasico-en-medio-de-turbulencia-previa-y-posibles-alineaciones\\\/\",\"url\":\"https:\\\/\\\/futbolhoy.co\\\/index.php\\\/2026\\\/09\\\/02\\\/santa-fe-y-millonarios-afrontan-un-clasico-en-medio-de-turbulencia-previa-y-posibles-alineaciones\\\/\",\"name\":\"Santa Fe y Millonarios afrontan un cl\u00e1sico en medio de turbulencia: previa y posibles alineaciones -\",\"isPartOf\":{\"@id\":\"https:\\\/\\\/futbolhoy.co\\\/#website\"},\"primaryImageOfPage\":{\"@id\":\"https:\\\/\\\/futbolhoy.co\\\/index.php\\\/2026\\\/09\\\/02\\\/santa-fe-y-millonarios-afrontan-un-clasico-en-medio-de-turbulencia-previa-y-posibles-alineaciones\\\/#primaryimage\"},\"image\":{\"@id\":\"https:\\\/\\\/futbolhoy.co\\\/index.php\\\/2026\\\/09\\\/02\\\/santa-fe-y-millonarios-afrontan-un-clasico-en-medio-de-turbulencia-previa-y-posibles-alineaciones\\\/#primaryimage\"},\"thumbnailUrl\":\"https:\\\/\\\/futbolhoy.co\\\/wp-content\\\/uploads\\\/2026\\\/09\\\/COLP_334804.jpg\",\"datePublished\":\"2026-09-02T15:40:22+00:00\",\"dateModified\":\"2026-09-03T00:41:07+00:00\",\"author\":{\"@id\":\"https:\\\/\\\/futbolhoy.co\\\/#\\\/schema\\\/person\\\/fd6655d9c96e8d0be987c569dbef4401\"},\"breadcrumb\":{\"@id\":\"https:\\\/\\\/futbolhoy.co\\\/index.php\\\/2026\\\/09\\\/02\\\/santa-fe-y-millonarios-afrontan-un-clasico-en-medio-de-turbulencia-previa-y-posibles-alineaciones\\\/#breadcrumb\"},\"inLanguage\":\"es\",\"potentialAction\":[{\"@type\":\"ReadAction\",\"target\":[\"https:\\\/\\\/futbolhoy.co\\\/index.php\\\/2026\\\/09\\\/02\\\/santa-fe-y-millonarios-afrontan-un-clasico-en-medio-de-turbulencia-previa-y-posibles-alineaciones\\\/\"]}]},{\"@type\":\"ImageObject\",\"inLanguage\":\"es\",\"@id\":\"https:\\\/\\\/futbolhoy.co\\\/index.php\\\/2026\\\/09\\\/02\\\/santa-fe-y-millonarios-afrontan-un-clasico-en-medio-de-turbulencia-previa-y-posibles-alineaciones\\\/#primaryimage\",\"url\":\"https:\\\/\\\/futbolhoy.co\\\/wp-content\\\/uploads\\\/2026\\\/09\\\/COLP_334804.jpg\",\"contentUrl\":\"https:\\\/\\\/futbolhoy.co\\\/wp-content\\\/uploads\\\/2026\\\/09\\\/COLP_334804.jpg\",\"width\":900,\"height\":600},{\"@type\":\"BreadcrumbList\",\"@id\":\"https:\\\/\\\/futbolhoy.co\\\/index.php\\\/2026\\\/09\\\/02\\\/santa-fe-y-millonarios-afrontan-un-clasico-en-medio-de-turbulencia-previa-y-posibles-alineaciones\\\/#breadcrumb\",\"itemListElement\":[{\"@type\":\"ListItem\",\"position\":1,\"name\":\"Portada\",\"item\":\"https:\\\/\\\/futbolhoy.co\\\/\"},{\"@type\":\"ListItem\",\"position\":2,\"name\":\"Santa Fe y Millonarios afrontan un cl\u00e1sico en medio de turbulencia: previa y posibles alineaciones\"}]},{\"@type\":\"WebSite\",\"@id\":\"https:\\\/\\\/futbolhoy.co\\\/#website\",\"url\":\"https:\\\/\\\/futbolhoy.co\\\/\",\"name\":\"FutbolHoy\",\"description\":\"\",\"potentialAction\":[{\"@type\":\"SearchAction\",\"target\":{\"@type\":\"EntryPoint\",\"urlTemplate\":\"https:\\\/\\\/futbolhoy.co\\\/?s={search_term_string}\"},\"query-input\":{\"@type\":\"PropertyValueSpecification\",\"valueRequired\":true,\"valueName\":\"search_term_string\"}}],\"inLanguage\":\"es\"},{\"@type\":\"Person\",\"@id\":\"https:\\\/\\\/futbolhoy.co\\\/#\\\/schema\\\/person\\\/fd6655d9c96e8d0be987c569dbef4401\",\"name\":\"Christian Felipe Amezquita Ortiz\",\"image\":{\"@type\":\"ImageObject\",\"inLanguage\":\"es\",\"@id\":\"https:\\\/\\\/secure.gravatar.com\\\/avatar\\\/6a1b9e57b97fa86c2c4e887dcc49d71ff8b05649dac810809466547eb33825f4?s=96&d=mm&r=g\",\"url\":\"https:\\\/\\\/secure.gravatar.com\\\/avatar\\\/6a1b9e57b97fa86c2c4e887dcc49d71ff8b05649dac810809466547eb33825f4?s=96&d=mm&r=g\",\"contentUrl\":\"https:\\\/\\\/secure.gravatar.com\\\/avatar\\\/6a1b9e57b97fa86c2c4e887dcc49d71ff8b05649dac810809466547eb33825f4?s=96&d=mm&r=g\",\"caption\":\"Christian Felipe Amezquita Ortiz\"}}]}<\/script>\n<!-- \/ Yoast SEO plugin. -->","yoast_head_json":{"title":"Santa Fe y Millonarios afrontan un cl\u00e1sico en medio de turbulencia: previa y posibles alineaciones -","robots":{"index":"index","follow":"follow","max-snippet":"max-snippet:-1","max-image-preview":"max-image-preview:large","max-video-preview":"max-video-preview:-1"},"canonical":"https:\/\/futbolhoy.co\/index.php\/2026\/09\/02\/santa-fe-y-millonarios-afrontan-un-clasico-en-medio-de-turbulencia-previa-y-posibles-alineaciones\/","og_locale":"es_ES","og_type":"article","og_title":"Santa Fe y Millonarios afrontan un cl\u00e1sico en medio de turbulencia: previa y posibles alineaciones -","og_description":"La Liga BetPlay 20226-2 se viste de cl\u00e1sico capitalino. Este mi\u00e9rcoles 2 de septiembre, Independiente Santa Fe y Millonarios se ven las caras en duelo adelantado de la fecha 16. El Le\u00f3n llega con aire en la camiseta luego de eliminar a River Plate de la Copa Sudamericana, mientras que el Embajador es un mar [&hellip;]","og_url":"https:\/\/futbolhoy.co\/index.php\/2026\/09\/02\/santa-fe-y-millonarios-afrontan-un-clasico-en-medio-de-turbulencia-previa-y-posibles-alineaciones\/","article_publisher":"https:\/\/www.facebook.com\/FutbolHoyCol\/","article_published_time":"2026-09-02T15:40:22+00:00","article_modified_time":"2026-09-03T00:41:07+00:00","og_image":[{"width":900,"height":600,"url":"https:\/\/futbolhoy.co\/wp-content\/uploads\/2026\/09\/COLP_334804.jpg","type":"image\/jpeg"}],"author":"Christian Felipe Amezquita Ortiz","twitter_card":"summary_large_image","twitter_creator":"@FutbolHoyCol","twitter_site":"@FutbolHoyCol","twitter_misc":{"Escrito por":"Christian Felipe Amezquita Ortiz","Tiempo de lectura":"2 minutos"},"schema":{"@context":"https:\/\/schema.org","@graph":[{"@type":"Article","@id":"https:\/\/futbolhoy.co\/index.php\/2026\/09\/02\/santa-fe-y-millonarios-afrontan-un-clasico-en-medio-de-turbulencia-previa-y-posibles-alineaciones\/#article","isPartOf":{"@id":"https:\/\/futbolhoy.co\/index.php\/2026\/09\/02\/santa-fe-y-millonarios-afrontan-un-clasico-en-medio-de-turbulencia-previa-y-posibles-alineaciones\/"},"author":{"name":"Christian Felipe Amezquita Ortiz","@id":"https:\/\/futbolhoy.co\/#\/schema\/person\/fd6655d9c96e8d0be987c569dbef4401"},"headline":"Santa Fe y Millonarios afrontan un cl\u00e1sico en medio de turbulencia: previa y posibles alineaciones","datePublished":"2026-09-02T15:40:22+00:00","dateModified":"2026-09-03T00:41:07+00:00","mainEntityOfPage":{"@id":"https:\/\/futbolhoy.co\/index.php\/2026\/09\/02\/santa-fe-y-millonarios-afrontan-un-clasico-en-medio-de-turbulencia-previa-y-posibles-alineaciones\/"},"wordCount":363,"image":{"@id":"https:\/\/futbolhoy.co\/index.php\/2026\/09\/02\/santa-fe-y-millonarios-afrontan-un-clasico-en-medio-de-turbulencia-previa-y-posibles-alineaciones\/#primaryimage"},"thumbnailUrl":"https:\/\/futbolhoy.co\/wp-content\/uploads\/2026\/09\/COLP_334804.jpg","articleSection":["Liga BetPlay"],"inLanguage":"es"},{"@type":"WebPage","@id":"https:\/\/futbolhoy.co\/index.php\/2026\/09\/02\/santa-fe-y-millonarios-afrontan-un-clasico-en-medio-de-turbulencia-previa-y-posibles-alineaciones\/","url":"https:\/\/futbolhoy.co\/index.php\/2026\/09\/02\/santa-fe-y-millonarios-afrontan-un-clasico-en-medio-de-turbulencia-previa-y-posibles-alineaciones\/","name":"Santa Fe y Millonarios afrontan un cl\u00e1sico en medio de turbulencia: previa y posibles alineaciones -","isPartOf":{"@id":"https:\/\/futbolhoy.co\/#website"},"primaryImageOfPage":{"@id":"https:\/\/futbolhoy.co\/index.php\/2026\/09\/02\/santa-fe-y-millonarios-afrontan-un-clasico-en-medio-de-turbulencia-previa-y-posibles-alineaciones\/#primaryimage"},"image":{"@id":"https:\/\/futbolhoy.co\/index.php\/2026\/09\/02\/santa-fe-y-millonarios-afrontan-un-clasico-en-medio-de-turbulencia-previa-y-posibles-alineaciones\/#primaryimage"},"thumbnailUrl":"https:\/\/futbolhoy.co\/wp-content\/uploads\/2026\/09\/COLP_334804.jpg","datePublished":"2026-09-02T15:40:22+00:00","dateModified":"2026-09-03T00:41:07+00:00","author":{"@id":"https:\/\/futbolhoy.co\/#\/schema\/person\/fd6655d9c96e8d0be987c569dbef4401"},"breadcrumb":{"@id":"https:\/\/futbolhoy.co\/index.php\/2026\/09\/02\/santa-fe-y-millonarios-afrontan-un-clasico-en-medio-de-turbulencia-previa-y-posibles-alineaciones\/#breadcrumb"},"inLanguage":"es","potentialAction":[{"@type":"ReadAction","target":["https:\/\/futbolhoy.co\/index.php\/2026\/09\/02\/santa-fe-y-millonarios-afrontan-un-clasico-en-medio-de-turbulencia-previa-y-posibles-alineaciones\/"]}]},{"@type":"ImageObject","inLanguage":"es","@id":"https:\/\/futbolhoy.co\/index.php\/2026\/09\/02\/santa-fe-y-millonarios-afrontan-un-clasico-en-medio-de-turbulencia-previa-y-posibles-alineaciones\/#primaryimage","url":"https:\/\/futbolhoy.co\/wp-content\/uploads\/2026\/09\/COLP_334804.jpg","contentUrl":"https:\/\/futbolhoy.co\/wp-content\/uploads\/2026\/09\/COLP_334804.jpg","width":900,"height":600},{"@type":"BreadcrumbList","@id":"https:\/\/futbolhoy.co\/index.php\/2026\/09\/02\/santa-fe-y-millonarios-afrontan-un-clasico-en-medio-de-turbulencia-previa-y-posibles-alineaciones\/#breadcrumb","itemListElement":[{"@type":"ListItem","position":1,"name":"Portada","item":"https:\/\/futbolhoy.co\/"},{"@type":"ListItem","position":2,"name":"Santa Fe y Millonarios afrontan un cl\u00e1sico en medio de turbulencia: previa y posibles alineaciones"}]},{"@type":"WebSite","@id":"https:\/\/futbolhoy.co\/#website","url":"https:\/\/futbolhoy.co\/","name":"FutbolHoy","description":"","potentialAction":[{"@type":"SearchAction","target":{"@type":"EntryPoint","urlTemplate":"https:\/\/futbolhoy.co\/?s={search_term_string}"},"query-input":{"@type":"PropertyValueSpecification","valueRequired":true,"valueName":"search_term_string"}}],"inLanguage":"es"},{"@type":"Person","@id":"https:\/\/futbolhoy.co\/#\/schema\/person\/fd6655d9c96e8d0be987c569dbef4401","name":"Christian Felipe Amezquita Ortiz","image":{"@type":"ImageObject","inLanguage":"es","@id":"https:\/\/secure.gravatar.com\/avatar\/6a1b9e57b97fa86c2c4e887dcc49d71ff8b05649dac810809466547eb33825f4?s=96&d=mm&r=g","url":"https:\/\/secure.gravatar.com\/avatar\/6a1b9e57b97fa86c2c4e887dcc49d71ff8b05649dac810809466547eb33825f4?s=96&d=mm&r=g","contentUrl":"https:\/\/secure.gravatar.com\/avatar\/6a1b9e57b97fa86c2c4e887dcc49d71ff8b05649dac810809466547eb33825f4?s=96&d=mm&r=g","caption":"Christian Felipe Amezquita Ortiz"}}]}},"_links":{"self":[{"href":"https:\/\/futbolhoy.co\/index.php\/wp-json\/wp\/v2\/posts\/134662","targetHints":{"allow":["GET"]}}],"collection":[{"href":"https:\/\/futbolhoy.co\/index.php\/wp-json\/wp\/v2\/posts"}],"about":[{"href":"https:\/\/futbolhoy.co\/index.php\/wp-json\/wp\/v2\/types\/post"}],"author":[{"embeddable":true,"href":"https:\/\/futbolhoy.co\/index.php\/wp-json\/wp\/v2\/users\/18"}],"replies":[{"embeddable":true,"href":"https:\/\/futbolhoy.co\/index.php\/wp-json\/wp\/v2\/comments?post=134662"}],"version-history":[{"count":1,"href":"https:\/\/futbolhoy.co\/index.php\/wp-json\/wp\/v2\/posts\/134662\/revisions"}],"predecessor-version":[{"id":134664,"href":"https:\/\/futbolhoy.co\/index.php\/wp-json\/wp\/v2\/posts\/134662\/revisions\/134664"}],"wp:featuredmedia":[{"embeddable":true,"href":"https:\/\/futbolhoy.co\/index.php\/wp-json\/wp\/v2\/media\/134663"}],"wp:attachment":[{"href":"https:\/\/futbolhoy.co\/index.php\/wp-json\/wp\/v2\/media?parent=134662"}],"wp:term":[{"taxonomy":"category","embeddable":true,"href":"https:\/\/futbolhoy.co\/index.php\/wp-json\/wp\/v2\/categories?post=134662"},{"taxonomy":"post_tag","embeddable":true,"href":"https:\/\/futbolhoy.co\/index.php\/wp-json\/wp\/v2\/tags?post=134662"}],"curies":[{"name":"wp","href":"https:\/\/api.w.org\/{rel}","templated":true}]}}