{"id":134666,"date":"2026-09-02T19:43:47","date_gmt":"2026-09-03T00:43:47","guid":{"rendered":"https:\/\/futbolhoy.co\/?p=134666"},"modified":"2026-09-02T19:46:52","modified_gmt":"2026-09-03T00:46:52","slug":"richard-rios-anunciado-como-nuevo-jugador-en-la-liga-de-arabia-saudita","status":"publish","type":"post","link":"https:\/\/futbolhoy.co\/index.php\/2026\/09\/02\/richard-rios-anunciado-como-nuevo-jugador-en-la-liga-de-arabia-saudita\/","title":{"rendered":"Richard R\u00edos, anunciado como nuevo jugador en la Liga de Arabia Saudita"},"content":{"rendered":"<p style=\"text-align: justify;\"><span style=\"font-family: helvetica, arial, sans-serif;\">Se hizo oficial la vinculaci\u00f3n de <strong>Richard R\u00edos<\/strong> al <strong>Al Ittihad<\/strong> de la <strong>Liga de Arabia Saudita<\/strong>. El colombiano llega en calidad de pr\u00e9stamo por un a\u00f1o desde <strong>Benfica<\/strong>, sin opci\u00f3n de compra.<\/span><\/p>\n<p style=\"text-align: justify;\"><span style=\"font-family: helvetica, arial, sans-serif;\">R\u00edos perdi\u00f3 protagonismo en el club portugu\u00e9s, para el que jug\u00f3 51 partidos (42 como titular) y marc\u00f3 8 goles, adem\u00e1s de dar 6 asistencias. El entrenador y las directivas, no lo consideraron indispensable para una nueva temporada.<\/span><\/p>\n<p style=\"text-align: justify;\"><span style=\"font-family: helvetica, arial, sans-serif;\">Al Ittihad asumir\u00e1 el 100% del sueldo de Richard R\u00edos, que ronda los 3 millones de euros anuales (<strong>250.000 euros mensuales<\/strong>). No obstante, hay algunas versiones que apuntan a que el club saud\u00ed le doblar\u00e1 el salario al antioque\u00f1o de 26 a\u00f1os.<\/span><\/p>\n<p style=\"text-align: justify;\"><span style=\"font-family: helvetica, arial, sans-serif;\">Por su parte, Al Ittihad le dejar\u00e1 un cargo de 4 millones de euros al Benfica por el pr\u00e9stamo R\u00edos, quien lleg\u00f3 en julio de 2025 al cuadro portugu\u00e9s a cambio de 27 millones de euros, siendo el jugador m\u00e1s costoso en la historia del club. Actualmente est\u00e1 valorado en 25 millones de euros, seg\u00fan <strong><em>Transfermarkt<\/em><\/strong>.<\/span><\/p>\n<p style=\"text-align: justify;\"><span style=\"font-family: helvetica, arial, sans-serif;\">Por su parte, Al Ittihad le dejar\u00e1 un cargo de 4 millones de euros al Benfica por el pr\u00e9stamo R\u00edos, quien lleg\u00f3 en julio de 2025 al cuadro portugu\u00e9s a cambio de 27 millones de euros, siendo el jugador m\u00e1s costoso en la historia del club. <strong>Actualmente est\u00e1 valorado en 25 millones de euros, seg\u00fan Transfermarkt.<\/strong><\/span><\/p>\n<blockquote class=\"twitter-tweet\" data-media-max-width=\"560\">\n<p dir=\"ltr\" lang=\"en\">A Colombian to boost your mood \ud83e\udde0<br \/>\nAnd control your midfield \ud83d\udc05<a href=\"https:\/\/x.com\/hashtag\/RiosIsYellow?src=hash&amp;ref_src=twsrc%5Etfw\">#RiosIsYellow<\/a> <a href=\"https:\/\/t.co\/aigZj7ndnJ\">pic.twitter.com\/aigZj7ndnJ<\/a><\/p>\n<p>\u2014 Al-Ittihad Club (@ittihad_en) <a href=\"https:\/\/x.com\/ittihad_en\/status\/2095270998530458108?ref_src=twsrc%5Etfw\">September 2, 2026<\/a><\/p><\/blockquote>\n<p><script async src=\"https:\/\/platform.x.com\/widgets.js\" charset=\"utf-8\"><\/script><\/p>\n","protected":false},"excerpt":{"rendered":"<p>Se hizo oficial la vinculaci\u00f3n de Richard R\u00edos al Al Ittihad de la Liga de Arabia Saudita. El colombiano llega en calidad de pr\u00e9stamo por un a\u00f1o desde Benfica, sin opci\u00f3n de compra. R\u00edos perdi\u00f3 protagonismo en el club portugu\u00e9s, para el que jug\u00f3 51 partidos (42 como titular) y marc\u00f3 8 goles, adem\u00e1s de [&hellip;]<\/p>\n","protected":false},"author":16,"featured_media":134667,"comment_status":"closed","ping_status":"closed","sticky":false,"template":"","format":"standard","meta":{"_acf_changed":false,"footnotes":""},"categories":[5],"tags":[],"class_list":["post-134666","post","type-post","status-publish","format-standard","has-post-thumbnail","category-destacados"],"acf":[],"yoast_head":"<!-- This site is optimized with the Yoast SEO plugin v28.4 - https:\/\/yoast.com\/product\/yoast-seo-wordpress\/ -->\n<title>Richard R\u00edos, anunciado como nuevo jugador en la Liga de Arabia Saudita -<\/title>\n<meta name=\"robots\" content=\"index, follow, max-snippet:-1, max-image-preview:large, max-video-preview:-1\" \/>\n<link rel=\"canonical\" href=\"https:\/\/futbolhoy.co\/index.php\/2026\/09\/02\/richard-rios-anunciado-como-nuevo-jugador-en-la-liga-de-arabia-saudita\/\" \/>\n<meta property=\"og:locale\" content=\"es_ES\" \/>\n<meta property=\"og:type\" content=\"article\" \/>\n<meta property=\"og:title\" content=\"Richard R\u00edos, anunciado como nuevo jugador en la Liga de Arabia Saudita -\" \/>\n<meta property=\"og:description\" content=\"Se hizo oficial la vinculaci\u00f3n de Richard R\u00edos al Al Ittihad de la Liga de Arabia Saudita. El colombiano llega en calidad de pr\u00e9stamo por un a\u00f1o desde Benfica, sin opci\u00f3n de compra. R\u00edos perdi\u00f3 protagonismo en el club portugu\u00e9s, para el que jug\u00f3 51 partidos (42 como titular) y marc\u00f3 8 goles, adem\u00e1s de [&hellip;]\" \/>\n<meta property=\"og:url\" content=\"https:\/\/futbolhoy.co\/index.php\/2026\/09\/02\/richard-rios-anunciado-como-nuevo-jugador-en-la-liga-de-arabia-saudita\/\" \/>\n<meta property=\"article:publisher\" content=\"https:\/\/www.facebook.com\/FutbolHoyCol\/\" \/>\n<meta property=\"article:published_time\" content=\"2026-09-03T00:43:47+00:00\" \/>\n<meta property=\"article:modified_time\" content=\"2026-09-03T00:46:52+00:00\" \/>\n<meta property=\"og:image\" content=\"https:\/\/futbolhoy.co\/wp-content\/uploads\/2026\/09\/IMG_1605.jpeg\" \/>\n\t<meta property=\"og:image:width\" content=\"1206\" \/>\n\t<meta property=\"og:image:height\" content=\"902\" \/>\n\t<meta property=\"og:image:type\" content=\"image\/jpeg\" \/>\n<meta name=\"author\" content=\"Cristian Pinzon\" \/>\n<meta name=\"twitter:card\" content=\"summary_large_image\" \/>\n<meta name=\"twitter:creator\" content=\"@FutbolHoyCol\" \/>\n<meta name=\"twitter:site\" content=\"@FutbolHoyCol\" \/>\n<meta name=\"twitter:label1\" content=\"Escrito por\" \/>\n\t<meta name=\"twitter:data1\" content=\"Cristian Pinzon\" \/>\n\t<meta name=\"twitter:label2\" content=\"Tiempo de lectura\" \/>\n\t<meta name=\"twitter:data2\" content=\"1 minuto\" \/>\n<script type=\"application\/ld+json\" class=\"yoast-schema-graph\">{\"@context\":\"https:\\\/\\\/schema.org\",\"@graph\":[{\"@type\":\"Article\",\"@id\":\"https:\\\/\\\/futbolhoy.co\\\/index.php\\\/2026\\\/09\\\/02\\\/richard-rios-anunciado-como-nuevo-jugador-en-la-liga-de-arabia-saudita\\\/#article\",\"isPartOf\":{\"@id\":\"https:\\\/\\\/futbolhoy.co\\\/index.php\\\/2026\\\/09\\\/02\\\/richard-rios-anunciado-como-nuevo-jugador-en-la-liga-de-arabia-saudita\\\/\"},\"author\":{\"name\":\"Cristian Pinzon\",\"@id\":\"https:\\\/\\\/futbolhoy.co\\\/#\\\/schema\\\/person\\\/3631d0513b65c6249db5b1cff87011f0\"},\"headline\":\"Richard R\u00edos, anunciado como nuevo jugador en la Liga de Arabia Saudita\",\"datePublished\":\"2026-09-03T00:43:47+00:00\",\"dateModified\":\"2026-09-03T00:46:52+00:00\",\"mainEntityOfPage\":{\"@id\":\"https:\\\/\\\/futbolhoy.co\\\/index.php\\\/2026\\\/09\\\/02\\\/richard-rios-anunciado-como-nuevo-jugador-en-la-liga-de-arabia-saudita\\\/\"},\"wordCount\":264,\"image\":{\"@id\":\"https:\\\/\\\/futbolhoy.co\\\/index.php\\\/2026\\\/09\\\/02\\\/richard-rios-anunciado-como-nuevo-jugador-en-la-liga-de-arabia-saudita\\\/#primaryimage\"},\"thumbnailUrl\":\"https:\\\/\\\/futbolhoy.co\\\/wp-content\\\/uploads\\\/2026\\\/09\\\/IMG_1605.jpeg\",\"articleSection\":[\"Destacados\"],\"inLanguage\":\"es\"},{\"@type\":\"WebPage\",\"@id\":\"https:\\\/\\\/futbolhoy.co\\\/index.php\\\/2026\\\/09\\\/02\\\/richard-rios-anunciado-como-nuevo-jugador-en-la-liga-de-arabia-saudita\\\/\",\"url\":\"https:\\\/\\\/futbolhoy.co\\\/index.php\\\/2026\\\/09\\\/02\\\/richard-rios-anunciado-como-nuevo-jugador-en-la-liga-de-arabia-saudita\\\/\",\"name\":\"Richard R\u00edos, anunciado como nuevo jugador en la Liga de Arabia Saudita -\",\"isPartOf\":{\"@id\":\"https:\\\/\\\/futbolhoy.co\\\/#website\"},\"primaryImageOfPage\":{\"@id\":\"https:\\\/\\\/futbolhoy.co\\\/index.php\\\/2026\\\/09\\\/02\\\/richard-rios-anunciado-como-nuevo-jugador-en-la-liga-de-arabia-saudita\\\/#primaryimage\"},\"image\":{\"@id\":\"https:\\\/\\\/futbolhoy.co\\\/index.php\\\/2026\\\/09\\\/02\\\/richard-rios-anunciado-como-nuevo-jugador-en-la-liga-de-arabia-saudita\\\/#primaryimage\"},\"thumbnailUrl\":\"https:\\\/\\\/futbolhoy.co\\\/wp-content\\\/uploads\\\/2026\\\/09\\\/IMG_1605.jpeg\",\"datePublished\":\"2026-09-03T00:43:47+00:00\",\"dateModified\":\"2026-09-03T00:46:52+00:00\",\"author\":{\"@id\":\"https:\\\/\\\/futbolhoy.co\\\/#\\\/schema\\\/person\\\/3631d0513b65c6249db5b1cff87011f0\"},\"breadcrumb\":{\"@id\":\"https:\\\/\\\/futbolhoy.co\\\/index.php\\\/2026\\\/09\\\/02\\\/richard-rios-anunciado-como-nuevo-jugador-en-la-liga-de-arabia-saudita\\\/#breadcrumb\"},\"inLanguage\":\"es\",\"potentialAction\":[{\"@type\":\"ReadAction\",\"target\":[\"https:\\\/\\\/futbolhoy.co\\\/index.php\\\/2026\\\/09\\\/02\\\/richard-rios-anunciado-como-nuevo-jugador-en-la-liga-de-arabia-saudita\\\/\"]}]},{\"@type\":\"ImageObject\",\"inLanguage\":\"es\",\"@id\":\"https:\\\/\\\/futbolhoy.co\\\/index.php\\\/2026\\\/09\\\/02\\\/richard-rios-anunciado-como-nuevo-jugador-en-la-liga-de-arabia-saudita\\\/#primaryimage\",\"url\":\"https:\\\/\\\/futbolhoy.co\\\/wp-content\\\/uploads\\\/2026\\\/09\\\/IMG_1605.jpeg\",\"contentUrl\":\"https:\\\/\\\/futbolhoy.co\\\/wp-content\\\/uploads\\\/2026\\\/09\\\/IMG_1605.jpeg\",\"width\":1206,\"height\":902,\"caption\":\"Screenshot\"},{\"@type\":\"BreadcrumbList\",\"@id\":\"https:\\\/\\\/futbolhoy.co\\\/index.php\\\/2026\\\/09\\\/02\\\/richard-rios-anunciado-como-nuevo-jugador-en-la-liga-de-arabia-saudita\\\/#breadcrumb\",\"itemListElement\":[{\"@type\":\"ListItem\",\"position\":1,\"name\":\"Portada\",\"item\":\"https:\\\/\\\/futbolhoy.co\\\/\"},{\"@type\":\"ListItem\",\"position\":2,\"name\":\"Richard R\u00edos, anunciado como nuevo jugador en la Liga de Arabia Saudita\"}]},{\"@type\":\"WebSite\",\"@id\":\"https:\\\/\\\/futbolhoy.co\\\/#website\",\"url\":\"https:\\\/\\\/futbolhoy.co\\\/\",\"name\":\"FutbolHoy\",\"description\":\"\",\"potentialAction\":[{\"@type\":\"SearchAction\",\"target\":{\"@type\":\"EntryPoint\",\"urlTemplate\":\"https:\\\/\\\/futbolhoy.co\\\/?s={search_term_string}\"},\"query-input\":{\"@type\":\"PropertyValueSpecification\",\"valueRequired\":true,\"valueName\":\"search_term_string\"}}],\"inLanguage\":\"es\"},{\"@type\":\"Person\",\"@id\":\"https:\\\/\\\/futbolhoy.co\\\/#\\\/schema\\\/person\\\/3631d0513b65c6249db5b1cff87011f0\",\"name\":\"Cristian Pinzon\",\"image\":{\"@type\":\"ImageObject\",\"inLanguage\":\"es\",\"@id\":\"https:\\\/\\\/secure.gravatar.com\\\/avatar\\\/9ec15fa010fd99c9e11e37948e85beef0a90c7daa64afd7860f1539c39ba9f90?s=96&d=mm&r=g\",\"url\":\"https:\\\/\\\/secure.gravatar.com\\\/avatar\\\/9ec15fa010fd99c9e11e37948e85beef0a90c7daa64afd7860f1539c39ba9f90?s=96&d=mm&r=g\",\"contentUrl\":\"https:\\\/\\\/secure.gravatar.com\\\/avatar\\\/9ec15fa010fd99c9e11e37948e85beef0a90c7daa64afd7860f1539c39ba9f90?s=96&d=mm&r=g\",\"caption\":\"Cristian Pinzon\"}}]}<\/script>\n<!-- \/ Yoast SEO plugin. -->","yoast_head_json":{"title":"Richard R\u00edos, anunciado como nuevo jugador en la Liga de Arabia Saudita -","robots":{"index":"index","follow":"follow","max-snippet":"max-snippet:-1","max-image-preview":"max-image-preview:large","max-video-preview":"max-video-preview:-1"},"canonical":"https:\/\/futbolhoy.co\/index.php\/2026\/09\/02\/richard-rios-anunciado-como-nuevo-jugador-en-la-liga-de-arabia-saudita\/","og_locale":"es_ES","og_type":"article","og_title":"Richard R\u00edos, anunciado como nuevo jugador en la Liga de Arabia Saudita -","og_description":"Se hizo oficial la vinculaci\u00f3n de Richard R\u00edos al Al Ittihad de la Liga de Arabia Saudita. El colombiano llega en calidad de pr\u00e9stamo por un a\u00f1o desde Benfica, sin opci\u00f3n de compra. R\u00edos perdi\u00f3 protagonismo en el club portugu\u00e9s, para el que jug\u00f3 51 partidos (42 como titular) y marc\u00f3 8 goles, adem\u00e1s de [&hellip;]","og_url":"https:\/\/futbolhoy.co\/index.php\/2026\/09\/02\/richard-rios-anunciado-como-nuevo-jugador-en-la-liga-de-arabia-saudita\/","article_publisher":"https:\/\/www.facebook.com\/FutbolHoyCol\/","article_published_time":"2026-09-03T00:43:47+00:00","article_modified_time":"2026-09-03T00:46:52+00:00","og_image":[{"width":1206,"height":902,"url":"https:\/\/futbolhoy.co\/wp-content\/uploads\/2026\/09\/IMG_1605.jpeg","type":"image\/jpeg"}],"author":"Cristian Pinzon","twitter_card":"summary_large_image","twitter_creator":"@FutbolHoyCol","twitter_site":"@FutbolHoyCol","twitter_misc":{"Escrito por":"Cristian Pinzon","Tiempo de lectura":"1 minuto"},"schema":{"@context":"https:\/\/schema.org","@graph":[{"@type":"Article","@id":"https:\/\/futbolhoy.co\/index.php\/2026\/09\/02\/richard-rios-anunciado-como-nuevo-jugador-en-la-liga-de-arabia-saudita\/#article","isPartOf":{"@id":"https:\/\/futbolhoy.co\/index.php\/2026\/09\/02\/richard-rios-anunciado-como-nuevo-jugador-en-la-liga-de-arabia-saudita\/"},"author":{"name":"Cristian Pinzon","@id":"https:\/\/futbolhoy.co\/#\/schema\/person\/3631d0513b65c6249db5b1cff87011f0"},"headline":"Richard R\u00edos, anunciado como nuevo jugador en la Liga de Arabia Saudita","datePublished":"2026-09-03T00:43:47+00:00","dateModified":"2026-09-03T00:46:52+00:00","mainEntityOfPage":{"@id":"https:\/\/futbolhoy.co\/index.php\/2026\/09\/02\/richard-rios-anunciado-como-nuevo-jugador-en-la-liga-de-arabia-saudita\/"},"wordCount":264,"image":{"@id":"https:\/\/futbolhoy.co\/index.php\/2026\/09\/02\/richard-rios-anunciado-como-nuevo-jugador-en-la-liga-de-arabia-saudita\/#primaryimage"},"thumbnailUrl":"https:\/\/futbolhoy.co\/wp-content\/uploads\/2026\/09\/IMG_1605.jpeg","articleSection":["Destacados"],"inLanguage":"es"},{"@type":"WebPage","@id":"https:\/\/futbolhoy.co\/index.php\/2026\/09\/02\/richard-rios-anunciado-como-nuevo-jugador-en-la-liga-de-arabia-saudita\/","url":"https:\/\/futbolhoy.co\/index.php\/2026\/09\/02\/richard-rios-anunciado-como-nuevo-jugador-en-la-liga-de-arabia-saudita\/","name":"Richard R\u00edos, anunciado como nuevo jugador en la Liga de Arabia Saudita -","isPartOf":{"@id":"https:\/\/futbolhoy.co\/#website"},"primaryImageOfPage":{"@id":"https:\/\/futbolhoy.co\/index.php\/2026\/09\/02\/richard-rios-anunciado-como-nuevo-jugador-en-la-liga-de-arabia-saudita\/#primaryimage"},"image":{"@id":"https:\/\/futbolhoy.co\/index.php\/2026\/09\/02\/richard-rios-anunciado-como-nuevo-jugador-en-la-liga-de-arabia-saudita\/#primaryimage"},"thumbnailUrl":"https:\/\/futbolhoy.co\/wp-content\/uploads\/2026\/09\/IMG_1605.jpeg","datePublished":"2026-09-03T00:43:47+00:00","dateModified":"2026-09-03T00:46:52+00:00","author":{"@id":"https:\/\/futbolhoy.co\/#\/schema\/person\/3631d0513b65c6249db5b1cff87011f0"},"breadcrumb":{"@id":"https:\/\/futbolhoy.co\/index.php\/2026\/09\/02\/richard-rios-anunciado-como-nuevo-jugador-en-la-liga-de-arabia-saudita\/#breadcrumb"},"inLanguage":"es","potentialAction":[{"@type":"ReadAction","target":["https:\/\/futbolhoy.co\/index.php\/2026\/09\/02\/richard-rios-anunciado-como-nuevo-jugador-en-la-liga-de-arabia-saudita\/"]}]},{"@type":"ImageObject","inLanguage":"es","@id":"https:\/\/futbolhoy.co\/index.php\/2026\/09\/02\/richard-rios-anunciado-como-nuevo-jugador-en-la-liga-de-arabia-saudita\/#primaryimage","url":"https:\/\/futbolhoy.co\/wp-content\/uploads\/2026\/09\/IMG_1605.jpeg","contentUrl":"https:\/\/futbolhoy.co\/wp-content\/uploads\/2026\/09\/IMG_1605.jpeg","width":1206,"height":902,"caption":"Screenshot"},{"@type":"BreadcrumbList","@id":"https:\/\/futbolhoy.co\/index.php\/2026\/09\/02\/richard-rios-anunciado-como-nuevo-jugador-en-la-liga-de-arabia-saudita\/#breadcrumb","itemListElement":[{"@type":"ListItem","position":1,"name":"Portada","item":"https:\/\/futbolhoy.co\/"},{"@type":"ListItem","position":2,"name":"Richard R\u00edos, anunciado como nuevo jugador en la Liga de Arabia Saudita"}]},{"@type":"WebSite","@id":"https:\/\/futbolhoy.co\/#website","url":"https:\/\/futbolhoy.co\/","name":"FutbolHoy","description":"","potentialAction":[{"@type":"SearchAction","target":{"@type":"EntryPoint","urlTemplate":"https:\/\/futbolhoy.co\/?s={search_term_string}"},"query-input":{"@type":"PropertyValueSpecification","valueRequired":true,"valueName":"search_term_string"}}],"inLanguage":"es"},{"@type":"Person","@id":"https:\/\/futbolhoy.co\/#\/schema\/person\/3631d0513b65c6249db5b1cff87011f0","name":"Cristian Pinzon","image":{"@type":"ImageObject","inLanguage":"es","@id":"https:\/\/secure.gravatar.com\/avatar\/9ec15fa010fd99c9e11e37948e85beef0a90c7daa64afd7860f1539c39ba9f90?s=96&d=mm&r=g","url":"https:\/\/secure.gravatar.com\/avatar\/9ec15fa010fd99c9e11e37948e85beef0a90c7daa64afd7860f1539c39ba9f90?s=96&d=mm&r=g","contentUrl":"https:\/\/secure.gravatar.com\/avatar\/9ec15fa010fd99c9e11e37948e85beef0a90c7daa64afd7860f1539c39ba9f90?s=96&d=mm&r=g","caption":"Cristian Pinzon"}}]}},"_links":{"self":[{"href":"https:\/\/futbolhoy.co\/index.php\/wp-json\/wp\/v2\/posts\/134666","targetHints":{"allow":["GET"]}}],"collection":[{"href":"https:\/\/futbolhoy.co\/index.php\/wp-json\/wp\/v2\/posts"}],"about":[{"href":"https:\/\/futbolhoy.co\/index.php\/wp-json\/wp\/v2\/types\/post"}],"author":[{"embeddable":true,"href":"https:\/\/futbolhoy.co\/index.php\/wp-json\/wp\/v2\/users\/16"}],"replies":[{"embeddable":true,"href":"https:\/\/futbolhoy.co\/index.php\/wp-json\/wp\/v2\/comments?post=134666"}],"version-history":[{"count":4,"href":"https:\/\/futbolhoy.co\/index.php\/wp-json\/wp\/v2\/posts\/134666\/revisions"}],"predecessor-version":[{"id":134671,"href":"https:\/\/futbolhoy.co\/index.php\/wp-json\/wp\/v2\/posts\/134666\/revisions\/134671"}],"wp:featuredmedia":[{"embeddable":true,"href":"https:\/\/futbolhoy.co\/index.php\/wp-json\/wp\/v2\/media\/134667"}],"wp:attachment":[{"href":"https:\/\/futbolhoy.co\/index.php\/wp-json\/wp\/v2\/media?parent=134666"}],"wp:term":[{"taxonomy":"category","embeddable":true,"href":"https:\/\/futbolhoy.co\/index.php\/wp-json\/wp\/v2\/categories?post=134666"},{"taxonomy":"post_tag","embeddable":true,"href":"https:\/\/futbolhoy.co\/index.php\/wp-json\/wp\/v2\/tags?post=134666"}],"curies":[{"name":"wp","href":"https:\/\/api.w.org\/{rel}","templated":true}]}}