{"id":134680,"date":"2026-09-03T09:59:29","date_gmt":"2026-09-03T14:59:29","guid":{"rendered":"https:\/\/futbolhoy.co\/?p=134680"},"modified":"2026-09-03T09:59:29","modified_gmt":"2026-09-03T14:59:29","slug":"juanfer-quintero-confirmo-su-retiro-de-la-seleccion-colombia-esto-dijo","status":"publish","type":"post","link":"https:\/\/futbolhoy.co\/index.php\/2026\/09\/03\/juanfer-quintero-confirmo-su-retiro-de-la-seleccion-colombia-esto-dijo\/","title":{"rendered":"Juanfer Quintero confirm\u00f3 su retiro de la Selecci\u00f3n Colombia: esto dijo"},"content":{"rendered":"<p style=\"text-align: justify;\"><span style=\"font-family: helvetica, arial, sans-serif;\">Luego de la eliminaci\u00f3n de <strong>Colombia<\/strong> del <strong>Mundial,<\/strong> ante <strong>Suiza,<\/strong> <strong>Juan Fernando Quintero<\/strong> dio unas declaraciones en las que parec\u00eda que se apartaba de la Tricolor. Si bien se generaron especulaciones, el propio futbolista confirm\u00f3 la situaci\u00f3n tras casi dos meses de expectativa.<\/span><\/p>\n<p style=\"text-align: justify;\"><span style=\"font-family: helvetica, arial, sans-serif;\">\u201cYo dije que me hac\u00eda a un costado porque sent\u00eda que ya hab\u00eda llegado mi momento, personalmente lo sent\u00eda as\u00ed despu\u00e9s de la frustraci\u00f3n del Mundial y<strong> as\u00ed se lo manifest\u00e9 al cuerpo t\u00e9cnico y a mis compa\u00f1eros\u201d<\/strong>, coment\u00f3 el volante de 33 a\u00f1os en di\u00e1logo con WinSports.<\/span><\/p>\n<p style=\"text-align: justify;\"><span style=\"font-family: helvetica, arial, sans-serif;\">\u201cLa frustraci\u00f3n de perder es algo tan grande, que te genera tantos sentimientos, lloras&#8230; En mi caso son 3-4 noches que no duermo porque sufro mucho, no solo por m\u00ed, por todos los que est\u00e1bamos ah\u00ed. Soy una persona que piensa mucho en colectivo, veo el sufrimiento de mis amigos y bueno, <strong>hay momentos que uno dice que es bueno salir y dar la oportunidad para que otro llegue<\/strong>\u201d, agreg\u00f3.<\/span><\/p>\n<p style=\"text-align: justify;\"><span style=\"font-family: helvetica, arial, sans-serif;\">Finalmente, le dedic\u00f3 unas palabras a <strong>N\u00e9stor Lorenzo,<\/strong> de quien se dijo ten\u00eda una relaci\u00f3n no tan estrecha. Juanfer, en su momento, lo desminti\u00f3. <strong>\u201cEl profe sabe que lo quiero, lo aprecio, le deseo todo lo mejor del mundo\u201d<\/strong>, concluy\u00f3.<\/span><\/p>\n<p style=\"text-align: justify;\"><span style=\"font-family: helvetica, arial, sans-serif;\">Juanfer debut\u00f3 con el combinado nacional en 2012 en un partido amistoso bajo las \u00f3rdenes de <strong>Jos\u00e9 P\u00e9kerman.<\/strong> Tras 14 a\u00f1os, <strong>se va de la Tricolor con un saldo de 53 partidos, 6 goles y 12 asistencias, adem\u00e1s de haber jugado 3 Mundiales.<\/strong><\/span><\/p>\n","protected":false},"excerpt":{"rendered":"<p>Luego de la eliminaci\u00f3n de Colombia del Mundial, ante Suiza, Juan Fernando Quintero dio unas declaraciones en las que parec\u00eda que se apartaba de la Tricolor. Si bien se generaron especulaciones, el propio futbolista confirm\u00f3 la situaci\u00f3n tras casi dos meses de expectativa. \u201cYo dije que me hac\u00eda a un costado porque sent\u00eda que ya [&hellip;]<\/p>\n","protected":false},"author":16,"featured_media":134681,"comment_status":"closed","ping_status":"closed","sticky":false,"template":"","format":"standard","meta":{"_acf_changed":false,"footnotes":""},"categories":[5],"tags":[],"class_list":["post-134680","post","type-post","status-publish","format-standard","has-post-thumbnail","category-destacados"],"acf":[],"yoast_head":"<!-- This site is optimized with the Yoast SEO plugin v28.4 - https:\/\/yoast.com\/product\/yoast-seo-wordpress\/ -->\n<title>Juanfer Quintero confirm\u00f3 su retiro de la Selecci\u00f3n Colombia: esto dijo -<\/title>\n<meta name=\"robots\" content=\"index, follow, max-snippet:-1, max-image-preview:large, max-video-preview:-1\" \/>\n<link rel=\"canonical\" href=\"https:\/\/futbolhoy.co\/index.php\/2026\/09\/03\/juanfer-quintero-confirmo-su-retiro-de-la-seleccion-colombia-esto-dijo\/\" \/>\n<meta property=\"og:locale\" content=\"es_ES\" \/>\n<meta property=\"og:type\" content=\"article\" \/>\n<meta property=\"og:title\" content=\"Juanfer Quintero confirm\u00f3 su retiro de la Selecci\u00f3n Colombia: esto dijo -\" \/>\n<meta property=\"og:description\" content=\"Luego de la eliminaci\u00f3n de Colombia del Mundial, ante Suiza, Juan Fernando Quintero dio unas declaraciones en las que parec\u00eda que se apartaba de la Tricolor. Si bien se generaron especulaciones, el propio futbolista confirm\u00f3 la situaci\u00f3n tras casi dos meses de expectativa. \u201cYo dije que me hac\u00eda a un costado porque sent\u00eda que ya [&hellip;]\" \/>\n<meta property=\"og:url\" content=\"https:\/\/futbolhoy.co\/index.php\/2026\/09\/03\/juanfer-quintero-confirmo-su-retiro-de-la-seleccion-colombia-esto-dijo\/\" \/>\n<meta property=\"article:publisher\" content=\"https:\/\/www.facebook.com\/FutbolHoyCol\/\" \/>\n<meta property=\"article:published_time\" content=\"2026-09-03T14:59:29+00:00\" \/>\n<meta property=\"og:image\" content=\"https:\/\/futbolhoy.co\/wp-content\/uploads\/2026\/09\/WhatsApp-Image-2026-09-03-at-9.58.43-AM.jpeg\" \/>\n\t<meta property=\"og:image:width\" content=\"1206\" \/>\n\t<meta property=\"og:image:height\" content=\"878\" \/>\n\t<meta property=\"og:image:type\" content=\"image\/jpeg\" \/>\n<meta name=\"author\" content=\"Cristian Pinzon\" \/>\n<meta name=\"twitter:card\" content=\"summary_large_image\" \/>\n<meta name=\"twitter:creator\" content=\"@FutbolHoyCol\" \/>\n<meta name=\"twitter:site\" content=\"@FutbolHoyCol\" \/>\n<meta name=\"twitter:label1\" content=\"Escrito por\" \/>\n\t<meta name=\"twitter:data1\" content=\"Cristian Pinzon\" \/>\n\t<meta name=\"twitter:label2\" content=\"Tiempo de lectura\" \/>\n\t<meta name=\"twitter:data2\" content=\"1 minuto\" \/>\n<script type=\"application\/ld+json\" class=\"yoast-schema-graph\">{\"@context\":\"https:\\\/\\\/schema.org\",\"@graph\":[{\"@type\":\"Article\",\"@id\":\"https:\\\/\\\/futbolhoy.co\\\/index.php\\\/2026\\\/09\\\/03\\\/juanfer-quintero-confirmo-su-retiro-de-la-seleccion-colombia-esto-dijo\\\/#article\",\"isPartOf\":{\"@id\":\"https:\\\/\\\/futbolhoy.co\\\/index.php\\\/2026\\\/09\\\/03\\\/juanfer-quintero-confirmo-su-retiro-de-la-seleccion-colombia-esto-dijo\\\/\"},\"author\":{\"name\":\"Cristian Pinzon\",\"@id\":\"https:\\\/\\\/futbolhoy.co\\\/#\\\/schema\\\/person\\\/3631d0513b65c6249db5b1cff87011f0\"},\"headline\":\"Juanfer Quintero confirm\u00f3 su retiro de la Selecci\u00f3n Colombia: esto dijo\",\"datePublished\":\"2026-09-03T14:59:29+00:00\",\"mainEntityOfPage\":{\"@id\":\"https:\\\/\\\/futbolhoy.co\\\/index.php\\\/2026\\\/09\\\/03\\\/juanfer-quintero-confirmo-su-retiro-de-la-seleccion-colombia-esto-dijo\\\/\"},\"wordCount\":270,\"image\":{\"@id\":\"https:\\\/\\\/futbolhoy.co\\\/index.php\\\/2026\\\/09\\\/03\\\/juanfer-quintero-confirmo-su-retiro-de-la-seleccion-colombia-esto-dijo\\\/#primaryimage\"},\"thumbnailUrl\":\"https:\\\/\\\/futbolhoy.co\\\/wp-content\\\/uploads\\\/2026\\\/09\\\/WhatsApp-Image-2026-09-03-at-9.58.43-AM.jpeg\",\"articleSection\":[\"Destacados\"],\"inLanguage\":\"es\"},{\"@type\":\"WebPage\",\"@id\":\"https:\\\/\\\/futbolhoy.co\\\/index.php\\\/2026\\\/09\\\/03\\\/juanfer-quintero-confirmo-su-retiro-de-la-seleccion-colombia-esto-dijo\\\/\",\"url\":\"https:\\\/\\\/futbolhoy.co\\\/index.php\\\/2026\\\/09\\\/03\\\/juanfer-quintero-confirmo-su-retiro-de-la-seleccion-colombia-esto-dijo\\\/\",\"name\":\"Juanfer Quintero confirm\u00f3 su retiro de la Selecci\u00f3n Colombia: esto dijo -\",\"isPartOf\":{\"@id\":\"https:\\\/\\\/futbolhoy.co\\\/#website\"},\"primaryImageOfPage\":{\"@id\":\"https:\\\/\\\/futbolhoy.co\\\/index.php\\\/2026\\\/09\\\/03\\\/juanfer-quintero-confirmo-su-retiro-de-la-seleccion-colombia-esto-dijo\\\/#primaryimage\"},\"image\":{\"@id\":\"https:\\\/\\\/futbolhoy.co\\\/index.php\\\/2026\\\/09\\\/03\\\/juanfer-quintero-confirmo-su-retiro-de-la-seleccion-colombia-esto-dijo\\\/#primaryimage\"},\"thumbnailUrl\":\"https:\\\/\\\/futbolhoy.co\\\/wp-content\\\/uploads\\\/2026\\\/09\\\/WhatsApp-Image-2026-09-03-at-9.58.43-AM.jpeg\",\"datePublished\":\"2026-09-03T14:59:29+00:00\",\"author\":{\"@id\":\"https:\\\/\\\/futbolhoy.co\\\/#\\\/schema\\\/person\\\/3631d0513b65c6249db5b1cff87011f0\"},\"breadcrumb\":{\"@id\":\"https:\\\/\\\/futbolhoy.co\\\/index.php\\\/2026\\\/09\\\/03\\\/juanfer-quintero-confirmo-su-retiro-de-la-seleccion-colombia-esto-dijo\\\/#breadcrumb\"},\"inLanguage\":\"es\",\"potentialAction\":[{\"@type\":\"ReadAction\",\"target\":[\"https:\\\/\\\/futbolhoy.co\\\/index.php\\\/2026\\\/09\\\/03\\\/juanfer-quintero-confirmo-su-retiro-de-la-seleccion-colombia-esto-dijo\\\/\"]}]},{\"@type\":\"ImageObject\",\"inLanguage\":\"es\",\"@id\":\"https:\\\/\\\/futbolhoy.co\\\/index.php\\\/2026\\\/09\\\/03\\\/juanfer-quintero-confirmo-su-retiro-de-la-seleccion-colombia-esto-dijo\\\/#primaryimage\",\"url\":\"https:\\\/\\\/futbolhoy.co\\\/wp-content\\\/uploads\\\/2026\\\/09\\\/WhatsApp-Image-2026-09-03-at-9.58.43-AM.jpeg\",\"contentUrl\":\"https:\\\/\\\/futbolhoy.co\\\/wp-content\\\/uploads\\\/2026\\\/09\\\/WhatsApp-Image-2026-09-03-at-9.58.43-AM.jpeg\",\"width\":1206,\"height\":878},{\"@type\":\"BreadcrumbList\",\"@id\":\"https:\\\/\\\/futbolhoy.co\\\/index.php\\\/2026\\\/09\\\/03\\\/juanfer-quintero-confirmo-su-retiro-de-la-seleccion-colombia-esto-dijo\\\/#breadcrumb\",\"itemListElement\":[{\"@type\":\"ListItem\",\"position\":1,\"name\":\"Portada\",\"item\":\"https:\\\/\\\/futbolhoy.co\\\/\"},{\"@type\":\"ListItem\",\"position\":2,\"name\":\"Juanfer Quintero confirm\u00f3 su retiro de la Selecci\u00f3n Colombia: esto dijo\"}]},{\"@type\":\"WebSite\",\"@id\":\"https:\\\/\\\/futbolhoy.co\\\/#website\",\"url\":\"https:\\\/\\\/futbolhoy.co\\\/\",\"name\":\"FutbolHoy\",\"description\":\"\",\"potentialAction\":[{\"@type\":\"SearchAction\",\"target\":{\"@type\":\"EntryPoint\",\"urlTemplate\":\"https:\\\/\\\/futbolhoy.co\\\/?s={search_term_string}\"},\"query-input\":{\"@type\":\"PropertyValueSpecification\",\"valueRequired\":true,\"valueName\":\"search_term_string\"}}],\"inLanguage\":\"es\"},{\"@type\":\"Person\",\"@id\":\"https:\\\/\\\/futbolhoy.co\\\/#\\\/schema\\\/person\\\/3631d0513b65c6249db5b1cff87011f0\",\"name\":\"Cristian Pinzon\",\"image\":{\"@type\":\"ImageObject\",\"inLanguage\":\"es\",\"@id\":\"https:\\\/\\\/secure.gravatar.com\\\/avatar\\\/9ec15fa010fd99c9e11e37948e85beef0a90c7daa64afd7860f1539c39ba9f90?s=96&d=mm&r=g\",\"url\":\"https:\\\/\\\/secure.gravatar.com\\\/avatar\\\/9ec15fa010fd99c9e11e37948e85beef0a90c7daa64afd7860f1539c39ba9f90?s=96&d=mm&r=g\",\"contentUrl\":\"https:\\\/\\\/secure.gravatar.com\\\/avatar\\\/9ec15fa010fd99c9e11e37948e85beef0a90c7daa64afd7860f1539c39ba9f90?s=96&d=mm&r=g\",\"caption\":\"Cristian Pinzon\"}}]}<\/script>\n<!-- \/ Yoast SEO plugin. -->","yoast_head_json":{"title":"Juanfer Quintero confirm\u00f3 su retiro de la Selecci\u00f3n Colombia: esto dijo -","robots":{"index":"index","follow":"follow","max-snippet":"max-snippet:-1","max-image-preview":"max-image-preview:large","max-video-preview":"max-video-preview:-1"},"canonical":"https:\/\/futbolhoy.co\/index.php\/2026\/09\/03\/juanfer-quintero-confirmo-su-retiro-de-la-seleccion-colombia-esto-dijo\/","og_locale":"es_ES","og_type":"article","og_title":"Juanfer Quintero confirm\u00f3 su retiro de la Selecci\u00f3n Colombia: esto dijo -","og_description":"Luego de la eliminaci\u00f3n de Colombia del Mundial, ante Suiza, Juan Fernando Quintero dio unas declaraciones en las que parec\u00eda que se apartaba de la Tricolor. Si bien se generaron especulaciones, el propio futbolista confirm\u00f3 la situaci\u00f3n tras casi dos meses de expectativa. \u201cYo dije que me hac\u00eda a un costado porque sent\u00eda que ya [&hellip;]","og_url":"https:\/\/futbolhoy.co\/index.php\/2026\/09\/03\/juanfer-quintero-confirmo-su-retiro-de-la-seleccion-colombia-esto-dijo\/","article_publisher":"https:\/\/www.facebook.com\/FutbolHoyCol\/","article_published_time":"2026-09-03T14:59:29+00:00","og_image":[{"width":1206,"height":878,"url":"https:\/\/futbolhoy.co\/wp-content\/uploads\/2026\/09\/WhatsApp-Image-2026-09-03-at-9.58.43-AM.jpeg","type":"image\/jpeg"}],"author":"Cristian Pinzon","twitter_card":"summary_large_image","twitter_creator":"@FutbolHoyCol","twitter_site":"@FutbolHoyCol","twitter_misc":{"Escrito por":"Cristian Pinzon","Tiempo de lectura":"1 minuto"},"schema":{"@context":"https:\/\/schema.org","@graph":[{"@type":"Article","@id":"https:\/\/futbolhoy.co\/index.php\/2026\/09\/03\/juanfer-quintero-confirmo-su-retiro-de-la-seleccion-colombia-esto-dijo\/#article","isPartOf":{"@id":"https:\/\/futbolhoy.co\/index.php\/2026\/09\/03\/juanfer-quintero-confirmo-su-retiro-de-la-seleccion-colombia-esto-dijo\/"},"author":{"name":"Cristian Pinzon","@id":"https:\/\/futbolhoy.co\/#\/schema\/person\/3631d0513b65c6249db5b1cff87011f0"},"headline":"Juanfer Quintero confirm\u00f3 su retiro de la Selecci\u00f3n Colombia: esto dijo","datePublished":"2026-09-03T14:59:29+00:00","mainEntityOfPage":{"@id":"https:\/\/futbolhoy.co\/index.php\/2026\/09\/03\/juanfer-quintero-confirmo-su-retiro-de-la-seleccion-colombia-esto-dijo\/"},"wordCount":270,"image":{"@id":"https:\/\/futbolhoy.co\/index.php\/2026\/09\/03\/juanfer-quintero-confirmo-su-retiro-de-la-seleccion-colombia-esto-dijo\/#primaryimage"},"thumbnailUrl":"https:\/\/futbolhoy.co\/wp-content\/uploads\/2026\/09\/WhatsApp-Image-2026-09-03-at-9.58.43-AM.jpeg","articleSection":["Destacados"],"inLanguage":"es"},{"@type":"WebPage","@id":"https:\/\/futbolhoy.co\/index.php\/2026\/09\/03\/juanfer-quintero-confirmo-su-retiro-de-la-seleccion-colombia-esto-dijo\/","url":"https:\/\/futbolhoy.co\/index.php\/2026\/09\/03\/juanfer-quintero-confirmo-su-retiro-de-la-seleccion-colombia-esto-dijo\/","name":"Juanfer Quintero confirm\u00f3 su retiro de la Selecci\u00f3n Colombia: esto dijo -","isPartOf":{"@id":"https:\/\/futbolhoy.co\/#website"},"primaryImageOfPage":{"@id":"https:\/\/futbolhoy.co\/index.php\/2026\/09\/03\/juanfer-quintero-confirmo-su-retiro-de-la-seleccion-colombia-esto-dijo\/#primaryimage"},"image":{"@id":"https:\/\/futbolhoy.co\/index.php\/2026\/09\/03\/juanfer-quintero-confirmo-su-retiro-de-la-seleccion-colombia-esto-dijo\/#primaryimage"},"thumbnailUrl":"https:\/\/futbolhoy.co\/wp-content\/uploads\/2026\/09\/WhatsApp-Image-2026-09-03-at-9.58.43-AM.jpeg","datePublished":"2026-09-03T14:59:29+00:00","author":{"@id":"https:\/\/futbolhoy.co\/#\/schema\/person\/3631d0513b65c6249db5b1cff87011f0"},"breadcrumb":{"@id":"https:\/\/futbolhoy.co\/index.php\/2026\/09\/03\/juanfer-quintero-confirmo-su-retiro-de-la-seleccion-colombia-esto-dijo\/#breadcrumb"},"inLanguage":"es","potentialAction":[{"@type":"ReadAction","target":["https:\/\/futbolhoy.co\/index.php\/2026\/09\/03\/juanfer-quintero-confirmo-su-retiro-de-la-seleccion-colombia-esto-dijo\/"]}]},{"@type":"ImageObject","inLanguage":"es","@id":"https:\/\/futbolhoy.co\/index.php\/2026\/09\/03\/juanfer-quintero-confirmo-su-retiro-de-la-seleccion-colombia-esto-dijo\/#primaryimage","url":"https:\/\/futbolhoy.co\/wp-content\/uploads\/2026\/09\/WhatsApp-Image-2026-09-03-at-9.58.43-AM.jpeg","contentUrl":"https:\/\/futbolhoy.co\/wp-content\/uploads\/2026\/09\/WhatsApp-Image-2026-09-03-at-9.58.43-AM.jpeg","width":1206,"height":878},{"@type":"BreadcrumbList","@id":"https:\/\/futbolhoy.co\/index.php\/2026\/09\/03\/juanfer-quintero-confirmo-su-retiro-de-la-seleccion-colombia-esto-dijo\/#breadcrumb","itemListElement":[{"@type":"ListItem","position":1,"name":"Portada","item":"https:\/\/futbolhoy.co\/"},{"@type":"ListItem","position":2,"name":"Juanfer Quintero confirm\u00f3 su retiro de la Selecci\u00f3n Colombia: esto dijo"}]},{"@type":"WebSite","@id":"https:\/\/futbolhoy.co\/#website","url":"https:\/\/futbolhoy.co\/","name":"FutbolHoy","description":"","potentialAction":[{"@type":"SearchAction","target":{"@type":"EntryPoint","urlTemplate":"https:\/\/futbolhoy.co\/?s={search_term_string}"},"query-input":{"@type":"PropertyValueSpecification","valueRequired":true,"valueName":"search_term_string"}}],"inLanguage":"es"},{"@type":"Person","@id":"https:\/\/futbolhoy.co\/#\/schema\/person\/3631d0513b65c6249db5b1cff87011f0","name":"Cristian Pinzon","image":{"@type":"ImageObject","inLanguage":"es","@id":"https:\/\/secure.gravatar.com\/avatar\/9ec15fa010fd99c9e11e37948e85beef0a90c7daa64afd7860f1539c39ba9f90?s=96&d=mm&r=g","url":"https:\/\/secure.gravatar.com\/avatar\/9ec15fa010fd99c9e11e37948e85beef0a90c7daa64afd7860f1539c39ba9f90?s=96&d=mm&r=g","contentUrl":"https:\/\/secure.gravatar.com\/avatar\/9ec15fa010fd99c9e11e37948e85beef0a90c7daa64afd7860f1539c39ba9f90?s=96&d=mm&r=g","caption":"Cristian Pinzon"}}]}},"_links":{"self":[{"href":"https:\/\/futbolhoy.co\/index.php\/wp-json\/wp\/v2\/posts\/134680","targetHints":{"allow":["GET"]}}],"collection":[{"href":"https:\/\/futbolhoy.co\/index.php\/wp-json\/wp\/v2\/posts"}],"about":[{"href":"https:\/\/futbolhoy.co\/index.php\/wp-json\/wp\/v2\/types\/post"}],"author":[{"embeddable":true,"href":"https:\/\/futbolhoy.co\/index.php\/wp-json\/wp\/v2\/users\/16"}],"replies":[{"embeddable":true,"href":"https:\/\/futbolhoy.co\/index.php\/wp-json\/wp\/v2\/comments?post=134680"}],"version-history":[{"count":1,"href":"https:\/\/futbolhoy.co\/index.php\/wp-json\/wp\/v2\/posts\/134680\/revisions"}],"predecessor-version":[{"id":134682,"href":"https:\/\/futbolhoy.co\/index.php\/wp-json\/wp\/v2\/posts\/134680\/revisions\/134682"}],"wp:featuredmedia":[{"embeddable":true,"href":"https:\/\/futbolhoy.co\/index.php\/wp-json\/wp\/v2\/media\/134681"}],"wp:attachment":[{"href":"https:\/\/futbolhoy.co\/index.php\/wp-json\/wp\/v2\/media?parent=134680"}],"wp:term":[{"taxonomy":"category","embeddable":true,"href":"https:\/\/futbolhoy.co\/index.php\/wp-json\/wp\/v2\/categories?post=134680"},{"taxonomy":"post_tag","embeddable":true,"href":"https:\/\/futbolhoy.co\/index.php\/wp-json\/wp\/v2\/tags?post=134680"}],"curies":[{"name":"wp","href":"https:\/\/api.w.org\/{rel}","templated":true}]}}