{"id":134683,"date":"2026-09-03T06:42:33","date_gmt":"2026-09-03T11:42:33","guid":{"rendered":"https:\/\/futbolhoy.co\/?p=134683"},"modified":"2026-09-03T18:00:00","modified_gmt":"2026-09-03T23:00:00","slug":"fabregas-elegido-el-mejor-dt-de-la-liga-de-italia-2025-26","status":"publish","type":"post","link":"https:\/\/futbolhoy.co\/index.php\/2026\/09\/03\/fabregas-elegido-el-mejor-dt-de-la-liga-de-italia-2025-26\/","title":{"rendered":"Fabregas, elegido el mejor DT de la Liga de Italia 2025-26"},"content":{"rendered":"<p style=\"text-align: justify;\"><span style=\"font-family: helvetica, arial, sans-serif;\"><strong>Cesc F\u00e0bregas<\/strong> fue elegido este mi\u00e9rcoles mejor entrenador de la <strong>Serie A 2025-2026,<\/strong> mientras que el argentino <strong>Nico Paz<\/strong> recibi\u00f3 el premio al mejor jugador joven, durante la <strong>&#8216;Gran Gal\u00e0 del Calcio&#8217;<\/strong> de la <strong>Asociaci\u00f3n Italiana de Futbolistas (AIC).\u00a0<\/strong><\/span><\/p>\n<p style=\"text-align: justify;\"><span style=\"font-family: helvetica, arial, sans-serif;\">F<\/span><span style=\"font-family: helvetica, arial, sans-serif;\">\u00e0bregas, t\u00e9cnico del <strong>Como,<\/strong> equipo que este a\u00f1o disputa<strong> Liga de Campeones<\/strong> por primera vez en su historia, fue reconocido como el mejor entrenador de la temporada en unos premios decididos por votaci\u00f3n de los futbolistas, y entregados durante la noche de este mi\u00e9rcoles en el emblem\u00e1tico <strong>Teatro alla Scala<\/strong> de <strong>Mil\u00e1n.<\/strong> <\/span><\/p>\n<p style=\"text-align: justify;\"><span style=\"font-family: helvetica, arial, sans-serif;\"><strong>Nico Paz<\/strong>, formado en la cantera del Real Madrid y jugador del conjunto lombardo por lo menos un temporada m\u00e1s, recibi\u00f3 el galard\u00f3n al mejor futbolista joven de la <strong>Serie A.<\/strong> El centrocampista argentino, adem\u00e1s, fue incluido en el once ideal de la temporada, en el que comparte ataque con el delantero del Inter Milan Lautaro Mart\u00ednez y el neerland\u00e9s <strong>Donyell Malen,<\/strong> referencia ofensiva del Roma. <\/span><\/p>\n<p style=\"text-align: justify;\"><span style=\"font-family: helvetica, arial, sans-serif;\">El premio al mejor jugador de la Serie A fue para el defensa del Inter <strong>Federico Dimarco,<\/strong> y el conjunto interista, ganador del <strong>&#8216;Scudetto&#8217;<\/strong> la pasada campa\u00f1a, fue elegido mejor club de la temporada. <\/span><\/p>\n<p style=\"text-align: justify;\"><span style=\"font-family: helvetica, arial, sans-serif;\">El arquero Mile Svilar, los defensas Marco Palestra, Alessandro Bastoni y Manuel Akanji, y los centrocampista<strong>s Hakan \u00c7alhanoglu, Scott McTominay y Luka Modric<\/strong> completaron el once ideal junto a Nico Paz. <\/span><\/p>\n<p style=\"text-align: justify;\"><span style=\"font-family: helvetica, arial, sans-serif;\">El &#8216;Gran Gal\u00e0 del Calcio&#8217; tambi\u00e9n reconoci\u00f3 a Maurizio Mariani como mejor \u00e1rbitro y a Mattia Liberali como mejor joven de la<strong> Serie B. <\/strong><\/span><\/p>\n<p style=\"text-align: justify;\"><span style=\"font-family: helvetica, arial, sans-serif;\">El premio al mejor gol fue para el portugu\u00e9s del <strong>Juventus Francisco Concei\u00e7ao,<\/strong> un tanto de volea desde la frontal del \u00e1rea que se col\u00f3 por la escuadra de la porter\u00eda del Roma. <\/span><\/p>\n<p style=\"text-align: justify;\"><span style=\"font-family: helvetica, arial, sans-serif;\">La gala, que alcanz\u00f3 su decimoquinta edici\u00f3n, sirvi\u00f3 adem\u00e1s para homenajear a <strong>Franco Baresi,<\/strong> fallecido el pasado 31 de julio a los 66 a\u00f1os, y recordar a la selecci\u00f3n italiana campeona del mundo en 2006, cuando se cumplen veinte a\u00f1os del t\u00edtulo conquistado en Alemania.<\/span><\/p>\n","protected":false},"excerpt":{"rendered":"<p>Cesc F\u00e0bregas fue elegido este mi\u00e9rcoles mejor entrenador de la Serie A 2025-2026, mientras que el argentino Nico Paz recibi\u00f3 el premio al mejor jugador joven, durante la &#8216;Gran Gal\u00e0 del Calcio&#8217; de la Asociaci\u00f3n Italiana de Futbolistas (AIC).\u00a0 F\u00e0bregas, t\u00e9cnico del Como, equipo que este a\u00f1o disputa Liga de Campeones por primera vez en [&hellip;]<\/p>\n","protected":false},"author":16,"featured_media":134684,"comment_status":"closed","ping_status":"closed","sticky":false,"template":"","format":"standard","meta":{"_acf_changed":false,"footnotes":""},"categories":[152],"tags":[],"class_list":["post-134683","post","type-post","status-publish","format-standard","has-post-thumbnail","category-mundo-futbol"],"acf":[],"yoast_head":"<!-- This site is optimized with the Yoast SEO plugin v28.4 - https:\/\/yoast.com\/product\/yoast-seo-wordpress\/ -->\n<title>Fabregas, elegido el mejor DT de la Liga de Italia 2025-26 -<\/title>\n<meta name=\"robots\" content=\"index, follow, max-snippet:-1, max-image-preview:large, max-video-preview:-1\" \/>\n<link rel=\"canonical\" href=\"https:\/\/futbolhoy.co\/index.php\/2026\/09\/03\/fabregas-elegido-el-mejor-dt-de-la-liga-de-italia-2025-26\/\" \/>\n<meta property=\"og:locale\" content=\"es_ES\" \/>\n<meta property=\"og:type\" content=\"article\" \/>\n<meta property=\"og:title\" content=\"Fabregas, elegido el mejor DT de la Liga de Italia 2025-26 -\" \/>\n<meta property=\"og:description\" content=\"Cesc F\u00e0bregas fue elegido este mi\u00e9rcoles mejor entrenador de la Serie A 2025-2026, mientras que el argentino Nico Paz recibi\u00f3 el premio al mejor jugador joven, durante la &#8216;Gran Gal\u00e0 del Calcio&#8217; de la Asociaci\u00f3n Italiana de Futbolistas (AIC).\u00a0 F\u00e0bregas, t\u00e9cnico del Como, equipo que este a\u00f1o disputa Liga de Campeones por primera vez en [&hellip;]\" \/>\n<meta property=\"og:url\" content=\"https:\/\/futbolhoy.co\/index.php\/2026\/09\/03\/fabregas-elegido-el-mejor-dt-de-la-liga-de-italia-2025-26\/\" \/>\n<meta property=\"article:publisher\" content=\"https:\/\/www.facebook.com\/FutbolHoyCol\/\" \/>\n<meta property=\"article:published_time\" content=\"2026-09-03T11:42:33+00:00\" \/>\n<meta property=\"article:modified_time\" content=\"2026-09-03T23:00:00+00:00\" \/>\n<meta property=\"og:image\" content=\"https:\/\/futbolhoy.co\/wp-content\/uploads\/2026\/09\/WhatsApp-Image-2026-09-03-at-11.11.17-AM.jpeg\" \/>\n\t<meta property=\"og:image:width\" content=\"1206\" \/>\n\t<meta property=\"og:image:height\" content=\"1053\" \/>\n\t<meta property=\"og:image:type\" content=\"image\/jpeg\" \/>\n<meta name=\"author\" content=\"Cristian Pinzon\" \/>\n<meta name=\"twitter:card\" content=\"summary_large_image\" \/>\n<meta name=\"twitter:creator\" content=\"@FutbolHoyCol\" \/>\n<meta name=\"twitter:site\" content=\"@FutbolHoyCol\" \/>\n<meta name=\"twitter:label1\" content=\"Escrito por\" \/>\n\t<meta name=\"twitter:data1\" content=\"Cristian Pinzon\" \/>\n\t<meta name=\"twitter:label2\" content=\"Tiempo de lectura\" \/>\n\t<meta name=\"twitter:data2\" content=\"2 minutos\" \/>\n<script type=\"application\/ld+json\" class=\"yoast-schema-graph\">{\"@context\":\"https:\\\/\\\/schema.org\",\"@graph\":[{\"@type\":\"Article\",\"@id\":\"https:\\\/\\\/futbolhoy.co\\\/index.php\\\/2026\\\/09\\\/03\\\/fabregas-elegido-el-mejor-dt-de-la-liga-de-italia-2025-26\\\/#article\",\"isPartOf\":{\"@id\":\"https:\\\/\\\/futbolhoy.co\\\/index.php\\\/2026\\\/09\\\/03\\\/fabregas-elegido-el-mejor-dt-de-la-liga-de-italia-2025-26\\\/\"},\"author\":{\"name\":\"Cristian Pinzon\",\"@id\":\"https:\\\/\\\/futbolhoy.co\\\/#\\\/schema\\\/person\\\/3631d0513b65c6249db5b1cff87011f0\"},\"headline\":\"Fabregas, elegido el mejor DT de la Liga de Italia 2025-26\",\"datePublished\":\"2026-09-03T11:42:33+00:00\",\"dateModified\":\"2026-09-03T23:00:00+00:00\",\"mainEntityOfPage\":{\"@id\":\"https:\\\/\\\/futbolhoy.co\\\/index.php\\\/2026\\\/09\\\/03\\\/fabregas-elegido-el-mejor-dt-de-la-liga-de-italia-2025-26\\\/\"},\"wordCount\":358,\"image\":{\"@id\":\"https:\\\/\\\/futbolhoy.co\\\/index.php\\\/2026\\\/09\\\/03\\\/fabregas-elegido-el-mejor-dt-de-la-liga-de-italia-2025-26\\\/#primaryimage\"},\"thumbnailUrl\":\"https:\\\/\\\/futbolhoy.co\\\/wp-content\\\/uploads\\\/2026\\\/09\\\/WhatsApp-Image-2026-09-03-at-11.11.17-AM.jpeg\",\"articleSection\":[\"Mundo Futbol\"],\"inLanguage\":\"es\"},{\"@type\":\"WebPage\",\"@id\":\"https:\\\/\\\/futbolhoy.co\\\/index.php\\\/2026\\\/09\\\/03\\\/fabregas-elegido-el-mejor-dt-de-la-liga-de-italia-2025-26\\\/\",\"url\":\"https:\\\/\\\/futbolhoy.co\\\/index.php\\\/2026\\\/09\\\/03\\\/fabregas-elegido-el-mejor-dt-de-la-liga-de-italia-2025-26\\\/\",\"name\":\"Fabregas, elegido el mejor DT de la Liga de Italia 2025-26 -\",\"isPartOf\":{\"@id\":\"https:\\\/\\\/futbolhoy.co\\\/#website\"},\"primaryImageOfPage\":{\"@id\":\"https:\\\/\\\/futbolhoy.co\\\/index.php\\\/2026\\\/09\\\/03\\\/fabregas-elegido-el-mejor-dt-de-la-liga-de-italia-2025-26\\\/#primaryimage\"},\"image\":{\"@id\":\"https:\\\/\\\/futbolhoy.co\\\/index.php\\\/2026\\\/09\\\/03\\\/fabregas-elegido-el-mejor-dt-de-la-liga-de-italia-2025-26\\\/#primaryimage\"},\"thumbnailUrl\":\"https:\\\/\\\/futbolhoy.co\\\/wp-content\\\/uploads\\\/2026\\\/09\\\/WhatsApp-Image-2026-09-03-at-11.11.17-AM.jpeg\",\"datePublished\":\"2026-09-03T11:42:33+00:00\",\"dateModified\":\"2026-09-03T23:00:00+00:00\",\"author\":{\"@id\":\"https:\\\/\\\/futbolhoy.co\\\/#\\\/schema\\\/person\\\/3631d0513b65c6249db5b1cff87011f0\"},\"breadcrumb\":{\"@id\":\"https:\\\/\\\/futbolhoy.co\\\/index.php\\\/2026\\\/09\\\/03\\\/fabregas-elegido-el-mejor-dt-de-la-liga-de-italia-2025-26\\\/#breadcrumb\"},\"inLanguage\":\"es\",\"potentialAction\":[{\"@type\":\"ReadAction\",\"target\":[\"https:\\\/\\\/futbolhoy.co\\\/index.php\\\/2026\\\/09\\\/03\\\/fabregas-elegido-el-mejor-dt-de-la-liga-de-italia-2025-26\\\/\"]}]},{\"@type\":\"ImageObject\",\"inLanguage\":\"es\",\"@id\":\"https:\\\/\\\/futbolhoy.co\\\/index.php\\\/2026\\\/09\\\/03\\\/fabregas-elegido-el-mejor-dt-de-la-liga-de-italia-2025-26\\\/#primaryimage\",\"url\":\"https:\\\/\\\/futbolhoy.co\\\/wp-content\\\/uploads\\\/2026\\\/09\\\/WhatsApp-Image-2026-09-03-at-11.11.17-AM.jpeg\",\"contentUrl\":\"https:\\\/\\\/futbolhoy.co\\\/wp-content\\\/uploads\\\/2026\\\/09\\\/WhatsApp-Image-2026-09-03-at-11.11.17-AM.jpeg\",\"width\":1206,\"height\":1053},{\"@type\":\"BreadcrumbList\",\"@id\":\"https:\\\/\\\/futbolhoy.co\\\/index.php\\\/2026\\\/09\\\/03\\\/fabregas-elegido-el-mejor-dt-de-la-liga-de-italia-2025-26\\\/#breadcrumb\",\"itemListElement\":[{\"@type\":\"ListItem\",\"position\":1,\"name\":\"Portada\",\"item\":\"https:\\\/\\\/futbolhoy.co\\\/\"},{\"@type\":\"ListItem\",\"position\":2,\"name\":\"Fabregas, elegido el mejor DT de la Liga de Italia 2025-26\"}]},{\"@type\":\"WebSite\",\"@id\":\"https:\\\/\\\/futbolhoy.co\\\/#website\",\"url\":\"https:\\\/\\\/futbolhoy.co\\\/\",\"name\":\"FutbolHoy\",\"description\":\"\",\"potentialAction\":[{\"@type\":\"SearchAction\",\"target\":{\"@type\":\"EntryPoint\",\"urlTemplate\":\"https:\\\/\\\/futbolhoy.co\\\/?s={search_term_string}\"},\"query-input\":{\"@type\":\"PropertyValueSpecification\",\"valueRequired\":true,\"valueName\":\"search_term_string\"}}],\"inLanguage\":\"es\"},{\"@type\":\"Person\",\"@id\":\"https:\\\/\\\/futbolhoy.co\\\/#\\\/schema\\\/person\\\/3631d0513b65c6249db5b1cff87011f0\",\"name\":\"Cristian Pinzon\",\"image\":{\"@type\":\"ImageObject\",\"inLanguage\":\"es\",\"@id\":\"https:\\\/\\\/secure.gravatar.com\\\/avatar\\\/9ec15fa010fd99c9e11e37948e85beef0a90c7daa64afd7860f1539c39ba9f90?s=96&d=mm&r=g\",\"url\":\"https:\\\/\\\/secure.gravatar.com\\\/avatar\\\/9ec15fa010fd99c9e11e37948e85beef0a90c7daa64afd7860f1539c39ba9f90?s=96&d=mm&r=g\",\"contentUrl\":\"https:\\\/\\\/secure.gravatar.com\\\/avatar\\\/9ec15fa010fd99c9e11e37948e85beef0a90c7daa64afd7860f1539c39ba9f90?s=96&d=mm&r=g\",\"caption\":\"Cristian Pinzon\"}}]}<\/script>\n<!-- \/ Yoast SEO plugin. -->","yoast_head_json":{"title":"Fabregas, elegido el mejor DT de la Liga de Italia 2025-26 -","robots":{"index":"index","follow":"follow","max-snippet":"max-snippet:-1","max-image-preview":"max-image-preview:large","max-video-preview":"max-video-preview:-1"},"canonical":"https:\/\/futbolhoy.co\/index.php\/2026\/09\/03\/fabregas-elegido-el-mejor-dt-de-la-liga-de-italia-2025-26\/","og_locale":"es_ES","og_type":"article","og_title":"Fabregas, elegido el mejor DT de la Liga de Italia 2025-26 -","og_description":"Cesc F\u00e0bregas fue elegido este mi\u00e9rcoles mejor entrenador de la Serie A 2025-2026, mientras que el argentino Nico Paz recibi\u00f3 el premio al mejor jugador joven, durante la &#8216;Gran Gal\u00e0 del Calcio&#8217; de la Asociaci\u00f3n Italiana de Futbolistas (AIC).\u00a0 F\u00e0bregas, t\u00e9cnico del Como, equipo que este a\u00f1o disputa Liga de Campeones por primera vez en [&hellip;]","og_url":"https:\/\/futbolhoy.co\/index.php\/2026\/09\/03\/fabregas-elegido-el-mejor-dt-de-la-liga-de-italia-2025-26\/","article_publisher":"https:\/\/www.facebook.com\/FutbolHoyCol\/","article_published_time":"2026-09-03T11:42:33+00:00","article_modified_time":"2026-09-03T23:00:00+00:00","og_image":[{"width":1206,"height":1053,"url":"https:\/\/futbolhoy.co\/wp-content\/uploads\/2026\/09\/WhatsApp-Image-2026-09-03-at-11.11.17-AM.jpeg","type":"image\/jpeg"}],"author":"Cristian Pinzon","twitter_card":"summary_large_image","twitter_creator":"@FutbolHoyCol","twitter_site":"@FutbolHoyCol","twitter_misc":{"Escrito por":"Cristian Pinzon","Tiempo de lectura":"2 minutos"},"schema":{"@context":"https:\/\/schema.org","@graph":[{"@type":"Article","@id":"https:\/\/futbolhoy.co\/index.php\/2026\/09\/03\/fabregas-elegido-el-mejor-dt-de-la-liga-de-italia-2025-26\/#article","isPartOf":{"@id":"https:\/\/futbolhoy.co\/index.php\/2026\/09\/03\/fabregas-elegido-el-mejor-dt-de-la-liga-de-italia-2025-26\/"},"author":{"name":"Cristian Pinzon","@id":"https:\/\/futbolhoy.co\/#\/schema\/person\/3631d0513b65c6249db5b1cff87011f0"},"headline":"Fabregas, elegido el mejor DT de la Liga de Italia 2025-26","datePublished":"2026-09-03T11:42:33+00:00","dateModified":"2026-09-03T23:00:00+00:00","mainEntityOfPage":{"@id":"https:\/\/futbolhoy.co\/index.php\/2026\/09\/03\/fabregas-elegido-el-mejor-dt-de-la-liga-de-italia-2025-26\/"},"wordCount":358,"image":{"@id":"https:\/\/futbolhoy.co\/index.php\/2026\/09\/03\/fabregas-elegido-el-mejor-dt-de-la-liga-de-italia-2025-26\/#primaryimage"},"thumbnailUrl":"https:\/\/futbolhoy.co\/wp-content\/uploads\/2026\/09\/WhatsApp-Image-2026-09-03-at-11.11.17-AM.jpeg","articleSection":["Mundo Futbol"],"inLanguage":"es"},{"@type":"WebPage","@id":"https:\/\/futbolhoy.co\/index.php\/2026\/09\/03\/fabregas-elegido-el-mejor-dt-de-la-liga-de-italia-2025-26\/","url":"https:\/\/futbolhoy.co\/index.php\/2026\/09\/03\/fabregas-elegido-el-mejor-dt-de-la-liga-de-italia-2025-26\/","name":"Fabregas, elegido el mejor DT de la Liga de Italia 2025-26 -","isPartOf":{"@id":"https:\/\/futbolhoy.co\/#website"},"primaryImageOfPage":{"@id":"https:\/\/futbolhoy.co\/index.php\/2026\/09\/03\/fabregas-elegido-el-mejor-dt-de-la-liga-de-italia-2025-26\/#primaryimage"},"image":{"@id":"https:\/\/futbolhoy.co\/index.php\/2026\/09\/03\/fabregas-elegido-el-mejor-dt-de-la-liga-de-italia-2025-26\/#primaryimage"},"thumbnailUrl":"https:\/\/futbolhoy.co\/wp-content\/uploads\/2026\/09\/WhatsApp-Image-2026-09-03-at-11.11.17-AM.jpeg","datePublished":"2026-09-03T11:42:33+00:00","dateModified":"2026-09-03T23:00:00+00:00","author":{"@id":"https:\/\/futbolhoy.co\/#\/schema\/person\/3631d0513b65c6249db5b1cff87011f0"},"breadcrumb":{"@id":"https:\/\/futbolhoy.co\/index.php\/2026\/09\/03\/fabregas-elegido-el-mejor-dt-de-la-liga-de-italia-2025-26\/#breadcrumb"},"inLanguage":"es","potentialAction":[{"@type":"ReadAction","target":["https:\/\/futbolhoy.co\/index.php\/2026\/09\/03\/fabregas-elegido-el-mejor-dt-de-la-liga-de-italia-2025-26\/"]}]},{"@type":"ImageObject","inLanguage":"es","@id":"https:\/\/futbolhoy.co\/index.php\/2026\/09\/03\/fabregas-elegido-el-mejor-dt-de-la-liga-de-italia-2025-26\/#primaryimage","url":"https:\/\/futbolhoy.co\/wp-content\/uploads\/2026\/09\/WhatsApp-Image-2026-09-03-at-11.11.17-AM.jpeg","contentUrl":"https:\/\/futbolhoy.co\/wp-content\/uploads\/2026\/09\/WhatsApp-Image-2026-09-03-at-11.11.17-AM.jpeg","width":1206,"height":1053},{"@type":"BreadcrumbList","@id":"https:\/\/futbolhoy.co\/index.php\/2026\/09\/03\/fabregas-elegido-el-mejor-dt-de-la-liga-de-italia-2025-26\/#breadcrumb","itemListElement":[{"@type":"ListItem","position":1,"name":"Portada","item":"https:\/\/futbolhoy.co\/"},{"@type":"ListItem","position":2,"name":"Fabregas, elegido el mejor DT de la Liga de Italia 2025-26"}]},{"@type":"WebSite","@id":"https:\/\/futbolhoy.co\/#website","url":"https:\/\/futbolhoy.co\/","name":"FutbolHoy","description":"","potentialAction":[{"@type":"SearchAction","target":{"@type":"EntryPoint","urlTemplate":"https:\/\/futbolhoy.co\/?s={search_term_string}"},"query-input":{"@type":"PropertyValueSpecification","valueRequired":true,"valueName":"search_term_string"}}],"inLanguage":"es"},{"@type":"Person","@id":"https:\/\/futbolhoy.co\/#\/schema\/person\/3631d0513b65c6249db5b1cff87011f0","name":"Cristian Pinzon","image":{"@type":"ImageObject","inLanguage":"es","@id":"https:\/\/secure.gravatar.com\/avatar\/9ec15fa010fd99c9e11e37948e85beef0a90c7daa64afd7860f1539c39ba9f90?s=96&d=mm&r=g","url":"https:\/\/secure.gravatar.com\/avatar\/9ec15fa010fd99c9e11e37948e85beef0a90c7daa64afd7860f1539c39ba9f90?s=96&d=mm&r=g","contentUrl":"https:\/\/secure.gravatar.com\/avatar\/9ec15fa010fd99c9e11e37948e85beef0a90c7daa64afd7860f1539c39ba9f90?s=96&d=mm&r=g","caption":"Cristian Pinzon"}}]}},"_links":{"self":[{"href":"https:\/\/futbolhoy.co\/index.php\/wp-json\/wp\/v2\/posts\/134683","targetHints":{"allow":["GET"]}}],"collection":[{"href":"https:\/\/futbolhoy.co\/index.php\/wp-json\/wp\/v2\/posts"}],"about":[{"href":"https:\/\/futbolhoy.co\/index.php\/wp-json\/wp\/v2\/types\/post"}],"author":[{"embeddable":true,"href":"https:\/\/futbolhoy.co\/index.php\/wp-json\/wp\/v2\/users\/16"}],"replies":[{"embeddable":true,"href":"https:\/\/futbolhoy.co\/index.php\/wp-json\/wp\/v2\/comments?post=134683"}],"version-history":[{"count":1,"href":"https:\/\/futbolhoy.co\/index.php\/wp-json\/wp\/v2\/posts\/134683\/revisions"}],"predecessor-version":[{"id":134685,"href":"https:\/\/futbolhoy.co\/index.php\/wp-json\/wp\/v2\/posts\/134683\/revisions\/134685"}],"wp:featuredmedia":[{"embeddable":true,"href":"https:\/\/futbolhoy.co\/index.php\/wp-json\/wp\/v2\/media\/134684"}],"wp:attachment":[{"href":"https:\/\/futbolhoy.co\/index.php\/wp-json\/wp\/v2\/media?parent=134683"}],"wp:term":[{"taxonomy":"category","embeddable":true,"href":"https:\/\/futbolhoy.co\/index.php\/wp-json\/wp\/v2\/categories?post=134683"},{"taxonomy":"post_tag","embeddable":true,"href":"https:\/\/futbolhoy.co\/index.php\/wp-json\/wp\/v2\/tags?post=134683"}],"curies":[{"name":"wp","href":"https:\/\/api.w.org\/{rel}","templated":true}]}}