{"id":134686,"date":"2026-09-03T07:38:56","date_gmt":"2026-09-03T12:38:56","guid":{"rendered":"https:\/\/futbolhoy.co\/?p=134686"},"modified":"2026-09-03T22:12:40","modified_gmt":"2026-09-04T03:12:40","slug":"giro-al-futuro-de-carlos-queiroz-se-conocio-el-equipo-que-va-a-dirigir","status":"publish","type":"post","link":"https:\/\/futbolhoy.co\/index.php\/2026\/09\/03\/giro-al-futuro-de-carlos-queiroz-se-conocio-el-equipo-que-va-a-dirigir\/","title":{"rendered":"Giro al futuro de Carlos Queiroz: se conoci\u00f3 el equipo que va a dirigir"},"content":{"rendered":"<p style=\"text-align: justify;\"><span style=\"font-family: helvetica, arial, sans-serif;\">El portugu\u00e9s <strong>Carlos Queiroz,<\/strong> que hab\u00eda dimitido de su cargo de seleccionador de <strong>Ghana<\/strong> tras la eliminaci\u00f3n en la <strong>Copa del Mundo<\/strong>, seguir\u00e1 finalmente al frente de las <strong>Black Stars,<\/strong> anunci\u00f3 este jueves la<strong> Federaci\u00f3n de F\u00fatbol de ese pa\u00eds.<\/strong><\/span><\/p>\n<p style=\"text-align: justify;\"><span style=\"font-family: helvetica, arial, sans-serif;\">El t\u00e9cnico de 73 a\u00f1os llev\u00f3 a las <strong>Black Stars<\/strong> hasta los octavos de final, donde fueron eliminadas por Colombia (1-0). Las dos partes alcanzaron un acuerdo que sella el regreso de Queiroz para la \u00abpr\u00f3xima fase del programa del equipo\u00bb, indic\u00f3 la <strong>GFA<\/strong> en un comunicado. <\/span><\/p>\n<p style=\"text-align: justify;\"><span style=\"font-family: helvetica, arial, sans-serif;\">Ghana se enfrentar\u00e1 a <strong>Costa de Marfil y luego a Gambia<\/strong> a finales de mes, en sus primeros partidos de la fase de clasificaci\u00f3n para la C<strong>opa de \u00c1frica (CAN) 2027<\/strong>, prevista en <strong>Kenia, Uganda y Tanzania. <\/strong><\/span><\/p>\n<p style=\"text-align: justify;\"><span style=\"font-family: helvetica, arial, sans-serif;\">Despu\u00e9s, los hombres de Queiroz se medir\u00e1n a <strong>Somalia<\/strong> en el grupo C con la ambici\u00f3n de conseguir su billete para la CAN. <\/span><\/p>\n<p style=\"text-align: justify;\"><span style=\"font-family: helvetica, arial, sans-serif;\">Antes de hacerse cargo de las Black Stars de Ghana, Queiroz dirigi\u00f3 tambi\u00e9n a<strong> Portugal, Colombia, Egipto, Ir\u00e1n y Catar.<\/strong><\/span><\/p>\n","protected":false},"excerpt":{"rendered":"<p>El portugu\u00e9s Carlos Queiroz, que hab\u00eda dimitido de su cargo de seleccionador de Ghana tras la eliminaci\u00f3n en la Copa del Mundo, seguir\u00e1 finalmente al frente de las Black Stars, anunci\u00f3 este jueves la Federaci\u00f3n de F\u00fatbol de ese pa\u00eds. El t\u00e9cnico de 73 a\u00f1os llev\u00f3 a las Black Stars hasta los octavos de final, [&hellip;]<\/p>\n","protected":false},"author":16,"featured_media":25320,"comment_status":"closed","ping_status":"closed","sticky":false,"template":"","format":"standard","meta":{"_acf_changed":false,"footnotes":""},"categories":[152],"tags":[],"class_list":["post-134686","post","type-post","status-publish","format-standard","has-post-thumbnail","category-mundo-futbol"],"acf":[],"yoast_head":"<!-- This site is optimized with the Yoast SEO plugin v28.4 - https:\/\/yoast.com\/product\/yoast-seo-wordpress\/ -->\n<title>Giro al futuro de Carlos Queiroz: se conoci\u00f3 el equipo que va a dirigir -<\/title>\n<meta name=\"robots\" content=\"index, follow, max-snippet:-1, max-image-preview:large, max-video-preview:-1\" \/>\n<link rel=\"canonical\" href=\"https:\/\/futbolhoy.co\/index.php\/2026\/09\/03\/giro-al-futuro-de-carlos-queiroz-se-conocio-el-equipo-que-va-a-dirigir\/\" \/>\n<meta property=\"og:locale\" content=\"es_ES\" \/>\n<meta property=\"og:type\" content=\"article\" \/>\n<meta property=\"og:title\" content=\"Giro al futuro de Carlos Queiroz: se conoci\u00f3 el equipo que va a dirigir -\" \/>\n<meta property=\"og:description\" content=\"El portugu\u00e9s Carlos Queiroz, que hab\u00eda dimitido de su cargo de seleccionador de Ghana tras la eliminaci\u00f3n en la Copa del Mundo, seguir\u00e1 finalmente al frente de las Black Stars, anunci\u00f3 este jueves la Federaci\u00f3n de F\u00fatbol de ese pa\u00eds. El t\u00e9cnico de 73 a\u00f1os llev\u00f3 a las Black Stars hasta los octavos de final, [&hellip;]\" \/>\n<meta property=\"og:url\" content=\"https:\/\/futbolhoy.co\/index.php\/2026\/09\/03\/giro-al-futuro-de-carlos-queiroz-se-conocio-el-equipo-que-va-a-dirigir\/\" \/>\n<meta property=\"article:publisher\" content=\"https:\/\/www.facebook.com\/FutbolHoyCol\/\" \/>\n<meta property=\"article:published_time\" content=\"2026-09-03T12:38:56+00:00\" \/>\n<meta property=\"article:modified_time\" content=\"2026-09-04T03:12:40+00:00\" \/>\n<meta property=\"og:image\" content=\"https:\/\/futbolhoy.co\/wp-content\/uploads\/2018\/09\/qUEIROZ.jpg\" \/>\n\t<meta property=\"og:image:width\" content=\"600\" \/>\n\t<meta property=\"og:image:height\" content=\"418\" \/>\n\t<meta property=\"og:image:type\" content=\"image\/jpeg\" \/>\n<meta name=\"author\" content=\"Cristian Pinzon\" \/>\n<meta name=\"twitter:card\" content=\"summary_large_image\" \/>\n<meta name=\"twitter:creator\" content=\"@FutbolHoyCol\" \/>\n<meta name=\"twitter:site\" content=\"@FutbolHoyCol\" \/>\n<meta name=\"twitter:label1\" content=\"Escrito por\" \/>\n\t<meta name=\"twitter:data1\" content=\"Cristian Pinzon\" \/>\n\t<meta name=\"twitter:label2\" content=\"Tiempo de lectura\" \/>\n\t<meta name=\"twitter:data2\" content=\"1 minuto\" \/>\n<script type=\"application\/ld+json\" class=\"yoast-schema-graph\">{\"@context\":\"https:\\\/\\\/schema.org\",\"@graph\":[{\"@type\":\"Article\",\"@id\":\"https:\\\/\\\/futbolhoy.co\\\/index.php\\\/2026\\\/09\\\/03\\\/giro-al-futuro-de-carlos-queiroz-se-conocio-el-equipo-que-va-a-dirigir\\\/#article\",\"isPartOf\":{\"@id\":\"https:\\\/\\\/futbolhoy.co\\\/index.php\\\/2026\\\/09\\\/03\\\/giro-al-futuro-de-carlos-queiroz-se-conocio-el-equipo-que-va-a-dirigir\\\/\"},\"author\":{\"name\":\"Cristian Pinzon\",\"@id\":\"https:\\\/\\\/futbolhoy.co\\\/#\\\/schema\\\/person\\\/3631d0513b65c6249db5b1cff87011f0\"},\"headline\":\"Giro al futuro de Carlos Queiroz: se conoci\u00f3 el equipo que va a dirigir\",\"datePublished\":\"2026-09-03T12:38:56+00:00\",\"dateModified\":\"2026-09-04T03:12:40+00:00\",\"mainEntityOfPage\":{\"@id\":\"https:\\\/\\\/futbolhoy.co\\\/index.php\\\/2026\\\/09\\\/03\\\/giro-al-futuro-de-carlos-queiroz-se-conocio-el-equipo-que-va-a-dirigir\\\/\"},\"wordCount\":194,\"image\":{\"@id\":\"https:\\\/\\\/futbolhoy.co\\\/index.php\\\/2026\\\/09\\\/03\\\/giro-al-futuro-de-carlos-queiroz-se-conocio-el-equipo-que-va-a-dirigir\\\/#primaryimage\"},\"thumbnailUrl\":\"https:\\\/\\\/futbolhoy.co\\\/wp-content\\\/uploads\\\/2018\\\/09\\\/qUEIROZ.jpg\",\"articleSection\":[\"Mundo Futbol\"],\"inLanguage\":\"es\"},{\"@type\":\"WebPage\",\"@id\":\"https:\\\/\\\/futbolhoy.co\\\/index.php\\\/2026\\\/09\\\/03\\\/giro-al-futuro-de-carlos-queiroz-se-conocio-el-equipo-que-va-a-dirigir\\\/\",\"url\":\"https:\\\/\\\/futbolhoy.co\\\/index.php\\\/2026\\\/09\\\/03\\\/giro-al-futuro-de-carlos-queiroz-se-conocio-el-equipo-que-va-a-dirigir\\\/\",\"name\":\"Giro al futuro de Carlos Queiroz: se conoci\u00f3 el equipo que va a dirigir -\",\"isPartOf\":{\"@id\":\"https:\\\/\\\/futbolhoy.co\\\/#website\"},\"primaryImageOfPage\":{\"@id\":\"https:\\\/\\\/futbolhoy.co\\\/index.php\\\/2026\\\/09\\\/03\\\/giro-al-futuro-de-carlos-queiroz-se-conocio-el-equipo-que-va-a-dirigir\\\/#primaryimage\"},\"image\":{\"@id\":\"https:\\\/\\\/futbolhoy.co\\\/index.php\\\/2026\\\/09\\\/03\\\/giro-al-futuro-de-carlos-queiroz-se-conocio-el-equipo-que-va-a-dirigir\\\/#primaryimage\"},\"thumbnailUrl\":\"https:\\\/\\\/futbolhoy.co\\\/wp-content\\\/uploads\\\/2018\\\/09\\\/qUEIROZ.jpg\",\"datePublished\":\"2026-09-03T12:38:56+00:00\",\"dateModified\":\"2026-09-04T03:12:40+00:00\",\"author\":{\"@id\":\"https:\\\/\\\/futbolhoy.co\\\/#\\\/schema\\\/person\\\/3631d0513b65c6249db5b1cff87011f0\"},\"breadcrumb\":{\"@id\":\"https:\\\/\\\/futbolhoy.co\\\/index.php\\\/2026\\\/09\\\/03\\\/giro-al-futuro-de-carlos-queiroz-se-conocio-el-equipo-que-va-a-dirigir\\\/#breadcrumb\"},\"inLanguage\":\"es\",\"potentialAction\":[{\"@type\":\"ReadAction\",\"target\":[\"https:\\\/\\\/futbolhoy.co\\\/index.php\\\/2026\\\/09\\\/03\\\/giro-al-futuro-de-carlos-queiroz-se-conocio-el-equipo-que-va-a-dirigir\\\/\"]}]},{\"@type\":\"ImageObject\",\"inLanguage\":\"es\",\"@id\":\"https:\\\/\\\/futbolhoy.co\\\/index.php\\\/2026\\\/09\\\/03\\\/giro-al-futuro-de-carlos-queiroz-se-conocio-el-equipo-que-va-a-dirigir\\\/#primaryimage\",\"url\":\"https:\\\/\\\/futbolhoy.co\\\/wp-content\\\/uploads\\\/2018\\\/09\\\/qUEIROZ.jpg\",\"contentUrl\":\"https:\\\/\\\/futbolhoy.co\\\/wp-content\\\/uploads\\\/2018\\\/09\\\/qUEIROZ.jpg\",\"width\":600,\"height\":418,\"caption\":\"@TeamMelliIran\"},{\"@type\":\"BreadcrumbList\",\"@id\":\"https:\\\/\\\/futbolhoy.co\\\/index.php\\\/2026\\\/09\\\/03\\\/giro-al-futuro-de-carlos-queiroz-se-conocio-el-equipo-que-va-a-dirigir\\\/#breadcrumb\",\"itemListElement\":[{\"@type\":\"ListItem\",\"position\":1,\"name\":\"Portada\",\"item\":\"https:\\\/\\\/futbolhoy.co\\\/\"},{\"@type\":\"ListItem\",\"position\":2,\"name\":\"Giro al futuro de Carlos Queiroz: se conoci\u00f3 el equipo que va a dirigir\"}]},{\"@type\":\"WebSite\",\"@id\":\"https:\\\/\\\/futbolhoy.co\\\/#website\",\"url\":\"https:\\\/\\\/futbolhoy.co\\\/\",\"name\":\"FutbolHoy\",\"description\":\"\",\"potentialAction\":[{\"@type\":\"SearchAction\",\"target\":{\"@type\":\"EntryPoint\",\"urlTemplate\":\"https:\\\/\\\/futbolhoy.co\\\/?s={search_term_string}\"},\"query-input\":{\"@type\":\"PropertyValueSpecification\",\"valueRequired\":true,\"valueName\":\"search_term_string\"}}],\"inLanguage\":\"es\"},{\"@type\":\"Person\",\"@id\":\"https:\\\/\\\/futbolhoy.co\\\/#\\\/schema\\\/person\\\/3631d0513b65c6249db5b1cff87011f0\",\"name\":\"Cristian Pinzon\",\"image\":{\"@type\":\"ImageObject\",\"inLanguage\":\"es\",\"@id\":\"https:\\\/\\\/secure.gravatar.com\\\/avatar\\\/9ec15fa010fd99c9e11e37948e85beef0a90c7daa64afd7860f1539c39ba9f90?s=96&d=mm&r=g\",\"url\":\"https:\\\/\\\/secure.gravatar.com\\\/avatar\\\/9ec15fa010fd99c9e11e37948e85beef0a90c7daa64afd7860f1539c39ba9f90?s=96&d=mm&r=g\",\"contentUrl\":\"https:\\\/\\\/secure.gravatar.com\\\/avatar\\\/9ec15fa010fd99c9e11e37948e85beef0a90c7daa64afd7860f1539c39ba9f90?s=96&d=mm&r=g\",\"caption\":\"Cristian Pinzon\"}}]}<\/script>\n<!-- \/ Yoast SEO plugin. -->","yoast_head_json":{"title":"Giro al futuro de Carlos Queiroz: se conoci\u00f3 el equipo que va a dirigir -","robots":{"index":"index","follow":"follow","max-snippet":"max-snippet:-1","max-image-preview":"max-image-preview:large","max-video-preview":"max-video-preview:-1"},"canonical":"https:\/\/futbolhoy.co\/index.php\/2026\/09\/03\/giro-al-futuro-de-carlos-queiroz-se-conocio-el-equipo-que-va-a-dirigir\/","og_locale":"es_ES","og_type":"article","og_title":"Giro al futuro de Carlos Queiroz: se conoci\u00f3 el equipo que va a dirigir -","og_description":"El portugu\u00e9s Carlos Queiroz, que hab\u00eda dimitido de su cargo de seleccionador de Ghana tras la eliminaci\u00f3n en la Copa del Mundo, seguir\u00e1 finalmente al frente de las Black Stars, anunci\u00f3 este jueves la Federaci\u00f3n de F\u00fatbol de ese pa\u00eds. El t\u00e9cnico de 73 a\u00f1os llev\u00f3 a las Black Stars hasta los octavos de final, [&hellip;]","og_url":"https:\/\/futbolhoy.co\/index.php\/2026\/09\/03\/giro-al-futuro-de-carlos-queiroz-se-conocio-el-equipo-que-va-a-dirigir\/","article_publisher":"https:\/\/www.facebook.com\/FutbolHoyCol\/","article_published_time":"2026-09-03T12:38:56+00:00","article_modified_time":"2026-09-04T03:12:40+00:00","og_image":[{"width":600,"height":418,"url":"https:\/\/futbolhoy.co\/wp-content\/uploads\/2018\/09\/qUEIROZ.jpg","type":"image\/jpeg"}],"author":"Cristian Pinzon","twitter_card":"summary_large_image","twitter_creator":"@FutbolHoyCol","twitter_site":"@FutbolHoyCol","twitter_misc":{"Escrito por":"Cristian Pinzon","Tiempo de lectura":"1 minuto"},"schema":{"@context":"https:\/\/schema.org","@graph":[{"@type":"Article","@id":"https:\/\/futbolhoy.co\/index.php\/2026\/09\/03\/giro-al-futuro-de-carlos-queiroz-se-conocio-el-equipo-que-va-a-dirigir\/#article","isPartOf":{"@id":"https:\/\/futbolhoy.co\/index.php\/2026\/09\/03\/giro-al-futuro-de-carlos-queiroz-se-conocio-el-equipo-que-va-a-dirigir\/"},"author":{"name":"Cristian Pinzon","@id":"https:\/\/futbolhoy.co\/#\/schema\/person\/3631d0513b65c6249db5b1cff87011f0"},"headline":"Giro al futuro de Carlos Queiroz: se conoci\u00f3 el equipo que va a dirigir","datePublished":"2026-09-03T12:38:56+00:00","dateModified":"2026-09-04T03:12:40+00:00","mainEntityOfPage":{"@id":"https:\/\/futbolhoy.co\/index.php\/2026\/09\/03\/giro-al-futuro-de-carlos-queiroz-se-conocio-el-equipo-que-va-a-dirigir\/"},"wordCount":194,"image":{"@id":"https:\/\/futbolhoy.co\/index.php\/2026\/09\/03\/giro-al-futuro-de-carlos-queiroz-se-conocio-el-equipo-que-va-a-dirigir\/#primaryimage"},"thumbnailUrl":"https:\/\/futbolhoy.co\/wp-content\/uploads\/2018\/09\/qUEIROZ.jpg","articleSection":["Mundo Futbol"],"inLanguage":"es"},{"@type":"WebPage","@id":"https:\/\/futbolhoy.co\/index.php\/2026\/09\/03\/giro-al-futuro-de-carlos-queiroz-se-conocio-el-equipo-que-va-a-dirigir\/","url":"https:\/\/futbolhoy.co\/index.php\/2026\/09\/03\/giro-al-futuro-de-carlos-queiroz-se-conocio-el-equipo-que-va-a-dirigir\/","name":"Giro al futuro de Carlos Queiroz: se conoci\u00f3 el equipo que va a dirigir -","isPartOf":{"@id":"https:\/\/futbolhoy.co\/#website"},"primaryImageOfPage":{"@id":"https:\/\/futbolhoy.co\/index.php\/2026\/09\/03\/giro-al-futuro-de-carlos-queiroz-se-conocio-el-equipo-que-va-a-dirigir\/#primaryimage"},"image":{"@id":"https:\/\/futbolhoy.co\/index.php\/2026\/09\/03\/giro-al-futuro-de-carlos-queiroz-se-conocio-el-equipo-que-va-a-dirigir\/#primaryimage"},"thumbnailUrl":"https:\/\/futbolhoy.co\/wp-content\/uploads\/2018\/09\/qUEIROZ.jpg","datePublished":"2026-09-03T12:38:56+00:00","dateModified":"2026-09-04T03:12:40+00:00","author":{"@id":"https:\/\/futbolhoy.co\/#\/schema\/person\/3631d0513b65c6249db5b1cff87011f0"},"breadcrumb":{"@id":"https:\/\/futbolhoy.co\/index.php\/2026\/09\/03\/giro-al-futuro-de-carlos-queiroz-se-conocio-el-equipo-que-va-a-dirigir\/#breadcrumb"},"inLanguage":"es","potentialAction":[{"@type":"ReadAction","target":["https:\/\/futbolhoy.co\/index.php\/2026\/09\/03\/giro-al-futuro-de-carlos-queiroz-se-conocio-el-equipo-que-va-a-dirigir\/"]}]},{"@type":"ImageObject","inLanguage":"es","@id":"https:\/\/futbolhoy.co\/index.php\/2026\/09\/03\/giro-al-futuro-de-carlos-queiroz-se-conocio-el-equipo-que-va-a-dirigir\/#primaryimage","url":"https:\/\/futbolhoy.co\/wp-content\/uploads\/2018\/09\/qUEIROZ.jpg","contentUrl":"https:\/\/futbolhoy.co\/wp-content\/uploads\/2018\/09\/qUEIROZ.jpg","width":600,"height":418,"caption":"@TeamMelliIran"},{"@type":"BreadcrumbList","@id":"https:\/\/futbolhoy.co\/index.php\/2026\/09\/03\/giro-al-futuro-de-carlos-queiroz-se-conocio-el-equipo-que-va-a-dirigir\/#breadcrumb","itemListElement":[{"@type":"ListItem","position":1,"name":"Portada","item":"https:\/\/futbolhoy.co\/"},{"@type":"ListItem","position":2,"name":"Giro al futuro de Carlos Queiroz: se conoci\u00f3 el equipo que va a dirigir"}]},{"@type":"WebSite","@id":"https:\/\/futbolhoy.co\/#website","url":"https:\/\/futbolhoy.co\/","name":"FutbolHoy","description":"","potentialAction":[{"@type":"SearchAction","target":{"@type":"EntryPoint","urlTemplate":"https:\/\/futbolhoy.co\/?s={search_term_string}"},"query-input":{"@type":"PropertyValueSpecification","valueRequired":true,"valueName":"search_term_string"}}],"inLanguage":"es"},{"@type":"Person","@id":"https:\/\/futbolhoy.co\/#\/schema\/person\/3631d0513b65c6249db5b1cff87011f0","name":"Cristian Pinzon","image":{"@type":"ImageObject","inLanguage":"es","@id":"https:\/\/secure.gravatar.com\/avatar\/9ec15fa010fd99c9e11e37948e85beef0a90c7daa64afd7860f1539c39ba9f90?s=96&d=mm&r=g","url":"https:\/\/secure.gravatar.com\/avatar\/9ec15fa010fd99c9e11e37948e85beef0a90c7daa64afd7860f1539c39ba9f90?s=96&d=mm&r=g","contentUrl":"https:\/\/secure.gravatar.com\/avatar\/9ec15fa010fd99c9e11e37948e85beef0a90c7daa64afd7860f1539c39ba9f90?s=96&d=mm&r=g","caption":"Cristian Pinzon"}}]}},"_links":{"self":[{"href":"https:\/\/futbolhoy.co\/index.php\/wp-json\/wp\/v2\/posts\/134686","targetHints":{"allow":["GET"]}}],"collection":[{"href":"https:\/\/futbolhoy.co\/index.php\/wp-json\/wp\/v2\/posts"}],"about":[{"href":"https:\/\/futbolhoy.co\/index.php\/wp-json\/wp\/v2\/types\/post"}],"author":[{"embeddable":true,"href":"https:\/\/futbolhoy.co\/index.php\/wp-json\/wp\/v2\/users\/16"}],"replies":[{"embeddable":true,"href":"https:\/\/futbolhoy.co\/index.php\/wp-json\/wp\/v2\/comments?post=134686"}],"version-history":[{"count":1,"href":"https:\/\/futbolhoy.co\/index.php\/wp-json\/wp\/v2\/posts\/134686\/revisions"}],"predecessor-version":[{"id":134687,"href":"https:\/\/futbolhoy.co\/index.php\/wp-json\/wp\/v2\/posts\/134686\/revisions\/134687"}],"wp:featuredmedia":[{"embeddable":true,"href":"https:\/\/futbolhoy.co\/index.php\/wp-json\/wp\/v2\/media\/25320"}],"wp:attachment":[{"href":"https:\/\/futbolhoy.co\/index.php\/wp-json\/wp\/v2\/media?parent=134686"}],"wp:term":[{"taxonomy":"category","embeddable":true,"href":"https:\/\/futbolhoy.co\/index.php\/wp-json\/wp\/v2\/categories?post=134686"},{"taxonomy":"post_tag","embeddable":true,"href":"https:\/\/futbolhoy.co\/index.php\/wp-json\/wp\/v2\/tags?post=134686"}],"curies":[{"name":"wp","href":"https:\/\/api.w.org\/{rel}","templated":true}]}}