{"id":134688,"date":"2026-09-03T08:57:42","date_gmt":"2026-09-03T13:57:42","guid":{"rendered":"https:\/\/futbolhoy.co\/?p=134688"},"modified":"2026-09-03T13:25:37","modified_gmt":"2026-09-03T18:25:37","slug":"mourinho-y-sus-elogios-a-messi-tambien-fue-contundente-sobre-julian-alvarez","status":"publish","type":"post","link":"https:\/\/futbolhoy.co\/index.php\/2026\/09\/03\/mourinho-y-sus-elogios-a-messi-tambien-fue-contundente-sobre-julian-alvarez\/","title":{"rendered":"Mourinho y sus elogios a Messi: tambi\u00e9n fue contundente sobre Juli\u00e1n \u00c1lvarez"},"content":{"rendered":"<p style=\"text-align: justify;\"><span style=\"font-family: helvetica, arial, sans-serif;\">El portugu\u00e9s <strong>Jose Mourinho,<\/strong> entrenador del <strong>Real Madrid,<\/strong> asegur\u00f3 que al futbolista argentino Lionel Messi se le \u201cecha de menos siempre\u201d y que para verle jugar tendr\u00e1 que hacer algo que \u201cno\u201d le \u201cgusta mucho\u201d como es \u201cver alg\u00fan partido de la <strong>MLS\u201d,<\/strong> al ser consultado por el reciente adi\u00f3s a la Albiceleste del campe\u00f3n del mundo en <strong>Qatar 2022.<\/strong> <\/span><\/p>\n<p style=\"text-align: justify;\"><span style=\"font-family: helvetica, arial, sans-serif;\">\u201cHablar de <strong>Messi<\/strong> es complicado (sonr\u00ede). No hay mucho m\u00e1s que decir. Y no hay palabras que puedan describir su calidad como jugador. Lleg\u00f3 a este <strong>Mundial<\/strong> con 38 o 39 a\u00f1os y ha sido lo que hemos visto. Es de esos jugadores que vas a echar de menos. Tendremos que ver alg\u00fan partido de la MLS, que es una cosa que no me gusta mucho, para aprovechar estos \u00faltimos a\u00f1os. Es uno de esos que, como dec\u00eda en una rueda de prensa anterior, echas de menos siempre. Y este es uno de los de nuestra generaci\u00f3n\u201d, dijo en rueda de prensa. <\/span><\/p>\n<p style=\"text-align: justify;\"><span style=\"font-family: helvetica, arial, sans-serif;\">Adem\u00e1s, durante su comparecencia previa al encuentro frente al Betis, el t\u00e9cnico contest\u00f3 a una pregunta de un compatriota de Messi, <strong>Juli\u00e1n Alvarez,<\/strong> quien, tras expresar su deseo de salir del <strong>Atl\u00e9tico de Madrid<\/strong> con el <strong>Barcelona<\/strong> intentando su fichaje, no sali\u00f3 en el mercado de verano. <\/span><\/p>\n<p style=\"text-align: justify;\"><span style=\"font-family: helvetica, arial, sans-serif;\">\u201cLa situaci\u00f3n espec\u00edfica que t\u00fa hablas no hay nadie que la conozca mejor que (el entrenador del Atl\u00e9tico, <strong>Diego) Simeone<\/strong>. No hay nadie que conozca mejor el club que Simeone. Yo no tengo absolutamente nada que decir en relaci\u00f3n a esta situaci\u00f3n. Yo, normalmente, digo que si un jugador no est\u00e1 satisfecho, cuando llega el 1 de septiembre tienes que estar satisfecho o no juegas hasta el 1 de enero. Mi sensaci\u00f3n es que, a partir de ayer, y por lo menos hasta el 31 de diciembre, ser\u00e1 un jugador importante para su club\u201d, se\u00f1al\u00f3.<\/span><\/p>\n","protected":false},"excerpt":{"rendered":"<p>El portugu\u00e9s Jose Mourinho, entrenador del Real Madrid, asegur\u00f3 que al futbolista argentino Lionel Messi se le \u201cecha de menos siempre\u201d y que para verle jugar tendr\u00e1 que hacer algo que \u201cno\u201d le \u201cgusta mucho\u201d como es \u201cver alg\u00fan partido de la MLS\u201d, al ser consultado por el reciente adi\u00f3s a la Albiceleste del campe\u00f3n [&hellip;]<\/p>\n","protected":false},"author":16,"featured_media":134689,"comment_status":"closed","ping_status":"closed","sticky":false,"template":"","format":"standard","meta":{"_acf_changed":false,"footnotes":""},"categories":[5],"tags":[],"class_list":["post-134688","post","type-post","status-publish","format-standard","has-post-thumbnail","category-destacados"],"acf":[],"yoast_head":"<!-- This site is optimized with the Yoast SEO plugin v28.4 - https:\/\/yoast.com\/product\/yoast-seo-wordpress\/ -->\n<title>Mourinho y sus elogios a Messi: tambi\u00e9n fue contundente sobre Juli\u00e1n \u00c1lvarez -<\/title>\n<meta name=\"robots\" content=\"index, follow, max-snippet:-1, max-image-preview:large, max-video-preview:-1\" \/>\n<link rel=\"canonical\" href=\"https:\/\/futbolhoy.co\/index.php\/2026\/09\/03\/mourinho-y-sus-elogios-a-messi-tambien-fue-contundente-sobre-julian-alvarez\/\" \/>\n<meta property=\"og:locale\" content=\"es_ES\" \/>\n<meta property=\"og:type\" content=\"article\" \/>\n<meta property=\"og:title\" content=\"Mourinho y sus elogios a Messi: tambi\u00e9n fue contundente sobre Juli\u00e1n \u00c1lvarez -\" \/>\n<meta property=\"og:description\" content=\"El portugu\u00e9s Jose Mourinho, entrenador del Real Madrid, asegur\u00f3 que al futbolista argentino Lionel Messi se le \u201cecha de menos siempre\u201d y que para verle jugar tendr\u00e1 que hacer algo que \u201cno\u201d le \u201cgusta mucho\u201d como es \u201cver alg\u00fan partido de la MLS\u201d, al ser consultado por el reciente adi\u00f3s a la Albiceleste del campe\u00f3n [&hellip;]\" \/>\n<meta property=\"og:url\" content=\"https:\/\/futbolhoy.co\/index.php\/2026\/09\/03\/mourinho-y-sus-elogios-a-messi-tambien-fue-contundente-sobre-julian-alvarez\/\" \/>\n<meta property=\"article:publisher\" content=\"https:\/\/www.facebook.com\/FutbolHoyCol\/\" \/>\n<meta property=\"article:published_time\" content=\"2026-09-03T13:57:42+00:00\" \/>\n<meta property=\"article:modified_time\" content=\"2026-09-03T18:25:37+00:00\" \/>\n<meta property=\"og:image\" content=\"https:\/\/futbolhoy.co\/wp-content\/uploads\/2026\/09\/HRSRMcTWYAEUiEW.jpg\" \/>\n\t<meta property=\"og:image:width\" content=\"1022\" \/>\n\t<meta property=\"og:image:height\" content=\"575\" \/>\n\t<meta property=\"og:image:type\" content=\"image\/jpeg\" \/>\n<meta name=\"author\" content=\"Cristian Pinzon\" \/>\n<meta name=\"twitter:card\" content=\"summary_large_image\" \/>\n<meta name=\"twitter:creator\" content=\"@FutbolHoyCol\" \/>\n<meta name=\"twitter:site\" content=\"@FutbolHoyCol\" \/>\n<meta name=\"twitter:label1\" content=\"Escrito por\" \/>\n\t<meta name=\"twitter:data1\" content=\"Cristian Pinzon\" \/>\n\t<meta name=\"twitter:label2\" content=\"Tiempo de lectura\" \/>\n\t<meta name=\"twitter:data2\" content=\"2 minutos\" \/>\n<script type=\"application\/ld+json\" class=\"yoast-schema-graph\">{\"@context\":\"https:\\\/\\\/schema.org\",\"@graph\":[{\"@type\":\"Article\",\"@id\":\"https:\\\/\\\/futbolhoy.co\\\/index.php\\\/2026\\\/09\\\/03\\\/mourinho-y-sus-elogios-a-messi-tambien-fue-contundente-sobre-julian-alvarez\\\/#article\",\"isPartOf\":{\"@id\":\"https:\\\/\\\/futbolhoy.co\\\/index.php\\\/2026\\\/09\\\/03\\\/mourinho-y-sus-elogios-a-messi-tambien-fue-contundente-sobre-julian-alvarez\\\/\"},\"author\":{\"name\":\"Cristian Pinzon\",\"@id\":\"https:\\\/\\\/futbolhoy.co\\\/#\\\/schema\\\/person\\\/3631d0513b65c6249db5b1cff87011f0\"},\"headline\":\"Mourinho y sus elogios a Messi: tambi\u00e9n fue contundente sobre Juli\u00e1n \u00c1lvarez\",\"datePublished\":\"2026-09-03T13:57:42+00:00\",\"dateModified\":\"2026-09-03T18:25:37+00:00\",\"mainEntityOfPage\":{\"@id\":\"https:\\\/\\\/futbolhoy.co\\\/index.php\\\/2026\\\/09\\\/03\\\/mourinho-y-sus-elogios-a-messi-tambien-fue-contundente-sobre-julian-alvarez\\\/\"},\"wordCount\":334,\"image\":{\"@id\":\"https:\\\/\\\/futbolhoy.co\\\/index.php\\\/2026\\\/09\\\/03\\\/mourinho-y-sus-elogios-a-messi-tambien-fue-contundente-sobre-julian-alvarez\\\/#primaryimage\"},\"thumbnailUrl\":\"https:\\\/\\\/futbolhoy.co\\\/wp-content\\\/uploads\\\/2026\\\/09\\\/HRSRMcTWYAEUiEW.jpg\",\"articleSection\":[\"Destacados\"],\"inLanguage\":\"es\"},{\"@type\":\"WebPage\",\"@id\":\"https:\\\/\\\/futbolhoy.co\\\/index.php\\\/2026\\\/09\\\/03\\\/mourinho-y-sus-elogios-a-messi-tambien-fue-contundente-sobre-julian-alvarez\\\/\",\"url\":\"https:\\\/\\\/futbolhoy.co\\\/index.php\\\/2026\\\/09\\\/03\\\/mourinho-y-sus-elogios-a-messi-tambien-fue-contundente-sobre-julian-alvarez\\\/\",\"name\":\"Mourinho y sus elogios a Messi: tambi\u00e9n fue contundente sobre Juli\u00e1n \u00c1lvarez -\",\"isPartOf\":{\"@id\":\"https:\\\/\\\/futbolhoy.co\\\/#website\"},\"primaryImageOfPage\":{\"@id\":\"https:\\\/\\\/futbolhoy.co\\\/index.php\\\/2026\\\/09\\\/03\\\/mourinho-y-sus-elogios-a-messi-tambien-fue-contundente-sobre-julian-alvarez\\\/#primaryimage\"},\"image\":{\"@id\":\"https:\\\/\\\/futbolhoy.co\\\/index.php\\\/2026\\\/09\\\/03\\\/mourinho-y-sus-elogios-a-messi-tambien-fue-contundente-sobre-julian-alvarez\\\/#primaryimage\"},\"thumbnailUrl\":\"https:\\\/\\\/futbolhoy.co\\\/wp-content\\\/uploads\\\/2026\\\/09\\\/HRSRMcTWYAEUiEW.jpg\",\"datePublished\":\"2026-09-03T13:57:42+00:00\",\"dateModified\":\"2026-09-03T18:25:37+00:00\",\"author\":{\"@id\":\"https:\\\/\\\/futbolhoy.co\\\/#\\\/schema\\\/person\\\/3631d0513b65c6249db5b1cff87011f0\"},\"breadcrumb\":{\"@id\":\"https:\\\/\\\/futbolhoy.co\\\/index.php\\\/2026\\\/09\\\/03\\\/mourinho-y-sus-elogios-a-messi-tambien-fue-contundente-sobre-julian-alvarez\\\/#breadcrumb\"},\"inLanguage\":\"es\",\"potentialAction\":[{\"@type\":\"ReadAction\",\"target\":[\"https:\\\/\\\/futbolhoy.co\\\/index.php\\\/2026\\\/09\\\/03\\\/mourinho-y-sus-elogios-a-messi-tambien-fue-contundente-sobre-julian-alvarez\\\/\"]}]},{\"@type\":\"ImageObject\",\"inLanguage\":\"es\",\"@id\":\"https:\\\/\\\/futbolhoy.co\\\/index.php\\\/2026\\\/09\\\/03\\\/mourinho-y-sus-elogios-a-messi-tambien-fue-contundente-sobre-julian-alvarez\\\/#primaryimage\",\"url\":\"https:\\\/\\\/futbolhoy.co\\\/wp-content\\\/uploads\\\/2026\\\/09\\\/HRSRMcTWYAEUiEW.jpg\",\"contentUrl\":\"https:\\\/\\\/futbolhoy.co\\\/wp-content\\\/uploads\\\/2026\\\/09\\\/HRSRMcTWYAEUiEW.jpg\",\"width\":1022,\"height\":575},{\"@type\":\"BreadcrumbList\",\"@id\":\"https:\\\/\\\/futbolhoy.co\\\/index.php\\\/2026\\\/09\\\/03\\\/mourinho-y-sus-elogios-a-messi-tambien-fue-contundente-sobre-julian-alvarez\\\/#breadcrumb\",\"itemListElement\":[{\"@type\":\"ListItem\",\"position\":1,\"name\":\"Portada\",\"item\":\"https:\\\/\\\/futbolhoy.co\\\/\"},{\"@type\":\"ListItem\",\"position\":2,\"name\":\"Mourinho y sus elogios a Messi: tambi\u00e9n fue contundente sobre Juli\u00e1n \u00c1lvarez\"}]},{\"@type\":\"WebSite\",\"@id\":\"https:\\\/\\\/futbolhoy.co\\\/#website\",\"url\":\"https:\\\/\\\/futbolhoy.co\\\/\",\"name\":\"FutbolHoy\",\"description\":\"\",\"potentialAction\":[{\"@type\":\"SearchAction\",\"target\":{\"@type\":\"EntryPoint\",\"urlTemplate\":\"https:\\\/\\\/futbolhoy.co\\\/?s={search_term_string}\"},\"query-input\":{\"@type\":\"PropertyValueSpecification\",\"valueRequired\":true,\"valueName\":\"search_term_string\"}}],\"inLanguage\":\"es\"},{\"@type\":\"Person\",\"@id\":\"https:\\\/\\\/futbolhoy.co\\\/#\\\/schema\\\/person\\\/3631d0513b65c6249db5b1cff87011f0\",\"name\":\"Cristian Pinzon\",\"image\":{\"@type\":\"ImageObject\",\"inLanguage\":\"es\",\"@id\":\"https:\\\/\\\/secure.gravatar.com\\\/avatar\\\/9ec15fa010fd99c9e11e37948e85beef0a90c7daa64afd7860f1539c39ba9f90?s=96&d=mm&r=g\",\"url\":\"https:\\\/\\\/secure.gravatar.com\\\/avatar\\\/9ec15fa010fd99c9e11e37948e85beef0a90c7daa64afd7860f1539c39ba9f90?s=96&d=mm&r=g\",\"contentUrl\":\"https:\\\/\\\/secure.gravatar.com\\\/avatar\\\/9ec15fa010fd99c9e11e37948e85beef0a90c7daa64afd7860f1539c39ba9f90?s=96&d=mm&r=g\",\"caption\":\"Cristian Pinzon\"}}]}<\/script>\n<!-- \/ Yoast SEO plugin. -->","yoast_head_json":{"title":"Mourinho y sus elogios a Messi: tambi\u00e9n fue contundente sobre Juli\u00e1n \u00c1lvarez -","robots":{"index":"index","follow":"follow","max-snippet":"max-snippet:-1","max-image-preview":"max-image-preview:large","max-video-preview":"max-video-preview:-1"},"canonical":"https:\/\/futbolhoy.co\/index.php\/2026\/09\/03\/mourinho-y-sus-elogios-a-messi-tambien-fue-contundente-sobre-julian-alvarez\/","og_locale":"es_ES","og_type":"article","og_title":"Mourinho y sus elogios a Messi: tambi\u00e9n fue contundente sobre Juli\u00e1n \u00c1lvarez -","og_description":"El portugu\u00e9s Jose Mourinho, entrenador del Real Madrid, asegur\u00f3 que al futbolista argentino Lionel Messi se le \u201cecha de menos siempre\u201d y que para verle jugar tendr\u00e1 que hacer algo que \u201cno\u201d le \u201cgusta mucho\u201d como es \u201cver alg\u00fan partido de la MLS\u201d, al ser consultado por el reciente adi\u00f3s a la Albiceleste del campe\u00f3n [&hellip;]","og_url":"https:\/\/futbolhoy.co\/index.php\/2026\/09\/03\/mourinho-y-sus-elogios-a-messi-tambien-fue-contundente-sobre-julian-alvarez\/","article_publisher":"https:\/\/www.facebook.com\/FutbolHoyCol\/","article_published_time":"2026-09-03T13:57:42+00:00","article_modified_time":"2026-09-03T18:25:37+00:00","og_image":[{"width":1022,"height":575,"url":"https:\/\/futbolhoy.co\/wp-content\/uploads\/2026\/09\/HRSRMcTWYAEUiEW.jpg","type":"image\/jpeg"}],"author":"Cristian Pinzon","twitter_card":"summary_large_image","twitter_creator":"@FutbolHoyCol","twitter_site":"@FutbolHoyCol","twitter_misc":{"Escrito por":"Cristian Pinzon","Tiempo de lectura":"2 minutos"},"schema":{"@context":"https:\/\/schema.org","@graph":[{"@type":"Article","@id":"https:\/\/futbolhoy.co\/index.php\/2026\/09\/03\/mourinho-y-sus-elogios-a-messi-tambien-fue-contundente-sobre-julian-alvarez\/#article","isPartOf":{"@id":"https:\/\/futbolhoy.co\/index.php\/2026\/09\/03\/mourinho-y-sus-elogios-a-messi-tambien-fue-contundente-sobre-julian-alvarez\/"},"author":{"name":"Cristian Pinzon","@id":"https:\/\/futbolhoy.co\/#\/schema\/person\/3631d0513b65c6249db5b1cff87011f0"},"headline":"Mourinho y sus elogios a Messi: tambi\u00e9n fue contundente sobre Juli\u00e1n \u00c1lvarez","datePublished":"2026-09-03T13:57:42+00:00","dateModified":"2026-09-03T18:25:37+00:00","mainEntityOfPage":{"@id":"https:\/\/futbolhoy.co\/index.php\/2026\/09\/03\/mourinho-y-sus-elogios-a-messi-tambien-fue-contundente-sobre-julian-alvarez\/"},"wordCount":334,"image":{"@id":"https:\/\/futbolhoy.co\/index.php\/2026\/09\/03\/mourinho-y-sus-elogios-a-messi-tambien-fue-contundente-sobre-julian-alvarez\/#primaryimage"},"thumbnailUrl":"https:\/\/futbolhoy.co\/wp-content\/uploads\/2026\/09\/HRSRMcTWYAEUiEW.jpg","articleSection":["Destacados"],"inLanguage":"es"},{"@type":"WebPage","@id":"https:\/\/futbolhoy.co\/index.php\/2026\/09\/03\/mourinho-y-sus-elogios-a-messi-tambien-fue-contundente-sobre-julian-alvarez\/","url":"https:\/\/futbolhoy.co\/index.php\/2026\/09\/03\/mourinho-y-sus-elogios-a-messi-tambien-fue-contundente-sobre-julian-alvarez\/","name":"Mourinho y sus elogios a Messi: tambi\u00e9n fue contundente sobre Juli\u00e1n \u00c1lvarez -","isPartOf":{"@id":"https:\/\/futbolhoy.co\/#website"},"primaryImageOfPage":{"@id":"https:\/\/futbolhoy.co\/index.php\/2026\/09\/03\/mourinho-y-sus-elogios-a-messi-tambien-fue-contundente-sobre-julian-alvarez\/#primaryimage"},"image":{"@id":"https:\/\/futbolhoy.co\/index.php\/2026\/09\/03\/mourinho-y-sus-elogios-a-messi-tambien-fue-contundente-sobre-julian-alvarez\/#primaryimage"},"thumbnailUrl":"https:\/\/futbolhoy.co\/wp-content\/uploads\/2026\/09\/HRSRMcTWYAEUiEW.jpg","datePublished":"2026-09-03T13:57:42+00:00","dateModified":"2026-09-03T18:25:37+00:00","author":{"@id":"https:\/\/futbolhoy.co\/#\/schema\/person\/3631d0513b65c6249db5b1cff87011f0"},"breadcrumb":{"@id":"https:\/\/futbolhoy.co\/index.php\/2026\/09\/03\/mourinho-y-sus-elogios-a-messi-tambien-fue-contundente-sobre-julian-alvarez\/#breadcrumb"},"inLanguage":"es","potentialAction":[{"@type":"ReadAction","target":["https:\/\/futbolhoy.co\/index.php\/2026\/09\/03\/mourinho-y-sus-elogios-a-messi-tambien-fue-contundente-sobre-julian-alvarez\/"]}]},{"@type":"ImageObject","inLanguage":"es","@id":"https:\/\/futbolhoy.co\/index.php\/2026\/09\/03\/mourinho-y-sus-elogios-a-messi-tambien-fue-contundente-sobre-julian-alvarez\/#primaryimage","url":"https:\/\/futbolhoy.co\/wp-content\/uploads\/2026\/09\/HRSRMcTWYAEUiEW.jpg","contentUrl":"https:\/\/futbolhoy.co\/wp-content\/uploads\/2026\/09\/HRSRMcTWYAEUiEW.jpg","width":1022,"height":575},{"@type":"BreadcrumbList","@id":"https:\/\/futbolhoy.co\/index.php\/2026\/09\/03\/mourinho-y-sus-elogios-a-messi-tambien-fue-contundente-sobre-julian-alvarez\/#breadcrumb","itemListElement":[{"@type":"ListItem","position":1,"name":"Portada","item":"https:\/\/futbolhoy.co\/"},{"@type":"ListItem","position":2,"name":"Mourinho y sus elogios a Messi: tambi\u00e9n fue contundente sobre Juli\u00e1n \u00c1lvarez"}]},{"@type":"WebSite","@id":"https:\/\/futbolhoy.co\/#website","url":"https:\/\/futbolhoy.co\/","name":"FutbolHoy","description":"","potentialAction":[{"@type":"SearchAction","target":{"@type":"EntryPoint","urlTemplate":"https:\/\/futbolhoy.co\/?s={search_term_string}"},"query-input":{"@type":"PropertyValueSpecification","valueRequired":true,"valueName":"search_term_string"}}],"inLanguage":"es"},{"@type":"Person","@id":"https:\/\/futbolhoy.co\/#\/schema\/person\/3631d0513b65c6249db5b1cff87011f0","name":"Cristian Pinzon","image":{"@type":"ImageObject","inLanguage":"es","@id":"https:\/\/secure.gravatar.com\/avatar\/9ec15fa010fd99c9e11e37948e85beef0a90c7daa64afd7860f1539c39ba9f90?s=96&d=mm&r=g","url":"https:\/\/secure.gravatar.com\/avatar\/9ec15fa010fd99c9e11e37948e85beef0a90c7daa64afd7860f1539c39ba9f90?s=96&d=mm&r=g","contentUrl":"https:\/\/secure.gravatar.com\/avatar\/9ec15fa010fd99c9e11e37948e85beef0a90c7daa64afd7860f1539c39ba9f90?s=96&d=mm&r=g","caption":"Cristian Pinzon"}}]}},"_links":{"self":[{"href":"https:\/\/futbolhoy.co\/index.php\/wp-json\/wp\/v2\/posts\/134688","targetHints":{"allow":["GET"]}}],"collection":[{"href":"https:\/\/futbolhoy.co\/index.php\/wp-json\/wp\/v2\/posts"}],"about":[{"href":"https:\/\/futbolhoy.co\/index.php\/wp-json\/wp\/v2\/types\/post"}],"author":[{"embeddable":true,"href":"https:\/\/futbolhoy.co\/index.php\/wp-json\/wp\/v2\/users\/16"}],"replies":[{"embeddable":true,"href":"https:\/\/futbolhoy.co\/index.php\/wp-json\/wp\/v2\/comments?post=134688"}],"version-history":[{"count":1,"href":"https:\/\/futbolhoy.co\/index.php\/wp-json\/wp\/v2\/posts\/134688\/revisions"}],"predecessor-version":[{"id":134690,"href":"https:\/\/futbolhoy.co\/index.php\/wp-json\/wp\/v2\/posts\/134688\/revisions\/134690"}],"wp:featuredmedia":[{"embeddable":true,"href":"https:\/\/futbolhoy.co\/index.php\/wp-json\/wp\/v2\/media\/134689"}],"wp:attachment":[{"href":"https:\/\/futbolhoy.co\/index.php\/wp-json\/wp\/v2\/media?parent=134688"}],"wp:term":[{"taxonomy":"category","embeddable":true,"href":"https:\/\/futbolhoy.co\/index.php\/wp-json\/wp\/v2\/categories?post=134688"},{"taxonomy":"post_tag","embeddable":true,"href":"https:\/\/futbolhoy.co\/index.php\/wp-json\/wp\/v2\/tags?post=134688"}],"curies":[{"name":"wp","href":"https:\/\/api.w.org\/{rel}","templated":true}]}}