{"id":134691,"date":"2026-09-03T17:42:02","date_gmt":"2026-09-03T22:42:02","guid":{"rendered":"https:\/\/futbolhoy.co\/?p=134691"},"modified":"2026-09-03T17:42:02","modified_gmt":"2026-09-03T22:42:02","slug":"sanciones-de-dimayor-contra-santa-fe-y-america-por-batalla-campal-en-el-campin","status":"publish","type":"post","link":"https:\/\/futbolhoy.co\/index.php\/2026\/09\/03\/sanciones-de-dimayor-contra-santa-fe-y-america-por-batalla-campal-en-el-campin\/","title":{"rendered":"Sanciones de DIMAYOR contra Santa Fe y Am\u00e9rica por batalla campal en El Camp\u00edn"},"content":{"rendered":"<p style=\"text-align: justify;\"><span style=\"font-family: helvetica, arial, sans-serif;\">La <strong>DIMAYOR<\/strong> anunci\u00f3 este 3 de septiembre las <strong>sanciones contra Independiente Santa Fe y Am\u00e9rica de Cali<\/strong>, luego de la batalla campal ocurrida en el Estadio El Camp\u00edn entre los aficionados de ambas barras.\u00a0<\/span><\/p>\n<p style=\"text-align: justify;\"><span style=\"font-family: helvetica, arial, sans-serif;\">Como era de esperarse, el cuadro cardenal tuvo el castigo m\u00e1s severo, debido a que oficiaba como local y suya es la responsabilidad en cuanto a seguridad y log\u00edstica. En este orden de ideas, el Le\u00f3n tiene <strong>suspensi\u00f3n total de la plaza por las pr\u00f3ximas dos jornadas<\/strong>, adem\u00e1s de una <strong>multa de 15.758.145 pesos<\/strong>. As\u00ed pues, no habr\u00e1 hinchas en los duelos ligueros ante<strong> Fortaleza y Deportes Tolima<\/strong>.<\/span><\/p>\n<p style=\"text-align: justify;\"><span style=\"font-family: helvetica, arial, sans-serif;\">Entretanto, al Am\u00e9rica se le aplic\u00f3 <strong>suspensi\u00f3n total de su plaza (Pascual Guerrero) por una fecha<\/strong> y multa econ\u00f3mica de <strong>14.007.240 pesos<\/strong>. En este orden de ideas, no podr\u00e1 contar con aficionados en el partido frente al <strong>Deportivo Pasto<\/strong>.<\/span><\/p>\n<p style=\"text-align: justify;\"><span style=\"font-family: helvetica, arial, sans-serif;\">Vale recordar que este castigo de DIMAYOR se suma al aplicado por la\u00a0<b>Comisi\u00f3n Local del F\u00fatbol de Bogot\u00e1<\/b>, que decidi\u00f3 impedir el ingreso de hinchas santafere\u00f1os a las tribunas norte y sur por lo que resta de la temporada 2026.<\/span><\/p>\n<p>&nbsp;<\/p>\n","protected":false},"excerpt":{"rendered":"<p>La DIMAYOR anunci\u00f3 este 3 de septiembre las sanciones contra Independiente Santa Fe y Am\u00e9rica de Cali, luego de la batalla campal ocurrida en el Estadio El Camp\u00edn entre los aficionados de ambas barras.\u00a0 Como era de esperarse, el cuadro cardenal tuvo el castigo m\u00e1s severo, debido a que oficiaba como local y suya es [&hellip;]<\/p>\n","protected":false},"author":18,"featured_media":134692,"comment_status":"closed","ping_status":"closed","sticky":false,"template":"","format":"standard","meta":{"_acf_changed":false,"footnotes":""},"categories":[5],"tags":[],"class_list":["post-134691","post","type-post","status-publish","format-standard","has-post-thumbnail","category-destacados"],"acf":[],"yoast_head":"<!-- This site is optimized with the Yoast SEO plugin v28.4 - https:\/\/yoast.com\/product\/yoast-seo-wordpress\/ -->\n<title>Sanciones de DIMAYOR contra Santa Fe y Am\u00e9rica por batalla campal en El Camp\u00edn -<\/title>\n<meta name=\"robots\" content=\"index, follow, max-snippet:-1, max-image-preview:large, max-video-preview:-1\" \/>\n<link rel=\"canonical\" href=\"https:\/\/futbolhoy.co\/index.php\/2026\/09\/03\/sanciones-de-dimayor-contra-santa-fe-y-america-por-batalla-campal-en-el-campin\/\" \/>\n<meta property=\"og:locale\" content=\"es_ES\" \/>\n<meta property=\"og:type\" content=\"article\" \/>\n<meta property=\"og:title\" content=\"Sanciones de DIMAYOR contra Santa Fe y Am\u00e9rica por batalla campal en El Camp\u00edn -\" \/>\n<meta property=\"og:description\" content=\"La DIMAYOR anunci\u00f3 este 3 de septiembre las sanciones contra Independiente Santa Fe y Am\u00e9rica de Cali, luego de la batalla campal ocurrida en el Estadio El Camp\u00edn entre los aficionados de ambas barras.\u00a0 Como era de esperarse, el cuadro cardenal tuvo el castigo m\u00e1s severo, debido a que oficiaba como local y suya es [&hellip;]\" \/>\n<meta property=\"og:url\" content=\"https:\/\/futbolhoy.co\/index.php\/2026\/09\/03\/sanciones-de-dimayor-contra-santa-fe-y-america-por-batalla-campal-en-el-campin\/\" \/>\n<meta property=\"article:publisher\" content=\"https:\/\/www.facebook.com\/FutbolHoyCol\/\" \/>\n<meta property=\"article:published_time\" content=\"2026-09-03T22:42:02+00:00\" \/>\n<meta property=\"og:image\" content=\"https:\/\/futbolhoy.co\/wp-content\/uploads\/2026\/09\/image.png\" \/>\n\t<meta property=\"og:image:width\" content=\"1279\" \/>\n\t<meta property=\"og:image:height\" content=\"673\" \/>\n\t<meta property=\"og:image:type\" content=\"image\/png\" \/>\n<meta name=\"author\" content=\"Christian Felipe Amezquita Ortiz\" \/>\n<meta name=\"twitter:card\" content=\"summary_large_image\" \/>\n<meta name=\"twitter:creator\" content=\"@FutbolHoyCol\" \/>\n<meta name=\"twitter:site\" content=\"@FutbolHoyCol\" \/>\n<meta name=\"twitter:label1\" content=\"Escrito por\" \/>\n\t<meta name=\"twitter:data1\" content=\"Christian Felipe Amezquita Ortiz\" \/>\n\t<meta name=\"twitter:label2\" content=\"Tiempo de lectura\" \/>\n\t<meta name=\"twitter:data2\" content=\"1 minuto\" \/>\n<script type=\"application\/ld+json\" class=\"yoast-schema-graph\">{\"@context\":\"https:\\\/\\\/schema.org\",\"@graph\":[{\"@type\":\"Article\",\"@id\":\"https:\\\/\\\/futbolhoy.co\\\/index.php\\\/2026\\\/09\\\/03\\\/sanciones-de-dimayor-contra-santa-fe-y-america-por-batalla-campal-en-el-campin\\\/#article\",\"isPartOf\":{\"@id\":\"https:\\\/\\\/futbolhoy.co\\\/index.php\\\/2026\\\/09\\\/03\\\/sanciones-de-dimayor-contra-santa-fe-y-america-por-batalla-campal-en-el-campin\\\/\"},\"author\":{\"name\":\"Christian Felipe Amezquita Ortiz\",\"@id\":\"https:\\\/\\\/futbolhoy.co\\\/#\\\/schema\\\/person\\\/fd6655d9c96e8d0be987c569dbef4401\"},\"headline\":\"Sanciones de DIMAYOR contra Santa Fe y Am\u00e9rica por batalla campal en El Camp\u00edn\",\"datePublished\":\"2026-09-03T22:42:02+00:00\",\"mainEntityOfPage\":{\"@id\":\"https:\\\/\\\/futbolhoy.co\\\/index.php\\\/2026\\\/09\\\/03\\\/sanciones-de-dimayor-contra-santa-fe-y-america-por-batalla-campal-en-el-campin\\\/\"},\"wordCount\":209,\"image\":{\"@id\":\"https:\\\/\\\/futbolhoy.co\\\/index.php\\\/2026\\\/09\\\/03\\\/sanciones-de-dimayor-contra-santa-fe-y-america-por-batalla-campal-en-el-campin\\\/#primaryimage\"},\"thumbnailUrl\":\"https:\\\/\\\/futbolhoy.co\\\/wp-content\\\/uploads\\\/2026\\\/09\\\/image.png\",\"articleSection\":[\"Destacados\"],\"inLanguage\":\"es\"},{\"@type\":\"WebPage\",\"@id\":\"https:\\\/\\\/futbolhoy.co\\\/index.php\\\/2026\\\/09\\\/03\\\/sanciones-de-dimayor-contra-santa-fe-y-america-por-batalla-campal-en-el-campin\\\/\",\"url\":\"https:\\\/\\\/futbolhoy.co\\\/index.php\\\/2026\\\/09\\\/03\\\/sanciones-de-dimayor-contra-santa-fe-y-america-por-batalla-campal-en-el-campin\\\/\",\"name\":\"Sanciones de DIMAYOR contra Santa Fe y Am\u00e9rica por batalla campal en El Camp\u00edn -\",\"isPartOf\":{\"@id\":\"https:\\\/\\\/futbolhoy.co\\\/#website\"},\"primaryImageOfPage\":{\"@id\":\"https:\\\/\\\/futbolhoy.co\\\/index.php\\\/2026\\\/09\\\/03\\\/sanciones-de-dimayor-contra-santa-fe-y-america-por-batalla-campal-en-el-campin\\\/#primaryimage\"},\"image\":{\"@id\":\"https:\\\/\\\/futbolhoy.co\\\/index.php\\\/2026\\\/09\\\/03\\\/sanciones-de-dimayor-contra-santa-fe-y-america-por-batalla-campal-en-el-campin\\\/#primaryimage\"},\"thumbnailUrl\":\"https:\\\/\\\/futbolhoy.co\\\/wp-content\\\/uploads\\\/2026\\\/09\\\/image.png\",\"datePublished\":\"2026-09-03T22:42:02+00:00\",\"author\":{\"@id\":\"https:\\\/\\\/futbolhoy.co\\\/#\\\/schema\\\/person\\\/fd6655d9c96e8d0be987c569dbef4401\"},\"breadcrumb\":{\"@id\":\"https:\\\/\\\/futbolhoy.co\\\/index.php\\\/2026\\\/09\\\/03\\\/sanciones-de-dimayor-contra-santa-fe-y-america-por-batalla-campal-en-el-campin\\\/#breadcrumb\"},\"inLanguage\":\"es\",\"potentialAction\":[{\"@type\":\"ReadAction\",\"target\":[\"https:\\\/\\\/futbolhoy.co\\\/index.php\\\/2026\\\/09\\\/03\\\/sanciones-de-dimayor-contra-santa-fe-y-america-por-batalla-campal-en-el-campin\\\/\"]}]},{\"@type\":\"ImageObject\",\"inLanguage\":\"es\",\"@id\":\"https:\\\/\\\/futbolhoy.co\\\/index.php\\\/2026\\\/09\\\/03\\\/sanciones-de-dimayor-contra-santa-fe-y-america-por-batalla-campal-en-el-campin\\\/#primaryimage\",\"url\":\"https:\\\/\\\/futbolhoy.co\\\/wp-content\\\/uploads\\\/2026\\\/09\\\/image.png\",\"contentUrl\":\"https:\\\/\\\/futbolhoy.co\\\/wp-content\\\/uploads\\\/2026\\\/09\\\/image.png\",\"width\":1279,\"height\":673},{\"@type\":\"BreadcrumbList\",\"@id\":\"https:\\\/\\\/futbolhoy.co\\\/index.php\\\/2026\\\/09\\\/03\\\/sanciones-de-dimayor-contra-santa-fe-y-america-por-batalla-campal-en-el-campin\\\/#breadcrumb\",\"itemListElement\":[{\"@type\":\"ListItem\",\"position\":1,\"name\":\"Portada\",\"item\":\"https:\\\/\\\/futbolhoy.co\\\/\"},{\"@type\":\"ListItem\",\"position\":2,\"name\":\"Sanciones de DIMAYOR contra Santa Fe y Am\u00e9rica por batalla campal en El Camp\u00edn\"}]},{\"@type\":\"WebSite\",\"@id\":\"https:\\\/\\\/futbolhoy.co\\\/#website\",\"url\":\"https:\\\/\\\/futbolhoy.co\\\/\",\"name\":\"FutbolHoy\",\"description\":\"\",\"potentialAction\":[{\"@type\":\"SearchAction\",\"target\":{\"@type\":\"EntryPoint\",\"urlTemplate\":\"https:\\\/\\\/futbolhoy.co\\\/?s={search_term_string}\"},\"query-input\":{\"@type\":\"PropertyValueSpecification\",\"valueRequired\":true,\"valueName\":\"search_term_string\"}}],\"inLanguage\":\"es\"},{\"@type\":\"Person\",\"@id\":\"https:\\\/\\\/futbolhoy.co\\\/#\\\/schema\\\/person\\\/fd6655d9c96e8d0be987c569dbef4401\",\"name\":\"Christian Felipe Amezquita Ortiz\",\"image\":{\"@type\":\"ImageObject\",\"inLanguage\":\"es\",\"@id\":\"https:\\\/\\\/secure.gravatar.com\\\/avatar\\\/6a1b9e57b97fa86c2c4e887dcc49d71ff8b05649dac810809466547eb33825f4?s=96&d=mm&r=g\",\"url\":\"https:\\\/\\\/secure.gravatar.com\\\/avatar\\\/6a1b9e57b97fa86c2c4e887dcc49d71ff8b05649dac810809466547eb33825f4?s=96&d=mm&r=g\",\"contentUrl\":\"https:\\\/\\\/secure.gravatar.com\\\/avatar\\\/6a1b9e57b97fa86c2c4e887dcc49d71ff8b05649dac810809466547eb33825f4?s=96&d=mm&r=g\",\"caption\":\"Christian Felipe Amezquita Ortiz\"}}]}<\/script>\n<!-- \/ Yoast SEO plugin. -->","yoast_head_json":{"title":"Sanciones de DIMAYOR contra Santa Fe y Am\u00e9rica por batalla campal en El Camp\u00edn -","robots":{"index":"index","follow":"follow","max-snippet":"max-snippet:-1","max-image-preview":"max-image-preview:large","max-video-preview":"max-video-preview:-1"},"canonical":"https:\/\/futbolhoy.co\/index.php\/2026\/09\/03\/sanciones-de-dimayor-contra-santa-fe-y-america-por-batalla-campal-en-el-campin\/","og_locale":"es_ES","og_type":"article","og_title":"Sanciones de DIMAYOR contra Santa Fe y Am\u00e9rica por batalla campal en El Camp\u00edn -","og_description":"La DIMAYOR anunci\u00f3 este 3 de septiembre las sanciones contra Independiente Santa Fe y Am\u00e9rica de Cali, luego de la batalla campal ocurrida en el Estadio El Camp\u00edn entre los aficionados de ambas barras.\u00a0 Como era de esperarse, el cuadro cardenal tuvo el castigo m\u00e1s severo, debido a que oficiaba como local y suya es [&hellip;]","og_url":"https:\/\/futbolhoy.co\/index.php\/2026\/09\/03\/sanciones-de-dimayor-contra-santa-fe-y-america-por-batalla-campal-en-el-campin\/","article_publisher":"https:\/\/www.facebook.com\/FutbolHoyCol\/","article_published_time":"2026-09-03T22:42:02+00:00","og_image":[{"width":1279,"height":673,"url":"https:\/\/futbolhoy.co\/wp-content\/uploads\/2026\/09\/image.png","type":"image\/png"}],"author":"Christian Felipe Amezquita Ortiz","twitter_card":"summary_large_image","twitter_creator":"@FutbolHoyCol","twitter_site":"@FutbolHoyCol","twitter_misc":{"Escrito por":"Christian Felipe Amezquita Ortiz","Tiempo de lectura":"1 minuto"},"schema":{"@context":"https:\/\/schema.org","@graph":[{"@type":"Article","@id":"https:\/\/futbolhoy.co\/index.php\/2026\/09\/03\/sanciones-de-dimayor-contra-santa-fe-y-america-por-batalla-campal-en-el-campin\/#article","isPartOf":{"@id":"https:\/\/futbolhoy.co\/index.php\/2026\/09\/03\/sanciones-de-dimayor-contra-santa-fe-y-america-por-batalla-campal-en-el-campin\/"},"author":{"name":"Christian Felipe Amezquita Ortiz","@id":"https:\/\/futbolhoy.co\/#\/schema\/person\/fd6655d9c96e8d0be987c569dbef4401"},"headline":"Sanciones de DIMAYOR contra Santa Fe y Am\u00e9rica por batalla campal en El Camp\u00edn","datePublished":"2026-09-03T22:42:02+00:00","mainEntityOfPage":{"@id":"https:\/\/futbolhoy.co\/index.php\/2026\/09\/03\/sanciones-de-dimayor-contra-santa-fe-y-america-por-batalla-campal-en-el-campin\/"},"wordCount":209,"image":{"@id":"https:\/\/futbolhoy.co\/index.php\/2026\/09\/03\/sanciones-de-dimayor-contra-santa-fe-y-america-por-batalla-campal-en-el-campin\/#primaryimage"},"thumbnailUrl":"https:\/\/futbolhoy.co\/wp-content\/uploads\/2026\/09\/image.png","articleSection":["Destacados"],"inLanguage":"es"},{"@type":"WebPage","@id":"https:\/\/futbolhoy.co\/index.php\/2026\/09\/03\/sanciones-de-dimayor-contra-santa-fe-y-america-por-batalla-campal-en-el-campin\/","url":"https:\/\/futbolhoy.co\/index.php\/2026\/09\/03\/sanciones-de-dimayor-contra-santa-fe-y-america-por-batalla-campal-en-el-campin\/","name":"Sanciones de DIMAYOR contra Santa Fe y Am\u00e9rica por batalla campal en El Camp\u00edn -","isPartOf":{"@id":"https:\/\/futbolhoy.co\/#website"},"primaryImageOfPage":{"@id":"https:\/\/futbolhoy.co\/index.php\/2026\/09\/03\/sanciones-de-dimayor-contra-santa-fe-y-america-por-batalla-campal-en-el-campin\/#primaryimage"},"image":{"@id":"https:\/\/futbolhoy.co\/index.php\/2026\/09\/03\/sanciones-de-dimayor-contra-santa-fe-y-america-por-batalla-campal-en-el-campin\/#primaryimage"},"thumbnailUrl":"https:\/\/futbolhoy.co\/wp-content\/uploads\/2026\/09\/image.png","datePublished":"2026-09-03T22:42:02+00:00","author":{"@id":"https:\/\/futbolhoy.co\/#\/schema\/person\/fd6655d9c96e8d0be987c569dbef4401"},"breadcrumb":{"@id":"https:\/\/futbolhoy.co\/index.php\/2026\/09\/03\/sanciones-de-dimayor-contra-santa-fe-y-america-por-batalla-campal-en-el-campin\/#breadcrumb"},"inLanguage":"es","potentialAction":[{"@type":"ReadAction","target":["https:\/\/futbolhoy.co\/index.php\/2026\/09\/03\/sanciones-de-dimayor-contra-santa-fe-y-america-por-batalla-campal-en-el-campin\/"]}]},{"@type":"ImageObject","inLanguage":"es","@id":"https:\/\/futbolhoy.co\/index.php\/2026\/09\/03\/sanciones-de-dimayor-contra-santa-fe-y-america-por-batalla-campal-en-el-campin\/#primaryimage","url":"https:\/\/futbolhoy.co\/wp-content\/uploads\/2026\/09\/image.png","contentUrl":"https:\/\/futbolhoy.co\/wp-content\/uploads\/2026\/09\/image.png","width":1279,"height":673},{"@type":"BreadcrumbList","@id":"https:\/\/futbolhoy.co\/index.php\/2026\/09\/03\/sanciones-de-dimayor-contra-santa-fe-y-america-por-batalla-campal-en-el-campin\/#breadcrumb","itemListElement":[{"@type":"ListItem","position":1,"name":"Portada","item":"https:\/\/futbolhoy.co\/"},{"@type":"ListItem","position":2,"name":"Sanciones de DIMAYOR contra Santa Fe y Am\u00e9rica por batalla campal en El Camp\u00edn"}]},{"@type":"WebSite","@id":"https:\/\/futbolhoy.co\/#website","url":"https:\/\/futbolhoy.co\/","name":"FutbolHoy","description":"","potentialAction":[{"@type":"SearchAction","target":{"@type":"EntryPoint","urlTemplate":"https:\/\/futbolhoy.co\/?s={search_term_string}"},"query-input":{"@type":"PropertyValueSpecification","valueRequired":true,"valueName":"search_term_string"}}],"inLanguage":"es"},{"@type":"Person","@id":"https:\/\/futbolhoy.co\/#\/schema\/person\/fd6655d9c96e8d0be987c569dbef4401","name":"Christian Felipe Amezquita Ortiz","image":{"@type":"ImageObject","inLanguage":"es","@id":"https:\/\/secure.gravatar.com\/avatar\/6a1b9e57b97fa86c2c4e887dcc49d71ff8b05649dac810809466547eb33825f4?s=96&d=mm&r=g","url":"https:\/\/secure.gravatar.com\/avatar\/6a1b9e57b97fa86c2c4e887dcc49d71ff8b05649dac810809466547eb33825f4?s=96&d=mm&r=g","contentUrl":"https:\/\/secure.gravatar.com\/avatar\/6a1b9e57b97fa86c2c4e887dcc49d71ff8b05649dac810809466547eb33825f4?s=96&d=mm&r=g","caption":"Christian Felipe Amezquita Ortiz"}}]}},"_links":{"self":[{"href":"https:\/\/futbolhoy.co\/index.php\/wp-json\/wp\/v2\/posts\/134691","targetHints":{"allow":["GET"]}}],"collection":[{"href":"https:\/\/futbolhoy.co\/index.php\/wp-json\/wp\/v2\/posts"}],"about":[{"href":"https:\/\/futbolhoy.co\/index.php\/wp-json\/wp\/v2\/types\/post"}],"author":[{"embeddable":true,"href":"https:\/\/futbolhoy.co\/index.php\/wp-json\/wp\/v2\/users\/18"}],"replies":[{"embeddable":true,"href":"https:\/\/futbolhoy.co\/index.php\/wp-json\/wp\/v2\/comments?post=134691"}],"version-history":[{"count":1,"href":"https:\/\/futbolhoy.co\/index.php\/wp-json\/wp\/v2\/posts\/134691\/revisions"}],"predecessor-version":[{"id":134693,"href":"https:\/\/futbolhoy.co\/index.php\/wp-json\/wp\/v2\/posts\/134691\/revisions\/134693"}],"wp:featuredmedia":[{"embeddable":true,"href":"https:\/\/futbolhoy.co\/index.php\/wp-json\/wp\/v2\/media\/134692"}],"wp:attachment":[{"href":"https:\/\/futbolhoy.co\/index.php\/wp-json\/wp\/v2\/media?parent=134691"}],"wp:term":[{"taxonomy":"category","embeddable":true,"href":"https:\/\/futbolhoy.co\/index.php\/wp-json\/wp\/v2\/categories?post=134691"},{"taxonomy":"post_tag","embeddable":true,"href":"https:\/\/futbolhoy.co\/index.php\/wp-json\/wp\/v2\/tags?post=134691"}],"curies":[{"name":"wp","href":"https:\/\/api.w.org\/{rel}","templated":true}]}}