{"id":134723,"date":"2026-09-04T16:45:59","date_gmt":"2026-09-04T21:45:59","guid":{"rendered":"https:\/\/futbolhoy.co\/?p=134723"},"modified":"2026-09-04T16:45:59","modified_gmt":"2026-09-04T21:45:59","slug":"el-betis-de-cucho-hernandez-y-deossa-le-quita-el-invicto-al-real-madrid-en-laliga","status":"publish","type":"post","link":"https:\/\/futbolhoy.co\/index.php\/2026\/09\/04\/el-betis-de-cucho-hernandez-y-deossa-le-quita-el-invicto-al-real-madrid-en-laliga\/","title":{"rendered":"El Betis de Cucho Hern\u00e1ndez y Deossa le quita el invicto al Real Madrid en LaLiga"},"content":{"rendered":"<p style=\"text-align: justify;\"><span style=\"font-family: helvetica, arial, sans-serif;\">El <strong>Betis<\/strong> le ha infligido este viernes al <strong>Real Madrid<\/strong> su <strong>primera derrota del curso<\/strong> en un encuentro en el que las mejores ocasiones fueron visitantes pero el oportunismo del irland\u00e9s <strong>Troy Parrott<\/strong>, autor del \u00fanico gol de la noche, y el <strong>penalti que le detuvo Valles a Mbapp\u00e9<\/strong> en el descuento decantaron el duelo.<\/span><\/p>\n<p><span style=\"font-family: helvetica, arial, sans-serif;\">A pesar de la presi\u00f3n muy adelantada del <strong>Betis<\/strong> en el arranque, el <strong>Real Madrid<\/strong> domin\u00f3 los primeros minutos, en los que puso cerco al \u00e1rea de <strong>Valles<\/strong>, inspirado para desviar un remate a bocajarro de <strong>Huijsen<\/strong> (min. 11) y afortunado cuando <strong>Vinicius<\/strong> estrell\u00f3 en el poste un remate a puerta vac\u00eda pero con poco \u00e1ngulo (min. 15).<\/span><\/p>\n<p><span style=\"font-family: helvetica, arial, sans-serif;\">Los locales crecieron en el tramo central del primer periodo a trav\u00e9s del bal\u00f3n, cuando <strong>Isco<\/strong> retras\u00f3 unos metros su posici\u00f3n y pudo conectar con <strong>Antony<\/strong>, el m\u00e1s inspirado de sus compa\u00f1eros, quien sirvi\u00f3 a <strong>Cucho Hern\u00e1ndez<\/strong> tras un control acrob\u00e1tico y el remate del colombiano, sin dejar caer el bal\u00f3n, sali\u00f3 cerca del palo (min. 22).<\/span><\/p>\n<p><span style=\"font-family: helvetica, arial, sans-serif;\">La oportunidad m\u00e1s clara del primer tiempo fue un doble remate de <strong>Mbapp\u00e9<\/strong> tras un fulgurante contragolpe armado por<strong> G\u00fcler, Bellingham y Vinicius<\/strong>, quien cedi\u00f3 un pase de la muerte al franc\u00e9s, cuyo primer remate salv\u00f3 <strong>Natan<\/strong> bajo los palos y el segundo, tras ganar el rebote, lo despej\u00f3 Bartra con el pecho sobre la raya de gol.<\/span><\/p>\n<p><span style=\"font-family: helvetica, arial, sans-serif;\">El segundo periodo estuvo m\u00e1s equilibrado, en parte porque los centrocampistas del <strong>Real Madrid<\/strong> acusaron la fatiga, asfixiados por la alt\u00edsima temporada del verano sevillano, y tambi\u00e9n porque los cambios introducidos por <strong>Manuel Pellegrini<\/strong> dieron frescura a los locales, que sal\u00edan de su parcela gracias al juego de espaldas de <strong>Troy Parrott<\/strong>.<\/span><\/p>\n<p><span style=\"font-family: helvetica, arial, sans-serif;\">Al ariete irland\u00e9s, el fichaje m\u00e1s caro de los b\u00e9ticos este verano, lo precede una fama de goleador que demostr\u00f3 en su tercer partido, cuando empuj\u00f3 a la red muy atento el despeje corto de <strong>Courtois<\/strong> tras un cabezazo de <strong>Deossa<\/strong>, imperial en el salto, a la salida de un c\u00f3rner.<\/span><\/p>\n<p><span style=\"font-family: helvetica, arial, sans-serif;\">El<strong> Real Madrid<\/strong> roz\u00f3 el empate dos veces en el descuento: con el golazo de <strong>Carlos Esp\u00ed<\/strong> anulado por un fuera de juego previo y con un penalti de <strong>Natan<\/strong> sobre <strong>Vinicius<\/strong> que <strong>Mbapp\u00e9<\/strong> ejecut\u00f3 con escasa fuerza a la derecha de <strong>Valles<\/strong>, que complet\u00f3 una actuaci\u00f3n inolvidable desviando el disparo del franc\u00e9s.<\/span><\/p>\n","protected":false},"excerpt":{"rendered":"<p>El Betis le ha infligido este viernes al Real Madrid su primera derrota del curso en un encuentro en el que las mejores ocasiones fueron visitantes pero el oportunismo del irland\u00e9s Troy Parrott, autor del \u00fanico gol de la noche, y el penalti que le detuvo Valles a Mbapp\u00e9 en el descuento decantaron el duelo. [&hellip;]<\/p>\n","protected":false},"author":18,"featured_media":134724,"comment_status":"closed","ping_status":"closed","sticky":false,"template":"","format":"standard","meta":{"_acf_changed":false,"footnotes":""},"categories":[5],"tags":[],"class_list":["post-134723","post","type-post","status-publish","format-standard","has-post-thumbnail","category-destacados"],"acf":[],"yoast_head":"<!-- This site is optimized with the Yoast SEO plugin v28.4 - https:\/\/yoast.com\/product\/yoast-seo-wordpress\/ -->\n<title>El Betis de Cucho Hern\u00e1ndez y Deossa le quita el invicto al Real Madrid en LaLiga -<\/title>\n<meta name=\"robots\" content=\"index, follow, max-snippet:-1, max-image-preview:large, max-video-preview:-1\" \/>\n<link rel=\"canonical\" href=\"https:\/\/futbolhoy.co\/index.php\/2026\/09\/04\/el-betis-de-cucho-hernandez-y-deossa-le-quita-el-invicto-al-real-madrid-en-laliga\/\" \/>\n<meta property=\"og:locale\" content=\"es_ES\" \/>\n<meta property=\"og:type\" content=\"article\" \/>\n<meta property=\"og:title\" content=\"El Betis de Cucho Hern\u00e1ndez y Deossa le quita el invicto al Real Madrid en LaLiga -\" \/>\n<meta property=\"og:description\" content=\"El Betis le ha infligido este viernes al Real Madrid su primera derrota del curso en un encuentro en el que las mejores ocasiones fueron visitantes pero el oportunismo del irland\u00e9s Troy Parrott, autor del \u00fanico gol de la noche, y el penalti que le detuvo Valles a Mbapp\u00e9 en el descuento decantaron el duelo. [&hellip;]\" \/>\n<meta property=\"og:url\" content=\"https:\/\/futbolhoy.co\/index.php\/2026\/09\/04\/el-betis-de-cucho-hernandez-y-deossa-le-quita-el-invicto-al-real-madrid-en-laliga\/\" \/>\n<meta property=\"article:publisher\" content=\"https:\/\/www.facebook.com\/FutbolHoyCol\/\" \/>\n<meta property=\"article:published_time\" content=\"2026-09-04T21:45:59+00:00\" \/>\n<meta property=\"og:image\" content=\"https:\/\/futbolhoy.co\/wp-content\/uploads\/2026\/09\/HRZw0r8bIAAavXd.jpg\" \/>\n\t<meta property=\"og:image:width\" content=\"1680\" \/>\n\t<meta property=\"og:image:height\" content=\"1121\" \/>\n\t<meta property=\"og:image:type\" content=\"image\/jpeg\" \/>\n<meta name=\"author\" content=\"Christian Felipe Amezquita Ortiz\" \/>\n<meta name=\"twitter:card\" content=\"summary_large_image\" \/>\n<meta name=\"twitter:creator\" content=\"@FutbolHoyCol\" \/>\n<meta name=\"twitter:site\" content=\"@FutbolHoyCol\" \/>\n<meta name=\"twitter:label1\" content=\"Escrito por\" \/>\n\t<meta name=\"twitter:data1\" content=\"Christian Felipe Amezquita Ortiz\" \/>\n\t<meta name=\"twitter:label2\" content=\"Tiempo de lectura\" \/>\n\t<meta name=\"twitter:data2\" content=\"2 minutos\" \/>\n<script type=\"application\/ld+json\" class=\"yoast-schema-graph\">{\"@context\":\"https:\\\/\\\/schema.org\",\"@graph\":[{\"@type\":\"Article\",\"@id\":\"https:\\\/\\\/futbolhoy.co\\\/index.php\\\/2026\\\/09\\\/04\\\/el-betis-de-cucho-hernandez-y-deossa-le-quita-el-invicto-al-real-madrid-en-laliga\\\/#article\",\"isPartOf\":{\"@id\":\"https:\\\/\\\/futbolhoy.co\\\/index.php\\\/2026\\\/09\\\/04\\\/el-betis-de-cucho-hernandez-y-deossa-le-quita-el-invicto-al-real-madrid-en-laliga\\\/\"},\"author\":{\"name\":\"Christian Felipe Amezquita Ortiz\",\"@id\":\"https:\\\/\\\/futbolhoy.co\\\/#\\\/schema\\\/person\\\/fd6655d9c96e8d0be987c569dbef4401\"},\"headline\":\"El Betis de Cucho Hern\u00e1ndez y Deossa le quita el invicto al Real Madrid en LaLiga\",\"datePublished\":\"2026-09-04T21:45:59+00:00\",\"mainEntityOfPage\":{\"@id\":\"https:\\\/\\\/futbolhoy.co\\\/index.php\\\/2026\\\/09\\\/04\\\/el-betis-de-cucho-hernandez-y-deossa-le-quita-el-invicto-al-real-madrid-en-laliga\\\/\"},\"wordCount\":422,\"image\":{\"@id\":\"https:\\\/\\\/futbolhoy.co\\\/index.php\\\/2026\\\/09\\\/04\\\/el-betis-de-cucho-hernandez-y-deossa-le-quita-el-invicto-al-real-madrid-en-laliga\\\/#primaryimage\"},\"thumbnailUrl\":\"https:\\\/\\\/futbolhoy.co\\\/wp-content\\\/uploads\\\/2026\\\/09\\\/HRZw0r8bIAAavXd.jpg\",\"articleSection\":[\"Destacados\"],\"inLanguage\":\"es\"},{\"@type\":\"WebPage\",\"@id\":\"https:\\\/\\\/futbolhoy.co\\\/index.php\\\/2026\\\/09\\\/04\\\/el-betis-de-cucho-hernandez-y-deossa-le-quita-el-invicto-al-real-madrid-en-laliga\\\/\",\"url\":\"https:\\\/\\\/futbolhoy.co\\\/index.php\\\/2026\\\/09\\\/04\\\/el-betis-de-cucho-hernandez-y-deossa-le-quita-el-invicto-al-real-madrid-en-laliga\\\/\",\"name\":\"El Betis de Cucho Hern\u00e1ndez y Deossa le quita el invicto al Real Madrid en LaLiga -\",\"isPartOf\":{\"@id\":\"https:\\\/\\\/futbolhoy.co\\\/#website\"},\"primaryImageOfPage\":{\"@id\":\"https:\\\/\\\/futbolhoy.co\\\/index.php\\\/2026\\\/09\\\/04\\\/el-betis-de-cucho-hernandez-y-deossa-le-quita-el-invicto-al-real-madrid-en-laliga\\\/#primaryimage\"},\"image\":{\"@id\":\"https:\\\/\\\/futbolhoy.co\\\/index.php\\\/2026\\\/09\\\/04\\\/el-betis-de-cucho-hernandez-y-deossa-le-quita-el-invicto-al-real-madrid-en-laliga\\\/#primaryimage\"},\"thumbnailUrl\":\"https:\\\/\\\/futbolhoy.co\\\/wp-content\\\/uploads\\\/2026\\\/09\\\/HRZw0r8bIAAavXd.jpg\",\"datePublished\":\"2026-09-04T21:45:59+00:00\",\"author\":{\"@id\":\"https:\\\/\\\/futbolhoy.co\\\/#\\\/schema\\\/person\\\/fd6655d9c96e8d0be987c569dbef4401\"},\"breadcrumb\":{\"@id\":\"https:\\\/\\\/futbolhoy.co\\\/index.php\\\/2026\\\/09\\\/04\\\/el-betis-de-cucho-hernandez-y-deossa-le-quita-el-invicto-al-real-madrid-en-laliga\\\/#breadcrumb\"},\"inLanguage\":\"es\",\"potentialAction\":[{\"@type\":\"ReadAction\",\"target\":[\"https:\\\/\\\/futbolhoy.co\\\/index.php\\\/2026\\\/09\\\/04\\\/el-betis-de-cucho-hernandez-y-deossa-le-quita-el-invicto-al-real-madrid-en-laliga\\\/\"]}]},{\"@type\":\"ImageObject\",\"inLanguage\":\"es\",\"@id\":\"https:\\\/\\\/futbolhoy.co\\\/index.php\\\/2026\\\/09\\\/04\\\/el-betis-de-cucho-hernandez-y-deossa-le-quita-el-invicto-al-real-madrid-en-laliga\\\/#primaryimage\",\"url\":\"https:\\\/\\\/futbolhoy.co\\\/wp-content\\\/uploads\\\/2026\\\/09\\\/HRZw0r8bIAAavXd.jpg\",\"contentUrl\":\"https:\\\/\\\/futbolhoy.co\\\/wp-content\\\/uploads\\\/2026\\\/09\\\/HRZw0r8bIAAavXd.jpg\",\"width\":1680,\"height\":1121},{\"@type\":\"BreadcrumbList\",\"@id\":\"https:\\\/\\\/futbolhoy.co\\\/index.php\\\/2026\\\/09\\\/04\\\/el-betis-de-cucho-hernandez-y-deossa-le-quita-el-invicto-al-real-madrid-en-laliga\\\/#breadcrumb\",\"itemListElement\":[{\"@type\":\"ListItem\",\"position\":1,\"name\":\"Portada\",\"item\":\"https:\\\/\\\/futbolhoy.co\\\/\"},{\"@type\":\"ListItem\",\"position\":2,\"name\":\"El Betis de Cucho Hern\u00e1ndez y Deossa le quita el invicto al Real Madrid en LaLiga\"}]},{\"@type\":\"WebSite\",\"@id\":\"https:\\\/\\\/futbolhoy.co\\\/#website\",\"url\":\"https:\\\/\\\/futbolhoy.co\\\/\",\"name\":\"FutbolHoy\",\"description\":\"\",\"potentialAction\":[{\"@type\":\"SearchAction\",\"target\":{\"@type\":\"EntryPoint\",\"urlTemplate\":\"https:\\\/\\\/futbolhoy.co\\\/?s={search_term_string}\"},\"query-input\":{\"@type\":\"PropertyValueSpecification\",\"valueRequired\":true,\"valueName\":\"search_term_string\"}}],\"inLanguage\":\"es\"},{\"@type\":\"Person\",\"@id\":\"https:\\\/\\\/futbolhoy.co\\\/#\\\/schema\\\/person\\\/fd6655d9c96e8d0be987c569dbef4401\",\"name\":\"Christian Felipe Amezquita Ortiz\",\"image\":{\"@type\":\"ImageObject\",\"inLanguage\":\"es\",\"@id\":\"https:\\\/\\\/secure.gravatar.com\\\/avatar\\\/6a1b9e57b97fa86c2c4e887dcc49d71ff8b05649dac810809466547eb33825f4?s=96&d=mm&r=g\",\"url\":\"https:\\\/\\\/secure.gravatar.com\\\/avatar\\\/6a1b9e57b97fa86c2c4e887dcc49d71ff8b05649dac810809466547eb33825f4?s=96&d=mm&r=g\",\"contentUrl\":\"https:\\\/\\\/secure.gravatar.com\\\/avatar\\\/6a1b9e57b97fa86c2c4e887dcc49d71ff8b05649dac810809466547eb33825f4?s=96&d=mm&r=g\",\"caption\":\"Christian Felipe Amezquita Ortiz\"}}]}<\/script>\n<!-- \/ Yoast SEO plugin. -->","yoast_head_json":{"title":"El Betis de Cucho Hern\u00e1ndez y Deossa le quita el invicto al Real Madrid en LaLiga -","robots":{"index":"index","follow":"follow","max-snippet":"max-snippet:-1","max-image-preview":"max-image-preview:large","max-video-preview":"max-video-preview:-1"},"canonical":"https:\/\/futbolhoy.co\/index.php\/2026\/09\/04\/el-betis-de-cucho-hernandez-y-deossa-le-quita-el-invicto-al-real-madrid-en-laliga\/","og_locale":"es_ES","og_type":"article","og_title":"El Betis de Cucho Hern\u00e1ndez y Deossa le quita el invicto al Real Madrid en LaLiga -","og_description":"El Betis le ha infligido este viernes al Real Madrid su primera derrota del curso en un encuentro en el que las mejores ocasiones fueron visitantes pero el oportunismo del irland\u00e9s Troy Parrott, autor del \u00fanico gol de la noche, y el penalti que le detuvo Valles a Mbapp\u00e9 en el descuento decantaron el duelo. [&hellip;]","og_url":"https:\/\/futbolhoy.co\/index.php\/2026\/09\/04\/el-betis-de-cucho-hernandez-y-deossa-le-quita-el-invicto-al-real-madrid-en-laliga\/","article_publisher":"https:\/\/www.facebook.com\/FutbolHoyCol\/","article_published_time":"2026-09-04T21:45:59+00:00","og_image":[{"width":1680,"height":1121,"url":"https:\/\/futbolhoy.co\/wp-content\/uploads\/2026\/09\/HRZw0r8bIAAavXd.jpg","type":"image\/jpeg"}],"author":"Christian Felipe Amezquita Ortiz","twitter_card":"summary_large_image","twitter_creator":"@FutbolHoyCol","twitter_site":"@FutbolHoyCol","twitter_misc":{"Escrito por":"Christian Felipe Amezquita Ortiz","Tiempo de lectura":"2 minutos"},"schema":{"@context":"https:\/\/schema.org","@graph":[{"@type":"Article","@id":"https:\/\/futbolhoy.co\/index.php\/2026\/09\/04\/el-betis-de-cucho-hernandez-y-deossa-le-quita-el-invicto-al-real-madrid-en-laliga\/#article","isPartOf":{"@id":"https:\/\/futbolhoy.co\/index.php\/2026\/09\/04\/el-betis-de-cucho-hernandez-y-deossa-le-quita-el-invicto-al-real-madrid-en-laliga\/"},"author":{"name":"Christian Felipe Amezquita Ortiz","@id":"https:\/\/futbolhoy.co\/#\/schema\/person\/fd6655d9c96e8d0be987c569dbef4401"},"headline":"El Betis de Cucho Hern\u00e1ndez y Deossa le quita el invicto al Real Madrid en LaLiga","datePublished":"2026-09-04T21:45:59+00:00","mainEntityOfPage":{"@id":"https:\/\/futbolhoy.co\/index.php\/2026\/09\/04\/el-betis-de-cucho-hernandez-y-deossa-le-quita-el-invicto-al-real-madrid-en-laliga\/"},"wordCount":422,"image":{"@id":"https:\/\/futbolhoy.co\/index.php\/2026\/09\/04\/el-betis-de-cucho-hernandez-y-deossa-le-quita-el-invicto-al-real-madrid-en-laliga\/#primaryimage"},"thumbnailUrl":"https:\/\/futbolhoy.co\/wp-content\/uploads\/2026\/09\/HRZw0r8bIAAavXd.jpg","articleSection":["Destacados"],"inLanguage":"es"},{"@type":"WebPage","@id":"https:\/\/futbolhoy.co\/index.php\/2026\/09\/04\/el-betis-de-cucho-hernandez-y-deossa-le-quita-el-invicto-al-real-madrid-en-laliga\/","url":"https:\/\/futbolhoy.co\/index.php\/2026\/09\/04\/el-betis-de-cucho-hernandez-y-deossa-le-quita-el-invicto-al-real-madrid-en-laliga\/","name":"El Betis de Cucho Hern\u00e1ndez y Deossa le quita el invicto al Real Madrid en LaLiga -","isPartOf":{"@id":"https:\/\/futbolhoy.co\/#website"},"primaryImageOfPage":{"@id":"https:\/\/futbolhoy.co\/index.php\/2026\/09\/04\/el-betis-de-cucho-hernandez-y-deossa-le-quita-el-invicto-al-real-madrid-en-laliga\/#primaryimage"},"image":{"@id":"https:\/\/futbolhoy.co\/index.php\/2026\/09\/04\/el-betis-de-cucho-hernandez-y-deossa-le-quita-el-invicto-al-real-madrid-en-laliga\/#primaryimage"},"thumbnailUrl":"https:\/\/futbolhoy.co\/wp-content\/uploads\/2026\/09\/HRZw0r8bIAAavXd.jpg","datePublished":"2026-09-04T21:45:59+00:00","author":{"@id":"https:\/\/futbolhoy.co\/#\/schema\/person\/fd6655d9c96e8d0be987c569dbef4401"},"breadcrumb":{"@id":"https:\/\/futbolhoy.co\/index.php\/2026\/09\/04\/el-betis-de-cucho-hernandez-y-deossa-le-quita-el-invicto-al-real-madrid-en-laliga\/#breadcrumb"},"inLanguage":"es","potentialAction":[{"@type":"ReadAction","target":["https:\/\/futbolhoy.co\/index.php\/2026\/09\/04\/el-betis-de-cucho-hernandez-y-deossa-le-quita-el-invicto-al-real-madrid-en-laliga\/"]}]},{"@type":"ImageObject","inLanguage":"es","@id":"https:\/\/futbolhoy.co\/index.php\/2026\/09\/04\/el-betis-de-cucho-hernandez-y-deossa-le-quita-el-invicto-al-real-madrid-en-laliga\/#primaryimage","url":"https:\/\/futbolhoy.co\/wp-content\/uploads\/2026\/09\/HRZw0r8bIAAavXd.jpg","contentUrl":"https:\/\/futbolhoy.co\/wp-content\/uploads\/2026\/09\/HRZw0r8bIAAavXd.jpg","width":1680,"height":1121},{"@type":"BreadcrumbList","@id":"https:\/\/futbolhoy.co\/index.php\/2026\/09\/04\/el-betis-de-cucho-hernandez-y-deossa-le-quita-el-invicto-al-real-madrid-en-laliga\/#breadcrumb","itemListElement":[{"@type":"ListItem","position":1,"name":"Portada","item":"https:\/\/futbolhoy.co\/"},{"@type":"ListItem","position":2,"name":"El Betis de Cucho Hern\u00e1ndez y Deossa le quita el invicto al Real Madrid en LaLiga"}]},{"@type":"WebSite","@id":"https:\/\/futbolhoy.co\/#website","url":"https:\/\/futbolhoy.co\/","name":"FutbolHoy","description":"","potentialAction":[{"@type":"SearchAction","target":{"@type":"EntryPoint","urlTemplate":"https:\/\/futbolhoy.co\/?s={search_term_string}"},"query-input":{"@type":"PropertyValueSpecification","valueRequired":true,"valueName":"search_term_string"}}],"inLanguage":"es"},{"@type":"Person","@id":"https:\/\/futbolhoy.co\/#\/schema\/person\/fd6655d9c96e8d0be987c569dbef4401","name":"Christian Felipe Amezquita Ortiz","image":{"@type":"ImageObject","inLanguage":"es","@id":"https:\/\/secure.gravatar.com\/avatar\/6a1b9e57b97fa86c2c4e887dcc49d71ff8b05649dac810809466547eb33825f4?s=96&d=mm&r=g","url":"https:\/\/secure.gravatar.com\/avatar\/6a1b9e57b97fa86c2c4e887dcc49d71ff8b05649dac810809466547eb33825f4?s=96&d=mm&r=g","contentUrl":"https:\/\/secure.gravatar.com\/avatar\/6a1b9e57b97fa86c2c4e887dcc49d71ff8b05649dac810809466547eb33825f4?s=96&d=mm&r=g","caption":"Christian Felipe Amezquita Ortiz"}}]}},"_links":{"self":[{"href":"https:\/\/futbolhoy.co\/index.php\/wp-json\/wp\/v2\/posts\/134723","targetHints":{"allow":["GET"]}}],"collection":[{"href":"https:\/\/futbolhoy.co\/index.php\/wp-json\/wp\/v2\/posts"}],"about":[{"href":"https:\/\/futbolhoy.co\/index.php\/wp-json\/wp\/v2\/types\/post"}],"author":[{"embeddable":true,"href":"https:\/\/futbolhoy.co\/index.php\/wp-json\/wp\/v2\/users\/18"}],"replies":[{"embeddable":true,"href":"https:\/\/futbolhoy.co\/index.php\/wp-json\/wp\/v2\/comments?post=134723"}],"version-history":[{"count":1,"href":"https:\/\/futbolhoy.co\/index.php\/wp-json\/wp\/v2\/posts\/134723\/revisions"}],"predecessor-version":[{"id":134725,"href":"https:\/\/futbolhoy.co\/index.php\/wp-json\/wp\/v2\/posts\/134723\/revisions\/134725"}],"wp:featuredmedia":[{"embeddable":true,"href":"https:\/\/futbolhoy.co\/index.php\/wp-json\/wp\/v2\/media\/134724"}],"wp:attachment":[{"href":"https:\/\/futbolhoy.co\/index.php\/wp-json\/wp\/v2\/media?parent=134723"}],"wp:term":[{"taxonomy":"category","embeddable":true,"href":"https:\/\/futbolhoy.co\/index.php\/wp-json\/wp\/v2\/categories?post=134723"},{"taxonomy":"post_tag","embeddable":true,"href":"https:\/\/futbolhoy.co\/index.php\/wp-json\/wp\/v2\/tags?post=134723"}],"curies":[{"name":"wp","href":"https:\/\/api.w.org\/{rel}","templated":true}]}}