{"id":134746,"date":"2026-09-05T13:53:12","date_gmt":"2026-09-05T18:53:12","guid":{"rendered":"https:\/\/futbolhoy.co\/?p=134746"},"modified":"2026-09-05T13:53:12","modified_gmt":"2026-09-05T18:53:12","slug":"schalke-rompe-impresionante-marca-del-bayern-de-luis-diaz-en-la-bundesliga","status":"publish","type":"post","link":"https:\/\/futbolhoy.co\/index.php\/2026\/09\/05\/schalke-rompe-impresionante-marca-del-bayern-de-luis-diaz-en-la-bundesliga\/","title":{"rendered":"Schalke rompe impresionante marca del Bayern de Luis D\u00edaz en la Bundesliga"},"content":{"rendered":"<p style=\"text-align: justify;\"><span style=\"font-family: helvetica, arial, sans-serif;\">No funcion\u00f3 como suele el <strong>Bayern M\u00fanich<\/strong>, ni tan potente, ni tan clarividente, ni tan contundente en su ataque en el Veltins Arena de Gelsenkirchen, frustrado por <strong>Loris Karius<\/strong>, con dos paradas indispensables, y el <strong>Schalke 04<\/strong> durante su mon\u00f3logo del segundo tiempo, sin goles <strong>ni liderato, del que el cuadro b\u00e1varo se cay\u00f3 despu\u00e9s de 67 jornadas inamovible<\/strong>.<\/span><\/p>\n<p><span style=\"font-family: helvetica, arial, sans-serif;\"><strong>Hab\u00eda sido suyo siempre ese primer puesto. Desde el 1 de septiembre de 2024 no lo bajaba nadie en la<\/strong> <strong>Bundesliga<\/strong>, que maneja con una hegemon\u00eda casi inalterable. Entonces, era segundo igualado a puntos con el Heidenheim. Ahora, es cuarto. Hay tres equipos que suman m\u00e1s que \u00e9l: <strong>el Friburgo, el Borussia Dortmund y el Elversberg, con pleno de seis<\/strong>.<\/span><\/p>\n<p><span style=\"font-family: helvetica, arial, sans-serif;\">Su control del bal\u00f3n fue tan apabullante como ineficaz cuando debi\u00f3 rematar entre los tres palos o dar el \u00faltimo pase. Mientras asoma la Champions, con algunas <strong>rotaciones de Vincent Kompany en determinadas posiciones<\/strong> (por ejemplo, <strong>fueron suplente de inicio Harry Kane o Michael Olise, mientras Luis D\u00edaz fue inicialista<\/strong>), la visita al reci\u00e9n ascendido Schalke 04 exigi\u00f3 un sobreesfuerzo al Bayern, m\u00e1s de lo que preve\u00eda no s\u00f3lo \u00e9l, sino cualquiera en cualquier lugar del mundo. Pero es f\u00fatbol. El empate es una sorpresa. Una fiesta para su oponente.<\/span><\/p>\n<p><span style=\"font-family: helvetica, arial, sans-serif;\">No es para menos, con la dificultad de contener al <strong>Bayern<\/strong> durante todo un partido entero, apoyado en dos paradas salvadoras y magn\u00edfica, una en cada tiempo, de Karius, el portero que qued\u00f3 se\u00f1alado en el pasado por aquellos fallos en la final de la Liga de Campeones del Liverpool contra el Real Madrid. Este s\u00e1bado fren\u00f3 al campe\u00f3n alem\u00e1n.<\/span><\/p>\n<p><span style=\"font-family: helvetica, arial, sans-serif;\">Replegado atr\u00e1s el conjunto de Gelsenkirchen, al que le falt\u00f3 luego frescura para ir m\u00e1s all\u00e1 de su ejercicio defensivo, el <strong>Bayern<\/strong> se movi\u00f3 todo el partido en un laberinto sin salida hacia la porter\u00eda contraria. Cuando ilumin\u00f3 un camino, <strong>Karius<\/strong> vol\u00f3 para negarle el gol en su \u00fanica ocasi\u00f3n en la primera parte, cerrada con s\u00f3lo dos tiros, y, sobre todo, en el disparo final, ya en el 89, de <strong>Harry Kane<\/strong>. Su mano izquierda arriba fue extraordinaria.<\/span><\/p>\n<p style=\"text-align: justify;\"><span style=\"font-family: helvetica, arial, sans-serif;\">El atacante ingl\u00e9s ya calentaba desde el minuto 38. Es su goleador, con <strong>98 tantos en sus registros personales en la Bundesliga<\/strong>. Entr\u00f3 para toda la segunda parte, en sustituci\u00f3n de <strong>Nathaniel Brown<\/strong>, nacido lateral y ahora media punta desde que ha dado el salto al campe\u00f3n de los campeones de Alemania.<\/span><\/p>\n<p><span style=\"font-family: helvetica, arial, sans-serif;\">El Bayern amplific\u00f3 su dominio de la posesi\u00f3n en el segundo tiempo. En el minuto 57, <strong>Kompany<\/strong> ya dio entrada a <strong>Michael Olise y Jamal Musiala<\/strong>, de vuelta tras los dos desmayos causados por una disfunci\u00f3n neurol\u00f3gica en la pretemporada. M\u00e1s recursos contra un duelo que desprend\u00eda una inquietud m\u00e1s que inesperada ya a esas alturas. Se pas\u00f3 a la preocupaci\u00f3n y despu\u00e9s a la frustraci\u00f3n. <strong>El Bayern no es l\u00edder en Alemania.<\/strong><\/span><\/p>\n","protected":false},"excerpt":{"rendered":"<p>No funcion\u00f3 como suele el Bayern M\u00fanich, ni tan potente, ni tan clarividente, ni tan contundente en su ataque en el Veltins Arena de Gelsenkirchen, frustrado por Loris Karius, con dos paradas indispensables, y el Schalke 04 durante su mon\u00f3logo del segundo tiempo, sin goles ni liderato, del que el cuadro b\u00e1varo se cay\u00f3 despu\u00e9s [&hellip;]<\/p>\n","protected":false},"author":18,"featured_media":134747,"comment_status":"closed","ping_status":"closed","sticky":false,"template":"","format":"standard","meta":{"_acf_changed":false,"footnotes":""},"categories":[5],"tags":[],"class_list":["post-134746","post","type-post","status-publish","format-standard","has-post-thumbnail","category-destacados"],"acf":[],"yoast_head":"<!-- This site is optimized with the Yoast SEO plugin v28.4 - https:\/\/yoast.com\/product\/yoast-seo-wordpress\/ -->\n<title>Schalke rompe impresionante marca del Bayern de Luis D\u00edaz en la Bundesliga -<\/title>\n<meta name=\"robots\" content=\"index, follow, max-snippet:-1, max-image-preview:large, max-video-preview:-1\" \/>\n<link rel=\"canonical\" href=\"https:\/\/futbolhoy.co\/index.php\/2026\/09\/05\/schalke-rompe-impresionante-marca-del-bayern-de-luis-diaz-en-la-bundesliga\/\" \/>\n<meta property=\"og:locale\" content=\"es_ES\" \/>\n<meta property=\"og:type\" content=\"article\" \/>\n<meta property=\"og:title\" content=\"Schalke rompe impresionante marca del Bayern de Luis D\u00edaz en la Bundesliga -\" \/>\n<meta property=\"og:description\" content=\"No funcion\u00f3 como suele el Bayern M\u00fanich, ni tan potente, ni tan clarividente, ni tan contundente en su ataque en el Veltins Arena de Gelsenkirchen, frustrado por Loris Karius, con dos paradas indispensables, y el Schalke 04 durante su mon\u00f3logo del segundo tiempo, sin goles ni liderato, del que el cuadro b\u00e1varo se cay\u00f3 despu\u00e9s [&hellip;]\" \/>\n<meta property=\"og:url\" content=\"https:\/\/futbolhoy.co\/index.php\/2026\/09\/05\/schalke-rompe-impresionante-marca-del-bayern-de-luis-diaz-en-la-bundesliga\/\" \/>\n<meta property=\"article:publisher\" content=\"https:\/\/www.facebook.com\/FutbolHoyCol\/\" \/>\n<meta property=\"article:published_time\" content=\"2026-09-05T18:53:12+00:00\" \/>\n<meta property=\"og:image\" content=\"https:\/\/futbolhoy.co\/wp-content\/uploads\/2026\/09\/image-2-1.png\" \/>\n\t<meta property=\"og:image:width\" content=\"1279\" \/>\n\t<meta property=\"og:image:height\" content=\"869\" \/>\n\t<meta property=\"og:image:type\" content=\"image\/png\" \/>\n<meta name=\"author\" content=\"Christian Felipe Amezquita Ortiz\" \/>\n<meta name=\"twitter:card\" content=\"summary_large_image\" \/>\n<meta name=\"twitter:creator\" content=\"@FutbolHoyCol\" \/>\n<meta name=\"twitter:site\" content=\"@FutbolHoyCol\" \/>\n<meta name=\"twitter:label1\" content=\"Escrito por\" \/>\n\t<meta name=\"twitter:data1\" content=\"Christian Felipe Amezquita Ortiz\" \/>\n\t<meta name=\"twitter:label2\" content=\"Tiempo de lectura\" \/>\n\t<meta name=\"twitter:data2\" content=\"3 minutos\" \/>\n<script type=\"application\/ld+json\" class=\"yoast-schema-graph\">{\"@context\":\"https:\\\/\\\/schema.org\",\"@graph\":[{\"@type\":\"Article\",\"@id\":\"https:\\\/\\\/futbolhoy.co\\\/index.php\\\/2026\\\/09\\\/05\\\/schalke-rompe-impresionante-marca-del-bayern-de-luis-diaz-en-la-bundesliga\\\/#article\",\"isPartOf\":{\"@id\":\"https:\\\/\\\/futbolhoy.co\\\/index.php\\\/2026\\\/09\\\/05\\\/schalke-rompe-impresionante-marca-del-bayern-de-luis-diaz-en-la-bundesliga\\\/\"},\"author\":{\"name\":\"Christian Felipe Amezquita Ortiz\",\"@id\":\"https:\\\/\\\/futbolhoy.co\\\/#\\\/schema\\\/person\\\/fd6655d9c96e8d0be987c569dbef4401\"},\"headline\":\"Schalke rompe impresionante marca del Bayern de Luis D\u00edaz en la Bundesliga\",\"datePublished\":\"2026-09-05T18:53:12+00:00\",\"mainEntityOfPage\":{\"@id\":\"https:\\\/\\\/futbolhoy.co\\\/index.php\\\/2026\\\/09\\\/05\\\/schalke-rompe-impresionante-marca-del-bayern-de-luis-diaz-en-la-bundesliga\\\/\"},\"wordCount\":514,\"image\":{\"@id\":\"https:\\\/\\\/futbolhoy.co\\\/index.php\\\/2026\\\/09\\\/05\\\/schalke-rompe-impresionante-marca-del-bayern-de-luis-diaz-en-la-bundesliga\\\/#primaryimage\"},\"thumbnailUrl\":\"https:\\\/\\\/futbolhoy.co\\\/wp-content\\\/uploads\\\/2026\\\/09\\\/image-2-1.png\",\"articleSection\":[\"Destacados\"],\"inLanguage\":\"es\"},{\"@type\":\"WebPage\",\"@id\":\"https:\\\/\\\/futbolhoy.co\\\/index.php\\\/2026\\\/09\\\/05\\\/schalke-rompe-impresionante-marca-del-bayern-de-luis-diaz-en-la-bundesliga\\\/\",\"url\":\"https:\\\/\\\/futbolhoy.co\\\/index.php\\\/2026\\\/09\\\/05\\\/schalke-rompe-impresionante-marca-del-bayern-de-luis-diaz-en-la-bundesliga\\\/\",\"name\":\"Schalke rompe impresionante marca del Bayern de Luis D\u00edaz en la Bundesliga -\",\"isPartOf\":{\"@id\":\"https:\\\/\\\/futbolhoy.co\\\/#website\"},\"primaryImageOfPage\":{\"@id\":\"https:\\\/\\\/futbolhoy.co\\\/index.php\\\/2026\\\/09\\\/05\\\/schalke-rompe-impresionante-marca-del-bayern-de-luis-diaz-en-la-bundesliga\\\/#primaryimage\"},\"image\":{\"@id\":\"https:\\\/\\\/futbolhoy.co\\\/index.php\\\/2026\\\/09\\\/05\\\/schalke-rompe-impresionante-marca-del-bayern-de-luis-diaz-en-la-bundesliga\\\/#primaryimage\"},\"thumbnailUrl\":\"https:\\\/\\\/futbolhoy.co\\\/wp-content\\\/uploads\\\/2026\\\/09\\\/image-2-1.png\",\"datePublished\":\"2026-09-05T18:53:12+00:00\",\"author\":{\"@id\":\"https:\\\/\\\/futbolhoy.co\\\/#\\\/schema\\\/person\\\/fd6655d9c96e8d0be987c569dbef4401\"},\"breadcrumb\":{\"@id\":\"https:\\\/\\\/futbolhoy.co\\\/index.php\\\/2026\\\/09\\\/05\\\/schalke-rompe-impresionante-marca-del-bayern-de-luis-diaz-en-la-bundesliga\\\/#breadcrumb\"},\"inLanguage\":\"es\",\"potentialAction\":[{\"@type\":\"ReadAction\",\"target\":[\"https:\\\/\\\/futbolhoy.co\\\/index.php\\\/2026\\\/09\\\/05\\\/schalke-rompe-impresionante-marca-del-bayern-de-luis-diaz-en-la-bundesliga\\\/\"]}]},{\"@type\":\"ImageObject\",\"inLanguage\":\"es\",\"@id\":\"https:\\\/\\\/futbolhoy.co\\\/index.php\\\/2026\\\/09\\\/05\\\/schalke-rompe-impresionante-marca-del-bayern-de-luis-diaz-en-la-bundesliga\\\/#primaryimage\",\"url\":\"https:\\\/\\\/futbolhoy.co\\\/wp-content\\\/uploads\\\/2026\\\/09\\\/image-2-1.png\",\"contentUrl\":\"https:\\\/\\\/futbolhoy.co\\\/wp-content\\\/uploads\\\/2026\\\/09\\\/image-2-1.png\",\"width\":1279,\"height\":869},{\"@type\":\"BreadcrumbList\",\"@id\":\"https:\\\/\\\/futbolhoy.co\\\/index.php\\\/2026\\\/09\\\/05\\\/schalke-rompe-impresionante-marca-del-bayern-de-luis-diaz-en-la-bundesliga\\\/#breadcrumb\",\"itemListElement\":[{\"@type\":\"ListItem\",\"position\":1,\"name\":\"Portada\",\"item\":\"https:\\\/\\\/futbolhoy.co\\\/\"},{\"@type\":\"ListItem\",\"position\":2,\"name\":\"Schalke rompe impresionante marca del Bayern de Luis D\u00edaz en la Bundesliga\"}]},{\"@type\":\"WebSite\",\"@id\":\"https:\\\/\\\/futbolhoy.co\\\/#website\",\"url\":\"https:\\\/\\\/futbolhoy.co\\\/\",\"name\":\"FutbolHoy\",\"description\":\"\",\"potentialAction\":[{\"@type\":\"SearchAction\",\"target\":{\"@type\":\"EntryPoint\",\"urlTemplate\":\"https:\\\/\\\/futbolhoy.co\\\/?s={search_term_string}\"},\"query-input\":{\"@type\":\"PropertyValueSpecification\",\"valueRequired\":true,\"valueName\":\"search_term_string\"}}],\"inLanguage\":\"es\"},{\"@type\":\"Person\",\"@id\":\"https:\\\/\\\/futbolhoy.co\\\/#\\\/schema\\\/person\\\/fd6655d9c96e8d0be987c569dbef4401\",\"name\":\"Christian Felipe Amezquita Ortiz\",\"image\":{\"@type\":\"ImageObject\",\"inLanguage\":\"es\",\"@id\":\"https:\\\/\\\/secure.gravatar.com\\\/avatar\\\/6a1b9e57b97fa86c2c4e887dcc49d71ff8b05649dac810809466547eb33825f4?s=96&d=mm&r=g\",\"url\":\"https:\\\/\\\/secure.gravatar.com\\\/avatar\\\/6a1b9e57b97fa86c2c4e887dcc49d71ff8b05649dac810809466547eb33825f4?s=96&d=mm&r=g\",\"contentUrl\":\"https:\\\/\\\/secure.gravatar.com\\\/avatar\\\/6a1b9e57b97fa86c2c4e887dcc49d71ff8b05649dac810809466547eb33825f4?s=96&d=mm&r=g\",\"caption\":\"Christian Felipe Amezquita Ortiz\"}}]}<\/script>\n<!-- \/ Yoast SEO plugin. -->","yoast_head_json":{"title":"Schalke rompe impresionante marca del Bayern de Luis D\u00edaz en la Bundesliga -","robots":{"index":"index","follow":"follow","max-snippet":"max-snippet:-1","max-image-preview":"max-image-preview:large","max-video-preview":"max-video-preview:-1"},"canonical":"https:\/\/futbolhoy.co\/index.php\/2026\/09\/05\/schalke-rompe-impresionante-marca-del-bayern-de-luis-diaz-en-la-bundesliga\/","og_locale":"es_ES","og_type":"article","og_title":"Schalke rompe impresionante marca del Bayern de Luis D\u00edaz en la Bundesliga -","og_description":"No funcion\u00f3 como suele el Bayern M\u00fanich, ni tan potente, ni tan clarividente, ni tan contundente en su ataque en el Veltins Arena de Gelsenkirchen, frustrado por Loris Karius, con dos paradas indispensables, y el Schalke 04 durante su mon\u00f3logo del segundo tiempo, sin goles ni liderato, del que el cuadro b\u00e1varo se cay\u00f3 despu\u00e9s [&hellip;]","og_url":"https:\/\/futbolhoy.co\/index.php\/2026\/09\/05\/schalke-rompe-impresionante-marca-del-bayern-de-luis-diaz-en-la-bundesliga\/","article_publisher":"https:\/\/www.facebook.com\/FutbolHoyCol\/","article_published_time":"2026-09-05T18:53:12+00:00","og_image":[{"width":1279,"height":869,"url":"https:\/\/futbolhoy.co\/wp-content\/uploads\/2026\/09\/image-2-1.png","type":"image\/png"}],"author":"Christian Felipe Amezquita Ortiz","twitter_card":"summary_large_image","twitter_creator":"@FutbolHoyCol","twitter_site":"@FutbolHoyCol","twitter_misc":{"Escrito por":"Christian Felipe Amezquita Ortiz","Tiempo de lectura":"3 minutos"},"schema":{"@context":"https:\/\/schema.org","@graph":[{"@type":"Article","@id":"https:\/\/futbolhoy.co\/index.php\/2026\/09\/05\/schalke-rompe-impresionante-marca-del-bayern-de-luis-diaz-en-la-bundesliga\/#article","isPartOf":{"@id":"https:\/\/futbolhoy.co\/index.php\/2026\/09\/05\/schalke-rompe-impresionante-marca-del-bayern-de-luis-diaz-en-la-bundesliga\/"},"author":{"name":"Christian Felipe Amezquita Ortiz","@id":"https:\/\/futbolhoy.co\/#\/schema\/person\/fd6655d9c96e8d0be987c569dbef4401"},"headline":"Schalke rompe impresionante marca del Bayern de Luis D\u00edaz en la Bundesliga","datePublished":"2026-09-05T18:53:12+00:00","mainEntityOfPage":{"@id":"https:\/\/futbolhoy.co\/index.php\/2026\/09\/05\/schalke-rompe-impresionante-marca-del-bayern-de-luis-diaz-en-la-bundesliga\/"},"wordCount":514,"image":{"@id":"https:\/\/futbolhoy.co\/index.php\/2026\/09\/05\/schalke-rompe-impresionante-marca-del-bayern-de-luis-diaz-en-la-bundesliga\/#primaryimage"},"thumbnailUrl":"https:\/\/futbolhoy.co\/wp-content\/uploads\/2026\/09\/image-2-1.png","articleSection":["Destacados"],"inLanguage":"es"},{"@type":"WebPage","@id":"https:\/\/futbolhoy.co\/index.php\/2026\/09\/05\/schalke-rompe-impresionante-marca-del-bayern-de-luis-diaz-en-la-bundesliga\/","url":"https:\/\/futbolhoy.co\/index.php\/2026\/09\/05\/schalke-rompe-impresionante-marca-del-bayern-de-luis-diaz-en-la-bundesliga\/","name":"Schalke rompe impresionante marca del Bayern de Luis D\u00edaz en la Bundesliga -","isPartOf":{"@id":"https:\/\/futbolhoy.co\/#website"},"primaryImageOfPage":{"@id":"https:\/\/futbolhoy.co\/index.php\/2026\/09\/05\/schalke-rompe-impresionante-marca-del-bayern-de-luis-diaz-en-la-bundesliga\/#primaryimage"},"image":{"@id":"https:\/\/futbolhoy.co\/index.php\/2026\/09\/05\/schalke-rompe-impresionante-marca-del-bayern-de-luis-diaz-en-la-bundesliga\/#primaryimage"},"thumbnailUrl":"https:\/\/futbolhoy.co\/wp-content\/uploads\/2026\/09\/image-2-1.png","datePublished":"2026-09-05T18:53:12+00:00","author":{"@id":"https:\/\/futbolhoy.co\/#\/schema\/person\/fd6655d9c96e8d0be987c569dbef4401"},"breadcrumb":{"@id":"https:\/\/futbolhoy.co\/index.php\/2026\/09\/05\/schalke-rompe-impresionante-marca-del-bayern-de-luis-diaz-en-la-bundesliga\/#breadcrumb"},"inLanguage":"es","potentialAction":[{"@type":"ReadAction","target":["https:\/\/futbolhoy.co\/index.php\/2026\/09\/05\/schalke-rompe-impresionante-marca-del-bayern-de-luis-diaz-en-la-bundesliga\/"]}]},{"@type":"ImageObject","inLanguage":"es","@id":"https:\/\/futbolhoy.co\/index.php\/2026\/09\/05\/schalke-rompe-impresionante-marca-del-bayern-de-luis-diaz-en-la-bundesliga\/#primaryimage","url":"https:\/\/futbolhoy.co\/wp-content\/uploads\/2026\/09\/image-2-1.png","contentUrl":"https:\/\/futbolhoy.co\/wp-content\/uploads\/2026\/09\/image-2-1.png","width":1279,"height":869},{"@type":"BreadcrumbList","@id":"https:\/\/futbolhoy.co\/index.php\/2026\/09\/05\/schalke-rompe-impresionante-marca-del-bayern-de-luis-diaz-en-la-bundesliga\/#breadcrumb","itemListElement":[{"@type":"ListItem","position":1,"name":"Portada","item":"https:\/\/futbolhoy.co\/"},{"@type":"ListItem","position":2,"name":"Schalke rompe impresionante marca del Bayern de Luis D\u00edaz en la Bundesliga"}]},{"@type":"WebSite","@id":"https:\/\/futbolhoy.co\/#website","url":"https:\/\/futbolhoy.co\/","name":"FutbolHoy","description":"","potentialAction":[{"@type":"SearchAction","target":{"@type":"EntryPoint","urlTemplate":"https:\/\/futbolhoy.co\/?s={search_term_string}"},"query-input":{"@type":"PropertyValueSpecification","valueRequired":true,"valueName":"search_term_string"}}],"inLanguage":"es"},{"@type":"Person","@id":"https:\/\/futbolhoy.co\/#\/schema\/person\/fd6655d9c96e8d0be987c569dbef4401","name":"Christian Felipe Amezquita Ortiz","image":{"@type":"ImageObject","inLanguage":"es","@id":"https:\/\/secure.gravatar.com\/avatar\/6a1b9e57b97fa86c2c4e887dcc49d71ff8b05649dac810809466547eb33825f4?s=96&d=mm&r=g","url":"https:\/\/secure.gravatar.com\/avatar\/6a1b9e57b97fa86c2c4e887dcc49d71ff8b05649dac810809466547eb33825f4?s=96&d=mm&r=g","contentUrl":"https:\/\/secure.gravatar.com\/avatar\/6a1b9e57b97fa86c2c4e887dcc49d71ff8b05649dac810809466547eb33825f4?s=96&d=mm&r=g","caption":"Christian Felipe Amezquita Ortiz"}}]}},"_links":{"self":[{"href":"https:\/\/futbolhoy.co\/index.php\/wp-json\/wp\/v2\/posts\/134746","targetHints":{"allow":["GET"]}}],"collection":[{"href":"https:\/\/futbolhoy.co\/index.php\/wp-json\/wp\/v2\/posts"}],"about":[{"href":"https:\/\/futbolhoy.co\/index.php\/wp-json\/wp\/v2\/types\/post"}],"author":[{"embeddable":true,"href":"https:\/\/futbolhoy.co\/index.php\/wp-json\/wp\/v2\/users\/18"}],"replies":[{"embeddable":true,"href":"https:\/\/futbolhoy.co\/index.php\/wp-json\/wp\/v2\/comments?post=134746"}],"version-history":[{"count":1,"href":"https:\/\/futbolhoy.co\/index.php\/wp-json\/wp\/v2\/posts\/134746\/revisions"}],"predecessor-version":[{"id":134748,"href":"https:\/\/futbolhoy.co\/index.php\/wp-json\/wp\/v2\/posts\/134746\/revisions\/134748"}],"wp:featuredmedia":[{"embeddable":true,"href":"https:\/\/futbolhoy.co\/index.php\/wp-json\/wp\/v2\/media\/134747"}],"wp:attachment":[{"href":"https:\/\/futbolhoy.co\/index.php\/wp-json\/wp\/v2\/media?parent=134746"}],"wp:term":[{"taxonomy":"category","embeddable":true,"href":"https:\/\/futbolhoy.co\/index.php\/wp-json\/wp\/v2\/categories?post=134746"},{"taxonomy":"post_tag","embeddable":true,"href":"https:\/\/futbolhoy.co\/index.php\/wp-json\/wp\/v2\/tags?post=134746"}],"curies":[{"name":"wp","href":"https:\/\/api.w.org\/{rel}","templated":true}]}}