{"id":134752,"date":"2026-09-05T16:33:39","date_gmt":"2026-09-05T21:33:39","guid":{"rendered":"https:\/\/futbolhoy.co\/?p=134752"},"modified":"2026-09-05T16:33:39","modified_gmt":"2026-09-05T21:33:39","slug":"luis-suarez-brilla-con-gol-y-asistencia-en-triunfo-del-sporting-de-lisboa","status":"publish","type":"post","link":"https:\/\/futbolhoy.co\/index.php\/2026\/09\/05\/luis-suarez-brilla-con-gol-y-asistencia-en-triunfo-del-sporting-de-lisboa\/","title":{"rendered":"Luis Su\u00e1rez brilla con gol y asistencia en triunfo del Sporting de Lisboa"},"content":{"rendered":"<p style=\"text-align: justify;\"><span style=\"font-family: helvetica, arial, sans-serif;\">\u00a1<strong>Luis Javier Su\u00e1rez<\/strong> no para de romperla en el f\u00fatbol portugu\u00e9s! El delantero colombiano comand\u00f3 con <strong>gol y asistencia la victoria 2-0 del Sporting sobre Nacional<\/strong> en la quinta jornada de la Primeira Liga.<\/span><\/p>\n<p style=\"text-align: justify;\"><span style=\"font-family: helvetica, arial, sans-serif;\">Fue un partido complicado para el equipo de la capital, entendiendo que tard\u00f3 32 minutos en abrir la cuenta. El juez central sancion\u00f3 una pena m\u00e1xima que el goleador samario tom\u00f3 y con un certero derechazo venci\u00f3 la resistencia del<strong> guardameta Renato Marin<\/strong>. V\u00e9alo ac\u00e1:<\/span><\/p>\n<blockquote class=\"twitter-tweet\" data-media-max-width=\"560\">\n<p dir=\"ltr\" lang=\"es\">\u00a1LUIS SU\u00c1REZ ABRI\u00d3 EL MARCADOR PARA SPORTING!<\/p>\n<p>De penal, el delantero colombiano marc\u00f3 el 1-0 ante Nacional por la <a href=\"https:\/\/x.com\/hashtag\/LigaDePortugalEnDSPORTS?src=hash&amp;ref_src=twsrc%5Etfw\">#LigaDePortugalEnDSPORTS<\/a>. <a href=\"https:\/\/t.co\/wN4oEyUXAE\">pic.twitter.com\/wN4oEyUXAE<\/a><\/p>\n<p>\u2014 DSPORTS (@DSports) <a href=\"https:\/\/x.com\/DSports\/status\/2096334071244677623?ref_src=twsrc%5Etfw\">September 5, 2026<\/a><\/p><\/blockquote>\n<p><script async src=\"https:\/\/platform.x.com\/widgets.js\" charset=\"utf-8\"><\/script><\/p>\n<p style=\"text-align: justify;\"><span style=\"font-family: helvetica, arial, sans-serif;\">Y sin m\u00e1s terminar\u00eda la primera parte. Ahora bien, el complemento arranc\u00f3 de la mejor manera para el <strong>Sporting<\/strong>. Excepcional pelotazo desde el fondo de la zaga local para aprovechar la velocidad de <strong>Su\u00e1rez<\/strong>, que se impuso a pura potencia y dentro del \u00e1rea le dej\u00f3 el bal\u00f3n servido a <strong>Fl\u00e1vio Gon\u00e7alves<\/strong> para que definiera a porter\u00eda vac\u00eda. As\u00ed fue:<\/span><\/p>\n<blockquote class=\"twitter-tweet\" data-media-max-width=\"560\">\n<p dir=\"ltr\" lang=\"es\">\u00a1SPORTING CP AUMENT\u00d3 SU VENTAJA!<\/p>\n<p>Tras un pase largo, Luis Su\u00e1rez asisti\u00f3 a Flavio Goncalves, quien defini\u00f3 sin arquero y puso el 2-0 ante Nacional en la <a href=\"https:\/\/x.com\/hashtag\/LigaDePortugalEnDSPORTS?src=hash&amp;ref_src=twsrc%5Etfw\">#LigaDePortugalEnDSPORTS<\/a>. <a href=\"https:\/\/t.co\/XUu7obiZgi\">pic.twitter.com\/XUu7obiZgi<\/a><\/p>\n<p>\u2014 DSPORTS (@DSports) <a href=\"https:\/\/x.com\/DSports\/status\/2096340299073143090?ref_src=twsrc%5Etfw\">September 5, 2026<\/a><\/p><\/blockquote>\n<p><script async src=\"https:\/\/platform.x.com\/widgets.js\" charset=\"utf-8\"><\/script><\/p>\n<p style=\"text-align: justify;\"><span style=\"font-family: helvetica, arial, sans-serif;\">Con este triunfo, <strong>el Sporting de Lisboa suma 13 puntos de 15 posibles<\/strong> en este inicio del campeonato portugu\u00e9s. Ocupa la segunda posici\u00f3n, quedando a solamente 2 unidades del l\u00edder invicto Porto.<\/span><\/p>\n<p>&nbsp;<\/p>\n","protected":false},"excerpt":{"rendered":"<p>\u00a1Luis Javier Su\u00e1rez no para de romperla en el f\u00fatbol portugu\u00e9s! El delantero colombiano comand\u00f3 con gol y asistencia la victoria 2-0 del Sporting sobre Nacional en la quinta jornada de la Primeira Liga. Fue un partido complicado para el equipo de la capital, entendiendo que tard\u00f3 32 minutos en abrir la cuenta. El juez [&hellip;]<\/p>\n","protected":false},"author":18,"featured_media":134753,"comment_status":"closed","ping_status":"closed","sticky":false,"template":"","format":"standard","meta":{"_acf_changed":false,"footnotes":""},"categories":[5],"tags":[],"class_list":["post-134752","post","type-post","status-publish","format-standard","has-post-thumbnail","category-destacados"],"acf":[],"yoast_head":"<!-- This site is optimized with the Yoast SEO plugin v28.4 - https:\/\/yoast.com\/product\/yoast-seo-wordpress\/ -->\n<title>Luis Su\u00e1rez brilla con gol y asistencia en triunfo del Sporting de Lisboa -<\/title>\n<meta name=\"robots\" content=\"index, follow, max-snippet:-1, max-image-preview:large, max-video-preview:-1\" \/>\n<link rel=\"canonical\" href=\"https:\/\/futbolhoy.co\/index.php\/2026\/09\/05\/luis-suarez-brilla-con-gol-y-asistencia-en-triunfo-del-sporting-de-lisboa\/\" \/>\n<meta property=\"og:locale\" content=\"es_ES\" \/>\n<meta property=\"og:type\" content=\"article\" \/>\n<meta property=\"og:title\" content=\"Luis Su\u00e1rez brilla con gol y asistencia en triunfo del Sporting de Lisboa -\" \/>\n<meta property=\"og:description\" content=\"\u00a1Luis Javier Su\u00e1rez no para de romperla en el f\u00fatbol portugu\u00e9s! El delantero colombiano comand\u00f3 con gol y asistencia la victoria 2-0 del Sporting sobre Nacional en la quinta jornada de la Primeira Liga. Fue un partido complicado para el equipo de la capital, entendiendo que tard\u00f3 32 minutos en abrir la cuenta. El juez [&hellip;]\" \/>\n<meta property=\"og:url\" content=\"https:\/\/futbolhoy.co\/index.php\/2026\/09\/05\/luis-suarez-brilla-con-gol-y-asistencia-en-triunfo-del-sporting-de-lisboa\/\" \/>\n<meta property=\"article:publisher\" content=\"https:\/\/www.facebook.com\/FutbolHoyCol\/\" \/>\n<meta property=\"article:published_time\" content=\"2026-09-05T21:33:39+00:00\" \/>\n<meta property=\"og:image\" content=\"https:\/\/futbolhoy.co\/wp-content\/uploads\/2026\/09\/image-3-1.png\" \/>\n\t<meta property=\"og:image:width\" content=\"1080\" \/>\n\t<meta property=\"og:image:height\" content=\"635\" \/>\n\t<meta property=\"og:image:type\" content=\"image\/png\" \/>\n<meta name=\"author\" content=\"Christian Felipe Amezquita Ortiz\" \/>\n<meta name=\"twitter:card\" content=\"summary_large_image\" \/>\n<meta name=\"twitter:creator\" content=\"@FutbolHoyCol\" \/>\n<meta name=\"twitter:site\" content=\"@FutbolHoyCol\" \/>\n<meta name=\"twitter:label1\" content=\"Escrito por\" \/>\n\t<meta name=\"twitter:data1\" content=\"Christian Felipe Amezquita Ortiz\" \/>\n\t<meta name=\"twitter:label2\" content=\"Tiempo de lectura\" \/>\n\t<meta name=\"twitter:data2\" content=\"1 minuto\" \/>\n<script type=\"application\/ld+json\" class=\"yoast-schema-graph\">{\"@context\":\"https:\\\/\\\/schema.org\",\"@graph\":[{\"@type\":\"Article\",\"@id\":\"https:\\\/\\\/futbolhoy.co\\\/index.php\\\/2026\\\/09\\\/05\\\/luis-suarez-brilla-con-gol-y-asistencia-en-triunfo-del-sporting-de-lisboa\\\/#article\",\"isPartOf\":{\"@id\":\"https:\\\/\\\/futbolhoy.co\\\/index.php\\\/2026\\\/09\\\/05\\\/luis-suarez-brilla-con-gol-y-asistencia-en-triunfo-del-sporting-de-lisboa\\\/\"},\"author\":{\"name\":\"Christian Felipe Amezquita Ortiz\",\"@id\":\"https:\\\/\\\/futbolhoy.co\\\/#\\\/schema\\\/person\\\/fd6655d9c96e8d0be987c569dbef4401\"},\"headline\":\"Luis Su\u00e1rez brilla con gol y asistencia en triunfo del Sporting de Lisboa\",\"datePublished\":\"2026-09-05T21:33:39+00:00\",\"mainEntityOfPage\":{\"@id\":\"https:\\\/\\\/futbolhoy.co\\\/index.php\\\/2026\\\/09\\\/05\\\/luis-suarez-brilla-con-gol-y-asistencia-en-triunfo-del-sporting-de-lisboa\\\/\"},\"wordCount\":264,\"image\":{\"@id\":\"https:\\\/\\\/futbolhoy.co\\\/index.php\\\/2026\\\/09\\\/05\\\/luis-suarez-brilla-con-gol-y-asistencia-en-triunfo-del-sporting-de-lisboa\\\/#primaryimage\"},\"thumbnailUrl\":\"https:\\\/\\\/futbolhoy.co\\\/wp-content\\\/uploads\\\/2026\\\/09\\\/image-3-1.png\",\"articleSection\":[\"Destacados\"],\"inLanguage\":\"es\"},{\"@type\":\"WebPage\",\"@id\":\"https:\\\/\\\/futbolhoy.co\\\/index.php\\\/2026\\\/09\\\/05\\\/luis-suarez-brilla-con-gol-y-asistencia-en-triunfo-del-sporting-de-lisboa\\\/\",\"url\":\"https:\\\/\\\/futbolhoy.co\\\/index.php\\\/2026\\\/09\\\/05\\\/luis-suarez-brilla-con-gol-y-asistencia-en-triunfo-del-sporting-de-lisboa\\\/\",\"name\":\"Luis Su\u00e1rez brilla con gol y asistencia en triunfo del Sporting de Lisboa -\",\"isPartOf\":{\"@id\":\"https:\\\/\\\/futbolhoy.co\\\/#website\"},\"primaryImageOfPage\":{\"@id\":\"https:\\\/\\\/futbolhoy.co\\\/index.php\\\/2026\\\/09\\\/05\\\/luis-suarez-brilla-con-gol-y-asistencia-en-triunfo-del-sporting-de-lisboa\\\/#primaryimage\"},\"image\":{\"@id\":\"https:\\\/\\\/futbolhoy.co\\\/index.php\\\/2026\\\/09\\\/05\\\/luis-suarez-brilla-con-gol-y-asistencia-en-triunfo-del-sporting-de-lisboa\\\/#primaryimage\"},\"thumbnailUrl\":\"https:\\\/\\\/futbolhoy.co\\\/wp-content\\\/uploads\\\/2026\\\/09\\\/image-3-1.png\",\"datePublished\":\"2026-09-05T21:33:39+00:00\",\"author\":{\"@id\":\"https:\\\/\\\/futbolhoy.co\\\/#\\\/schema\\\/person\\\/fd6655d9c96e8d0be987c569dbef4401\"},\"breadcrumb\":{\"@id\":\"https:\\\/\\\/futbolhoy.co\\\/index.php\\\/2026\\\/09\\\/05\\\/luis-suarez-brilla-con-gol-y-asistencia-en-triunfo-del-sporting-de-lisboa\\\/#breadcrumb\"},\"inLanguage\":\"es\",\"potentialAction\":[{\"@type\":\"ReadAction\",\"target\":[\"https:\\\/\\\/futbolhoy.co\\\/index.php\\\/2026\\\/09\\\/05\\\/luis-suarez-brilla-con-gol-y-asistencia-en-triunfo-del-sporting-de-lisboa\\\/\"]}]},{\"@type\":\"ImageObject\",\"inLanguage\":\"es\",\"@id\":\"https:\\\/\\\/futbolhoy.co\\\/index.php\\\/2026\\\/09\\\/05\\\/luis-suarez-brilla-con-gol-y-asistencia-en-triunfo-del-sporting-de-lisboa\\\/#primaryimage\",\"url\":\"https:\\\/\\\/futbolhoy.co\\\/wp-content\\\/uploads\\\/2026\\\/09\\\/image-3-1.png\",\"contentUrl\":\"https:\\\/\\\/futbolhoy.co\\\/wp-content\\\/uploads\\\/2026\\\/09\\\/image-3-1.png\",\"width\":1080,\"height\":635},{\"@type\":\"BreadcrumbList\",\"@id\":\"https:\\\/\\\/futbolhoy.co\\\/index.php\\\/2026\\\/09\\\/05\\\/luis-suarez-brilla-con-gol-y-asistencia-en-triunfo-del-sporting-de-lisboa\\\/#breadcrumb\",\"itemListElement\":[{\"@type\":\"ListItem\",\"position\":1,\"name\":\"Portada\",\"item\":\"https:\\\/\\\/futbolhoy.co\\\/\"},{\"@type\":\"ListItem\",\"position\":2,\"name\":\"Luis Su\u00e1rez brilla con gol y asistencia en triunfo del Sporting de Lisboa\"}]},{\"@type\":\"WebSite\",\"@id\":\"https:\\\/\\\/futbolhoy.co\\\/#website\",\"url\":\"https:\\\/\\\/futbolhoy.co\\\/\",\"name\":\"FutbolHoy\",\"description\":\"\",\"potentialAction\":[{\"@type\":\"SearchAction\",\"target\":{\"@type\":\"EntryPoint\",\"urlTemplate\":\"https:\\\/\\\/futbolhoy.co\\\/?s={search_term_string}\"},\"query-input\":{\"@type\":\"PropertyValueSpecification\",\"valueRequired\":true,\"valueName\":\"search_term_string\"}}],\"inLanguage\":\"es\"},{\"@type\":\"Person\",\"@id\":\"https:\\\/\\\/futbolhoy.co\\\/#\\\/schema\\\/person\\\/fd6655d9c96e8d0be987c569dbef4401\",\"name\":\"Christian Felipe Amezquita Ortiz\",\"image\":{\"@type\":\"ImageObject\",\"inLanguage\":\"es\",\"@id\":\"https:\\\/\\\/secure.gravatar.com\\\/avatar\\\/6a1b9e57b97fa86c2c4e887dcc49d71ff8b05649dac810809466547eb33825f4?s=96&d=mm&r=g\",\"url\":\"https:\\\/\\\/secure.gravatar.com\\\/avatar\\\/6a1b9e57b97fa86c2c4e887dcc49d71ff8b05649dac810809466547eb33825f4?s=96&d=mm&r=g\",\"contentUrl\":\"https:\\\/\\\/secure.gravatar.com\\\/avatar\\\/6a1b9e57b97fa86c2c4e887dcc49d71ff8b05649dac810809466547eb33825f4?s=96&d=mm&r=g\",\"caption\":\"Christian Felipe Amezquita Ortiz\"}}]}<\/script>\n<!-- \/ Yoast SEO plugin. -->","yoast_head_json":{"title":"Luis Su\u00e1rez brilla con gol y asistencia en triunfo del Sporting de Lisboa -","robots":{"index":"index","follow":"follow","max-snippet":"max-snippet:-1","max-image-preview":"max-image-preview:large","max-video-preview":"max-video-preview:-1"},"canonical":"https:\/\/futbolhoy.co\/index.php\/2026\/09\/05\/luis-suarez-brilla-con-gol-y-asistencia-en-triunfo-del-sporting-de-lisboa\/","og_locale":"es_ES","og_type":"article","og_title":"Luis Su\u00e1rez brilla con gol y asistencia en triunfo del Sporting de Lisboa -","og_description":"\u00a1Luis Javier Su\u00e1rez no para de romperla en el f\u00fatbol portugu\u00e9s! El delantero colombiano comand\u00f3 con gol y asistencia la victoria 2-0 del Sporting sobre Nacional en la quinta jornada de la Primeira Liga. Fue un partido complicado para el equipo de la capital, entendiendo que tard\u00f3 32 minutos en abrir la cuenta. El juez [&hellip;]","og_url":"https:\/\/futbolhoy.co\/index.php\/2026\/09\/05\/luis-suarez-brilla-con-gol-y-asistencia-en-triunfo-del-sporting-de-lisboa\/","article_publisher":"https:\/\/www.facebook.com\/FutbolHoyCol\/","article_published_time":"2026-09-05T21:33:39+00:00","og_image":[{"width":1080,"height":635,"url":"https:\/\/futbolhoy.co\/wp-content\/uploads\/2026\/09\/image-3-1.png","type":"image\/png"}],"author":"Christian Felipe Amezquita Ortiz","twitter_card":"summary_large_image","twitter_creator":"@FutbolHoyCol","twitter_site":"@FutbolHoyCol","twitter_misc":{"Escrito por":"Christian Felipe Amezquita Ortiz","Tiempo de lectura":"1 minuto"},"schema":{"@context":"https:\/\/schema.org","@graph":[{"@type":"Article","@id":"https:\/\/futbolhoy.co\/index.php\/2026\/09\/05\/luis-suarez-brilla-con-gol-y-asistencia-en-triunfo-del-sporting-de-lisboa\/#article","isPartOf":{"@id":"https:\/\/futbolhoy.co\/index.php\/2026\/09\/05\/luis-suarez-brilla-con-gol-y-asistencia-en-triunfo-del-sporting-de-lisboa\/"},"author":{"name":"Christian Felipe Amezquita Ortiz","@id":"https:\/\/futbolhoy.co\/#\/schema\/person\/fd6655d9c96e8d0be987c569dbef4401"},"headline":"Luis Su\u00e1rez brilla con gol y asistencia en triunfo del Sporting de Lisboa","datePublished":"2026-09-05T21:33:39+00:00","mainEntityOfPage":{"@id":"https:\/\/futbolhoy.co\/index.php\/2026\/09\/05\/luis-suarez-brilla-con-gol-y-asistencia-en-triunfo-del-sporting-de-lisboa\/"},"wordCount":264,"image":{"@id":"https:\/\/futbolhoy.co\/index.php\/2026\/09\/05\/luis-suarez-brilla-con-gol-y-asistencia-en-triunfo-del-sporting-de-lisboa\/#primaryimage"},"thumbnailUrl":"https:\/\/futbolhoy.co\/wp-content\/uploads\/2026\/09\/image-3-1.png","articleSection":["Destacados"],"inLanguage":"es"},{"@type":"WebPage","@id":"https:\/\/futbolhoy.co\/index.php\/2026\/09\/05\/luis-suarez-brilla-con-gol-y-asistencia-en-triunfo-del-sporting-de-lisboa\/","url":"https:\/\/futbolhoy.co\/index.php\/2026\/09\/05\/luis-suarez-brilla-con-gol-y-asistencia-en-triunfo-del-sporting-de-lisboa\/","name":"Luis Su\u00e1rez brilla con gol y asistencia en triunfo del Sporting de Lisboa -","isPartOf":{"@id":"https:\/\/futbolhoy.co\/#website"},"primaryImageOfPage":{"@id":"https:\/\/futbolhoy.co\/index.php\/2026\/09\/05\/luis-suarez-brilla-con-gol-y-asistencia-en-triunfo-del-sporting-de-lisboa\/#primaryimage"},"image":{"@id":"https:\/\/futbolhoy.co\/index.php\/2026\/09\/05\/luis-suarez-brilla-con-gol-y-asistencia-en-triunfo-del-sporting-de-lisboa\/#primaryimage"},"thumbnailUrl":"https:\/\/futbolhoy.co\/wp-content\/uploads\/2026\/09\/image-3-1.png","datePublished":"2026-09-05T21:33:39+00:00","author":{"@id":"https:\/\/futbolhoy.co\/#\/schema\/person\/fd6655d9c96e8d0be987c569dbef4401"},"breadcrumb":{"@id":"https:\/\/futbolhoy.co\/index.php\/2026\/09\/05\/luis-suarez-brilla-con-gol-y-asistencia-en-triunfo-del-sporting-de-lisboa\/#breadcrumb"},"inLanguage":"es","potentialAction":[{"@type":"ReadAction","target":["https:\/\/futbolhoy.co\/index.php\/2026\/09\/05\/luis-suarez-brilla-con-gol-y-asistencia-en-triunfo-del-sporting-de-lisboa\/"]}]},{"@type":"ImageObject","inLanguage":"es","@id":"https:\/\/futbolhoy.co\/index.php\/2026\/09\/05\/luis-suarez-brilla-con-gol-y-asistencia-en-triunfo-del-sporting-de-lisboa\/#primaryimage","url":"https:\/\/futbolhoy.co\/wp-content\/uploads\/2026\/09\/image-3-1.png","contentUrl":"https:\/\/futbolhoy.co\/wp-content\/uploads\/2026\/09\/image-3-1.png","width":1080,"height":635},{"@type":"BreadcrumbList","@id":"https:\/\/futbolhoy.co\/index.php\/2026\/09\/05\/luis-suarez-brilla-con-gol-y-asistencia-en-triunfo-del-sporting-de-lisboa\/#breadcrumb","itemListElement":[{"@type":"ListItem","position":1,"name":"Portada","item":"https:\/\/futbolhoy.co\/"},{"@type":"ListItem","position":2,"name":"Luis Su\u00e1rez brilla con gol y asistencia en triunfo del Sporting de Lisboa"}]},{"@type":"WebSite","@id":"https:\/\/futbolhoy.co\/#website","url":"https:\/\/futbolhoy.co\/","name":"FutbolHoy","description":"","potentialAction":[{"@type":"SearchAction","target":{"@type":"EntryPoint","urlTemplate":"https:\/\/futbolhoy.co\/?s={search_term_string}"},"query-input":{"@type":"PropertyValueSpecification","valueRequired":true,"valueName":"search_term_string"}}],"inLanguage":"es"},{"@type":"Person","@id":"https:\/\/futbolhoy.co\/#\/schema\/person\/fd6655d9c96e8d0be987c569dbef4401","name":"Christian Felipe Amezquita Ortiz","image":{"@type":"ImageObject","inLanguage":"es","@id":"https:\/\/secure.gravatar.com\/avatar\/6a1b9e57b97fa86c2c4e887dcc49d71ff8b05649dac810809466547eb33825f4?s=96&d=mm&r=g","url":"https:\/\/secure.gravatar.com\/avatar\/6a1b9e57b97fa86c2c4e887dcc49d71ff8b05649dac810809466547eb33825f4?s=96&d=mm&r=g","contentUrl":"https:\/\/secure.gravatar.com\/avatar\/6a1b9e57b97fa86c2c4e887dcc49d71ff8b05649dac810809466547eb33825f4?s=96&d=mm&r=g","caption":"Christian Felipe Amezquita Ortiz"}}]}},"_links":{"self":[{"href":"https:\/\/futbolhoy.co\/index.php\/wp-json\/wp\/v2\/posts\/134752","targetHints":{"allow":["GET"]}}],"collection":[{"href":"https:\/\/futbolhoy.co\/index.php\/wp-json\/wp\/v2\/posts"}],"about":[{"href":"https:\/\/futbolhoy.co\/index.php\/wp-json\/wp\/v2\/types\/post"}],"author":[{"embeddable":true,"href":"https:\/\/futbolhoy.co\/index.php\/wp-json\/wp\/v2\/users\/18"}],"replies":[{"embeddable":true,"href":"https:\/\/futbolhoy.co\/index.php\/wp-json\/wp\/v2\/comments?post=134752"}],"version-history":[{"count":1,"href":"https:\/\/futbolhoy.co\/index.php\/wp-json\/wp\/v2\/posts\/134752\/revisions"}],"predecessor-version":[{"id":134754,"href":"https:\/\/futbolhoy.co\/index.php\/wp-json\/wp\/v2\/posts\/134752\/revisions\/134754"}],"wp:featuredmedia":[{"embeddable":true,"href":"https:\/\/futbolhoy.co\/index.php\/wp-json\/wp\/v2\/media\/134753"}],"wp:attachment":[{"href":"https:\/\/futbolhoy.co\/index.php\/wp-json\/wp\/v2\/media?parent=134752"}],"wp:term":[{"taxonomy":"category","embeddable":true,"href":"https:\/\/futbolhoy.co\/index.php\/wp-json\/wp\/v2\/categories?post=134752"},{"taxonomy":"post_tag","embeddable":true,"href":"https:\/\/futbolhoy.co\/index.php\/wp-json\/wp\/v2\/tags?post=134752"}],"curies":[{"name":"wp","href":"https:\/\/api.w.org\/{rel}","templated":true}]}}