{"id":134755,"date":"2026-09-05T18:09:26","date_gmt":"2026-09-05T23:09:26","guid":{"rendered":"https:\/\/futbolhoy.co\/?p=134755"},"modified":"2026-09-05T18:09:26","modified_gmt":"2026-09-05T23:09:26","slug":"boyaca-chico-dio-el-golpe-ante-once-caldas","status":"publish","type":"post","link":"https:\/\/futbolhoy.co\/index.php\/2026\/09\/05\/boyaca-chico-dio-el-golpe-ante-once-caldas\/","title":{"rendered":"Boyac\u00e1 Chic\u00f3 dio el golpe ante Once Caldas"},"content":{"rendered":"<p class=\"isSelectedEnd\" style=\"text-align: justify;\"><span style=\"font-family: helvetica, arial, sans-serif;\"><strong>Boyac\u00e1 Chic\u00f3<\/strong> dio la sorpresa en la fecha de la Liga y derrot\u00f3 <strong>2-0 al Once Caldas<\/strong> en el estadio La Independencia de Tunja, en un partido en el que el conjunto de Manizales volvi\u00f3 a mostrar problemas de <strong>eficacia y generaci\u00f3n de juego<\/strong>.<\/span><\/p>\n<p class=\"isSelectedEnd\" style=\"text-align: justify;\"><span style=\"font-family: helvetica, arial, sans-serif;\">El equipo boyacense se puso r\u00e1pidamente en ventaja. Apenas al <strong>minuto 2<\/strong>, <strong>Santiago Mera<\/strong> apareci\u00f3 para marcar el 1-0 y darle tranquilidad al conjunto local, que supo aprovechar uno de los primeros acercamientos del compromiso.<\/span><\/p>\n<p class=\"isSelectedEnd\" style=\"text-align: justify;\"><span style=\"font-family: helvetica, arial, sans-serif;\">El Once Caldas intent\u00f3 reaccionar y encontr\u00f3 el empate por medio de <strong>Jefry Zapata<\/strong>, pero el tanto fue <strong>anulado<\/strong>, dejando al equipo dirigido por <strong>el Arriero Herrera<\/strong> sin una de sus principales oportunidades para igualar el encuentro.<\/span><\/p>\n<p class=\"isSelectedEnd\" style=\"text-align: justify;\"><span style=\"font-family: helvetica, arial, sans-serif;\">Cuando parec\u00eda que el conjunto visitante pod\u00eda encontrar el camino, <strong>Felipe Cifuentes<\/strong> apareci\u00f3 al minuto 45 para marcar el <strong>2-0<\/strong>, golpeando al Once Caldas justo antes del descanso.<\/span><\/p>\n<p class=\"isSelectedEnd\" style=\"text-align: justify;\"><span style=\"font-family: helvetica, arial, sans-serif;\">En la segunda parte, Chic\u00f3 se qued\u00f3 con diez jugadores tras la <strong>expulsi\u00f3n de Cristian Blanco al minuto 57<\/strong>. Sin embargo, el Once no pudo aprovechar la superioridad num\u00e9rica. Diez minutos despu\u00e9s, <strong>Mateo Zuleta tambi\u00e9n vio la tarjeta roja<\/strong>, dejando a ambos equipos con diez futbolistas.<\/span><\/p>\n<p style=\"text-align: justify;\"><span style=\"font-family: helvetica, arial, sans-serif;\">Con este resultado, el <strong>Once Caldas se queda con 9 puntos y ocupa la octava posici\u00f3n<\/strong>, mientras que <strong>Boyac\u00e1 Chic\u00f3 suma 5 unidades y es decimos\u00e9ptimo<\/strong>. Una derrota inesperada para el equipo de Manizales, que deber\u00e1 mejorar considerablemente su juego y efectividad.<\/span><\/p>\n","protected":false},"excerpt":{"rendered":"<p>Boyac\u00e1 Chic\u00f3 dio la sorpresa en la fecha de la Liga y derrot\u00f3 2-0 al Once Caldas en el estadio La Independencia de Tunja, en un partido en el que el conjunto de Manizales volvi\u00f3 a mostrar problemas de eficacia y generaci\u00f3n de juego. El equipo boyacense se puso r\u00e1pidamente en ventaja. Apenas al minuto [&hellip;]<\/p>\n","protected":false},"author":18,"featured_media":134756,"comment_status":"closed","ping_status":"closed","sticky":false,"template":"","format":"standard","meta":{"_acf_changed":false,"footnotes":""},"categories":[5],"tags":[],"class_list":["post-134755","post","type-post","status-publish","format-standard","has-post-thumbnail","category-destacados"],"acf":[],"yoast_head":"<!-- This site is optimized with the Yoast SEO plugin v28.4 - https:\/\/yoast.com\/product\/yoast-seo-wordpress\/ -->\n<title>Boyac\u00e1 Chic\u00f3 dio el golpe ante Once Caldas -<\/title>\n<meta name=\"robots\" content=\"index, follow, max-snippet:-1, max-image-preview:large, max-video-preview:-1\" \/>\n<link rel=\"canonical\" href=\"https:\/\/futbolhoy.co\/index.php\/2026\/09\/05\/boyaca-chico-dio-el-golpe-ante-once-caldas\/\" \/>\n<meta property=\"og:locale\" content=\"es_ES\" \/>\n<meta property=\"og:type\" content=\"article\" \/>\n<meta property=\"og:title\" content=\"Boyac\u00e1 Chic\u00f3 dio el golpe ante Once Caldas -\" \/>\n<meta property=\"og:description\" content=\"Boyac\u00e1 Chic\u00f3 dio la sorpresa en la fecha de la Liga y derrot\u00f3 2-0 al Once Caldas en el estadio La Independencia de Tunja, en un partido en el que el conjunto de Manizales volvi\u00f3 a mostrar problemas de eficacia y generaci\u00f3n de juego. El equipo boyacense se puso r\u00e1pidamente en ventaja. Apenas al minuto [&hellip;]\" \/>\n<meta property=\"og:url\" content=\"https:\/\/futbolhoy.co\/index.php\/2026\/09\/05\/boyaca-chico-dio-el-golpe-ante-once-caldas\/\" \/>\n<meta property=\"article:publisher\" content=\"https:\/\/www.facebook.com\/FutbolHoyCol\/\" \/>\n<meta property=\"article:published_time\" content=\"2026-09-05T23:09:26+00:00\" \/>\n<meta property=\"og:image\" content=\"https:\/\/futbolhoy.co\/wp-content\/uploads\/2026\/09\/Captura-de-pantalla-2026-09-05-180738.png\" \/>\n\t<meta property=\"og:image:width\" content=\"509\" \/>\n\t<meta property=\"og:image:height\" content=\"365\" \/>\n\t<meta property=\"og:image:type\" content=\"image\/png\" \/>\n<meta name=\"author\" content=\"Christian Felipe Amezquita Ortiz\" \/>\n<meta name=\"twitter:card\" content=\"summary_large_image\" \/>\n<meta name=\"twitter:creator\" content=\"@FutbolHoyCol\" \/>\n<meta name=\"twitter:site\" content=\"@FutbolHoyCol\" \/>\n<meta name=\"twitter:label1\" content=\"Escrito por\" \/>\n\t<meta name=\"twitter:data1\" content=\"Christian Felipe Amezquita Ortiz\" \/>\n\t<meta name=\"twitter:label2\" content=\"Tiempo de lectura\" \/>\n\t<meta name=\"twitter:data2\" content=\"1 minuto\" \/>\n<script type=\"application\/ld+json\" class=\"yoast-schema-graph\">{\"@context\":\"https:\\\/\\\/schema.org\",\"@graph\":[{\"@type\":\"Article\",\"@id\":\"https:\\\/\\\/futbolhoy.co\\\/index.php\\\/2026\\\/09\\\/05\\\/boyaca-chico-dio-el-golpe-ante-once-caldas\\\/#article\",\"isPartOf\":{\"@id\":\"https:\\\/\\\/futbolhoy.co\\\/index.php\\\/2026\\\/09\\\/05\\\/boyaca-chico-dio-el-golpe-ante-once-caldas\\\/\"},\"author\":{\"name\":\"Christian Felipe Amezquita Ortiz\",\"@id\":\"https:\\\/\\\/futbolhoy.co\\\/#\\\/schema\\\/person\\\/fd6655d9c96e8d0be987c569dbef4401\"},\"headline\":\"Boyac\u00e1 Chic\u00f3 dio el golpe ante Once Caldas\",\"datePublished\":\"2026-09-05T23:09:26+00:00\",\"mainEntityOfPage\":{\"@id\":\"https:\\\/\\\/futbolhoy.co\\\/index.php\\\/2026\\\/09\\\/05\\\/boyaca-chico-dio-el-golpe-ante-once-caldas\\\/\"},\"wordCount\":245,\"image\":{\"@id\":\"https:\\\/\\\/futbolhoy.co\\\/index.php\\\/2026\\\/09\\\/05\\\/boyaca-chico-dio-el-golpe-ante-once-caldas\\\/#primaryimage\"},\"thumbnailUrl\":\"https:\\\/\\\/futbolhoy.co\\\/wp-content\\\/uploads\\\/2026\\\/09\\\/Captura-de-pantalla-2026-09-05-180738.png\",\"articleSection\":[\"Destacados\"],\"inLanguage\":\"es\"},{\"@type\":\"WebPage\",\"@id\":\"https:\\\/\\\/futbolhoy.co\\\/index.php\\\/2026\\\/09\\\/05\\\/boyaca-chico-dio-el-golpe-ante-once-caldas\\\/\",\"url\":\"https:\\\/\\\/futbolhoy.co\\\/index.php\\\/2026\\\/09\\\/05\\\/boyaca-chico-dio-el-golpe-ante-once-caldas\\\/\",\"name\":\"Boyac\u00e1 Chic\u00f3 dio el golpe ante Once Caldas -\",\"isPartOf\":{\"@id\":\"https:\\\/\\\/futbolhoy.co\\\/#website\"},\"primaryImageOfPage\":{\"@id\":\"https:\\\/\\\/futbolhoy.co\\\/index.php\\\/2026\\\/09\\\/05\\\/boyaca-chico-dio-el-golpe-ante-once-caldas\\\/#primaryimage\"},\"image\":{\"@id\":\"https:\\\/\\\/futbolhoy.co\\\/index.php\\\/2026\\\/09\\\/05\\\/boyaca-chico-dio-el-golpe-ante-once-caldas\\\/#primaryimage\"},\"thumbnailUrl\":\"https:\\\/\\\/futbolhoy.co\\\/wp-content\\\/uploads\\\/2026\\\/09\\\/Captura-de-pantalla-2026-09-05-180738.png\",\"datePublished\":\"2026-09-05T23:09:26+00:00\",\"author\":{\"@id\":\"https:\\\/\\\/futbolhoy.co\\\/#\\\/schema\\\/person\\\/fd6655d9c96e8d0be987c569dbef4401\"},\"breadcrumb\":{\"@id\":\"https:\\\/\\\/futbolhoy.co\\\/index.php\\\/2026\\\/09\\\/05\\\/boyaca-chico-dio-el-golpe-ante-once-caldas\\\/#breadcrumb\"},\"inLanguage\":\"es\",\"potentialAction\":[{\"@type\":\"ReadAction\",\"target\":[\"https:\\\/\\\/futbolhoy.co\\\/index.php\\\/2026\\\/09\\\/05\\\/boyaca-chico-dio-el-golpe-ante-once-caldas\\\/\"]}]},{\"@type\":\"ImageObject\",\"inLanguage\":\"es\",\"@id\":\"https:\\\/\\\/futbolhoy.co\\\/index.php\\\/2026\\\/09\\\/05\\\/boyaca-chico-dio-el-golpe-ante-once-caldas\\\/#primaryimage\",\"url\":\"https:\\\/\\\/futbolhoy.co\\\/wp-content\\\/uploads\\\/2026\\\/09\\\/Captura-de-pantalla-2026-09-05-180738.png\",\"contentUrl\":\"https:\\\/\\\/futbolhoy.co\\\/wp-content\\\/uploads\\\/2026\\\/09\\\/Captura-de-pantalla-2026-09-05-180738.png\",\"width\":509,\"height\":365},{\"@type\":\"BreadcrumbList\",\"@id\":\"https:\\\/\\\/futbolhoy.co\\\/index.php\\\/2026\\\/09\\\/05\\\/boyaca-chico-dio-el-golpe-ante-once-caldas\\\/#breadcrumb\",\"itemListElement\":[{\"@type\":\"ListItem\",\"position\":1,\"name\":\"Portada\",\"item\":\"https:\\\/\\\/futbolhoy.co\\\/\"},{\"@type\":\"ListItem\",\"position\":2,\"name\":\"Boyac\u00e1 Chic\u00f3 dio el golpe ante Once Caldas\"}]},{\"@type\":\"WebSite\",\"@id\":\"https:\\\/\\\/futbolhoy.co\\\/#website\",\"url\":\"https:\\\/\\\/futbolhoy.co\\\/\",\"name\":\"FutbolHoy\",\"description\":\"\",\"potentialAction\":[{\"@type\":\"SearchAction\",\"target\":{\"@type\":\"EntryPoint\",\"urlTemplate\":\"https:\\\/\\\/futbolhoy.co\\\/?s={search_term_string}\"},\"query-input\":{\"@type\":\"PropertyValueSpecification\",\"valueRequired\":true,\"valueName\":\"search_term_string\"}}],\"inLanguage\":\"es\"},{\"@type\":\"Person\",\"@id\":\"https:\\\/\\\/futbolhoy.co\\\/#\\\/schema\\\/person\\\/fd6655d9c96e8d0be987c569dbef4401\",\"name\":\"Christian Felipe Amezquita Ortiz\",\"image\":{\"@type\":\"ImageObject\",\"inLanguage\":\"es\",\"@id\":\"https:\\\/\\\/secure.gravatar.com\\\/avatar\\\/6a1b9e57b97fa86c2c4e887dcc49d71ff8b05649dac810809466547eb33825f4?s=96&d=mm&r=g\",\"url\":\"https:\\\/\\\/secure.gravatar.com\\\/avatar\\\/6a1b9e57b97fa86c2c4e887dcc49d71ff8b05649dac810809466547eb33825f4?s=96&d=mm&r=g\",\"contentUrl\":\"https:\\\/\\\/secure.gravatar.com\\\/avatar\\\/6a1b9e57b97fa86c2c4e887dcc49d71ff8b05649dac810809466547eb33825f4?s=96&d=mm&r=g\",\"caption\":\"Christian Felipe Amezquita Ortiz\"}}]}<\/script>\n<!-- \/ Yoast SEO plugin. -->","yoast_head_json":{"title":"Boyac\u00e1 Chic\u00f3 dio el golpe ante Once Caldas -","robots":{"index":"index","follow":"follow","max-snippet":"max-snippet:-1","max-image-preview":"max-image-preview:large","max-video-preview":"max-video-preview:-1"},"canonical":"https:\/\/futbolhoy.co\/index.php\/2026\/09\/05\/boyaca-chico-dio-el-golpe-ante-once-caldas\/","og_locale":"es_ES","og_type":"article","og_title":"Boyac\u00e1 Chic\u00f3 dio el golpe ante Once Caldas -","og_description":"Boyac\u00e1 Chic\u00f3 dio la sorpresa en la fecha de la Liga y derrot\u00f3 2-0 al Once Caldas en el estadio La Independencia de Tunja, en un partido en el que el conjunto de Manizales volvi\u00f3 a mostrar problemas de eficacia y generaci\u00f3n de juego. El equipo boyacense se puso r\u00e1pidamente en ventaja. Apenas al minuto [&hellip;]","og_url":"https:\/\/futbolhoy.co\/index.php\/2026\/09\/05\/boyaca-chico-dio-el-golpe-ante-once-caldas\/","article_publisher":"https:\/\/www.facebook.com\/FutbolHoyCol\/","article_published_time":"2026-09-05T23:09:26+00:00","og_image":[{"width":509,"height":365,"url":"https:\/\/futbolhoy.co\/wp-content\/uploads\/2026\/09\/Captura-de-pantalla-2026-09-05-180738.png","type":"image\/png"}],"author":"Christian Felipe Amezquita Ortiz","twitter_card":"summary_large_image","twitter_creator":"@FutbolHoyCol","twitter_site":"@FutbolHoyCol","twitter_misc":{"Escrito por":"Christian Felipe Amezquita Ortiz","Tiempo de lectura":"1 minuto"},"schema":{"@context":"https:\/\/schema.org","@graph":[{"@type":"Article","@id":"https:\/\/futbolhoy.co\/index.php\/2026\/09\/05\/boyaca-chico-dio-el-golpe-ante-once-caldas\/#article","isPartOf":{"@id":"https:\/\/futbolhoy.co\/index.php\/2026\/09\/05\/boyaca-chico-dio-el-golpe-ante-once-caldas\/"},"author":{"name":"Christian Felipe Amezquita Ortiz","@id":"https:\/\/futbolhoy.co\/#\/schema\/person\/fd6655d9c96e8d0be987c569dbef4401"},"headline":"Boyac\u00e1 Chic\u00f3 dio el golpe ante Once Caldas","datePublished":"2026-09-05T23:09:26+00:00","mainEntityOfPage":{"@id":"https:\/\/futbolhoy.co\/index.php\/2026\/09\/05\/boyaca-chico-dio-el-golpe-ante-once-caldas\/"},"wordCount":245,"image":{"@id":"https:\/\/futbolhoy.co\/index.php\/2026\/09\/05\/boyaca-chico-dio-el-golpe-ante-once-caldas\/#primaryimage"},"thumbnailUrl":"https:\/\/futbolhoy.co\/wp-content\/uploads\/2026\/09\/Captura-de-pantalla-2026-09-05-180738.png","articleSection":["Destacados"],"inLanguage":"es"},{"@type":"WebPage","@id":"https:\/\/futbolhoy.co\/index.php\/2026\/09\/05\/boyaca-chico-dio-el-golpe-ante-once-caldas\/","url":"https:\/\/futbolhoy.co\/index.php\/2026\/09\/05\/boyaca-chico-dio-el-golpe-ante-once-caldas\/","name":"Boyac\u00e1 Chic\u00f3 dio el golpe ante Once Caldas -","isPartOf":{"@id":"https:\/\/futbolhoy.co\/#website"},"primaryImageOfPage":{"@id":"https:\/\/futbolhoy.co\/index.php\/2026\/09\/05\/boyaca-chico-dio-el-golpe-ante-once-caldas\/#primaryimage"},"image":{"@id":"https:\/\/futbolhoy.co\/index.php\/2026\/09\/05\/boyaca-chico-dio-el-golpe-ante-once-caldas\/#primaryimage"},"thumbnailUrl":"https:\/\/futbolhoy.co\/wp-content\/uploads\/2026\/09\/Captura-de-pantalla-2026-09-05-180738.png","datePublished":"2026-09-05T23:09:26+00:00","author":{"@id":"https:\/\/futbolhoy.co\/#\/schema\/person\/fd6655d9c96e8d0be987c569dbef4401"},"breadcrumb":{"@id":"https:\/\/futbolhoy.co\/index.php\/2026\/09\/05\/boyaca-chico-dio-el-golpe-ante-once-caldas\/#breadcrumb"},"inLanguage":"es","potentialAction":[{"@type":"ReadAction","target":["https:\/\/futbolhoy.co\/index.php\/2026\/09\/05\/boyaca-chico-dio-el-golpe-ante-once-caldas\/"]}]},{"@type":"ImageObject","inLanguage":"es","@id":"https:\/\/futbolhoy.co\/index.php\/2026\/09\/05\/boyaca-chico-dio-el-golpe-ante-once-caldas\/#primaryimage","url":"https:\/\/futbolhoy.co\/wp-content\/uploads\/2026\/09\/Captura-de-pantalla-2026-09-05-180738.png","contentUrl":"https:\/\/futbolhoy.co\/wp-content\/uploads\/2026\/09\/Captura-de-pantalla-2026-09-05-180738.png","width":509,"height":365},{"@type":"BreadcrumbList","@id":"https:\/\/futbolhoy.co\/index.php\/2026\/09\/05\/boyaca-chico-dio-el-golpe-ante-once-caldas\/#breadcrumb","itemListElement":[{"@type":"ListItem","position":1,"name":"Portada","item":"https:\/\/futbolhoy.co\/"},{"@type":"ListItem","position":2,"name":"Boyac\u00e1 Chic\u00f3 dio el golpe ante Once Caldas"}]},{"@type":"WebSite","@id":"https:\/\/futbolhoy.co\/#website","url":"https:\/\/futbolhoy.co\/","name":"FutbolHoy","description":"","potentialAction":[{"@type":"SearchAction","target":{"@type":"EntryPoint","urlTemplate":"https:\/\/futbolhoy.co\/?s={search_term_string}"},"query-input":{"@type":"PropertyValueSpecification","valueRequired":true,"valueName":"search_term_string"}}],"inLanguage":"es"},{"@type":"Person","@id":"https:\/\/futbolhoy.co\/#\/schema\/person\/fd6655d9c96e8d0be987c569dbef4401","name":"Christian Felipe Amezquita Ortiz","image":{"@type":"ImageObject","inLanguage":"es","@id":"https:\/\/secure.gravatar.com\/avatar\/6a1b9e57b97fa86c2c4e887dcc49d71ff8b05649dac810809466547eb33825f4?s=96&d=mm&r=g","url":"https:\/\/secure.gravatar.com\/avatar\/6a1b9e57b97fa86c2c4e887dcc49d71ff8b05649dac810809466547eb33825f4?s=96&d=mm&r=g","contentUrl":"https:\/\/secure.gravatar.com\/avatar\/6a1b9e57b97fa86c2c4e887dcc49d71ff8b05649dac810809466547eb33825f4?s=96&d=mm&r=g","caption":"Christian Felipe Amezquita Ortiz"}}]}},"_links":{"self":[{"href":"https:\/\/futbolhoy.co\/index.php\/wp-json\/wp\/v2\/posts\/134755","targetHints":{"allow":["GET"]}}],"collection":[{"href":"https:\/\/futbolhoy.co\/index.php\/wp-json\/wp\/v2\/posts"}],"about":[{"href":"https:\/\/futbolhoy.co\/index.php\/wp-json\/wp\/v2\/types\/post"}],"author":[{"embeddable":true,"href":"https:\/\/futbolhoy.co\/index.php\/wp-json\/wp\/v2\/users\/18"}],"replies":[{"embeddable":true,"href":"https:\/\/futbolhoy.co\/index.php\/wp-json\/wp\/v2\/comments?post=134755"}],"version-history":[{"count":1,"href":"https:\/\/futbolhoy.co\/index.php\/wp-json\/wp\/v2\/posts\/134755\/revisions"}],"predecessor-version":[{"id":134757,"href":"https:\/\/futbolhoy.co\/index.php\/wp-json\/wp\/v2\/posts\/134755\/revisions\/134757"}],"wp:featuredmedia":[{"embeddable":true,"href":"https:\/\/futbolhoy.co\/index.php\/wp-json\/wp\/v2\/media\/134756"}],"wp:attachment":[{"href":"https:\/\/futbolhoy.co\/index.php\/wp-json\/wp\/v2\/media?parent=134755"}],"wp:term":[{"taxonomy":"category","embeddable":true,"href":"https:\/\/futbolhoy.co\/index.php\/wp-json\/wp\/v2\/categories?post=134755"},{"taxonomy":"post_tag","embeddable":true,"href":"https:\/\/futbolhoy.co\/index.php\/wp-json\/wp\/v2\/tags?post=134755"}],"curies":[{"name":"wp","href":"https:\/\/api.w.org\/{rel}","templated":true}]}}