{"id":134759,"date":"2026-09-05T20:22:50","date_gmt":"2026-09-06T01:22:50","guid":{"rendered":"https:\/\/futbolhoy.co\/?p=134759"},"modified":"2026-09-05T20:22:50","modified_gmt":"2026-09-06T01:22:50","slug":"fortaleza-rescata-el-empate-ante-santa-fe-en-el-campin","status":"publish","type":"post","link":"https:\/\/futbolhoy.co\/index.php\/2026\/09\/05\/fortaleza-rescata-el-empate-ante-santa-fe-en-el-campin\/","title":{"rendered":"Fortaleza rescata el empate ante Santa Fe en El Camp\u00edn"},"content":{"rendered":"<p class=\"isSelectedEnd\" style=\"text-align: justify;\"><span style=\"font-family: helvetica, arial, sans-serif;\"><strong>Independiente Santa Fe<\/strong> dej\u00f3 escapar la victoria ante <strong>Fortaleza<\/strong> y termin\u00f3 empatando <strong>2-2<\/strong> en un partido disputado a <strong>puerta cerrada en El Camp\u00edn<\/strong>, debido a la sanci\u00f3n por los disturbios protagonizados por hinchas en jornadas anteriores.<\/span><\/p>\n<p class=\"isSelectedEnd\" style=\"text-align: justify;\"><span style=\"font-family: helvetica, arial, sans-serif;\">El conjunto cardenal comenz\u00f3 con intensidad y encontr\u00f3 la ventaja al <strong>minuto 17<\/strong>, cuando el uruguayo <strong>Franco Fag\u00fandez<\/strong> marc\u00f3 un espectacular <strong>gol de volea<\/strong> para poner el 1-0.<\/span><\/p>\n<p class=\"isSelectedEnd\" style=\"text-align: justify;\"><span style=\"font-family: helvetica, arial, sans-serif;\">Santa Fe aprovech\u00f3 el impulso y apenas seis minutos despu\u00e9s, al <strong>23&#8242;<\/strong>, <strong>Nahuel Bustos<\/strong> apareci\u00f3 para ampliar la diferencia y establecer el 2-0, resultado con el que los locales se fueron al descanso.<\/span><\/p>\n<p class=\"isSelectedEnd\" style=\"text-align: justify;\"><span style=\"font-family: helvetica, arial, sans-serif;\">En la segunda mitad, el compromiso se torn\u00f3 <strong>trabado y disputado<\/strong>, pero Fortaleza comenz\u00f3 a buscar alternativas para meterse nuevamente en el partido.<\/span><\/p>\n<p class=\"isSelectedEnd\" style=\"text-align: justify;\"><span style=\"font-family: helvetica, arial, sans-serif;\">Al <strong>minuto 77<\/strong>, un cabezazo tras un tiro de esquina termin\u00f3 golpeando en <strong>Nahuel Bustos<\/strong> y el bal\u00f3n ingres\u00f3 en la porter\u00eda cardenal, convirti\u00e9ndose en <strong>autogol<\/strong> y dejando el marcador 2-1.<\/span><\/p>\n<p class=\"isSelectedEnd\" style=\"text-align: justify;\"><span style=\"font-family: helvetica, arial, sans-serif;\">Cuando parec\u00eda que Santa Fe lograr\u00eda quedarse con la victoria, lleg\u00f3 el golpe definitivo. En el <strong>90+1&#8242;<\/strong>, <strong>Jordan Gracia<\/strong> apareci\u00f3 para marcar el <strong>2-2<\/strong> y rescatar un punto para Fortaleza.<\/span><\/p>\n<p style=\"text-align: justify;\"><span style=\"font-family: helvetica, arial, sans-serif;\">Con este resultado, <strong>Santa Fe llega a 10 puntos<\/strong> en el campeonato y deja escapar una importante oportunidad de sumar de a tres, mientras Fortaleza consigue un empate ag\u00f3nico en el cierre del encuentro.<\/span><\/p>\n","protected":false},"excerpt":{"rendered":"<p>Independiente Santa Fe dej\u00f3 escapar la victoria ante Fortaleza y termin\u00f3 empatando 2-2 en un partido disputado a puerta cerrada en El Camp\u00edn, debido a la sanci\u00f3n por los disturbios protagonizados por hinchas en jornadas anteriores. El conjunto cardenal comenz\u00f3 con intensidad y encontr\u00f3 la ventaja al minuto 17, cuando el uruguayo Franco Fag\u00fandez marc\u00f3 [&hellip;]<\/p>\n","protected":false},"author":18,"featured_media":134760,"comment_status":"closed","ping_status":"closed","sticky":false,"template":"","format":"standard","meta":{"_acf_changed":false,"footnotes":""},"categories":[5],"tags":[],"class_list":["post-134759","post","type-post","status-publish","format-standard","has-post-thumbnail","category-destacados"],"acf":[],"yoast_head":"<!-- This site is optimized with the Yoast SEO plugin v28.4 - https:\/\/yoast.com\/product\/yoast-seo-wordpress\/ -->\n<title>Fortaleza rescata el empate ante Santa Fe en El Camp\u00edn -<\/title>\n<meta name=\"robots\" content=\"index, follow, max-snippet:-1, max-image-preview:large, max-video-preview:-1\" \/>\n<link rel=\"canonical\" href=\"https:\/\/futbolhoy.co\/index.php\/2026\/09\/05\/fortaleza-rescata-el-empate-ante-santa-fe-en-el-campin\/\" \/>\n<meta property=\"og:locale\" content=\"es_ES\" \/>\n<meta property=\"og:type\" content=\"article\" \/>\n<meta property=\"og:title\" content=\"Fortaleza rescata el empate ante Santa Fe en El Camp\u00edn -\" \/>\n<meta property=\"og:description\" content=\"Independiente Santa Fe dej\u00f3 escapar la victoria ante Fortaleza y termin\u00f3 empatando 2-2 en un partido disputado a puerta cerrada en El Camp\u00edn, debido a la sanci\u00f3n por los disturbios protagonizados por hinchas en jornadas anteriores. El conjunto cardenal comenz\u00f3 con intensidad y encontr\u00f3 la ventaja al minuto 17, cuando el uruguayo Franco Fag\u00fandez marc\u00f3 [&hellip;]\" \/>\n<meta property=\"og:url\" content=\"https:\/\/futbolhoy.co\/index.php\/2026\/09\/05\/fortaleza-rescata-el-empate-ante-santa-fe-en-el-campin\/\" \/>\n<meta property=\"article:publisher\" content=\"https:\/\/www.facebook.com\/FutbolHoyCol\/\" \/>\n<meta property=\"article:published_time\" content=\"2026-09-06T01:22:50+00:00\" \/>\n<meta property=\"og:image\" content=\"https:\/\/futbolhoy.co\/wp-content\/uploads\/2026\/09\/Captura-de-pantalla-2026-09-05-201110.png\" \/>\n\t<meta property=\"og:image:width\" content=\"808\" \/>\n\t<meta property=\"og:image:height\" content=\"520\" \/>\n\t<meta property=\"og:image:type\" content=\"image\/png\" \/>\n<meta name=\"author\" content=\"Christian Felipe Amezquita Ortiz\" \/>\n<meta name=\"twitter:card\" content=\"summary_large_image\" \/>\n<meta name=\"twitter:creator\" content=\"@FutbolHoyCol\" \/>\n<meta name=\"twitter:site\" content=\"@FutbolHoyCol\" \/>\n<meta name=\"twitter:label1\" content=\"Escrito por\" \/>\n\t<meta name=\"twitter:data1\" content=\"Christian Felipe Amezquita Ortiz\" \/>\n\t<meta name=\"twitter:label2\" content=\"Tiempo de lectura\" \/>\n\t<meta name=\"twitter:data2\" content=\"1 minuto\" \/>\n<script type=\"application\/ld+json\" class=\"yoast-schema-graph\">{\"@context\":\"https:\\\/\\\/schema.org\",\"@graph\":[{\"@type\":\"Article\",\"@id\":\"https:\\\/\\\/futbolhoy.co\\\/index.php\\\/2026\\\/09\\\/05\\\/fortaleza-rescata-el-empate-ante-santa-fe-en-el-campin\\\/#article\",\"isPartOf\":{\"@id\":\"https:\\\/\\\/futbolhoy.co\\\/index.php\\\/2026\\\/09\\\/05\\\/fortaleza-rescata-el-empate-ante-santa-fe-en-el-campin\\\/\"},\"author\":{\"name\":\"Christian Felipe Amezquita Ortiz\",\"@id\":\"https:\\\/\\\/futbolhoy.co\\\/#\\\/schema\\\/person\\\/fd6655d9c96e8d0be987c569dbef4401\"},\"headline\":\"Fortaleza rescata el empate ante Santa Fe en El Camp\u00edn\",\"datePublished\":\"2026-09-06T01:22:50+00:00\",\"mainEntityOfPage\":{\"@id\":\"https:\\\/\\\/futbolhoy.co\\\/index.php\\\/2026\\\/09\\\/05\\\/fortaleza-rescata-el-empate-ante-santa-fe-en-el-campin\\\/\"},\"wordCount\":231,\"image\":{\"@id\":\"https:\\\/\\\/futbolhoy.co\\\/index.php\\\/2026\\\/09\\\/05\\\/fortaleza-rescata-el-empate-ante-santa-fe-en-el-campin\\\/#primaryimage\"},\"thumbnailUrl\":\"https:\\\/\\\/futbolhoy.co\\\/wp-content\\\/uploads\\\/2026\\\/09\\\/Captura-de-pantalla-2026-09-05-201110.png\",\"articleSection\":[\"Destacados\"],\"inLanguage\":\"es\"},{\"@type\":\"WebPage\",\"@id\":\"https:\\\/\\\/futbolhoy.co\\\/index.php\\\/2026\\\/09\\\/05\\\/fortaleza-rescata-el-empate-ante-santa-fe-en-el-campin\\\/\",\"url\":\"https:\\\/\\\/futbolhoy.co\\\/index.php\\\/2026\\\/09\\\/05\\\/fortaleza-rescata-el-empate-ante-santa-fe-en-el-campin\\\/\",\"name\":\"Fortaleza rescata el empate ante Santa Fe en El Camp\u00edn -\",\"isPartOf\":{\"@id\":\"https:\\\/\\\/futbolhoy.co\\\/#website\"},\"primaryImageOfPage\":{\"@id\":\"https:\\\/\\\/futbolhoy.co\\\/index.php\\\/2026\\\/09\\\/05\\\/fortaleza-rescata-el-empate-ante-santa-fe-en-el-campin\\\/#primaryimage\"},\"image\":{\"@id\":\"https:\\\/\\\/futbolhoy.co\\\/index.php\\\/2026\\\/09\\\/05\\\/fortaleza-rescata-el-empate-ante-santa-fe-en-el-campin\\\/#primaryimage\"},\"thumbnailUrl\":\"https:\\\/\\\/futbolhoy.co\\\/wp-content\\\/uploads\\\/2026\\\/09\\\/Captura-de-pantalla-2026-09-05-201110.png\",\"datePublished\":\"2026-09-06T01:22:50+00:00\",\"author\":{\"@id\":\"https:\\\/\\\/futbolhoy.co\\\/#\\\/schema\\\/person\\\/fd6655d9c96e8d0be987c569dbef4401\"},\"breadcrumb\":{\"@id\":\"https:\\\/\\\/futbolhoy.co\\\/index.php\\\/2026\\\/09\\\/05\\\/fortaleza-rescata-el-empate-ante-santa-fe-en-el-campin\\\/#breadcrumb\"},\"inLanguage\":\"es\",\"potentialAction\":[{\"@type\":\"ReadAction\",\"target\":[\"https:\\\/\\\/futbolhoy.co\\\/index.php\\\/2026\\\/09\\\/05\\\/fortaleza-rescata-el-empate-ante-santa-fe-en-el-campin\\\/\"]}]},{\"@type\":\"ImageObject\",\"inLanguage\":\"es\",\"@id\":\"https:\\\/\\\/futbolhoy.co\\\/index.php\\\/2026\\\/09\\\/05\\\/fortaleza-rescata-el-empate-ante-santa-fe-en-el-campin\\\/#primaryimage\",\"url\":\"https:\\\/\\\/futbolhoy.co\\\/wp-content\\\/uploads\\\/2026\\\/09\\\/Captura-de-pantalla-2026-09-05-201110.png\",\"contentUrl\":\"https:\\\/\\\/futbolhoy.co\\\/wp-content\\\/uploads\\\/2026\\\/09\\\/Captura-de-pantalla-2026-09-05-201110.png\",\"width\":808,\"height\":520},{\"@type\":\"BreadcrumbList\",\"@id\":\"https:\\\/\\\/futbolhoy.co\\\/index.php\\\/2026\\\/09\\\/05\\\/fortaleza-rescata-el-empate-ante-santa-fe-en-el-campin\\\/#breadcrumb\",\"itemListElement\":[{\"@type\":\"ListItem\",\"position\":1,\"name\":\"Portada\",\"item\":\"https:\\\/\\\/futbolhoy.co\\\/\"},{\"@type\":\"ListItem\",\"position\":2,\"name\":\"Fortaleza rescata el empate ante Santa Fe en El Camp\u00edn\"}]},{\"@type\":\"WebSite\",\"@id\":\"https:\\\/\\\/futbolhoy.co\\\/#website\",\"url\":\"https:\\\/\\\/futbolhoy.co\\\/\",\"name\":\"FutbolHoy\",\"description\":\"\",\"potentialAction\":[{\"@type\":\"SearchAction\",\"target\":{\"@type\":\"EntryPoint\",\"urlTemplate\":\"https:\\\/\\\/futbolhoy.co\\\/?s={search_term_string}\"},\"query-input\":{\"@type\":\"PropertyValueSpecification\",\"valueRequired\":true,\"valueName\":\"search_term_string\"}}],\"inLanguage\":\"es\"},{\"@type\":\"Person\",\"@id\":\"https:\\\/\\\/futbolhoy.co\\\/#\\\/schema\\\/person\\\/fd6655d9c96e8d0be987c569dbef4401\",\"name\":\"Christian Felipe Amezquita Ortiz\",\"image\":{\"@type\":\"ImageObject\",\"inLanguage\":\"es\",\"@id\":\"https:\\\/\\\/secure.gravatar.com\\\/avatar\\\/6a1b9e57b97fa86c2c4e887dcc49d71ff8b05649dac810809466547eb33825f4?s=96&d=mm&r=g\",\"url\":\"https:\\\/\\\/secure.gravatar.com\\\/avatar\\\/6a1b9e57b97fa86c2c4e887dcc49d71ff8b05649dac810809466547eb33825f4?s=96&d=mm&r=g\",\"contentUrl\":\"https:\\\/\\\/secure.gravatar.com\\\/avatar\\\/6a1b9e57b97fa86c2c4e887dcc49d71ff8b05649dac810809466547eb33825f4?s=96&d=mm&r=g\",\"caption\":\"Christian Felipe Amezquita Ortiz\"}}]}<\/script>\n<!-- \/ Yoast SEO plugin. -->","yoast_head_json":{"title":"Fortaleza rescata el empate ante Santa Fe en El Camp\u00edn -","robots":{"index":"index","follow":"follow","max-snippet":"max-snippet:-1","max-image-preview":"max-image-preview:large","max-video-preview":"max-video-preview:-1"},"canonical":"https:\/\/futbolhoy.co\/index.php\/2026\/09\/05\/fortaleza-rescata-el-empate-ante-santa-fe-en-el-campin\/","og_locale":"es_ES","og_type":"article","og_title":"Fortaleza rescata el empate ante Santa Fe en El Camp\u00edn -","og_description":"Independiente Santa Fe dej\u00f3 escapar la victoria ante Fortaleza y termin\u00f3 empatando 2-2 en un partido disputado a puerta cerrada en El Camp\u00edn, debido a la sanci\u00f3n por los disturbios protagonizados por hinchas en jornadas anteriores. El conjunto cardenal comenz\u00f3 con intensidad y encontr\u00f3 la ventaja al minuto 17, cuando el uruguayo Franco Fag\u00fandez marc\u00f3 [&hellip;]","og_url":"https:\/\/futbolhoy.co\/index.php\/2026\/09\/05\/fortaleza-rescata-el-empate-ante-santa-fe-en-el-campin\/","article_publisher":"https:\/\/www.facebook.com\/FutbolHoyCol\/","article_published_time":"2026-09-06T01:22:50+00:00","og_image":[{"width":808,"height":520,"url":"https:\/\/futbolhoy.co\/wp-content\/uploads\/2026\/09\/Captura-de-pantalla-2026-09-05-201110.png","type":"image\/png"}],"author":"Christian Felipe Amezquita Ortiz","twitter_card":"summary_large_image","twitter_creator":"@FutbolHoyCol","twitter_site":"@FutbolHoyCol","twitter_misc":{"Escrito por":"Christian Felipe Amezquita Ortiz","Tiempo de lectura":"1 minuto"},"schema":{"@context":"https:\/\/schema.org","@graph":[{"@type":"Article","@id":"https:\/\/futbolhoy.co\/index.php\/2026\/09\/05\/fortaleza-rescata-el-empate-ante-santa-fe-en-el-campin\/#article","isPartOf":{"@id":"https:\/\/futbolhoy.co\/index.php\/2026\/09\/05\/fortaleza-rescata-el-empate-ante-santa-fe-en-el-campin\/"},"author":{"name":"Christian Felipe Amezquita Ortiz","@id":"https:\/\/futbolhoy.co\/#\/schema\/person\/fd6655d9c96e8d0be987c569dbef4401"},"headline":"Fortaleza rescata el empate ante Santa Fe en El Camp\u00edn","datePublished":"2026-09-06T01:22:50+00:00","mainEntityOfPage":{"@id":"https:\/\/futbolhoy.co\/index.php\/2026\/09\/05\/fortaleza-rescata-el-empate-ante-santa-fe-en-el-campin\/"},"wordCount":231,"image":{"@id":"https:\/\/futbolhoy.co\/index.php\/2026\/09\/05\/fortaleza-rescata-el-empate-ante-santa-fe-en-el-campin\/#primaryimage"},"thumbnailUrl":"https:\/\/futbolhoy.co\/wp-content\/uploads\/2026\/09\/Captura-de-pantalla-2026-09-05-201110.png","articleSection":["Destacados"],"inLanguage":"es"},{"@type":"WebPage","@id":"https:\/\/futbolhoy.co\/index.php\/2026\/09\/05\/fortaleza-rescata-el-empate-ante-santa-fe-en-el-campin\/","url":"https:\/\/futbolhoy.co\/index.php\/2026\/09\/05\/fortaleza-rescata-el-empate-ante-santa-fe-en-el-campin\/","name":"Fortaleza rescata el empate ante Santa Fe en El Camp\u00edn -","isPartOf":{"@id":"https:\/\/futbolhoy.co\/#website"},"primaryImageOfPage":{"@id":"https:\/\/futbolhoy.co\/index.php\/2026\/09\/05\/fortaleza-rescata-el-empate-ante-santa-fe-en-el-campin\/#primaryimage"},"image":{"@id":"https:\/\/futbolhoy.co\/index.php\/2026\/09\/05\/fortaleza-rescata-el-empate-ante-santa-fe-en-el-campin\/#primaryimage"},"thumbnailUrl":"https:\/\/futbolhoy.co\/wp-content\/uploads\/2026\/09\/Captura-de-pantalla-2026-09-05-201110.png","datePublished":"2026-09-06T01:22:50+00:00","author":{"@id":"https:\/\/futbolhoy.co\/#\/schema\/person\/fd6655d9c96e8d0be987c569dbef4401"},"breadcrumb":{"@id":"https:\/\/futbolhoy.co\/index.php\/2026\/09\/05\/fortaleza-rescata-el-empate-ante-santa-fe-en-el-campin\/#breadcrumb"},"inLanguage":"es","potentialAction":[{"@type":"ReadAction","target":["https:\/\/futbolhoy.co\/index.php\/2026\/09\/05\/fortaleza-rescata-el-empate-ante-santa-fe-en-el-campin\/"]}]},{"@type":"ImageObject","inLanguage":"es","@id":"https:\/\/futbolhoy.co\/index.php\/2026\/09\/05\/fortaleza-rescata-el-empate-ante-santa-fe-en-el-campin\/#primaryimage","url":"https:\/\/futbolhoy.co\/wp-content\/uploads\/2026\/09\/Captura-de-pantalla-2026-09-05-201110.png","contentUrl":"https:\/\/futbolhoy.co\/wp-content\/uploads\/2026\/09\/Captura-de-pantalla-2026-09-05-201110.png","width":808,"height":520},{"@type":"BreadcrumbList","@id":"https:\/\/futbolhoy.co\/index.php\/2026\/09\/05\/fortaleza-rescata-el-empate-ante-santa-fe-en-el-campin\/#breadcrumb","itemListElement":[{"@type":"ListItem","position":1,"name":"Portada","item":"https:\/\/futbolhoy.co\/"},{"@type":"ListItem","position":2,"name":"Fortaleza rescata el empate ante Santa Fe en El Camp\u00edn"}]},{"@type":"WebSite","@id":"https:\/\/futbolhoy.co\/#website","url":"https:\/\/futbolhoy.co\/","name":"FutbolHoy","description":"","potentialAction":[{"@type":"SearchAction","target":{"@type":"EntryPoint","urlTemplate":"https:\/\/futbolhoy.co\/?s={search_term_string}"},"query-input":{"@type":"PropertyValueSpecification","valueRequired":true,"valueName":"search_term_string"}}],"inLanguage":"es"},{"@type":"Person","@id":"https:\/\/futbolhoy.co\/#\/schema\/person\/fd6655d9c96e8d0be987c569dbef4401","name":"Christian Felipe Amezquita Ortiz","image":{"@type":"ImageObject","inLanguage":"es","@id":"https:\/\/secure.gravatar.com\/avatar\/6a1b9e57b97fa86c2c4e887dcc49d71ff8b05649dac810809466547eb33825f4?s=96&d=mm&r=g","url":"https:\/\/secure.gravatar.com\/avatar\/6a1b9e57b97fa86c2c4e887dcc49d71ff8b05649dac810809466547eb33825f4?s=96&d=mm&r=g","contentUrl":"https:\/\/secure.gravatar.com\/avatar\/6a1b9e57b97fa86c2c4e887dcc49d71ff8b05649dac810809466547eb33825f4?s=96&d=mm&r=g","caption":"Christian Felipe Amezquita Ortiz"}}]}},"_links":{"self":[{"href":"https:\/\/futbolhoy.co\/index.php\/wp-json\/wp\/v2\/posts\/134759","targetHints":{"allow":["GET"]}}],"collection":[{"href":"https:\/\/futbolhoy.co\/index.php\/wp-json\/wp\/v2\/posts"}],"about":[{"href":"https:\/\/futbolhoy.co\/index.php\/wp-json\/wp\/v2\/types\/post"}],"author":[{"embeddable":true,"href":"https:\/\/futbolhoy.co\/index.php\/wp-json\/wp\/v2\/users\/18"}],"replies":[{"embeddable":true,"href":"https:\/\/futbolhoy.co\/index.php\/wp-json\/wp\/v2\/comments?post=134759"}],"version-history":[{"count":1,"href":"https:\/\/futbolhoy.co\/index.php\/wp-json\/wp\/v2\/posts\/134759\/revisions"}],"predecessor-version":[{"id":134761,"href":"https:\/\/futbolhoy.co\/index.php\/wp-json\/wp\/v2\/posts\/134759\/revisions\/134761"}],"wp:featuredmedia":[{"embeddable":true,"href":"https:\/\/futbolhoy.co\/index.php\/wp-json\/wp\/v2\/media\/134760"}],"wp:attachment":[{"href":"https:\/\/futbolhoy.co\/index.php\/wp-json\/wp\/v2\/media?parent=134759"}],"wp:term":[{"taxonomy":"category","embeddable":true,"href":"https:\/\/futbolhoy.co\/index.php\/wp-json\/wp\/v2\/categories?post=134759"},{"taxonomy":"post_tag","embeddable":true,"href":"https:\/\/futbolhoy.co\/index.php\/wp-json\/wp\/v2\/tags?post=134759"}],"curies":[{"name":"wp","href":"https:\/\/api.w.org\/{rel}","templated":true}]}}