{"id":134767,"date":"2026-09-05T22:34:11","date_gmt":"2026-09-06T03:34:11","guid":{"rendered":"https:\/\/futbolhoy.co\/?p=134767"},"modified":"2026-09-05T22:34:11","modified_gmt":"2026-09-06T03:34:11","slug":"junior-rescata-un-empate-ante-jaguares-en-el-debut-de-sebastian-viera","status":"publish","type":"post","link":"https:\/\/futbolhoy.co\/index.php\/2026\/09\/05\/junior-rescata-un-empate-ante-jaguares-en-el-debut-de-sebastian-viera\/","title":{"rendered":"Junior rescata un empate ante Jaguares en el debut de Sebasti\u00e1n Viera"},"content":{"rendered":"<p class=\"isSelectedEnd\" style=\"text-align: justify;\"><span style=\"font-family: helvetica, arial, sans-serif;\"><strong>Sebasti\u00e1n Viera<\/strong> no pudo celebrar su primera victoria como entrenador de <strong>Junior<\/strong>, pero su equipo evit\u00f3 la derrota en el \u00faltimo suspiro y empat\u00f3 <strong>3-3 ante Jaguares<\/strong> en un partido lleno de emociones.<\/span><\/p>\n<p class=\"isSelectedEnd\" style=\"text-align: justify;\"><span style=\"font-family: helvetica, arial, sans-serif;\">El conjunto barranquillero comenz\u00f3 ganando al <strong>minuto 6<\/strong>, cuando <strong>Y\u00e1ison Su\u00e1rez<\/strong> aprovech\u00f3 una asistencia de <strong>Luis Fernando Muriel<\/strong> para marcar el 1-0. Sin embargo, Jaguares reaccion\u00f3 r\u00e1pidamente y al <strong>9&#8242;<\/strong>, <strong>Cristian \u00c1lvarez<\/strong> puso el 1-1.<\/span><\/p>\n<p class=\"isSelectedEnd\" style=\"text-align: justify;\"><span style=\"font-family: helvetica, arial, sans-serif;\">Junior tuvo una nueva oportunidad para ponerse en ventaja desde el <strong>punto penal<\/strong>, pero el delantero rojiblanco desperdici\u00f3 el cobro. Adem\u00e1s, las alarmas se encendieron cuando <strong>Luis Fernando Muriel<\/strong> sinti\u00f3 molestias y tuvo que abandonar el terreno de juego. Su lugar fue ocupado por <strong>Te\u00f3filo Guti\u00e9rrez<\/strong>.<\/span><\/p>\n<p class=\"isSelectedEnd\" style=\"text-align: justify;\"><span style=\"font-family: helvetica, arial, sans-serif;\">Precisamente, Te\u00f3filo apareci\u00f3 al <strong>minuto 62<\/strong> para marcar de <strong>bal\u00f3n parado<\/strong> y devolverle la ventaja al equipo de Viera.<\/span><\/p>\n<p class=\"isSelectedEnd\" style=\"text-align: justify;\"><span style=\"font-family: helvetica, arial, sans-serif;\">Pero Jaguares no baj\u00f3 los brazos y protagoniz\u00f3 una remontada en el tramo final. Al <strong>77&#8242;<\/strong>, <strong>Rafael Bustamante<\/strong> marc\u00f3 el 2-2 y apenas tres minutos despu\u00e9s, al <strong>80&#8242;<\/strong>, <strong>Darwin L\u00f3pez<\/strong> puso el 3-2 para el conjunto visitante.<\/span><\/p>\n<p class=\"isSelectedEnd\" style=\"text-align: justify;\"><span style=\"font-family: helvetica, arial, sans-serif;\">Cuando todo parec\u00eda perdido para Junior, apareci\u00f3 <strong>Jes\u00fas Rivas<\/strong> al <strong>minuto 90<\/strong> para marcar el <strong>3-3 definitivo<\/strong> y rescatar un punto para el cuadro barranquillero.<\/span><\/p>\n<p style=\"text-align: justify;\"><span style=\"font-family: helvetica, arial, sans-serif;\">As\u00ed, el debut de <strong>Sebasti\u00e1n Viera<\/strong> termina con un empate en un partido de seis goles. Junior, sin embargo, <strong>contin\u00faa sin ganar en la Liga<\/strong> y deber\u00e1 esperar para conseguir su primera victoria del campeonato.<\/span><\/p>\n","protected":false},"excerpt":{"rendered":"<p>Sebasti\u00e1n Viera no pudo celebrar su primera victoria como entrenador de Junior, pero su equipo evit\u00f3 la derrota en el \u00faltimo suspiro y empat\u00f3 3-3 ante Jaguares en un partido lleno de emociones. El conjunto barranquillero comenz\u00f3 ganando al minuto 6, cuando Y\u00e1ison Su\u00e1rez aprovech\u00f3 una asistencia de Luis Fernando Muriel para marcar el 1-0. [&hellip;]<\/p>\n","protected":false},"author":18,"featured_media":134768,"comment_status":"closed","ping_status":"closed","sticky":false,"template":"","format":"standard","meta":{"_acf_changed":false,"footnotes":""},"categories":[5],"tags":[],"class_list":["post-134767","post","type-post","status-publish","format-standard","has-post-thumbnail","category-destacados"],"acf":[],"yoast_head":"<!-- This site is optimized with the Yoast SEO plugin v28.4 - https:\/\/yoast.com\/product\/yoast-seo-wordpress\/ -->\n<title>Junior rescata un empate ante Jaguares en el debut de Sebasti\u00e1n Viera -<\/title>\n<meta name=\"robots\" content=\"index, follow, max-snippet:-1, max-image-preview:large, max-video-preview:-1\" \/>\n<link rel=\"canonical\" href=\"https:\/\/futbolhoy.co\/index.php\/2026\/09\/05\/junior-rescata-un-empate-ante-jaguares-en-el-debut-de-sebastian-viera\/\" \/>\n<meta property=\"og:locale\" content=\"es_ES\" \/>\n<meta property=\"og:type\" content=\"article\" \/>\n<meta property=\"og:title\" content=\"Junior rescata un empate ante Jaguares en el debut de Sebasti\u00e1n Viera -\" \/>\n<meta property=\"og:description\" content=\"Sebasti\u00e1n Viera no pudo celebrar su primera victoria como entrenador de Junior, pero su equipo evit\u00f3 la derrota en el \u00faltimo suspiro y empat\u00f3 3-3 ante Jaguares en un partido lleno de emociones. El conjunto barranquillero comenz\u00f3 ganando al minuto 6, cuando Y\u00e1ison Su\u00e1rez aprovech\u00f3 una asistencia de Luis Fernando Muriel para marcar el 1-0. [&hellip;]\" \/>\n<meta property=\"og:url\" content=\"https:\/\/futbolhoy.co\/index.php\/2026\/09\/05\/junior-rescata-un-empate-ante-jaguares-en-el-debut-de-sebastian-viera\/\" \/>\n<meta property=\"article:publisher\" content=\"https:\/\/www.facebook.com\/FutbolHoyCol\/\" \/>\n<meta property=\"article:published_time\" content=\"2026-09-06T03:34:11+00:00\" \/>\n<meta property=\"og:image\" content=\"https:\/\/futbolhoy.co\/wp-content\/uploads\/2026\/09\/Captura-de-pantalla-2026-09-05-223318.png\" \/>\n\t<meta property=\"og:image:width\" content=\"743\" \/>\n\t<meta property=\"og:image:height\" content=\"497\" \/>\n\t<meta property=\"og:image:type\" content=\"image\/png\" \/>\n<meta name=\"author\" content=\"Christian Felipe Amezquita Ortiz\" \/>\n<meta name=\"twitter:card\" content=\"summary_large_image\" \/>\n<meta name=\"twitter:creator\" content=\"@FutbolHoyCol\" \/>\n<meta name=\"twitter:site\" content=\"@FutbolHoyCol\" \/>\n<meta name=\"twitter:label1\" content=\"Escrito por\" \/>\n\t<meta name=\"twitter:data1\" content=\"Christian Felipe Amezquita Ortiz\" \/>\n\t<meta name=\"twitter:label2\" content=\"Tiempo de lectura\" \/>\n\t<meta name=\"twitter:data2\" content=\"1 minuto\" \/>\n<script type=\"application\/ld+json\" class=\"yoast-schema-graph\">{\"@context\":\"https:\\\/\\\/schema.org\",\"@graph\":[{\"@type\":\"Article\",\"@id\":\"https:\\\/\\\/futbolhoy.co\\\/index.php\\\/2026\\\/09\\\/05\\\/junior-rescata-un-empate-ante-jaguares-en-el-debut-de-sebastian-viera\\\/#article\",\"isPartOf\":{\"@id\":\"https:\\\/\\\/futbolhoy.co\\\/index.php\\\/2026\\\/09\\\/05\\\/junior-rescata-un-empate-ante-jaguares-en-el-debut-de-sebastian-viera\\\/\"},\"author\":{\"name\":\"Christian Felipe Amezquita Ortiz\",\"@id\":\"https:\\\/\\\/futbolhoy.co\\\/#\\\/schema\\\/person\\\/fd6655d9c96e8d0be987c569dbef4401\"},\"headline\":\"Junior rescata un empate ante Jaguares en el debut de Sebasti\u00e1n Viera\",\"datePublished\":\"2026-09-06T03:34:11+00:00\",\"mainEntityOfPage\":{\"@id\":\"https:\\\/\\\/futbolhoy.co\\\/index.php\\\/2026\\\/09\\\/05\\\/junior-rescata-un-empate-ante-jaguares-en-el-debut-de-sebastian-viera\\\/\"},\"wordCount\":252,\"image\":{\"@id\":\"https:\\\/\\\/futbolhoy.co\\\/index.php\\\/2026\\\/09\\\/05\\\/junior-rescata-un-empate-ante-jaguares-en-el-debut-de-sebastian-viera\\\/#primaryimage\"},\"thumbnailUrl\":\"https:\\\/\\\/futbolhoy.co\\\/wp-content\\\/uploads\\\/2026\\\/09\\\/Captura-de-pantalla-2026-09-05-223318.png\",\"articleSection\":[\"Destacados\"],\"inLanguage\":\"es\"},{\"@type\":\"WebPage\",\"@id\":\"https:\\\/\\\/futbolhoy.co\\\/index.php\\\/2026\\\/09\\\/05\\\/junior-rescata-un-empate-ante-jaguares-en-el-debut-de-sebastian-viera\\\/\",\"url\":\"https:\\\/\\\/futbolhoy.co\\\/index.php\\\/2026\\\/09\\\/05\\\/junior-rescata-un-empate-ante-jaguares-en-el-debut-de-sebastian-viera\\\/\",\"name\":\"Junior rescata un empate ante Jaguares en el debut de Sebasti\u00e1n Viera -\",\"isPartOf\":{\"@id\":\"https:\\\/\\\/futbolhoy.co\\\/#website\"},\"primaryImageOfPage\":{\"@id\":\"https:\\\/\\\/futbolhoy.co\\\/index.php\\\/2026\\\/09\\\/05\\\/junior-rescata-un-empate-ante-jaguares-en-el-debut-de-sebastian-viera\\\/#primaryimage\"},\"image\":{\"@id\":\"https:\\\/\\\/futbolhoy.co\\\/index.php\\\/2026\\\/09\\\/05\\\/junior-rescata-un-empate-ante-jaguares-en-el-debut-de-sebastian-viera\\\/#primaryimage\"},\"thumbnailUrl\":\"https:\\\/\\\/futbolhoy.co\\\/wp-content\\\/uploads\\\/2026\\\/09\\\/Captura-de-pantalla-2026-09-05-223318.png\",\"datePublished\":\"2026-09-06T03:34:11+00:00\",\"author\":{\"@id\":\"https:\\\/\\\/futbolhoy.co\\\/#\\\/schema\\\/person\\\/fd6655d9c96e8d0be987c569dbef4401\"},\"breadcrumb\":{\"@id\":\"https:\\\/\\\/futbolhoy.co\\\/index.php\\\/2026\\\/09\\\/05\\\/junior-rescata-un-empate-ante-jaguares-en-el-debut-de-sebastian-viera\\\/#breadcrumb\"},\"inLanguage\":\"es\",\"potentialAction\":[{\"@type\":\"ReadAction\",\"target\":[\"https:\\\/\\\/futbolhoy.co\\\/index.php\\\/2026\\\/09\\\/05\\\/junior-rescata-un-empate-ante-jaguares-en-el-debut-de-sebastian-viera\\\/\"]}]},{\"@type\":\"ImageObject\",\"inLanguage\":\"es\",\"@id\":\"https:\\\/\\\/futbolhoy.co\\\/index.php\\\/2026\\\/09\\\/05\\\/junior-rescata-un-empate-ante-jaguares-en-el-debut-de-sebastian-viera\\\/#primaryimage\",\"url\":\"https:\\\/\\\/futbolhoy.co\\\/wp-content\\\/uploads\\\/2026\\\/09\\\/Captura-de-pantalla-2026-09-05-223318.png\",\"contentUrl\":\"https:\\\/\\\/futbolhoy.co\\\/wp-content\\\/uploads\\\/2026\\\/09\\\/Captura-de-pantalla-2026-09-05-223318.png\",\"width\":743,\"height\":497},{\"@type\":\"BreadcrumbList\",\"@id\":\"https:\\\/\\\/futbolhoy.co\\\/index.php\\\/2026\\\/09\\\/05\\\/junior-rescata-un-empate-ante-jaguares-en-el-debut-de-sebastian-viera\\\/#breadcrumb\",\"itemListElement\":[{\"@type\":\"ListItem\",\"position\":1,\"name\":\"Portada\",\"item\":\"https:\\\/\\\/futbolhoy.co\\\/\"},{\"@type\":\"ListItem\",\"position\":2,\"name\":\"Junior rescata un empate ante Jaguares en el debut de Sebasti\u00e1n Viera\"}]},{\"@type\":\"WebSite\",\"@id\":\"https:\\\/\\\/futbolhoy.co\\\/#website\",\"url\":\"https:\\\/\\\/futbolhoy.co\\\/\",\"name\":\"FutbolHoy\",\"description\":\"\",\"potentialAction\":[{\"@type\":\"SearchAction\",\"target\":{\"@type\":\"EntryPoint\",\"urlTemplate\":\"https:\\\/\\\/futbolhoy.co\\\/?s={search_term_string}\"},\"query-input\":{\"@type\":\"PropertyValueSpecification\",\"valueRequired\":true,\"valueName\":\"search_term_string\"}}],\"inLanguage\":\"es\"},{\"@type\":\"Person\",\"@id\":\"https:\\\/\\\/futbolhoy.co\\\/#\\\/schema\\\/person\\\/fd6655d9c96e8d0be987c569dbef4401\",\"name\":\"Christian Felipe Amezquita Ortiz\",\"image\":{\"@type\":\"ImageObject\",\"inLanguage\":\"es\",\"@id\":\"https:\\\/\\\/secure.gravatar.com\\\/avatar\\\/6a1b9e57b97fa86c2c4e887dcc49d71ff8b05649dac810809466547eb33825f4?s=96&d=mm&r=g\",\"url\":\"https:\\\/\\\/secure.gravatar.com\\\/avatar\\\/6a1b9e57b97fa86c2c4e887dcc49d71ff8b05649dac810809466547eb33825f4?s=96&d=mm&r=g\",\"contentUrl\":\"https:\\\/\\\/secure.gravatar.com\\\/avatar\\\/6a1b9e57b97fa86c2c4e887dcc49d71ff8b05649dac810809466547eb33825f4?s=96&d=mm&r=g\",\"caption\":\"Christian Felipe Amezquita Ortiz\"}}]}<\/script>\n<!-- \/ Yoast SEO plugin. -->","yoast_head_json":{"title":"Junior rescata un empate ante Jaguares en el debut de Sebasti\u00e1n Viera -","robots":{"index":"index","follow":"follow","max-snippet":"max-snippet:-1","max-image-preview":"max-image-preview:large","max-video-preview":"max-video-preview:-1"},"canonical":"https:\/\/futbolhoy.co\/index.php\/2026\/09\/05\/junior-rescata-un-empate-ante-jaguares-en-el-debut-de-sebastian-viera\/","og_locale":"es_ES","og_type":"article","og_title":"Junior rescata un empate ante Jaguares en el debut de Sebasti\u00e1n Viera -","og_description":"Sebasti\u00e1n Viera no pudo celebrar su primera victoria como entrenador de Junior, pero su equipo evit\u00f3 la derrota en el \u00faltimo suspiro y empat\u00f3 3-3 ante Jaguares en un partido lleno de emociones. El conjunto barranquillero comenz\u00f3 ganando al minuto 6, cuando Y\u00e1ison Su\u00e1rez aprovech\u00f3 una asistencia de Luis Fernando Muriel para marcar el 1-0. [&hellip;]","og_url":"https:\/\/futbolhoy.co\/index.php\/2026\/09\/05\/junior-rescata-un-empate-ante-jaguares-en-el-debut-de-sebastian-viera\/","article_publisher":"https:\/\/www.facebook.com\/FutbolHoyCol\/","article_published_time":"2026-09-06T03:34:11+00:00","og_image":[{"width":743,"height":497,"url":"https:\/\/futbolhoy.co\/wp-content\/uploads\/2026\/09\/Captura-de-pantalla-2026-09-05-223318.png","type":"image\/png"}],"author":"Christian Felipe Amezquita Ortiz","twitter_card":"summary_large_image","twitter_creator":"@FutbolHoyCol","twitter_site":"@FutbolHoyCol","twitter_misc":{"Escrito por":"Christian Felipe Amezquita Ortiz","Tiempo de lectura":"1 minuto"},"schema":{"@context":"https:\/\/schema.org","@graph":[{"@type":"Article","@id":"https:\/\/futbolhoy.co\/index.php\/2026\/09\/05\/junior-rescata-un-empate-ante-jaguares-en-el-debut-de-sebastian-viera\/#article","isPartOf":{"@id":"https:\/\/futbolhoy.co\/index.php\/2026\/09\/05\/junior-rescata-un-empate-ante-jaguares-en-el-debut-de-sebastian-viera\/"},"author":{"name":"Christian Felipe Amezquita Ortiz","@id":"https:\/\/futbolhoy.co\/#\/schema\/person\/fd6655d9c96e8d0be987c569dbef4401"},"headline":"Junior rescata un empate ante Jaguares en el debut de Sebasti\u00e1n Viera","datePublished":"2026-09-06T03:34:11+00:00","mainEntityOfPage":{"@id":"https:\/\/futbolhoy.co\/index.php\/2026\/09\/05\/junior-rescata-un-empate-ante-jaguares-en-el-debut-de-sebastian-viera\/"},"wordCount":252,"image":{"@id":"https:\/\/futbolhoy.co\/index.php\/2026\/09\/05\/junior-rescata-un-empate-ante-jaguares-en-el-debut-de-sebastian-viera\/#primaryimage"},"thumbnailUrl":"https:\/\/futbolhoy.co\/wp-content\/uploads\/2026\/09\/Captura-de-pantalla-2026-09-05-223318.png","articleSection":["Destacados"],"inLanguage":"es"},{"@type":"WebPage","@id":"https:\/\/futbolhoy.co\/index.php\/2026\/09\/05\/junior-rescata-un-empate-ante-jaguares-en-el-debut-de-sebastian-viera\/","url":"https:\/\/futbolhoy.co\/index.php\/2026\/09\/05\/junior-rescata-un-empate-ante-jaguares-en-el-debut-de-sebastian-viera\/","name":"Junior rescata un empate ante Jaguares en el debut de Sebasti\u00e1n Viera -","isPartOf":{"@id":"https:\/\/futbolhoy.co\/#website"},"primaryImageOfPage":{"@id":"https:\/\/futbolhoy.co\/index.php\/2026\/09\/05\/junior-rescata-un-empate-ante-jaguares-en-el-debut-de-sebastian-viera\/#primaryimage"},"image":{"@id":"https:\/\/futbolhoy.co\/index.php\/2026\/09\/05\/junior-rescata-un-empate-ante-jaguares-en-el-debut-de-sebastian-viera\/#primaryimage"},"thumbnailUrl":"https:\/\/futbolhoy.co\/wp-content\/uploads\/2026\/09\/Captura-de-pantalla-2026-09-05-223318.png","datePublished":"2026-09-06T03:34:11+00:00","author":{"@id":"https:\/\/futbolhoy.co\/#\/schema\/person\/fd6655d9c96e8d0be987c569dbef4401"},"breadcrumb":{"@id":"https:\/\/futbolhoy.co\/index.php\/2026\/09\/05\/junior-rescata-un-empate-ante-jaguares-en-el-debut-de-sebastian-viera\/#breadcrumb"},"inLanguage":"es","potentialAction":[{"@type":"ReadAction","target":["https:\/\/futbolhoy.co\/index.php\/2026\/09\/05\/junior-rescata-un-empate-ante-jaguares-en-el-debut-de-sebastian-viera\/"]}]},{"@type":"ImageObject","inLanguage":"es","@id":"https:\/\/futbolhoy.co\/index.php\/2026\/09\/05\/junior-rescata-un-empate-ante-jaguares-en-el-debut-de-sebastian-viera\/#primaryimage","url":"https:\/\/futbolhoy.co\/wp-content\/uploads\/2026\/09\/Captura-de-pantalla-2026-09-05-223318.png","contentUrl":"https:\/\/futbolhoy.co\/wp-content\/uploads\/2026\/09\/Captura-de-pantalla-2026-09-05-223318.png","width":743,"height":497},{"@type":"BreadcrumbList","@id":"https:\/\/futbolhoy.co\/index.php\/2026\/09\/05\/junior-rescata-un-empate-ante-jaguares-en-el-debut-de-sebastian-viera\/#breadcrumb","itemListElement":[{"@type":"ListItem","position":1,"name":"Portada","item":"https:\/\/futbolhoy.co\/"},{"@type":"ListItem","position":2,"name":"Junior rescata un empate ante Jaguares en el debut de Sebasti\u00e1n Viera"}]},{"@type":"WebSite","@id":"https:\/\/futbolhoy.co\/#website","url":"https:\/\/futbolhoy.co\/","name":"FutbolHoy","description":"","potentialAction":[{"@type":"SearchAction","target":{"@type":"EntryPoint","urlTemplate":"https:\/\/futbolhoy.co\/?s={search_term_string}"},"query-input":{"@type":"PropertyValueSpecification","valueRequired":true,"valueName":"search_term_string"}}],"inLanguage":"es"},{"@type":"Person","@id":"https:\/\/futbolhoy.co\/#\/schema\/person\/fd6655d9c96e8d0be987c569dbef4401","name":"Christian Felipe Amezquita Ortiz","image":{"@type":"ImageObject","inLanguage":"es","@id":"https:\/\/secure.gravatar.com\/avatar\/6a1b9e57b97fa86c2c4e887dcc49d71ff8b05649dac810809466547eb33825f4?s=96&d=mm&r=g","url":"https:\/\/secure.gravatar.com\/avatar\/6a1b9e57b97fa86c2c4e887dcc49d71ff8b05649dac810809466547eb33825f4?s=96&d=mm&r=g","contentUrl":"https:\/\/secure.gravatar.com\/avatar\/6a1b9e57b97fa86c2c4e887dcc49d71ff8b05649dac810809466547eb33825f4?s=96&d=mm&r=g","caption":"Christian Felipe Amezquita Ortiz"}}]}},"_links":{"self":[{"href":"https:\/\/futbolhoy.co\/index.php\/wp-json\/wp\/v2\/posts\/134767","targetHints":{"allow":["GET"]}}],"collection":[{"href":"https:\/\/futbolhoy.co\/index.php\/wp-json\/wp\/v2\/posts"}],"about":[{"href":"https:\/\/futbolhoy.co\/index.php\/wp-json\/wp\/v2\/types\/post"}],"author":[{"embeddable":true,"href":"https:\/\/futbolhoy.co\/index.php\/wp-json\/wp\/v2\/users\/18"}],"replies":[{"embeddable":true,"href":"https:\/\/futbolhoy.co\/index.php\/wp-json\/wp\/v2\/comments?post=134767"}],"version-history":[{"count":1,"href":"https:\/\/futbolhoy.co\/index.php\/wp-json\/wp\/v2\/posts\/134767\/revisions"}],"predecessor-version":[{"id":134769,"href":"https:\/\/futbolhoy.co\/index.php\/wp-json\/wp\/v2\/posts\/134767\/revisions\/134769"}],"wp:featuredmedia":[{"embeddable":true,"href":"https:\/\/futbolhoy.co\/index.php\/wp-json\/wp\/v2\/media\/134768"}],"wp:attachment":[{"href":"https:\/\/futbolhoy.co\/index.php\/wp-json\/wp\/v2\/media?parent=134767"}],"wp:term":[{"taxonomy":"category","embeddable":true,"href":"https:\/\/futbolhoy.co\/index.php\/wp-json\/wp\/v2\/categories?post=134767"},{"taxonomy":"post_tag","embeddable":true,"href":"https:\/\/futbolhoy.co\/index.php\/wp-json\/wp\/v2\/tags?post=134767"}],"curies":[{"name":"wp","href":"https:\/\/api.w.org\/{rel}","templated":true}]}}