{"id":134787,"date":"2026-09-06T09:58:13","date_gmt":"2026-09-06T14:58:13","guid":{"rendered":"https:\/\/futbolhoy.co\/?p=134787"},"modified":"2026-09-06T09:59:14","modified_gmt":"2026-09-06T14:59:14","slug":"luis-suarez-reconocio-que-pudo-irse-del-sporting-contundentes-declaraciones","status":"publish","type":"post","link":"https:\/\/futbolhoy.co\/index.php\/2026\/09\/06\/luis-suarez-reconocio-que-pudo-irse-del-sporting-contundentes-declaraciones\/","title":{"rendered":"Luis Su\u00e1rez reconoci\u00f3 que pudo irse del Sporting: contundentes declaraciones"},"content":{"rendered":"<p style=\"text-align: justify;\"><span style=\"font-family: helvetica, arial, sans-serif;\"><strong>Luis Javier Su\u00e1rez<\/strong> se report\u00f3 con gol y asistencia en la victoria del <strong>Sporting<\/strong> 2-0 sobre <strong>Nacional,<\/strong> por la fecha 5 de la<strong> Liga de Portugal.<\/strong> El colombiano termin\u00f3 como la figura del encuentro y al final de este habl\u00f3 con la prensa sobre su inicio de campa\u00f1a, la cual estuvo rodeada de algunas pol\u00e9micas.<\/span><\/p>\n<p style=\"text-align: justify;\"><span style=\"font-family: helvetica, arial, sans-serif;\">Se conoci\u00f3 que el samario tuvo conversaciones con <strong>Fenerbahce,<\/strong> m\u00e1s precisamente con un candidato a la presidencia que le prometi\u00f3 su fichaje, en caso de ser elegido. Asimismo, se dijo que lo busc\u00f3 el <strong>Barcelona,<\/strong> pero no quisieron pagar la cl\u00e1usula de 80 millones de euros y que al final, por no poderse marchar, no estaba c\u00f3modo.<\/span><\/p>\n<p style=\"text-align: justify;\"><span style=\"font-family: helvetica, arial, sans-serif;\">Su\u00e1rez rompi\u00f3 el silencio y se refiri\u00f3 a estas situaciones, respondiendo por la raz\u00f3n por la cual no se le ve\u00eda feliz en los partidos.<\/span><span style=\"font-family: helvetica, arial, sans-serif;\">\u201c<strong>Siempre sonr\u00edo. Es lo que dijo el entrenador en la rueda de prensa. Sonr\u00edo cuando tengo que sonre\u00edr; cuando estoy en el trabajo, voy siempre a trabajar,<\/strong> como todo el mundo. En tu d\u00eda a d\u00eda, en tu trabajo, no siempre est\u00e1s sonriendo porque puede que tengas un mal d\u00eda\u201d, dijo.<\/span><\/p>\n<p style=\"text-align: justify;\"><span style=\"font-family: helvetica, arial, sans-serif;\">Sobre las conversaciones con Fenerbahce, mencion\u00f3: \u201cObviamente, pueden pasar cosas en el mercado, y en ning\u00fan momento dir\u00e9 que no pas\u00f3, porque pas\u00f3. Soy un hombre, miro a la c\u00e1mara, a todos los aficionados, y ocurri\u00f3, pero creo que<strong> ya es agua pasada porque no me fui a ning\u00fan sitio. Mi cabeza est\u00e1 en el Sporting<\/strong> y ya lo he dicho antes: dentro del campo sigo demostrando que estoy totalmente comprometido con el Sporting\u201d.<\/span><\/p>\n<p style=\"text-align: justify;\"><span style=\"font-family: helvetica, arial, sans-serif;\">El colombiano afronta su segunda temporada con el conjunto portugu\u00e9s, para el que ya ha jugado 58 partidos y ha marcado 42 goles, para un promedio superior al 0.72% goles por juego. Adem\u00e1s de contar con 9 asistencias, para una contribuci\u00f3n total en anotaciones de 51.<\/span><\/p>\n","protected":false},"excerpt":{"rendered":"<p>Luis Javier Su\u00e1rez se report\u00f3 con gol y asistencia en la victoria del Sporting 2-0 sobre Nacional, por la fecha 5 de la Liga de Portugal. El colombiano termin\u00f3 como la figura del encuentro y al final de este habl\u00f3 con la prensa sobre su inicio de campa\u00f1a, la cual estuvo rodeada de algunas pol\u00e9micas. [&hellip;]<\/p>\n","protected":false},"author":16,"featured_media":134788,"comment_status":"closed","ping_status":"closed","sticky":false,"template":"","format":"standard","meta":{"_acf_changed":false,"footnotes":""},"categories":[5],"tags":[],"class_list":["post-134787","post","type-post","status-publish","format-standard","has-post-thumbnail","category-destacados"],"acf":[],"yoast_head":"<!-- This site is optimized with the Yoast SEO plugin v28.4 - https:\/\/yoast.com\/product\/yoast-seo-wordpress\/ -->\n<title>Luis Su\u00e1rez reconoci\u00f3 que pudo irse del Sporting: contundentes declaraciones -<\/title>\n<meta name=\"robots\" content=\"index, follow, max-snippet:-1, max-image-preview:large, max-video-preview:-1\" \/>\n<link rel=\"canonical\" href=\"https:\/\/futbolhoy.co\/index.php\/2026\/09\/06\/luis-suarez-reconocio-que-pudo-irse-del-sporting-contundentes-declaraciones\/\" \/>\n<meta property=\"og:locale\" content=\"es_ES\" \/>\n<meta property=\"og:type\" content=\"article\" \/>\n<meta property=\"og:title\" content=\"Luis Su\u00e1rez reconoci\u00f3 que pudo irse del Sporting: contundentes declaraciones -\" \/>\n<meta property=\"og:description\" content=\"Luis Javier Su\u00e1rez se report\u00f3 con gol y asistencia en la victoria del Sporting 2-0 sobre Nacional, por la fecha 5 de la Liga de Portugal. El colombiano termin\u00f3 como la figura del encuentro y al final de este habl\u00f3 con la prensa sobre su inicio de campa\u00f1a, la cual estuvo rodeada de algunas pol\u00e9micas. [&hellip;]\" \/>\n<meta property=\"og:url\" content=\"https:\/\/futbolhoy.co\/index.php\/2026\/09\/06\/luis-suarez-reconocio-que-pudo-irse-del-sporting-contundentes-declaraciones\/\" \/>\n<meta property=\"article:publisher\" content=\"https:\/\/www.facebook.com\/FutbolHoyCol\/\" \/>\n<meta property=\"article:published_time\" content=\"2026-09-06T14:58:13+00:00\" \/>\n<meta property=\"article:modified_time\" content=\"2026-09-06T14:59:14+00:00\" \/>\n<meta property=\"og:image\" content=\"https:\/\/futbolhoy.co\/wp-content\/uploads\/2026\/09\/Lucho-Suarez.png\" \/>\n\t<meta property=\"og:image:width\" content=\"964\" \/>\n\t<meta property=\"og:image:height\" content=\"780\" \/>\n\t<meta property=\"og:image:type\" content=\"image\/png\" \/>\n<meta name=\"author\" content=\"Cristian Pinzon\" \/>\n<meta name=\"twitter:card\" content=\"summary_large_image\" \/>\n<meta name=\"twitter:creator\" content=\"@FutbolHoyCol\" \/>\n<meta name=\"twitter:site\" content=\"@FutbolHoyCol\" \/>\n<meta name=\"twitter:label1\" content=\"Escrito por\" \/>\n\t<meta name=\"twitter:data1\" content=\"Cristian Pinzon\" \/>\n\t<meta name=\"twitter:label2\" content=\"Tiempo de lectura\" \/>\n\t<meta name=\"twitter:data2\" content=\"2 minutos\" \/>\n<script type=\"application\/ld+json\" class=\"yoast-schema-graph\">{\"@context\":\"https:\\\/\\\/schema.org\",\"@graph\":[{\"@type\":\"Article\",\"@id\":\"https:\\\/\\\/futbolhoy.co\\\/index.php\\\/2026\\\/09\\\/06\\\/luis-suarez-reconocio-que-pudo-irse-del-sporting-contundentes-declaraciones\\\/#article\",\"isPartOf\":{\"@id\":\"https:\\\/\\\/futbolhoy.co\\\/index.php\\\/2026\\\/09\\\/06\\\/luis-suarez-reconocio-que-pudo-irse-del-sporting-contundentes-declaraciones\\\/\"},\"author\":{\"name\":\"Cristian Pinzon\",\"@id\":\"https:\\\/\\\/futbolhoy.co\\\/#\\\/schema\\\/person\\\/3631d0513b65c6249db5b1cff87011f0\"},\"headline\":\"Luis Su\u00e1rez reconoci\u00f3 que pudo irse del Sporting: contundentes declaraciones\",\"datePublished\":\"2026-09-06T14:58:13+00:00\",\"dateModified\":\"2026-09-06T14:59:14+00:00\",\"mainEntityOfPage\":{\"@id\":\"https:\\\/\\\/futbolhoy.co\\\/index.php\\\/2026\\\/09\\\/06\\\/luis-suarez-reconocio-que-pudo-irse-del-sporting-contundentes-declaraciones\\\/\"},\"wordCount\":334,\"image\":{\"@id\":\"https:\\\/\\\/futbolhoy.co\\\/index.php\\\/2026\\\/09\\\/06\\\/luis-suarez-reconocio-que-pudo-irse-del-sporting-contundentes-declaraciones\\\/#primaryimage\"},\"thumbnailUrl\":\"https:\\\/\\\/futbolhoy.co\\\/wp-content\\\/uploads\\\/2026\\\/09\\\/Lucho-Suarez.png\",\"articleSection\":[\"Destacados\"],\"inLanguage\":\"es\"},{\"@type\":\"WebPage\",\"@id\":\"https:\\\/\\\/futbolhoy.co\\\/index.php\\\/2026\\\/09\\\/06\\\/luis-suarez-reconocio-que-pudo-irse-del-sporting-contundentes-declaraciones\\\/\",\"url\":\"https:\\\/\\\/futbolhoy.co\\\/index.php\\\/2026\\\/09\\\/06\\\/luis-suarez-reconocio-que-pudo-irse-del-sporting-contundentes-declaraciones\\\/\",\"name\":\"Luis Su\u00e1rez reconoci\u00f3 que pudo irse del Sporting: contundentes declaraciones -\",\"isPartOf\":{\"@id\":\"https:\\\/\\\/futbolhoy.co\\\/#website\"},\"primaryImageOfPage\":{\"@id\":\"https:\\\/\\\/futbolhoy.co\\\/index.php\\\/2026\\\/09\\\/06\\\/luis-suarez-reconocio-que-pudo-irse-del-sporting-contundentes-declaraciones\\\/#primaryimage\"},\"image\":{\"@id\":\"https:\\\/\\\/futbolhoy.co\\\/index.php\\\/2026\\\/09\\\/06\\\/luis-suarez-reconocio-que-pudo-irse-del-sporting-contundentes-declaraciones\\\/#primaryimage\"},\"thumbnailUrl\":\"https:\\\/\\\/futbolhoy.co\\\/wp-content\\\/uploads\\\/2026\\\/09\\\/Lucho-Suarez.png\",\"datePublished\":\"2026-09-06T14:58:13+00:00\",\"dateModified\":\"2026-09-06T14:59:14+00:00\",\"author\":{\"@id\":\"https:\\\/\\\/futbolhoy.co\\\/#\\\/schema\\\/person\\\/3631d0513b65c6249db5b1cff87011f0\"},\"breadcrumb\":{\"@id\":\"https:\\\/\\\/futbolhoy.co\\\/index.php\\\/2026\\\/09\\\/06\\\/luis-suarez-reconocio-que-pudo-irse-del-sporting-contundentes-declaraciones\\\/#breadcrumb\"},\"inLanguage\":\"es\",\"potentialAction\":[{\"@type\":\"ReadAction\",\"target\":[\"https:\\\/\\\/futbolhoy.co\\\/index.php\\\/2026\\\/09\\\/06\\\/luis-suarez-reconocio-que-pudo-irse-del-sporting-contundentes-declaraciones\\\/\"]}]},{\"@type\":\"ImageObject\",\"inLanguage\":\"es\",\"@id\":\"https:\\\/\\\/futbolhoy.co\\\/index.php\\\/2026\\\/09\\\/06\\\/luis-suarez-reconocio-que-pudo-irse-del-sporting-contundentes-declaraciones\\\/#primaryimage\",\"url\":\"https:\\\/\\\/futbolhoy.co\\\/wp-content\\\/uploads\\\/2026\\\/09\\\/Lucho-Suarez.png\",\"contentUrl\":\"https:\\\/\\\/futbolhoy.co\\\/wp-content\\\/uploads\\\/2026\\\/09\\\/Lucho-Suarez.png\",\"width\":964,\"height\":780},{\"@type\":\"BreadcrumbList\",\"@id\":\"https:\\\/\\\/futbolhoy.co\\\/index.php\\\/2026\\\/09\\\/06\\\/luis-suarez-reconocio-que-pudo-irse-del-sporting-contundentes-declaraciones\\\/#breadcrumb\",\"itemListElement\":[{\"@type\":\"ListItem\",\"position\":1,\"name\":\"Portada\",\"item\":\"https:\\\/\\\/futbolhoy.co\\\/\"},{\"@type\":\"ListItem\",\"position\":2,\"name\":\"Luis Su\u00e1rez reconoci\u00f3 que pudo irse del Sporting: contundentes declaraciones\"}]},{\"@type\":\"WebSite\",\"@id\":\"https:\\\/\\\/futbolhoy.co\\\/#website\",\"url\":\"https:\\\/\\\/futbolhoy.co\\\/\",\"name\":\"FutbolHoy\",\"description\":\"\",\"potentialAction\":[{\"@type\":\"SearchAction\",\"target\":{\"@type\":\"EntryPoint\",\"urlTemplate\":\"https:\\\/\\\/futbolhoy.co\\\/?s={search_term_string}\"},\"query-input\":{\"@type\":\"PropertyValueSpecification\",\"valueRequired\":true,\"valueName\":\"search_term_string\"}}],\"inLanguage\":\"es\"},{\"@type\":\"Person\",\"@id\":\"https:\\\/\\\/futbolhoy.co\\\/#\\\/schema\\\/person\\\/3631d0513b65c6249db5b1cff87011f0\",\"name\":\"Cristian Pinzon\",\"image\":{\"@type\":\"ImageObject\",\"inLanguage\":\"es\",\"@id\":\"https:\\\/\\\/secure.gravatar.com\\\/avatar\\\/9ec15fa010fd99c9e11e37948e85beef0a90c7daa64afd7860f1539c39ba9f90?s=96&d=mm&r=g\",\"url\":\"https:\\\/\\\/secure.gravatar.com\\\/avatar\\\/9ec15fa010fd99c9e11e37948e85beef0a90c7daa64afd7860f1539c39ba9f90?s=96&d=mm&r=g\",\"contentUrl\":\"https:\\\/\\\/secure.gravatar.com\\\/avatar\\\/9ec15fa010fd99c9e11e37948e85beef0a90c7daa64afd7860f1539c39ba9f90?s=96&d=mm&r=g\",\"caption\":\"Cristian Pinzon\"}}]}<\/script>\n<!-- \/ Yoast SEO plugin. -->","yoast_head_json":{"title":"Luis Su\u00e1rez reconoci\u00f3 que pudo irse del Sporting: contundentes declaraciones -","robots":{"index":"index","follow":"follow","max-snippet":"max-snippet:-1","max-image-preview":"max-image-preview:large","max-video-preview":"max-video-preview:-1"},"canonical":"https:\/\/futbolhoy.co\/index.php\/2026\/09\/06\/luis-suarez-reconocio-que-pudo-irse-del-sporting-contundentes-declaraciones\/","og_locale":"es_ES","og_type":"article","og_title":"Luis Su\u00e1rez reconoci\u00f3 que pudo irse del Sporting: contundentes declaraciones -","og_description":"Luis Javier Su\u00e1rez se report\u00f3 con gol y asistencia en la victoria del Sporting 2-0 sobre Nacional, por la fecha 5 de la Liga de Portugal. El colombiano termin\u00f3 como la figura del encuentro y al final de este habl\u00f3 con la prensa sobre su inicio de campa\u00f1a, la cual estuvo rodeada de algunas pol\u00e9micas. [&hellip;]","og_url":"https:\/\/futbolhoy.co\/index.php\/2026\/09\/06\/luis-suarez-reconocio-que-pudo-irse-del-sporting-contundentes-declaraciones\/","article_publisher":"https:\/\/www.facebook.com\/FutbolHoyCol\/","article_published_time":"2026-09-06T14:58:13+00:00","article_modified_time":"2026-09-06T14:59:14+00:00","og_image":[{"width":964,"height":780,"url":"https:\/\/futbolhoy.co\/wp-content\/uploads\/2026\/09\/Lucho-Suarez.png","type":"image\/png"}],"author":"Cristian Pinzon","twitter_card":"summary_large_image","twitter_creator":"@FutbolHoyCol","twitter_site":"@FutbolHoyCol","twitter_misc":{"Escrito por":"Cristian Pinzon","Tiempo de lectura":"2 minutos"},"schema":{"@context":"https:\/\/schema.org","@graph":[{"@type":"Article","@id":"https:\/\/futbolhoy.co\/index.php\/2026\/09\/06\/luis-suarez-reconocio-que-pudo-irse-del-sporting-contundentes-declaraciones\/#article","isPartOf":{"@id":"https:\/\/futbolhoy.co\/index.php\/2026\/09\/06\/luis-suarez-reconocio-que-pudo-irse-del-sporting-contundentes-declaraciones\/"},"author":{"name":"Cristian Pinzon","@id":"https:\/\/futbolhoy.co\/#\/schema\/person\/3631d0513b65c6249db5b1cff87011f0"},"headline":"Luis Su\u00e1rez reconoci\u00f3 que pudo irse del Sporting: contundentes declaraciones","datePublished":"2026-09-06T14:58:13+00:00","dateModified":"2026-09-06T14:59:14+00:00","mainEntityOfPage":{"@id":"https:\/\/futbolhoy.co\/index.php\/2026\/09\/06\/luis-suarez-reconocio-que-pudo-irse-del-sporting-contundentes-declaraciones\/"},"wordCount":334,"image":{"@id":"https:\/\/futbolhoy.co\/index.php\/2026\/09\/06\/luis-suarez-reconocio-que-pudo-irse-del-sporting-contundentes-declaraciones\/#primaryimage"},"thumbnailUrl":"https:\/\/futbolhoy.co\/wp-content\/uploads\/2026\/09\/Lucho-Suarez.png","articleSection":["Destacados"],"inLanguage":"es"},{"@type":"WebPage","@id":"https:\/\/futbolhoy.co\/index.php\/2026\/09\/06\/luis-suarez-reconocio-que-pudo-irse-del-sporting-contundentes-declaraciones\/","url":"https:\/\/futbolhoy.co\/index.php\/2026\/09\/06\/luis-suarez-reconocio-que-pudo-irse-del-sporting-contundentes-declaraciones\/","name":"Luis Su\u00e1rez reconoci\u00f3 que pudo irse del Sporting: contundentes declaraciones -","isPartOf":{"@id":"https:\/\/futbolhoy.co\/#website"},"primaryImageOfPage":{"@id":"https:\/\/futbolhoy.co\/index.php\/2026\/09\/06\/luis-suarez-reconocio-que-pudo-irse-del-sporting-contundentes-declaraciones\/#primaryimage"},"image":{"@id":"https:\/\/futbolhoy.co\/index.php\/2026\/09\/06\/luis-suarez-reconocio-que-pudo-irse-del-sporting-contundentes-declaraciones\/#primaryimage"},"thumbnailUrl":"https:\/\/futbolhoy.co\/wp-content\/uploads\/2026\/09\/Lucho-Suarez.png","datePublished":"2026-09-06T14:58:13+00:00","dateModified":"2026-09-06T14:59:14+00:00","author":{"@id":"https:\/\/futbolhoy.co\/#\/schema\/person\/3631d0513b65c6249db5b1cff87011f0"},"breadcrumb":{"@id":"https:\/\/futbolhoy.co\/index.php\/2026\/09\/06\/luis-suarez-reconocio-que-pudo-irse-del-sporting-contundentes-declaraciones\/#breadcrumb"},"inLanguage":"es","potentialAction":[{"@type":"ReadAction","target":["https:\/\/futbolhoy.co\/index.php\/2026\/09\/06\/luis-suarez-reconocio-que-pudo-irse-del-sporting-contundentes-declaraciones\/"]}]},{"@type":"ImageObject","inLanguage":"es","@id":"https:\/\/futbolhoy.co\/index.php\/2026\/09\/06\/luis-suarez-reconocio-que-pudo-irse-del-sporting-contundentes-declaraciones\/#primaryimage","url":"https:\/\/futbolhoy.co\/wp-content\/uploads\/2026\/09\/Lucho-Suarez.png","contentUrl":"https:\/\/futbolhoy.co\/wp-content\/uploads\/2026\/09\/Lucho-Suarez.png","width":964,"height":780},{"@type":"BreadcrumbList","@id":"https:\/\/futbolhoy.co\/index.php\/2026\/09\/06\/luis-suarez-reconocio-que-pudo-irse-del-sporting-contundentes-declaraciones\/#breadcrumb","itemListElement":[{"@type":"ListItem","position":1,"name":"Portada","item":"https:\/\/futbolhoy.co\/"},{"@type":"ListItem","position":2,"name":"Luis Su\u00e1rez reconoci\u00f3 que pudo irse del Sporting: contundentes declaraciones"}]},{"@type":"WebSite","@id":"https:\/\/futbolhoy.co\/#website","url":"https:\/\/futbolhoy.co\/","name":"FutbolHoy","description":"","potentialAction":[{"@type":"SearchAction","target":{"@type":"EntryPoint","urlTemplate":"https:\/\/futbolhoy.co\/?s={search_term_string}"},"query-input":{"@type":"PropertyValueSpecification","valueRequired":true,"valueName":"search_term_string"}}],"inLanguage":"es"},{"@type":"Person","@id":"https:\/\/futbolhoy.co\/#\/schema\/person\/3631d0513b65c6249db5b1cff87011f0","name":"Cristian Pinzon","image":{"@type":"ImageObject","inLanguage":"es","@id":"https:\/\/secure.gravatar.com\/avatar\/9ec15fa010fd99c9e11e37948e85beef0a90c7daa64afd7860f1539c39ba9f90?s=96&d=mm&r=g","url":"https:\/\/secure.gravatar.com\/avatar\/9ec15fa010fd99c9e11e37948e85beef0a90c7daa64afd7860f1539c39ba9f90?s=96&d=mm&r=g","contentUrl":"https:\/\/secure.gravatar.com\/avatar\/9ec15fa010fd99c9e11e37948e85beef0a90c7daa64afd7860f1539c39ba9f90?s=96&d=mm&r=g","caption":"Cristian Pinzon"}}]}},"_links":{"self":[{"href":"https:\/\/futbolhoy.co\/index.php\/wp-json\/wp\/v2\/posts\/134787","targetHints":{"allow":["GET"]}}],"collection":[{"href":"https:\/\/futbolhoy.co\/index.php\/wp-json\/wp\/v2\/posts"}],"about":[{"href":"https:\/\/futbolhoy.co\/index.php\/wp-json\/wp\/v2\/types\/post"}],"author":[{"embeddable":true,"href":"https:\/\/futbolhoy.co\/index.php\/wp-json\/wp\/v2\/users\/16"}],"replies":[{"embeddable":true,"href":"https:\/\/futbolhoy.co\/index.php\/wp-json\/wp\/v2\/comments?post=134787"}],"version-history":[{"count":1,"href":"https:\/\/futbolhoy.co\/index.php\/wp-json\/wp\/v2\/posts\/134787\/revisions"}],"predecessor-version":[{"id":134789,"href":"https:\/\/futbolhoy.co\/index.php\/wp-json\/wp\/v2\/posts\/134787\/revisions\/134789"}],"wp:featuredmedia":[{"embeddable":true,"href":"https:\/\/futbolhoy.co\/index.php\/wp-json\/wp\/v2\/media\/134788"}],"wp:attachment":[{"href":"https:\/\/futbolhoy.co\/index.php\/wp-json\/wp\/v2\/media?parent=134787"}],"wp:term":[{"taxonomy":"category","embeddable":true,"href":"https:\/\/futbolhoy.co\/index.php\/wp-json\/wp\/v2\/categories?post=134787"},{"taxonomy":"post_tag","embeddable":true,"href":"https:\/\/futbolhoy.co\/index.php\/wp-json\/wp\/v2\/tags?post=134787"}],"curies":[{"name":"wp","href":"https:\/\/api.w.org\/{rel}","templated":true}]}}