{"id":13504,"date":"2018-02-19T07:44:24","date_gmt":"2018-02-19T12:44:24","guid":{"rendered":"http:\/\/futbolhoy.co\/?p=13504"},"modified":"2018-02-19T07:46:51","modified_gmt":"2018-02-19T12:46:51","slug":"solo-quedan-recuerdos-lindos-de-mi-paso-por-madrid-james","status":"publish","type":"post","link":"https:\/\/futbolhoy.co\/index.php\/2018\/02\/19\/solo-quedan-recuerdos-lindos-de-mi-paso-por-madrid-james\/","title":{"rendered":"S\u00f3lo quedan recuerdos lindos de mi paso por Madrid: James"},"content":{"rendered":"<p style=\"text-align: justify;\">El jugador colombiano<strong> James Rodr\u00edguez<\/strong> sostuvo una entrevista exclusiva para el portal de la <strong>Uefa<\/strong>, donde record\u00f3 no solo su paso por el <strong>Real Madrid<\/strong> sino su primera participaci\u00f3n en la<strong> Liga de Campeones<\/strong> y su llegada al<strong> Bayern Munich.<\/strong><\/p>\n<blockquote class=\"twitter-tweet\" data-lang=\"es\">\n<p dir=\"ltr\" lang=\"es\">.<a href=\"https:\/\/twitter.com\/jamesdrodriguez?ref_src=twsrc%5Etfw\">@jamesdrodriguez<\/a> le est\u00e1 poniendo mucha pasi\u00f3n en el <a href=\"https:\/\/twitter.com\/FCBayernES?ref_src=twsrc%5Etfw\">@FCBayernES<\/a>. Lee nuestra entrevista exclusiva con el colombiano \ud83c\udde8\ud83c\uddf4.<\/p>\n<p>\u27a1\ufe0f\u00a0<a href=\"https:\/\/t.co\/W120LEErjC\">https:\/\/t.co\/W120LEErjC<\/a> <a href=\"https:\/\/t.co\/PEy0h6thox\">pic.twitter.com\/PEy0h6thox<\/a><\/p>\n<p>\u2014 Liga de Campeones (@LigadeCampeones) <a href=\"https:\/\/twitter.com\/LigadeCampeones\/status\/965277438686179328?ref_src=twsrc%5Etfw\">18 de febrero de 2018<\/a><\/p><\/blockquote>\n<p><script async src=\"https:\/\/platform.twitter.com\/widgets.js\" charset=\"utf-8\"><\/script><\/p>\n<p style=\"text-align: justify;\">Acerca de su paso por el club merengue<strong> <em>\u00abFueron tres temporadas \u00fanicas donde pude ganarlo todo, hice tres a\u00f1os buenos, pude marcar goles, dar pases y pienso que hice cosas interesantes. S\u00f3lo quedan recuerdos lindos de mi paso por el Madrid. Dej\u00e9 una muy buena imagen y fueron tres a\u00f1os \u00fanicos en mi carrera.<\/em><\/strong><\/p>\n<p style=\"text-align: justify;\">As\u00ed mismo el colombiano hizo referencia a su primera participaci\u00f3n en la Copa<em> <strong>\u00abLa Champions League es una competici\u00f3n que todos quieren jugar. Cuando eres ni\u00f1o quieres estar ah\u00ed y jugar mi primer partido fue algo \u00fanico. Es algo que siempre quedar\u00e1 dentro de mi coraz\u00f3n.\u00bb<\/strong><\/em><\/p>\n<p style=\"text-align: justify;\">Su llegada al Bayern Munich y el t\u00e9cnico Jupp Heynckes: <strong><em>\u00abEstoy feliz porque juego m\u00e1s, puedo hacer el f\u00fatbol que yo quiero. Adem\u00e1s de que estoy en un club grande, por lo que estoy feliz aqu\u00ed. \u00ab- \u00abEs un entrenador con experiencia en el mundo del f\u00fatbol. Jug\u00f3 al f\u00fatbol y sabe c\u00f3mo pensamos, as\u00ed que eso es un plus. Es un t\u00e9cnico que lleva muchos a\u00f1os en este mundo, tiene unas capacidades \u00fanicas y es un t\u00e9cnico &#8216;top&#8217;.\u00bb<\/em><\/strong><\/p>\n<p style=\"text-align: left;\"><strong>Para leer la entrevista completa:\u00a0<\/strong><a href=\"https:\/\/es.uefa.com\/uefachampionsleague\/news\/newsid=2534945.html#\/james+cuando+tienes+pasion+haces+todo+facil\"><strong>https:\/\/es.uefa.com\/uefachampionsleague\/news\/newsid=2534945.html#\/james+cuando+tienes+pasion+haces+todo+facil<\/strong><\/a><\/p>\n","protected":false},"excerpt":{"rendered":"<p>El jugador colombiano James Rodr\u00edguez sostuvo una entrevista exclusiva para el portal de la Uefa, donde record\u00f3 no solo su paso por el Real Madrid sino su primera participaci\u00f3n en la Liga de Campeones y su llegada al Bayern Munich. .@jamesdrodriguez le est\u00e1 poniendo mucha pasi\u00f3n en el @FCBayernES. Lee nuestra entrevista exclusiva con el [&hellip;]<\/p>\n","protected":false},"author":5,"featured_media":13505,"comment_status":"open","ping_status":"closed","sticky":false,"template":"","format":"standard","meta":{"_acf_changed":false,"footnotes":""},"categories":[5,153],"tags":[88,87,165],"class_list":{"0":"post-13504","1":"post","2":"type-post","3":"status-publish","4":"format-standard","5":"has-post-thumbnail","7":"category-destacados","8":"category-selecion-colombia","9":"tag-bayern-munich","10":"tag-james-rodriguez","11":"tag-jugadores-colombianos"},"acf":[],"_links":{"self":[{"href":"https:\/\/futbolhoy.co\/index.php\/wp-json\/wp\/v2\/posts\/13504","targetHints":{"allow":["GET"]}}],"collection":[{"href":"https:\/\/futbolhoy.co\/index.php\/wp-json\/wp\/v2\/posts"}],"about":[{"href":"https:\/\/futbolhoy.co\/index.php\/wp-json\/wp\/v2\/types\/post"}],"author":[{"embeddable":true,"href":"https:\/\/futbolhoy.co\/index.php\/wp-json\/wp\/v2\/users\/5"}],"replies":[{"embeddable":true,"href":"https:\/\/futbolhoy.co\/index.php\/wp-json\/wp\/v2\/comments?post=13504"}],"version-history":[{"count":2,"href":"https:\/\/futbolhoy.co\/index.php\/wp-json\/wp\/v2\/posts\/13504\/revisions"}],"predecessor-version":[{"id":13507,"href":"https:\/\/futbolhoy.co\/index.php\/wp-json\/wp\/v2\/posts\/13504\/revisions\/13507"}],"wp:featuredmedia":[{"embeddable":true,"href":"https:\/\/futbolhoy.co\/index.php\/wp-json\/wp\/v2\/media\/13505"}],"wp:attachment":[{"href":"https:\/\/futbolhoy.co\/index.php\/wp-json\/wp\/v2\/media?parent=13504"}],"wp:term":[{"taxonomy":"category","embeddable":true,"href":"https:\/\/futbolhoy.co\/index.php\/wp-json\/wp\/v2\/categories?post=13504"},{"taxonomy":"post_tag","embeddable":true,"href":"https:\/\/futbolhoy.co\/index.php\/wp-json\/wp\/v2\/tags?post=13504"}],"curies":[{"name":"wp","href":"https:\/\/api.w.org\/{rel}","templated":true}]}}