{"id":13526,"date":"2018-02-19T11:46:36","date_gmt":"2018-02-19T16:46:36","guid":{"rendered":"http:\/\/futbolhoy.co\/?p=13526"},"modified":"2018-02-19T11:46:36","modified_gmt":"2018-02-19T16:46:36","slug":"hummels-elogia-a-james-previo-a-juego-de-champions","status":"publish","type":"post","link":"https:\/\/futbolhoy.co\/index.php\/2018\/02\/19\/hummels-elogia-a-james-previo-a-juego-de-champions\/","title":{"rendered":"Hummels elogia a James previo a juego de Champions"},"content":{"rendered":"<p class=\"m_-5316471805774669203ydp122eca62MsoNormal\" style=\"text-align: justify;\">El futbolista colombiano <strong>James Rodr\u00edguez<\/strong> fue elogiado por su compa\u00f1ero <strong>,<\/strong>, previo al juego del <strong>Bayern M\u00fanich<\/strong> ante Besiktas por la ida de octavos de final de la Liga de Campeones.<\/p>\n<p class=\"m_-5316471805774669203ydp122eca62MsoNormal\" style=\"text-align: justify;\">\u00abSu crecimiento futbol\u00edstico es incre\u00edble. Tiene un gran ojo para sus compa\u00f1eros y una zurda espectacular\u00bb, sostuvo Hummels en rueda de prensa, previa al juego por el torneo europeo.<\/p>\n<p class=\"m_-5316471805774669203ydp122eca62MsoNormal\" style=\"text-align: justify;\">\u00abEstamos deseando jugar el partido. Sabemos que nos medimos a un muy buen equipo de Europa, lideraron su grupo de manera merecida. Queremos lograr un buen resultado para afrontar la vuelta\u201d, agreg\u00f3.<\/p>\n<p class=\"m_-5316471805774669203ydp122eca62MsoNormal\" style=\"text-align: justify;\">El compromiso por Liga de Campeones se cumplir\u00e1 este martes, desde las 2.45pm en el Allianz Arena de M\u00fanich.<\/p>\n","protected":false},"excerpt":{"rendered":"<p>El futbolista colombiano James Rodr\u00edguez fue elogiado por su compa\u00f1ero ,, previo al juego del Bayern M\u00fanich ante Besiktas por la ida de octavos de final de la Liga de Campeones. \u00abSu crecimiento futbol\u00edstico es incre\u00edble. Tiene un gran ojo para sus compa\u00f1eros y una zurda espectacular\u00bb, sostuvo Hummels en rueda de prensa, previa al [&hellip;]<\/p>\n","protected":false},"author":5,"featured_media":13528,"comment_status":"open","ping_status":"closed","sticky":false,"template":"","format":"standard","meta":{"_acf_changed":false,"footnotes":""},"categories":[5,153],"tags":[],"class_list":{"0":"post-13526","1":"post","2":"type-post","3":"status-publish","4":"format-standard","5":"has-post-thumbnail","7":"category-destacados","8":"category-selecion-colombia"},"acf":[],"_links":{"self":[{"href":"https:\/\/futbolhoy.co\/index.php\/wp-json\/wp\/v2\/posts\/13526","targetHints":{"allow":["GET"]}}],"collection":[{"href":"https:\/\/futbolhoy.co\/index.php\/wp-json\/wp\/v2\/posts"}],"about":[{"href":"https:\/\/futbolhoy.co\/index.php\/wp-json\/wp\/v2\/types\/post"}],"author":[{"embeddable":true,"href":"https:\/\/futbolhoy.co\/index.php\/wp-json\/wp\/v2\/users\/5"}],"replies":[{"embeddable":true,"href":"https:\/\/futbolhoy.co\/index.php\/wp-json\/wp\/v2\/comments?post=13526"}],"version-history":[{"count":1,"href":"https:\/\/futbolhoy.co\/index.php\/wp-json\/wp\/v2\/posts\/13526\/revisions"}],"predecessor-version":[{"id":13529,"href":"https:\/\/futbolhoy.co\/index.php\/wp-json\/wp\/v2\/posts\/13526\/revisions\/13529"}],"wp:featuredmedia":[{"embeddable":true,"href":"https:\/\/futbolhoy.co\/index.php\/wp-json\/wp\/v2\/media\/13528"}],"wp:attachment":[{"href":"https:\/\/futbolhoy.co\/index.php\/wp-json\/wp\/v2\/media?parent=13526"}],"wp:term":[{"taxonomy":"category","embeddable":true,"href":"https:\/\/futbolhoy.co\/index.php\/wp-json\/wp\/v2\/categories?post=13526"},{"taxonomy":"post_tag","embeddable":true,"href":"https:\/\/futbolhoy.co\/index.php\/wp-json\/wp\/v2\/tags?post=13526"}],"curies":[{"name":"wp","href":"https:\/\/api.w.org\/{rel}","templated":true}]}}