{"id":13539,"date":"2018-02-19T09:21:33","date_gmt":"2018-02-19T14:21:33","guid":{"rendered":"http:\/\/futbolhoy.co\/?p=13539"},"modified":"2018-02-19T18:39:04","modified_gmt":"2018-02-19T23:39:04","slug":"sin-el-mudo-viaja-el-junior","status":"publish","type":"post","link":"https:\/\/futbolhoy.co\/index.php\/2018\/02\/19\/sin-el-mudo-viaja-el-junior\/","title":{"rendered":"Sin el &#8216;mudo&#8217; viaja el Junior"},"content":{"rendered":"<p style=\"text-align: justify;\"><span style=\"font-size: medium;\">El defensa central de la selecci\u00f3n peruana,<strong>\u00a0Alberto &#8216;Mudo&#8217; Rodr\u00edguez<\/strong>, contin\u00faa ausente de las convocatorias del Junior, con el que no ha podido debutar en partido oficial, debido a una lesi\u00f3n muscular en la pierna izquierda y no hace parte de los 18 viajeros a\u00a0<strong>Asunci\u00f3n<\/strong>\u00a0para enfrentar el jueves\u00a0al\u00a0<strong>Guaran\u00ed<\/strong>\u00a0paraguayo en la vuelta por la tercera fase de la\u00a0<strong>Copa Libertadores<\/strong>.<\/span><\/p>\n<p style=\"text-align: justify;\"><span style=\"font-size: medium;\">El\u00a0<strong>Junior<\/strong>, que tiene ventaja en la serie 1-0, ser\u00e1 liderado por los delanteros\u00a0<strong>Te\u00f3filo Guti\u00e9rrez<\/strong>\u00a0y\u00a0<strong>Yimmi Char\u00e1<\/strong>.<\/span><\/p>\n<p style=\"text-align: justify;\"><span style=\"font-size: medium;\"><strong>La plantilla del Junior la integran:<\/strong><\/span><\/p>\n<p style=\"text-align: justify;\"><span style=\"font-size: medium;\"><strong>Arqueros:<\/strong>\u00a0Sebasti\u00e1n Viera y Jos\u00e9 Luis Chunga.<\/span><\/p>\n<p><strong>Defensas:<\/strong>\u00a0Germ\u00e1n Guti\u00e9rrez, Rafael P\u00e9rez, Jonathan \u00c1vila, Jorge Arias y Marlon Piedrahita.<\/p>\n<p style=\"text-align: justify;\"><span style=\"font-size: medium;\"><strong>Volantes:<\/strong>\u00a0James S\u00e1nchez, Leonardo Pico, Luis Narv\u00e1ez, Yony Gonz\u00e1lez, V\u00edctor Cantillo y Mat\u00edas Mier.<\/span><\/p>\n<p><strong>Delanteros:<\/strong>\u00a0Luis Carlos Ruiz, Yimmi Char\u00e1, Jonatan \u00c1lvez, Luis D\u00edaz y Te\u00f3filo Guti\u00e9rrez.<\/p>\n<blockquote class=\"twitter-tweet\" data-lang=\"es\">\n<p dir=\"ltr\" lang=\"es\">Conoce nuestra n\u00f3mina y delegaci\u00f3n viajera a Paraguay para enfrentar a Guaran\u00ed en el partido de vuelta de la Fase III de <a href=\"https:\/\/twitter.com\/hashtag\/CONMEBOLLibertadores?src=hash&amp;ref_src=twsrc%5Etfw\">#CONMEBOLLibertadores<\/a>.<br \/>\n\u27a1<a href=\"https:\/\/t.co\/HEn93gKPMW\">https:\/\/t.co\/HEn93gKPMW<\/a><br \/>\n\u00a1VAMOS TIBURONES\ud83e\udd88\ud83e\udd88\ud83e\udd88!<a href=\"https:\/\/twitter.com\/hashtag\/VamosJunior?src=hash&amp;ref_src=twsrc%5Etfw\">#VamosJunior<\/a>\ud83d\udd34\u26aa\ud83d\udd35 <a href=\"https:\/\/t.co\/Gbesk63T17\">pic.twitter.com\/Gbesk63T17<\/a><\/p>\n<p>\u2014 Club Junior FC (@JuniorClubSA) <a href=\"https:\/\/twitter.com\/JuniorClubSA\/status\/965666494129590272?ref_src=twsrc%5Etfw\">19 de febrero de 2018<\/a><\/p><\/blockquote>\n<p style=\"text-align: justify;\"><script async src=\"https:\/\/platform.twitter.com\/widgets.js\" charset=\"utf-8\"><\/script><\/p>\n","protected":false},"excerpt":{"rendered":"<p>El defensa central de la selecci\u00f3n peruana,\u00a0Alberto &#8216;Mudo&#8217; Rodr\u00edguez, contin\u00faa ausente de las convocatorias del Junior, con el que no ha podido debutar en partido oficial, debido a una lesi\u00f3n muscular en la pierna izquierda y no hace parte de los 18 viajeros a\u00a0Asunci\u00f3n\u00a0para enfrentar el jueves\u00a0al\u00a0Guaran\u00ed\u00a0paraguayo en la vuelta por la tercera fase de [&hellip;]<\/p>\n","protected":false},"author":5,"featured_media":13544,"comment_status":"open","ping_status":"closed","sticky":false,"template":"","format":"standard","meta":{"_acf_changed":false,"footnotes":""},"categories":[5,7],"tags":[],"class_list":{"0":"post-13539","1":"post","2":"type-post","3":"status-publish","4":"format-standard","5":"has-post-thumbnail","7":"category-destacados","8":"category-liga-betplay"},"acf":[],"_links":{"self":[{"href":"https:\/\/futbolhoy.co\/index.php\/wp-json\/wp\/v2\/posts\/13539","targetHints":{"allow":["GET"]}}],"collection":[{"href":"https:\/\/futbolhoy.co\/index.php\/wp-json\/wp\/v2\/posts"}],"about":[{"href":"https:\/\/futbolhoy.co\/index.php\/wp-json\/wp\/v2\/types\/post"}],"author":[{"embeddable":true,"href":"https:\/\/futbolhoy.co\/index.php\/wp-json\/wp\/v2\/users\/5"}],"replies":[{"embeddable":true,"href":"https:\/\/futbolhoy.co\/index.php\/wp-json\/wp\/v2\/comments?post=13539"}],"version-history":[{"count":1,"href":"https:\/\/futbolhoy.co\/index.php\/wp-json\/wp\/v2\/posts\/13539\/revisions"}],"predecessor-version":[{"id":13546,"href":"https:\/\/futbolhoy.co\/index.php\/wp-json\/wp\/v2\/posts\/13539\/revisions\/13546"}],"wp:featuredmedia":[{"embeddable":true,"href":"https:\/\/futbolhoy.co\/index.php\/wp-json\/wp\/v2\/media\/13544"}],"wp:attachment":[{"href":"https:\/\/futbolhoy.co\/index.php\/wp-json\/wp\/v2\/media?parent=13539"}],"wp:term":[{"taxonomy":"category","embeddable":true,"href":"https:\/\/futbolhoy.co\/index.php\/wp-json\/wp\/v2\/categories?post=13539"},{"taxonomy":"post_tag","embeddable":true,"href":"https:\/\/futbolhoy.co\/index.php\/wp-json\/wp\/v2\/tags?post=13539"}],"curies":[{"name":"wp","href":"https:\/\/api.w.org\/{rel}","templated":true}]}}