{"id":13568,"date":"2018-02-19T06:33:52","date_gmt":"2018-02-19T11:33:52","guid":{"rendered":"http:\/\/futbolhoy.co\/?p=13568"},"modified":"2018-02-20T12:19:38","modified_gmt":"2018-02-20T17:19:38","slug":"zidane-aclaro-que-se-quiere-quedar-en-el-madrid","status":"publish","type":"post","link":"https:\/\/futbolhoy.co\/index.php\/2018\/02\/19\/zidane-aclaro-que-se-quiere-quedar-en-el-madrid\/","title":{"rendered":"Zidane aclar\u00f3 que se quiere quedar en el Madrid"},"content":{"rendered":"<p class=\"m_6510674462226803831ydp6d00b0d4MsoNormal\" style=\"text-align: justify;\">El t\u00e9cnico del Real Madrid, Zinedine Zidane, aclar\u00f3 las especulaciones sobre su futuro despu\u00e9s que hace algunos d\u00edas se asegurara que est\u00e1 en un puesto de \u00abmuch\u00edsimo desgaste\u00bb y el capit\u00e1n del plantel, Sergio Ramos, manifestara que incluso ganando la Liga de Campeones se podr\u00eda marchar, y con precisi\u00f3n afirm\u00f3 que quiere quedarse.<\/p>\n<p>\u00abNo estoy cansado\u2026.Se habla mucho, hay muchas cr\u00edticas, muchos mensajes, preguntas repetitivas y respuestas sacadas de contexto pero soy joven, estoy muy contento aqu\u00ed y no llevo mucho tiempo de entrenador por lo que mis ganas est\u00e1n intactas. Lo que m\u00e1s me gusta es el trabajo diario y quiero quedarme aqu\u00ed mucho tiempo y pelear siempre\u00bb, agreg\u00f3.<\/p>\n<p class=\"m_6510674462226803831ydp6d00b0d4MsoNormal\" style=\"text-align: justify;\">\u00abDisfruto cada d\u00eda, es mucho desgaste pero soy joven, no tengo 75 ni 80 a\u00f1os para decir que estoy cansado de entrenar. Tengo 45 y soy muy joven para dirigir, tengo m\u00e1s margen\u00bb, puntualiz\u00f3.<\/p>\n","protected":false},"excerpt":{"rendered":"<p>El t\u00e9cnico del Real Madrid, Zinedine Zidane, aclar\u00f3 las especulaciones sobre su futuro despu\u00e9s que hace algunos d\u00edas se asegurara que est\u00e1 en un puesto de \u00abmuch\u00edsimo desgaste\u00bb y el capit\u00e1n del plantel, Sergio Ramos, manifestara que incluso ganando la Liga de Campeones se podr\u00eda marchar, y con precisi\u00f3n afirm\u00f3 que quiere quedarse. \u00abNo estoy [&hellip;]<\/p>\n","protected":false},"author":5,"featured_media":13570,"comment_status":"open","ping_status":"closed","sticky":false,"template":"","format":"standard","meta":{"_acf_changed":false,"footnotes":""},"categories":[5,152],"tags":[110,239],"class_list":{"0":"post-13568","1":"post","2":"type-post","3":"status-publish","4":"format-standard","5":"has-post-thumbnail","7":"category-destacados","8":"category-mundo-futbol","9":"tag-real-madrid","10":"tag-zinedine-zidane"},"acf":[],"_links":{"self":[{"href":"https:\/\/futbolhoy.co\/index.php\/wp-json\/wp\/v2\/posts\/13568","targetHints":{"allow":["GET"]}}],"collection":[{"href":"https:\/\/futbolhoy.co\/index.php\/wp-json\/wp\/v2\/posts"}],"about":[{"href":"https:\/\/futbolhoy.co\/index.php\/wp-json\/wp\/v2\/types\/post"}],"author":[{"embeddable":true,"href":"https:\/\/futbolhoy.co\/index.php\/wp-json\/wp\/v2\/users\/5"}],"replies":[{"embeddable":true,"href":"https:\/\/futbolhoy.co\/index.php\/wp-json\/wp\/v2\/comments?post=13568"}],"version-history":[{"count":2,"href":"https:\/\/futbolhoy.co\/index.php\/wp-json\/wp\/v2\/posts\/13568\/revisions"}],"predecessor-version":[{"id":13581,"href":"https:\/\/futbolhoy.co\/index.php\/wp-json\/wp\/v2\/posts\/13568\/revisions\/13581"}],"wp:featuredmedia":[{"embeddable":true,"href":"https:\/\/futbolhoy.co\/index.php\/wp-json\/wp\/v2\/media\/13570"}],"wp:attachment":[{"href":"https:\/\/futbolhoy.co\/index.php\/wp-json\/wp\/v2\/media?parent=13568"}],"wp:term":[{"taxonomy":"category","embeddable":true,"href":"https:\/\/futbolhoy.co\/index.php\/wp-json\/wp\/v2\/categories?post=13568"},{"taxonomy":"post_tag","embeddable":true,"href":"https:\/\/futbolhoy.co\/index.php\/wp-json\/wp\/v2\/tags?post=13568"}],"curies":[{"name":"wp","href":"https:\/\/api.w.org\/{rel}","templated":true}]}}