{"id":13601,"date":"2018-02-20T20:42:11","date_gmt":"2018-02-21T01:42:11","guid":{"rendered":"http:\/\/futbolhoy.co\/?p=13601"},"modified":"2018-02-21T09:55:25","modified_gmt":"2018-02-21T14:55:25","slug":"chile-tiene-una-generacion-exitosa-reinaldo","status":"publish","type":"post","link":"https:\/\/futbolhoy.co\/index.php\/2018\/02\/20\/chile-tiene-una-generacion-exitosa-reinaldo\/","title":{"rendered":"\u201cChile tiene una generaci\u00f3n exitosa\u201d, Reinaldo"},"content":{"rendered":"<p style=\"text-align: justify;\"><span style=\"font-weight: 400;\">El seleccionador chileno, el colombiano <\/span><b>Reinaldo Rueda<\/b><span style=\"font-weight: 400;\">, asegur\u00f3 que el pa\u00eds tiene grandes jugadores y que el recambi\u00f3 generacional no ser\u00e1 inmediato en el equipo. <\/span><span style=\"font-weight: 400;\">\u00abChile tiene una generaci\u00f3n exitosa. El recambio es a mediano plazo\u00bb<\/span><a href=\"http:\/\/www.cdf.cl\/cdf\/seleccion-chilena\/diaz-quiere-la-roja-estoy-recuperado-sicologicamente\/2018-02-12\/083042.html\"><span style=\"font-weight: 400;\">,<\/span><\/a><span style=\"font-weight: 400;\"> se\u00f1al\u00f3 al canal de televisi\u00f3n ESPN.<\/span><\/p>\n<p style=\"text-align: justify;\"><span style=\"font-weight: 400;\">\u00abEs importante todo lo que significa interpretar el ADN del jugador chileno. Se va a implementar una metodolog\u00eda que seguramente muchos de ellos ya lo vienen realizando. La diferencia lo marca la experiencia y la inteligencia\u00bb, agreg\u00f3 Rueda.<\/span><\/p>\n<p style=\"text-align: justify;\"><span style=\"font-weight: 400;\">\u00abEs una gran distinci\u00f3n que se hayan fijado en m\u00ed. Hay que evaluar todo los puntos de vista, negativos y positivos; y eso lo tuvimos en cuenta. Es un proyecto a mediano y largo plazo. Esperemos cumplir con las expectativas que tienen la afici\u00f3n y la dirigencia\u00bb, a\u00f1adi\u00f3.<\/span><\/p>\n<p style=\"text-align: justify;\"><span style=\"font-weight: 400;\">Sobre sus desaf\u00edos al frente de la selecci\u00f3n chilena, Rueda manifest\u00f3:<\/span><span style=\"font-weight: 400;\"> \u00abEl primer objetivo es la <\/span><b>Copa Am\u00e9rica<\/b><span style=\"font-weight: 400;\"> y para eso estamos trabajando\u00bb.<\/span><\/p>\n","protected":false},"excerpt":{"rendered":"<p>El seleccionador chileno, el colombiano Reinaldo Rueda, asegur\u00f3 que el pa\u00eds tiene grandes jugadores y que el recambi\u00f3 generacional no ser\u00e1 inmediato en el equipo. \u00abChile tiene una generaci\u00f3n exitosa. El recambio es a mediano plazo\u00bb, se\u00f1al\u00f3 al canal de televisi\u00f3n ESPN. \u00abEs importante todo lo que significa interpretar el ADN del jugador chileno. Se [&hellip;]<\/p>\n","protected":false},"author":5,"featured_media":13603,"comment_status":"open","ping_status":"closed","sticky":false,"template":"","format":"standard","meta":{"_acf_changed":false,"footnotes":""},"categories":[152],"tags":[],"class_list":{"0":"post-13601","1":"post","2":"type-post","3":"status-publish","4":"format-standard","5":"has-post-thumbnail","7":"category-mundo-futbol"},"acf":[],"_links":{"self":[{"href":"https:\/\/futbolhoy.co\/index.php\/wp-json\/wp\/v2\/posts\/13601","targetHints":{"allow":["GET"]}}],"collection":[{"href":"https:\/\/futbolhoy.co\/index.php\/wp-json\/wp\/v2\/posts"}],"about":[{"href":"https:\/\/futbolhoy.co\/index.php\/wp-json\/wp\/v2\/types\/post"}],"author":[{"embeddable":true,"href":"https:\/\/futbolhoy.co\/index.php\/wp-json\/wp\/v2\/users\/5"}],"replies":[{"embeddable":true,"href":"https:\/\/futbolhoy.co\/index.php\/wp-json\/wp\/v2\/comments?post=13601"}],"version-history":[{"count":1,"href":"https:\/\/futbolhoy.co\/index.php\/wp-json\/wp\/v2\/posts\/13601\/revisions"}],"predecessor-version":[{"id":13606,"href":"https:\/\/futbolhoy.co\/index.php\/wp-json\/wp\/v2\/posts\/13601\/revisions\/13606"}],"wp:featuredmedia":[{"embeddable":true,"href":"https:\/\/futbolhoy.co\/index.php\/wp-json\/wp\/v2\/media\/13603"}],"wp:attachment":[{"href":"https:\/\/futbolhoy.co\/index.php\/wp-json\/wp\/v2\/media?parent=13601"}],"wp:term":[{"taxonomy":"category","embeddable":true,"href":"https:\/\/futbolhoy.co\/index.php\/wp-json\/wp\/v2\/categories?post=13601"},{"taxonomy":"post_tag","embeddable":true,"href":"https:\/\/futbolhoy.co\/index.php\/wp-json\/wp\/v2\/tags?post=13601"}],"curies":[{"name":"wp","href":"https:\/\/api.w.org\/{rel}","templated":true}]}}