{"id":13652,"date":"2018-02-21T20:15:58","date_gmt":"2018-02-22T01:15:58","guid":{"rendered":"http:\/\/futbolhoy.co\/?p=13652"},"modified":"2018-02-21T23:18:20","modified_gmt":"2018-02-22T04:18:20","slug":"vasco-y-nacional-uavanzan-a-los-grupos-de-copa-libertadores","status":"publish","type":"post","link":"https:\/\/futbolhoy.co\/index.php\/2018\/02\/21\/vasco-y-nacional-uavanzan-a-los-grupos-de-copa-libertadores\/","title":{"rendered":"Vasco  y  Nacional (U) avanzan a los grupos de Copa Libertadores"},"content":{"rendered":"<p style=\"text-align: justify;\"><b>Nacional de Uruguay<\/b><span style=\"font-weight: 400;\"> y <\/span><b>Vasco de Gama<\/b><span style=\"font-weight: 400;\"> de Brasil se clasificaron a la fase de grupos de la Copa Libertadores; luego de superar en sus series previas a Banfield de Argentina y <\/span><b>Jorge Wilstermann<\/b><span style=\"font-weight: 400;\"> de Bolivia, respectivamente.<\/span><\/p>\n<p style=\"text-align: justify;\"><span style=\"font-weight: 400;\">Nacional venci\u00f3 1-0 a <\/span><b>Banfield<\/b><span style=\"font-weight: 400;\"> en el <\/span><b>Parque Central de Montevideo<\/b><span style=\"font-weight: 400;\"> ante 30 mil espectadores con gol de <\/span><b>Mat\u00edas Zunino <\/b><span style=\"font-weight: 400;\">en un juego que termin\u00f3 en reclamos airados de los jugadores del club argentino contra el \u00e1rbitro brasile\u00f1o <\/span><b>Sandro Ricci<\/b><span style=\"font-weight: 400;\">, quien expuls\u00f3 a Adri\u00e1n Sporle y <\/span><b>Renato Civelli<\/b><span style=\"font-weight: 400;\"> en el visitante, adem\u00e1s de no decretar un penalti por falta sobre <\/span><b>Nicol\u00e1s Bertolo<\/b><span style=\"font-weight: 400;\">.<\/span><\/p>\n<p style=\"text-align: justify;\"><span style=\"font-weight: 400;\">\u2018El Bolso\u2019 disputar\u00e1 el grupo 6 junto al <\/span><b>Santos<\/b><span style=\"font-weight: 400;\"> brasile\u00f1o, <\/span><b>Estudiantes de La Plata<\/b><span style=\"font-weight: 400;\"> de Argentina y <\/span><b>Real Garcilaso<\/b><span style=\"font-weight: 400;\"> de Per\u00fa.<\/span><\/p>\n<p style=\"text-align: justify;\"><span style=\"font-weight: 400;\">Por su parte, Vasco tuvo que sufrir m\u00e1s de lo esperado al caer 4-0 en su visita al <\/span><b>Wistermann <\/b><span style=\"font-weight: 400;\">en <\/span><b>Sucre<\/b><span style=\"font-weight: 400;\"> y definir su clasificaci\u00f3n desde el punto de pena m\u00e1xima, donde el arquero <\/span><b>Mart\u00edn Silva<\/b><span style=\"font-weight: 400;\"> se erigi\u00f3 como gran figura al atajar tres cobros y entregar el triunfo 3-2 a su equipo tras el 4-4 igualado del global.<\/span><\/p>\n<p style=\"text-align: justify;\"><span style=\"font-weight: 400;\">En el equipo brasile\u00f1o actu\u00f3 los \u00faltimos 12 minutos el delantero colombiano <\/span><b>Duvier Riascos<\/b><span style=\"font-weight: 400;\"> y fue expulsado <\/span><b>Thiago Galhardo<\/b><span style=\"font-weight: 400;\"> por parte del \u00e1rbitro antioque\u00f1o <\/span><b>Wilmar Rold\u00e1n<\/b><span style=\"font-weight: 400;\">. <\/span><\/p>\n<p style=\"text-align: justify;\"><span style=\"font-weight: 400;\">Vasco integrar\u00e1 el grupo 5 al lado de <\/span><b>Cruzeiro, Racing de Avellaneda<\/b><span style=\"font-weight: 400;\"> y <\/span><b>Universidad de Chile<\/b><span style=\"font-weight: 400;\">.<\/span><\/p>\n","protected":false},"excerpt":{"rendered":"<p>Nacional de Uruguay y Vasco de Gama de Brasil se clasificaron a la fase de grupos de la Copa Libertadores; luego de superar en sus series previas a Banfield de Argentina y Jorge Wilstermann de Bolivia, respectivamente. Nacional venci\u00f3 1-0 a Banfield en el Parque Central de Montevideo ante 30 mil espectadores con gol de [&hellip;]<\/p>\n","protected":false},"author":5,"featured_media":13655,"comment_status":"open","ping_status":"closed","sticky":false,"template":"","format":"standard","meta":{"_acf_changed":false,"footnotes":""},"categories":[5,152],"tags":[115,634,635],"class_list":{"0":"post-13652","1":"post","2":"type-post","3":"status-publish","4":"format-standard","5":"has-post-thumbnail","7":"category-destacados","8":"category-mundo-futbol","9":"tag-copa-libertadores","10":"tag-nacional-uruguay","11":"tag-vasco-de-gama"},"acf":[],"_links":{"self":[{"href":"https:\/\/futbolhoy.co\/index.php\/wp-json\/wp\/v2\/posts\/13652","targetHints":{"allow":["GET"]}}],"collection":[{"href":"https:\/\/futbolhoy.co\/index.php\/wp-json\/wp\/v2\/posts"}],"about":[{"href":"https:\/\/futbolhoy.co\/index.php\/wp-json\/wp\/v2\/types\/post"}],"author":[{"embeddable":true,"href":"https:\/\/futbolhoy.co\/index.php\/wp-json\/wp\/v2\/users\/5"}],"replies":[{"embeddable":true,"href":"https:\/\/futbolhoy.co\/index.php\/wp-json\/wp\/v2\/comments?post=13652"}],"version-history":[{"count":2,"href":"https:\/\/futbolhoy.co\/index.php\/wp-json\/wp\/v2\/posts\/13652\/revisions"}],"predecessor-version":[{"id":13660,"href":"https:\/\/futbolhoy.co\/index.php\/wp-json\/wp\/v2\/posts\/13652\/revisions\/13660"}],"wp:featuredmedia":[{"embeddable":true,"href":"https:\/\/futbolhoy.co\/index.php\/wp-json\/wp\/v2\/media\/13655"}],"wp:attachment":[{"href":"https:\/\/futbolhoy.co\/index.php\/wp-json\/wp\/v2\/media?parent=13652"}],"wp:term":[{"taxonomy":"category","embeddable":true,"href":"https:\/\/futbolhoy.co\/index.php\/wp-json\/wp\/v2\/categories?post=13652"},{"taxonomy":"post_tag","embeddable":true,"href":"https:\/\/futbolhoy.co\/index.php\/wp-json\/wp\/v2\/tags?post=13652"}],"curies":[{"name":"wp","href":"https:\/\/api.w.org\/{rel}","templated":true}]}}