{"id":13716,"date":"2018-02-24T10:05:28","date_gmt":"2018-02-24T15:05:28","guid":{"rendered":"http:\/\/futbolhoy.co\/?p=13716"},"modified":"2018-02-26T13:42:07","modified_gmt":"2018-02-26T18:42:07","slug":"copa-america-con-16-equipos","status":"publish","type":"post","link":"https:\/\/futbolhoy.co\/index.php\/2018\/02\/24\/copa-america-con-16-equipos\/","title":{"rendered":"Copa Am\u00e9rica con 16 equipos"},"content":{"rendered":"<p style=\"text-align: justify;\">La\u00a0<strong>Conmebol<\/strong>\u00a0determin\u00f3 que la\u00a0<strong>Copa Am\u00e9rica 2019<\/strong>\u00a0de\u00a0<strong>Brasil\u00a0<\/strong>se disputar\u00e1 del 14 de junio al 7 de julio con la participaci\u00f3n de 16 equipos, las 10 selecciones suramericanas y 6 invitadas por la entidad.<\/p>\n<p style=\"text-align: justify;\">Al torneo de selecciones m\u00e1s antiguo del mundo, donde\u00a0<strong>Chile<\/strong>, bajo las \u00f3rdenes del t\u00e9cnico colombiano\u00a0<strong>Reinaldo Rueda<\/strong>, buscar\u00e1 defender su bicampeonato, asistir\u00e1n como invitadas dos selecciones de Europa, dos de Centro y Norteam\u00e9rica y dos de Asia.<\/p>\n<p style=\"text-align: justify;\">Por la<strong>\u00a0UEFA<\/strong>\u00a0ser\u00edan invitadas\u00a0<strong>Espa\u00f1a<\/strong>\u00a0y\u00a0<strong>Portugal,<\/strong>por la<strong>\u00a0Concacaf<\/strong>,<strong>\u00a0M\u00e9xico<\/strong>\u00a0y\u00a0<strong>Estados Unidos<\/strong>\u00a0y por los asi\u00e1ticos,\u00a0<strong>Jap\u00f3n<\/strong>\u00a0y\u00a0<strong>China<\/strong>.<\/p>\n","protected":false},"excerpt":{"rendered":"<p>La\u00a0Conmebol\u00a0determin\u00f3 que la\u00a0Copa Am\u00e9rica 2019\u00a0de\u00a0Brasil\u00a0se disputar\u00e1 del 14 de junio al 7 de julio con la participaci\u00f3n de 16 equipos, las 10 selecciones suramericanas y 6 invitadas por la entidad. Al torneo de selecciones m\u00e1s antiguo del mundo, donde\u00a0Chile, bajo las \u00f3rdenes del t\u00e9cnico colombiano\u00a0Reinaldo Rueda, buscar\u00e1 defender su bicampeonato, asistir\u00e1n como invitadas dos selecciones [&hellip;]<\/p>\n","protected":false},"author":5,"featured_media":13718,"comment_status":"open","ping_status":"closed","sticky":false,"template":"","format":"standard","meta":{"_acf_changed":false,"footnotes":""},"categories":[152],"tags":[],"class_list":{"0":"post-13716","1":"post","2":"type-post","3":"status-publish","4":"format-standard","5":"has-post-thumbnail","7":"category-mundo-futbol"},"acf":[],"_links":{"self":[{"href":"https:\/\/futbolhoy.co\/index.php\/wp-json\/wp\/v2\/posts\/13716","targetHints":{"allow":["GET"]}}],"collection":[{"href":"https:\/\/futbolhoy.co\/index.php\/wp-json\/wp\/v2\/posts"}],"about":[{"href":"https:\/\/futbolhoy.co\/index.php\/wp-json\/wp\/v2\/types\/post"}],"author":[{"embeddable":true,"href":"https:\/\/futbolhoy.co\/index.php\/wp-json\/wp\/v2\/users\/5"}],"replies":[{"embeddable":true,"href":"https:\/\/futbolhoy.co\/index.php\/wp-json\/wp\/v2\/comments?post=13716"}],"version-history":[{"count":4,"href":"https:\/\/futbolhoy.co\/index.php\/wp-json\/wp\/v2\/posts\/13716\/revisions"}],"predecessor-version":[{"id":13724,"href":"https:\/\/futbolhoy.co\/index.php\/wp-json\/wp\/v2\/posts\/13716\/revisions\/13724"}],"wp:featuredmedia":[{"embeddable":true,"href":"https:\/\/futbolhoy.co\/index.php\/wp-json\/wp\/v2\/media\/13718"}],"wp:attachment":[{"href":"https:\/\/futbolhoy.co\/index.php\/wp-json\/wp\/v2\/media?parent=13716"}],"wp:term":[{"taxonomy":"category","embeddable":true,"href":"https:\/\/futbolhoy.co\/index.php\/wp-json\/wp\/v2\/categories?post=13716"},{"taxonomy":"post_tag","embeddable":true,"href":"https:\/\/futbolhoy.co\/index.php\/wp-json\/wp\/v2\/tags?post=13716"}],"curies":[{"name":"wp","href":"https:\/\/api.w.org\/{rel}","templated":true}]}}