{"id":13717,"date":"2018-02-24T10:05:22","date_gmt":"2018-02-24T15:05:22","guid":{"rendered":"http:\/\/futbolhoy.co\/?p=13717"},"modified":"2018-02-24T10:15:01","modified_gmt":"2018-02-24T15:15:01","slug":"flamengo-busca-renovar-a-paolo-guerrero","status":"publish","type":"post","link":"https:\/\/futbolhoy.co\/index.php\/2018\/02\/24\/flamengo-busca-renovar-a-paolo-guerrero\/","title":{"rendered":"Flamengo busca renovar a Paolo Guerrero"},"content":{"rendered":"<p style=\"text-align: justify;\"><strong>Flamengo<\/strong>\u00a0de Brasil inici\u00f3 acercamientos con el delantero peruano\u00a0<strong>Paolo Guerrero<\/strong>\u00a0para renovar su contrato que vence en agosto, teniendo en cuenta que el jugador podr\u00e1 regresar a las canchas el 3 de mayo, luego de pagar 6 meses de suspensi\u00f3n por dopaje.<\/p>\n<p style=\"text-align: justify;\">Guerrero, de 34 a\u00f1os, fue sancionado en noviembre por resultar positivo en un control al dopaje realizado en el partido de<strong>\u00a0Per\u00fa<\/strong>\u00a0ante <strong>Argentina\u00a0<\/strong>en Buenos Aires por las eliminatorias mundialistas.<\/p>\n<p style=\"text-align: justify;\">El club m\u00e1s popular de Brasil espera poder inscribir a Guerrero en la\u00a0<strong>Copa Libertadores<\/strong>, donde inicialmente enfrentar\u00e1 a\u00a0<strong>Santa Fe<\/strong>,\u00a0<strong>River Plate<\/strong>\u00a0y\u00a0<strong>Emelec<\/strong>\u00a0en la fase de grupos.<\/p>\n<p style=\"text-align: justify;\">Flamengo tiene en sus filas a los colombianos<strong>\u00a0Cuellar<\/strong>,\u00a0<strong>Orlando Berrio<\/strong>\u00a0(actualmente lesionado) y\u00a0<strong>Marlos Moreno<\/strong>.<\/p>\n","protected":false},"excerpt":{"rendered":"<p>Flamengo\u00a0de Brasil inici\u00f3 acercamientos con el delantero peruano\u00a0Paolo Guerrero\u00a0para renovar su contrato que vence en agosto, teniendo en cuenta que el jugador podr\u00e1 regresar a las canchas el 3 de mayo, luego de pagar 6 meses de suspensi\u00f3n por dopaje. Guerrero, de 34 a\u00f1os, fue sancionado en noviembre por resultar positivo en un control al [&hellip;]<\/p>\n","protected":false},"author":5,"featured_media":13719,"comment_status":"open","ping_status":"closed","sticky":false,"template":"","format":"standard","meta":{"_acf_changed":false,"footnotes":""},"categories":[5,152],"tags":[],"class_list":{"0":"post-13717","1":"post","2":"type-post","3":"status-publish","4":"format-standard","5":"has-post-thumbnail","7":"category-destacados","8":"category-mundo-futbol"},"acf":[],"_links":{"self":[{"href":"https:\/\/futbolhoy.co\/index.php\/wp-json\/wp\/v2\/posts\/13717","targetHints":{"allow":["GET"]}}],"collection":[{"href":"https:\/\/futbolhoy.co\/index.php\/wp-json\/wp\/v2\/posts"}],"about":[{"href":"https:\/\/futbolhoy.co\/index.php\/wp-json\/wp\/v2\/types\/post"}],"author":[{"embeddable":true,"href":"https:\/\/futbolhoy.co\/index.php\/wp-json\/wp\/v2\/users\/5"}],"replies":[{"embeddable":true,"href":"https:\/\/futbolhoy.co\/index.php\/wp-json\/wp\/v2\/comments?post=13717"}],"version-history":[{"count":4,"href":"https:\/\/futbolhoy.co\/index.php\/wp-json\/wp\/v2\/posts\/13717\/revisions"}],"predecessor-version":[{"id":13727,"href":"https:\/\/futbolhoy.co\/index.php\/wp-json\/wp\/v2\/posts\/13717\/revisions\/13727"}],"wp:featuredmedia":[{"embeddable":true,"href":"https:\/\/futbolhoy.co\/index.php\/wp-json\/wp\/v2\/media\/13719"}],"wp:attachment":[{"href":"https:\/\/futbolhoy.co\/index.php\/wp-json\/wp\/v2\/media?parent=13717"}],"wp:term":[{"taxonomy":"category","embeddable":true,"href":"https:\/\/futbolhoy.co\/index.php\/wp-json\/wp\/v2\/categories?post=13717"},{"taxonomy":"post_tag","embeddable":true,"href":"https:\/\/futbolhoy.co\/index.php\/wp-json\/wp\/v2\/tags?post=13717"}],"curies":[{"name":"wp","href":"https:\/\/api.w.org\/{rel}","templated":true}]}}