{"id":13875,"date":"2018-02-27T11:02:54","date_gmt":"2018-02-27T16:02:54","guid":{"rendered":"http:\/\/futbolhoy.co\/?p=13875"},"modified":"2018-02-27T17:54:33","modified_gmt":"2018-02-27T22:54:33","slug":"esta-generacion-de-futbolistas-chilenos-merece-salir-por-la-puerta-grande-rueda","status":"publish","type":"post","link":"https:\/\/futbolhoy.co\/index.php\/2018\/02\/27\/esta-generacion-de-futbolistas-chilenos-merece-salir-por-la-puerta-grande-rueda\/","title":{"rendered":"Esta generaci\u00f3n de futbolistas chilenos merece salir por la puerta grande: Rueda"},"content":{"rendered":"<p style=\"text-align: justify;\"><strong>Reinaldo Rueda<\/strong> atendi\u00f3 a los medios chilenos en rueda de prensa previo a su gira de amistosos por territorio europeo, donde har\u00e1 su debut oficial como seleccionador de la selecci\u00f3n chilena enfrentando a <strong>Suecia<\/strong> (24 de marzo) y\u00a0<strong>Dinamarca<\/strong> (27 de marzo). El estratega vallecaucano habl\u00f3 de los objetivos a corto plazo y de la permanencia de algunos jugadores experimentados en el combinado \u2018austral\u2019.<\/p>\n<p style=\"text-align: justify;\">\u201cEstos partidos amistosos sirven para eso, evaluar entrenamientos\u201d, coment\u00f3 Rueda sobre sus primeros encuentros; mientras que sobre su reuni\u00f3n con algunos jugadores l\u00edderes del plantel resumi\u00f3: \u201cEsta generaci\u00f3n se merece salir por la puerta grande. Ser ganador no es f\u00e1cil, se han ganado este estatus\u201c.<\/p>\n<p style=\"text-align: justify;\">Reinaldo Rueda advirti\u00f3 que el cambio generacional debe hacerse gradualmente\u00a0vinculando a los jugadores j\u00f3venes con los m\u00e1s experimentados, dado que pretender \u201chacer borr\u00f3n y cuenta nueva\u201d puede ser perjudicial. \u201cEn <strong>Colombia<\/strong> quisimos hacer borr\u00f3n y cuenta nueva y nos demoramos 16 a\u00f1os para volver a un <strong>Mundial<\/strong>\u201d.<\/p>\n<p style=\"text-align: justify;\">Finalmente, el t\u00e9cnico de 60 a\u00f1os asegur\u00f3 que <strong>Claudio Bravo<\/strong> seguir\u00e1 siendo su capit\u00e1n en la selecci\u00f3n de <strong>Chile<\/strong>; mientras que hombres como <strong>Marcelo D\u00edaz<\/strong> y <strong>Mat\u00edas Fern\u00e1ndez<\/strong> ser\u00e1n tenidos en cuenta durante su proceso.<\/p>\n","protected":false},"excerpt":{"rendered":"<p>Reinaldo Rueda atendi\u00f3 a los medios chilenos en rueda de prensa previo a su gira de amistosos por territorio europeo, donde har\u00e1 su debut oficial como seleccionador de la selecci\u00f3n chilena enfrentando a Suecia (24 de marzo) y\u00a0Dinamarca (27 de marzo). El estratega vallecaucano habl\u00f3 de los objetivos a corto plazo y de la permanencia [&hellip;]<\/p>\n","protected":false},"author":5,"featured_media":13876,"comment_status":"open","ping_status":"closed","sticky":false,"template":"","format":"standard","meta":{"_acf_changed":false,"footnotes":""},"categories":[152],"tags":[96,288],"class_list":{"0":"post-13875","1":"post","2":"type-post","3":"status-publish","4":"format-standard","5":"has-post-thumbnail","7":"category-mundo-futbol","8":"tag-reinaldo-rueda","9":"tag-seleccion-chile"},"acf":[],"_links":{"self":[{"href":"https:\/\/futbolhoy.co\/index.php\/wp-json\/wp\/v2\/posts\/13875","targetHints":{"allow":["GET"]}}],"collection":[{"href":"https:\/\/futbolhoy.co\/index.php\/wp-json\/wp\/v2\/posts"}],"about":[{"href":"https:\/\/futbolhoy.co\/index.php\/wp-json\/wp\/v2\/types\/post"}],"author":[{"embeddable":true,"href":"https:\/\/futbolhoy.co\/index.php\/wp-json\/wp\/v2\/users\/5"}],"replies":[{"embeddable":true,"href":"https:\/\/futbolhoy.co\/index.php\/wp-json\/wp\/v2\/comments?post=13875"}],"version-history":[{"count":1,"href":"https:\/\/futbolhoy.co\/index.php\/wp-json\/wp\/v2\/posts\/13875\/revisions"}],"predecessor-version":[{"id":13877,"href":"https:\/\/futbolhoy.co\/index.php\/wp-json\/wp\/v2\/posts\/13875\/revisions\/13877"}],"wp:featuredmedia":[{"embeddable":true,"href":"https:\/\/futbolhoy.co\/index.php\/wp-json\/wp\/v2\/media\/13876"}],"wp:attachment":[{"href":"https:\/\/futbolhoy.co\/index.php\/wp-json\/wp\/v2\/media?parent=13875"}],"wp:term":[{"taxonomy":"category","embeddable":true,"href":"https:\/\/futbolhoy.co\/index.php\/wp-json\/wp\/v2\/categories?post=13875"},{"taxonomy":"post_tag","embeddable":true,"href":"https:\/\/futbolhoy.co\/index.php\/wp-json\/wp\/v2\/tags?post=13875"}],"curies":[{"name":"wp","href":"https:\/\/api.w.org\/{rel}","templated":true}]}}