{"id":13973,"date":"2018-02-28T10:11:23","date_gmt":"2018-02-28T15:11:23","guid":{"rendered":"http:\/\/futbolhoy.co\/?p=13973"},"modified":"2018-02-28T20:07:35","modified_gmt":"2018-03-01T01:07:35","slug":"falcao-no-jugara-el-viernes-con-el-monaco","status":"publish","type":"post","link":"https:\/\/futbolhoy.co\/index.php\/2018\/02\/28\/falcao-no-jugara-el-viernes-con-el-monaco\/","title":{"rendered":"Falcao no jugar\u00e1 el viernes con el M\u00f3naco"},"content":{"rendered":"<p style=\"text-align: justify;\">El delantero colombiano\u00a0<strong>Falcao<\/strong> <strong>Garc\u00eda\u00a0<\/strong>no alcanzar\u00e1 a recuperarse de su molestia\u00a0en el muslo de la pierna izquierda y se perder\u00e1 el partido del viernes a las 2 y 45 de la tarde por la fecha 28 de la\u00a0Liga francesa\u00a0contra el\u00a0<strong>Bordeaux<\/strong>.<\/p>\n<p style=\"text-align: justify;\">\u00abFalcao entrena con el\u00a0<strong>M\u00f3naco<\/strong>, pero no estar\u00eda disponible para el partido del viernes\u00bb, declar\u00f3 el t\u00e9cnico del equipo, el portugu\u00e9s\u00a0<strong>Leonardo Jardim.<\/strong><\/p>\n<p style=\"text-align: justify;\">\u00abEl Tigre\u00bb colombiano sufri\u00f3 su problema muscular el 4 de febrero en el partido contra el\u00a0<strong>Lyon<\/strong>, y a pesar de publicar el lunes anterior una fotograf\u00eda practicando en la nieve, no alcanzar\u00e1 a estar para este juego y su regreso quedar\u00eda cifrado para el 9 de marzo ante el\u00a0<strong>Estrasburgo<\/strong>.<\/p>\n","protected":false},"excerpt":{"rendered":"<p>El delantero colombiano\u00a0Falcao Garc\u00eda\u00a0no alcanzar\u00e1 a recuperarse de su molestia\u00a0en el muslo de la pierna izquierda y se perder\u00e1 el partido del viernes a las 2 y 45 de la tarde por la fecha 28 de la\u00a0Liga francesa\u00a0contra el\u00a0Bordeaux. \u00abFalcao entrena con el\u00a0M\u00f3naco, pero no estar\u00eda disponible para el partido del viernes\u00bb, declar\u00f3 el t\u00e9cnico [&hellip;]<\/p>\n","protected":false},"author":5,"featured_media":13765,"comment_status":"open","ping_status":"closed","sticky":false,"template":"","format":"standard","meta":{"_acf_changed":false,"footnotes":""},"categories":[152],"tags":[616,656],"class_list":{"0":"post-13973","1":"post","2":"type-post","3":"status-publish","4":"format-standard","5":"has-post-thumbnail","7":"category-mundo-futbol","8":"tag-falcao","9":"tag-monaco"},"acf":[],"_links":{"self":[{"href":"https:\/\/futbolhoy.co\/index.php\/wp-json\/wp\/v2\/posts\/13973","targetHints":{"allow":["GET"]}}],"collection":[{"href":"https:\/\/futbolhoy.co\/index.php\/wp-json\/wp\/v2\/posts"}],"about":[{"href":"https:\/\/futbolhoy.co\/index.php\/wp-json\/wp\/v2\/types\/post"}],"author":[{"embeddable":true,"href":"https:\/\/futbolhoy.co\/index.php\/wp-json\/wp\/v2\/users\/5"}],"replies":[{"embeddable":true,"href":"https:\/\/futbolhoy.co\/index.php\/wp-json\/wp\/v2\/comments?post=13973"}],"version-history":[{"count":1,"href":"https:\/\/futbolhoy.co\/index.php\/wp-json\/wp\/v2\/posts\/13973\/revisions"}],"predecessor-version":[{"id":13974,"href":"https:\/\/futbolhoy.co\/index.php\/wp-json\/wp\/v2\/posts\/13973\/revisions\/13974"}],"wp:featuredmedia":[{"embeddable":true,"href":"https:\/\/futbolhoy.co\/index.php\/wp-json\/wp\/v2\/media\/13765"}],"wp:attachment":[{"href":"https:\/\/futbolhoy.co\/index.php\/wp-json\/wp\/v2\/media?parent=13973"}],"wp:term":[{"taxonomy":"category","embeddable":true,"href":"https:\/\/futbolhoy.co\/index.php\/wp-json\/wp\/v2\/categories?post=13973"},{"taxonomy":"post_tag","embeddable":true,"href":"https:\/\/futbolhoy.co\/index.php\/wp-json\/wp\/v2\/tags?post=13973"}],"curies":[{"name":"wp","href":"https:\/\/api.w.org\/{rel}","templated":true}]}}