{"id":14057,"date":"2018-03-01T21:26:55","date_gmt":"2018-03-02T02:26:55","guid":{"rendered":"http:\/\/futbolhoy.co\/?p=14057"},"modified":"2018-03-01T21:26:55","modified_gmt":"2018-03-02T02:26:55","slug":"santa-fe-perdio-dos-puntos-con-emelec-en-el-inicio-de-la-fase-de-grupos","status":"publish","type":"post","link":"https:\/\/futbolhoy.co\/index.php\/2018\/03\/01\/santa-fe-perdio-dos-puntos-con-emelec-en-el-inicio-de-la-fase-de-grupos\/","title":{"rendered":"Santa Fe perdi\u00f3 dos puntos con Emelec en el inicio de la fase de grupos"},"content":{"rendered":"<p style=\"text-align: justify;\"><strong>Independiente Santa Fe<\/strong> no pudo pasar del empate en el inicio del <strong>Grupo 4<\/strong> de la <strong>Copa Libertadores<\/strong>. El cuadro \u2018Cardenal\u2019 igual\u00f3 1-1 con <strong>Emelec<\/strong> de <strong>Ecuador<\/strong>, tras un primer tiempo en el que domin\u00f3 las acciones, pero no pudo reflejarlas en el marcador.<\/p>\n<p style=\"text-align: justify;\"><strong>Wilson Morelo<\/strong> adelant\u00f3 al cuadro local a los 41 minutos, luego de un remate de <strong>Anderson Plata<\/strong> que golpe\u00f3 la espalda de <strong>Sebasti\u00e1n Salazar<\/strong> y dej\u00f3 al delantero nacido en <strong>Monter\u00eda<\/strong> solo frente a la puerta de <strong>Dreer<\/strong>, definiendo con fortaleza abajo.<\/p>\n<p style=\"text-align: justify;\">Sin embargo, un descuido de <strong>Carlos Arboleda<\/strong> y <strong>Javier<\/strong> <strong>L\u00f3pez<\/strong> en zona defensiva termin\u00f3 dejando mano a mano a <strong>Brayan<\/strong> <strong>Angulo<\/strong> con el portero<strong> Leandro Castellanos<\/strong>, el atacante ecuatoriano defini\u00f3 con fortaleza a ras de pasto a la salida del portero. Hasta ese entonces Emelec no hab\u00eda propuesto nada en ataque.<\/p>\n<p style=\"text-align: justify;\">El equipo ecuatoriano recibir\u00e1 en la segunda fecha a <strong>Flamengo<\/strong> el pr\u00f3ximo 14 de marzo; mientras que los bogotanos volver\u00e1n a escena hasta el 5 de abril, cuando visiten a <strong>River<\/strong> <strong>Plate<\/strong> en <strong>Argentina<\/strong>.<\/p>\n","protected":false},"excerpt":{"rendered":"<p>Independiente Santa Fe no pudo pasar del empate en el inicio del Grupo 4 de la Copa Libertadores. El cuadro \u2018Cardenal\u2019 igual\u00f3 1-1 con Emelec de Ecuador, tras un primer tiempo en el que domin\u00f3 las acciones, pero no pudo reflejarlas en el marcador. Wilson Morelo adelant\u00f3 al cuadro local a los 41 minutos, luego [&hellip;]<\/p>\n","protected":false},"author":5,"featured_media":14058,"comment_status":"open","ping_status":"open","sticky":false,"template":"","format":"standard","meta":{"_acf_changed":false,"footnotes":""},"categories":[5,653],"tags":[115,657,169],"class_list":{"0":"post-14057","1":"post","2":"type-post","3":"status-publish","4":"format-standard","5":"has-post-thumbnail","7":"category-destacados","8":"category-copa-libertadores","9":"tag-copa-libertadores","10":"tag-emelec","11":"tag-independiente-santa-fe"},"acf":[],"yoast_head":"<!-- This site is optimized with the Yoast SEO plugin v26.8 - https:\/\/yoast.com\/product\/yoast-seo-wordpress\/ -->\n<title>Santa Fe perdi\u00f3 dos puntos con Emelec en el inicio de la fase de grupos -<\/title>\n<meta name=\"robots\" content=\"index, follow, max-snippet:-1, max-image-preview:large, max-video-preview:-1\" \/>\n<link rel=\"canonical\" href=\"https:\/\/futbolhoy.co\/index.php\/2018\/03\/01\/santa-fe-perdio-dos-puntos-con-emelec-en-el-inicio-de-la-fase-de-grupos\/\" \/>\n<meta property=\"og:locale\" content=\"es_ES\" \/>\n<meta property=\"og:type\" content=\"article\" \/>\n<meta property=\"og:title\" content=\"Santa Fe perdi\u00f3 dos puntos con Emelec en el inicio de la fase de grupos -\" \/>\n<meta property=\"og:description\" content=\"Independiente Santa Fe no pudo pasar del empate en el inicio del Grupo 4 de la Copa Libertadores. El cuadro \u2018Cardenal\u2019 igual\u00f3 1-1 con Emelec de Ecuador, tras un primer tiempo en el que domin\u00f3 las acciones, pero no pudo reflejarlas en el marcador. Wilson Morelo adelant\u00f3 al cuadro local a los 41 minutos, luego [&hellip;]\" \/>\n<meta property=\"og:url\" content=\"https:\/\/futbolhoy.co\/index.php\/2018\/03\/01\/santa-fe-perdio-dos-puntos-con-emelec-en-el-inicio-de-la-fase-de-grupos\/\" \/>\n<meta property=\"article:publisher\" content=\"https:\/\/www.facebook.com\/FutbolHoyCol\/\" \/>\n<meta property=\"article:published_time\" content=\"2018-03-02T02:26:55+00:00\" \/>\n<meta property=\"og:image\" content=\"https:\/\/futbolhoy.co\/wp-content\/uploads\/2018\/03\/1517239821_149313_1517239988_noticia_normal.jpg\" \/>\n\t<meta property=\"og:image:width\" content=\"1200\" \/>\n\t<meta property=\"og:image:height\" content=\"1106\" \/>\n\t<meta property=\"og:image:type\" content=\"image\/jpeg\" \/>\n<meta name=\"author\" content=\"Laura Hern\u00e1ndez\" \/>\n<meta name=\"twitter:card\" content=\"summary_large_image\" \/>\n<meta name=\"twitter:creator\" content=\"@FutbolHoyCol\" \/>\n<meta name=\"twitter:site\" content=\"@FutbolHoyCol\" \/>\n<meta name=\"twitter:label1\" content=\"Escrito por\" \/>\n\t<meta name=\"twitter:data1\" content=\"Laura Hern\u00e1ndez\" \/>\n\t<meta name=\"twitter:label2\" content=\"Tiempo de lectura\" \/>\n\t<meta name=\"twitter:data2\" content=\"1 minuto\" \/>\n<script type=\"application\/ld+json\" class=\"yoast-schema-graph\">{\"@context\":\"https:\/\/schema.org\",\"@graph\":[{\"@type\":\"Article\",\"@id\":\"https:\/\/futbolhoy.co\/index.php\/2018\/03\/01\/santa-fe-perdio-dos-puntos-con-emelec-en-el-inicio-de-la-fase-de-grupos\/#article\",\"isPartOf\":{\"@id\":\"https:\/\/futbolhoy.co\/index.php\/2018\/03\/01\/santa-fe-perdio-dos-puntos-con-emelec-en-el-inicio-de-la-fase-de-grupos\/\"},\"author\":{\"name\":\"Laura Hern\u00e1ndez\",\"@id\":\"https:\/\/futbolhoy.co\/#\/schema\/person\/c4a353a512b127643723a34bb1812f7d\"},\"headline\":\"Santa Fe perdi\u00f3 dos puntos con Emelec en el inicio de la fase de grupos\",\"datePublished\":\"2018-03-02T02:26:55+00:00\",\"mainEntityOfPage\":{\"@id\":\"https:\/\/futbolhoy.co\/index.php\/2018\/03\/01\/santa-fe-perdio-dos-puntos-con-emelec-en-el-inicio-de-la-fase-de-grupos\/\"},\"wordCount\":188,\"commentCount\":0,\"publisher\":{\"@id\":\"https:\/\/futbolhoy.co\/#organization\"},\"image\":{\"@id\":\"https:\/\/futbolhoy.co\/index.php\/2018\/03\/01\/santa-fe-perdio-dos-puntos-con-emelec-en-el-inicio-de-la-fase-de-grupos\/#primaryimage\"},\"thumbnailUrl\":\"https:\/\/futbolhoy.co\/wp-content\/uploads\/2018\/03\/1517239821_149313_1517239988_noticia_normal.jpg\",\"keywords\":[\"Copa Libertadores\",\"Emelec\",\"Independiente Santa Fe\"],\"articleSection\":[\"Destacados\",\"Libertadores\"],\"inLanguage\":\"es\",\"potentialAction\":[{\"@type\":\"CommentAction\",\"name\":\"Comment\",\"target\":[\"https:\/\/futbolhoy.co\/index.php\/2018\/03\/01\/santa-fe-perdio-dos-puntos-con-emelec-en-el-inicio-de-la-fase-de-grupos\/#respond\"]}]},{\"@type\":\"WebPage\",\"@id\":\"https:\/\/futbolhoy.co\/index.php\/2018\/03\/01\/santa-fe-perdio-dos-puntos-con-emelec-en-el-inicio-de-la-fase-de-grupos\/\",\"url\":\"https:\/\/futbolhoy.co\/index.php\/2018\/03\/01\/santa-fe-perdio-dos-puntos-con-emelec-en-el-inicio-de-la-fase-de-grupos\/\",\"name\":\"Santa Fe perdi\u00f3 dos puntos con Emelec en el inicio de la fase de grupos -\",\"isPartOf\":{\"@id\":\"https:\/\/futbolhoy.co\/#website\"},\"primaryImageOfPage\":{\"@id\":\"https:\/\/futbolhoy.co\/index.php\/2018\/03\/01\/santa-fe-perdio-dos-puntos-con-emelec-en-el-inicio-de-la-fase-de-grupos\/#primaryimage\"},\"image\":{\"@id\":\"https:\/\/futbolhoy.co\/index.php\/2018\/03\/01\/santa-fe-perdio-dos-puntos-con-emelec-en-el-inicio-de-la-fase-de-grupos\/#primaryimage\"},\"thumbnailUrl\":\"https:\/\/futbolhoy.co\/wp-content\/uploads\/2018\/03\/1517239821_149313_1517239988_noticia_normal.jpg\",\"datePublished\":\"2018-03-02T02:26:55+00:00\",\"breadcrumb\":{\"@id\":\"https:\/\/futbolhoy.co\/index.php\/2018\/03\/01\/santa-fe-perdio-dos-puntos-con-emelec-en-el-inicio-de-la-fase-de-grupos\/#breadcrumb\"},\"inLanguage\":\"es\",\"potentialAction\":[{\"@type\":\"ReadAction\",\"target\":[\"https:\/\/futbolhoy.co\/index.php\/2018\/03\/01\/santa-fe-perdio-dos-puntos-con-emelec-en-el-inicio-de-la-fase-de-grupos\/\"]}]},{\"@type\":\"ImageObject\",\"inLanguage\":\"es\",\"@id\":\"https:\/\/futbolhoy.co\/index.php\/2018\/03\/01\/santa-fe-perdio-dos-puntos-con-emelec-en-el-inicio-de-la-fase-de-grupos\/#primaryimage\",\"url\":\"https:\/\/futbolhoy.co\/wp-content\/uploads\/2018\/03\/1517239821_149313_1517239988_noticia_normal.jpg\",\"contentUrl\":\"https:\/\/futbolhoy.co\/wp-content\/uploads\/2018\/03\/1517239821_149313_1517239988_noticia_normal.jpg\",\"width\":1200,\"height\":1106,\"caption\":\"@CONMEBOL\"},{\"@type\":\"BreadcrumbList\",\"@id\":\"https:\/\/futbolhoy.co\/index.php\/2018\/03\/01\/santa-fe-perdio-dos-puntos-con-emelec-en-el-inicio-de-la-fase-de-grupos\/#breadcrumb\",\"itemListElement\":[{\"@type\":\"ListItem\",\"position\":1,\"name\":\"Portada\",\"item\":\"https:\/\/futbolhoy.co\/\"},{\"@type\":\"ListItem\",\"position\":2,\"name\":\"Santa Fe perdi\u00f3 dos puntos con Emelec en el inicio de la fase de grupos\"}]},{\"@type\":\"WebSite\",\"@id\":\"https:\/\/futbolhoy.co\/#website\",\"url\":\"https:\/\/futbolhoy.co\/\",\"name\":\"FutbolHoy\",\"description\":\"\",\"publisher\":{\"@id\":\"https:\/\/futbolhoy.co\/#organization\"},\"potentialAction\":[{\"@type\":\"SearchAction\",\"target\":{\"@type\":\"EntryPoint\",\"urlTemplate\":\"https:\/\/futbolhoy.co\/?s={search_term_string}\"},\"query-input\":{\"@type\":\"PropertyValueSpecification\",\"valueRequired\":true,\"valueName\":\"search_term_string\"}}],\"inLanguage\":\"es\"},{\"@type\":\"Organization\",\"@id\":\"https:\/\/futbolhoy.co\/#organization\",\"name\":\"Futbolhoy.co\",\"url\":\"https:\/\/futbolhoy.co\/\",\"logo\":{\"@type\":\"ImageObject\",\"inLanguage\":\"es\",\"@id\":\"https:\/\/futbolhoy.co\/#\/schema\/logo\/image\/\",\"url\":\"https:\/\/futbolhoy.co\/wp-content\/uploads\/2018\/08\/17426380_1906371736249227_6326180412931521141_n.jpg\",\"contentUrl\":\"https:\/\/futbolhoy.co\/wp-content\/uploads\/2018\/08\/17426380_1906371736249227_6326180412931521141_n.jpg\",\"width\":960,\"height\":960,\"caption\":\"Futbolhoy.co\"},\"image\":{\"@id\":\"https:\/\/futbolhoy.co\/#\/schema\/logo\/image\/\"},\"sameAs\":[\"https:\/\/www.facebook.com\/FutbolHoyCol\/\",\"https:\/\/x.com\/FutbolHoyCol\",\"https:\/\/www.instagram.com\/futbolhoycol\/\"]},{\"@type\":\"Person\",\"@id\":\"https:\/\/futbolhoy.co\/#\/schema\/person\/c4a353a512b127643723a34bb1812f7d\",\"name\":\"Laura Hern\u00e1ndez\",\"image\":{\"@type\":\"ImageObject\",\"inLanguage\":\"es\",\"@id\":\"https:\/\/futbolhoy.co\/#\/schema\/person\/image\/\",\"url\":\"https:\/\/secure.gravatar.com\/avatar\/d25959a15b9b293a743f99181c7cfd01?s=96&d=mm&r=g\",\"contentUrl\":\"https:\/\/secure.gravatar.com\/avatar\/d25959a15b9b293a743f99181c7cfd01?s=96&d=mm&r=g\",\"caption\":\"Laura Hern\u00e1ndez\"}}]}<\/script>\n<!-- \/ Yoast SEO plugin. -->","yoast_head_json":{"title":"Santa Fe perdi\u00f3 dos puntos con Emelec en el inicio de la fase de grupos -","robots":{"index":"index","follow":"follow","max-snippet":"max-snippet:-1","max-image-preview":"max-image-preview:large","max-video-preview":"max-video-preview:-1"},"canonical":"https:\/\/futbolhoy.co\/index.php\/2018\/03\/01\/santa-fe-perdio-dos-puntos-con-emelec-en-el-inicio-de-la-fase-de-grupos\/","og_locale":"es_ES","og_type":"article","og_title":"Santa Fe perdi\u00f3 dos puntos con Emelec en el inicio de la fase de grupos -","og_description":"Independiente Santa Fe no pudo pasar del empate en el inicio del Grupo 4 de la Copa Libertadores. El cuadro \u2018Cardenal\u2019 igual\u00f3 1-1 con Emelec de Ecuador, tras un primer tiempo en el que domin\u00f3 las acciones, pero no pudo reflejarlas en el marcador. Wilson Morelo adelant\u00f3 al cuadro local a los 41 minutos, luego [&hellip;]","og_url":"https:\/\/futbolhoy.co\/index.php\/2018\/03\/01\/santa-fe-perdio-dos-puntos-con-emelec-en-el-inicio-de-la-fase-de-grupos\/","article_publisher":"https:\/\/www.facebook.com\/FutbolHoyCol\/","article_published_time":"2018-03-02T02:26:55+00:00","og_image":[{"width":1200,"height":1106,"url":"https:\/\/futbolhoy.co\/wp-content\/uploads\/2018\/03\/1517239821_149313_1517239988_noticia_normal.jpg","type":"image\/jpeg"}],"author":"Laura Hern\u00e1ndez","twitter_card":"summary_large_image","twitter_creator":"@FutbolHoyCol","twitter_site":"@FutbolHoyCol","twitter_misc":{"Escrito por":"Laura Hern\u00e1ndez","Tiempo de lectura":"1 minuto"},"schema":{"@context":"https:\/\/schema.org","@graph":[{"@type":"Article","@id":"https:\/\/futbolhoy.co\/index.php\/2018\/03\/01\/santa-fe-perdio-dos-puntos-con-emelec-en-el-inicio-de-la-fase-de-grupos\/#article","isPartOf":{"@id":"https:\/\/futbolhoy.co\/index.php\/2018\/03\/01\/santa-fe-perdio-dos-puntos-con-emelec-en-el-inicio-de-la-fase-de-grupos\/"},"author":{"name":"Laura Hern\u00e1ndez","@id":"https:\/\/futbolhoy.co\/#\/schema\/person\/c4a353a512b127643723a34bb1812f7d"},"headline":"Santa Fe perdi\u00f3 dos puntos con Emelec en el inicio de la fase de grupos","datePublished":"2018-03-02T02:26:55+00:00","mainEntityOfPage":{"@id":"https:\/\/futbolhoy.co\/index.php\/2018\/03\/01\/santa-fe-perdio-dos-puntos-con-emelec-en-el-inicio-de-la-fase-de-grupos\/"},"wordCount":188,"commentCount":0,"publisher":{"@id":"https:\/\/futbolhoy.co\/#organization"},"image":{"@id":"https:\/\/futbolhoy.co\/index.php\/2018\/03\/01\/santa-fe-perdio-dos-puntos-con-emelec-en-el-inicio-de-la-fase-de-grupos\/#primaryimage"},"thumbnailUrl":"https:\/\/futbolhoy.co\/wp-content\/uploads\/2018\/03\/1517239821_149313_1517239988_noticia_normal.jpg","keywords":["Copa Libertadores","Emelec","Independiente Santa Fe"],"articleSection":["Destacados","Libertadores"],"inLanguage":"es","potentialAction":[{"@type":"CommentAction","name":"Comment","target":["https:\/\/futbolhoy.co\/index.php\/2018\/03\/01\/santa-fe-perdio-dos-puntos-con-emelec-en-el-inicio-de-la-fase-de-grupos\/#respond"]}]},{"@type":"WebPage","@id":"https:\/\/futbolhoy.co\/index.php\/2018\/03\/01\/santa-fe-perdio-dos-puntos-con-emelec-en-el-inicio-de-la-fase-de-grupos\/","url":"https:\/\/futbolhoy.co\/index.php\/2018\/03\/01\/santa-fe-perdio-dos-puntos-con-emelec-en-el-inicio-de-la-fase-de-grupos\/","name":"Santa Fe perdi\u00f3 dos puntos con Emelec en el inicio de la fase de grupos -","isPartOf":{"@id":"https:\/\/futbolhoy.co\/#website"},"primaryImageOfPage":{"@id":"https:\/\/futbolhoy.co\/index.php\/2018\/03\/01\/santa-fe-perdio-dos-puntos-con-emelec-en-el-inicio-de-la-fase-de-grupos\/#primaryimage"},"image":{"@id":"https:\/\/futbolhoy.co\/index.php\/2018\/03\/01\/santa-fe-perdio-dos-puntos-con-emelec-en-el-inicio-de-la-fase-de-grupos\/#primaryimage"},"thumbnailUrl":"https:\/\/futbolhoy.co\/wp-content\/uploads\/2018\/03\/1517239821_149313_1517239988_noticia_normal.jpg","datePublished":"2018-03-02T02:26:55+00:00","breadcrumb":{"@id":"https:\/\/futbolhoy.co\/index.php\/2018\/03\/01\/santa-fe-perdio-dos-puntos-con-emelec-en-el-inicio-de-la-fase-de-grupos\/#breadcrumb"},"inLanguage":"es","potentialAction":[{"@type":"ReadAction","target":["https:\/\/futbolhoy.co\/index.php\/2018\/03\/01\/santa-fe-perdio-dos-puntos-con-emelec-en-el-inicio-de-la-fase-de-grupos\/"]}]},{"@type":"ImageObject","inLanguage":"es","@id":"https:\/\/futbolhoy.co\/index.php\/2018\/03\/01\/santa-fe-perdio-dos-puntos-con-emelec-en-el-inicio-de-la-fase-de-grupos\/#primaryimage","url":"https:\/\/futbolhoy.co\/wp-content\/uploads\/2018\/03\/1517239821_149313_1517239988_noticia_normal.jpg","contentUrl":"https:\/\/futbolhoy.co\/wp-content\/uploads\/2018\/03\/1517239821_149313_1517239988_noticia_normal.jpg","width":1200,"height":1106,"caption":"@CONMEBOL"},{"@type":"BreadcrumbList","@id":"https:\/\/futbolhoy.co\/index.php\/2018\/03\/01\/santa-fe-perdio-dos-puntos-con-emelec-en-el-inicio-de-la-fase-de-grupos\/#breadcrumb","itemListElement":[{"@type":"ListItem","position":1,"name":"Portada","item":"https:\/\/futbolhoy.co\/"},{"@type":"ListItem","position":2,"name":"Santa Fe perdi\u00f3 dos puntos con Emelec en el inicio de la fase de grupos"}]},{"@type":"WebSite","@id":"https:\/\/futbolhoy.co\/#website","url":"https:\/\/futbolhoy.co\/","name":"FutbolHoy","description":"","publisher":{"@id":"https:\/\/futbolhoy.co\/#organization"},"potentialAction":[{"@type":"SearchAction","target":{"@type":"EntryPoint","urlTemplate":"https:\/\/futbolhoy.co\/?s={search_term_string}"},"query-input":{"@type":"PropertyValueSpecification","valueRequired":true,"valueName":"search_term_string"}}],"inLanguage":"es"},{"@type":"Organization","@id":"https:\/\/futbolhoy.co\/#organization","name":"Futbolhoy.co","url":"https:\/\/futbolhoy.co\/","logo":{"@type":"ImageObject","inLanguage":"es","@id":"https:\/\/futbolhoy.co\/#\/schema\/logo\/image\/","url":"https:\/\/futbolhoy.co\/wp-content\/uploads\/2018\/08\/17426380_1906371736249227_6326180412931521141_n.jpg","contentUrl":"https:\/\/futbolhoy.co\/wp-content\/uploads\/2018\/08\/17426380_1906371736249227_6326180412931521141_n.jpg","width":960,"height":960,"caption":"Futbolhoy.co"},"image":{"@id":"https:\/\/futbolhoy.co\/#\/schema\/logo\/image\/"},"sameAs":["https:\/\/www.facebook.com\/FutbolHoyCol\/","https:\/\/x.com\/FutbolHoyCol","https:\/\/www.instagram.com\/futbolhoycol\/"]},{"@type":"Person","@id":"https:\/\/futbolhoy.co\/#\/schema\/person\/c4a353a512b127643723a34bb1812f7d","name":"Laura Hern\u00e1ndez","image":{"@type":"ImageObject","inLanguage":"es","@id":"https:\/\/futbolhoy.co\/#\/schema\/person\/image\/","url":"https:\/\/secure.gravatar.com\/avatar\/d25959a15b9b293a743f99181c7cfd01?s=96&d=mm&r=g","contentUrl":"https:\/\/secure.gravatar.com\/avatar\/d25959a15b9b293a743f99181c7cfd01?s=96&d=mm&r=g","caption":"Laura Hern\u00e1ndez"}}]}},"publishpress_future_action":{"enabled":false,"date":"2026-05-06 03:49:10","action":"change-status","newStatus":"draft","terms":[],"taxonomy":"category","extraData":[]},"publishpress_future_workflow_manual_trigger":{"enabledWorkflows":[]},"_links":{"self":[{"href":"https:\/\/futbolhoy.co\/index.php\/wp-json\/wp\/v2\/posts\/14057","targetHints":{"allow":["GET"]}}],"collection":[{"href":"https:\/\/futbolhoy.co\/index.php\/wp-json\/wp\/v2\/posts"}],"about":[{"href":"https:\/\/futbolhoy.co\/index.php\/wp-json\/wp\/v2\/types\/post"}],"author":[{"embeddable":true,"href":"https:\/\/futbolhoy.co\/index.php\/wp-json\/wp\/v2\/users\/5"}],"replies":[{"embeddable":true,"href":"https:\/\/futbolhoy.co\/index.php\/wp-json\/wp\/v2\/comments?post=14057"}],"version-history":[{"count":1,"href":"https:\/\/futbolhoy.co\/index.php\/wp-json\/wp\/v2\/posts\/14057\/revisions"}],"predecessor-version":[{"id":14059,"href":"https:\/\/futbolhoy.co\/index.php\/wp-json\/wp\/v2\/posts\/14057\/revisions\/14059"}],"wp:featuredmedia":[{"embeddable":true,"href":"https:\/\/futbolhoy.co\/index.php\/wp-json\/wp\/v2\/media\/14058"}],"wp:attachment":[{"href":"https:\/\/futbolhoy.co\/index.php\/wp-json\/wp\/v2\/media?parent=14057"}],"wp:term":[{"taxonomy":"category","embeddable":true,"href":"https:\/\/futbolhoy.co\/index.php\/wp-json\/wp\/v2\/categories?post=14057"},{"taxonomy":"post_tag","embeddable":true,"href":"https:\/\/futbolhoy.co\/index.php\/wp-json\/wp\/v2\/tags?post=14057"}],"curies":[{"name":"wp","href":"https:\/\/api.w.org\/{rel}","templated":true}]}}