{"id":14060,"date":"2018-03-02T00:07:01","date_gmt":"2018-03-02T05:07:01","guid":{"rendered":"http:\/\/futbolhoy.co\/?p=14060"},"modified":"2018-03-02T00:07:01","modified_gmt":"2018-03-02T05:07:01","slug":"junior-decepciono-en-su-primer-partido-de-grupos-en-copa","status":"publish","type":"post","link":"https:\/\/futbolhoy.co\/index.php\/2018\/03\/02\/junior-decepciono-en-su-primer-partido-de-grupos-en-copa\/","title":{"rendered":"Junior decepcion\u00f3 en su primer partido de grupos en Copa"},"content":{"rendered":"<p style=\"text-align: justify;\"><strong>Junior<\/strong> sufri\u00f3 una dolorosa derrota en su debut en la fase de Grupos de la <strong>Copa Libertadores<\/strong>, el cuadro barranquillero cay\u00f3 3-0 en el estadio <strong>Metropolitano<\/strong> ante <strong>Palmeiras<\/strong> de <strong>Brasil<\/strong>, uno de los grandes favoritos al t\u00edtulo del certamen que cont\u00f3 con la presencia goleadora de <strong>Miguel \u00c1ngel Borja.<\/strong><\/p>\n<p style=\"text-align: justify;\">La expulsi\u00f3n de <strong>Germ\u00e1n Guti\u00e9rrez<\/strong> con apenas nueve minutos del encuentro cambi\u00f3 la suerte del partido y oblig\u00f3 al t\u00e9cnico <strong>Alexis Mendoza<\/strong> a reacomodar sus fichas sobre la marcha y desde muy temprano.<\/p>\n<p style=\"text-align: justify;\"><strong>Bruno Henrique<\/strong> abri\u00f3 el marcador a los 19 minutos, con un sendo derechazo cruzado desde el borde del \u00e1rea; Junior aguant\u00f3 el resultado en contra en la primera parte; sin embargo, para el complemento sinti\u00f3 con mayor intensidad el poder ofensivo rival y su hombre de menos.<\/p>\n<p style=\"text-align: justify;\">Miguel \u00c1ngel Borja caz\u00f3 un rebote en el \u00e1rea y con una gran volea lo envi\u00f3 al fondo de los tres palos. El mismo Henrique anot\u00f3 el 3-0 definitivo a los 71 minutos, tras una gran jugada colectiva. El uruguayo <strong>Jonathan \u00c1lvez<\/strong> tuvo una noche desafortunada que sell\u00f3 fallando un penal sobre los minutos finales.<\/p>\n<p style=\"text-align: justify;\">Junior tendr\u00e1 una dif\u00edcil prueba en la segunda fecha del Grupo 8 cuando visite a<strong> Boca Juniors<\/strong> en <strong>La Bombonera<\/strong> el pr\u00f3ximo 4 de abril; mientras que Palmeiras recibir\u00e1 a <strong>Alianza Lima<\/strong> el pr\u00f3ximo 3 de abril. Peruanos y argentinos igualaron 0-0 en la capital \u2018Inca\u2019.<\/p>\n","protected":false},"excerpt":{"rendered":"<p>Junior sufri\u00f3 una dolorosa derrota en su debut en la fase de Grupos de la Copa Libertadores, el cuadro barranquillero cay\u00f3 3-0 en el estadio Metropolitano ante Palmeiras de Brasil, uno de los grandes favoritos al t\u00edtulo del certamen que cont\u00f3 con la presencia goleadora de Miguel \u00c1ngel Borja. La expulsi\u00f3n de Germ\u00e1n Guti\u00e9rrez con [&hellip;]<\/p>\n","protected":false},"author":5,"featured_media":14061,"comment_status":"open","ping_status":"open","sticky":false,"template":"","format":"standard","meta":{"_acf_changed":false,"footnotes":""},"categories":[5,653],"tags":[115,90,270],"class_list":{"0":"post-14060","1":"post","2":"type-post","3":"status-publish","4":"format-standard","5":"has-post-thumbnail","7":"category-destacados","8":"category-copa-libertadores","9":"tag-copa-libertadores","10":"tag-junior","11":"tag-palmeiras"},"acf":[],"yoast_head":"<!-- This site is optimized with the Yoast SEO plugin v26.8 - https:\/\/yoast.com\/product\/yoast-seo-wordpress\/ -->\n<title>Junior decepcion\u00f3 en su primer partido de grupos en Copa -<\/title>\n<meta name=\"robots\" content=\"index, follow, max-snippet:-1, max-image-preview:large, max-video-preview:-1\" \/>\n<link rel=\"canonical\" href=\"https:\/\/futbolhoy.co\/index.php\/2018\/03\/02\/junior-decepciono-en-su-primer-partido-de-grupos-en-copa\/\" \/>\n<meta property=\"og:locale\" content=\"es_ES\" \/>\n<meta property=\"og:type\" content=\"article\" \/>\n<meta property=\"og:title\" content=\"Junior decepcion\u00f3 en su primer partido de grupos en Copa -\" \/>\n<meta property=\"og:description\" content=\"Junior sufri\u00f3 una dolorosa derrota en su debut en la fase de Grupos de la Copa Libertadores, el cuadro barranquillero cay\u00f3 3-0 en el estadio Metropolitano ante Palmeiras de Brasil, uno de los grandes favoritos al t\u00edtulo del certamen que cont\u00f3 con la presencia goleadora de Miguel \u00c1ngel Borja. La expulsi\u00f3n de Germ\u00e1n Guti\u00e9rrez con [&hellip;]\" \/>\n<meta property=\"og:url\" content=\"https:\/\/futbolhoy.co\/index.php\/2018\/03\/02\/junior-decepciono-en-su-primer-partido-de-grupos-en-copa\/\" \/>\n<meta property=\"article:publisher\" content=\"https:\/\/www.facebook.com\/FutbolHoyCol\/\" \/>\n<meta property=\"article:published_time\" content=\"2018-03-02T05:07:01+00:00\" \/>\n<meta property=\"og:image\" content=\"https:\/\/futbolhoy.co\/wp-content\/uploads\/2018\/03\/Palmeiras.jpg\" \/>\n\t<meta property=\"og:image:width\" content=\"1200\" \/>\n\t<meta property=\"og:image:height\" content=\"759\" \/>\n\t<meta property=\"og:image:type\" content=\"image\/jpeg\" \/>\n<meta name=\"author\" content=\"Laura Hern\u00e1ndez\" \/>\n<meta name=\"twitter:card\" content=\"summary_large_image\" \/>\n<meta name=\"twitter:creator\" content=\"@FutbolHoyCol\" \/>\n<meta name=\"twitter:site\" content=\"@FutbolHoyCol\" \/>\n<meta name=\"twitter:label1\" content=\"Escrito por\" \/>\n\t<meta name=\"twitter:data1\" content=\"Laura Hern\u00e1ndez\" \/>\n\t<meta name=\"twitter:label2\" content=\"Tiempo de lectura\" \/>\n\t<meta name=\"twitter:data2\" content=\"1 minuto\" \/>\n<script type=\"application\/ld+json\" class=\"yoast-schema-graph\">{\"@context\":\"https:\/\/schema.org\",\"@graph\":[{\"@type\":\"Article\",\"@id\":\"https:\/\/futbolhoy.co\/index.php\/2018\/03\/02\/junior-decepciono-en-su-primer-partido-de-grupos-en-copa\/#article\",\"isPartOf\":{\"@id\":\"https:\/\/futbolhoy.co\/index.php\/2018\/03\/02\/junior-decepciono-en-su-primer-partido-de-grupos-en-copa\/\"},\"author\":{\"name\":\"Laura Hern\u00e1ndez\",\"@id\":\"https:\/\/futbolhoy.co\/#\/schema\/person\/c4a353a512b127643723a34bb1812f7d\"},\"headline\":\"Junior decepcion\u00f3 en su primer partido de grupos en Copa\",\"datePublished\":\"2018-03-02T05:07:01+00:00\",\"mainEntityOfPage\":{\"@id\":\"https:\/\/futbolhoy.co\/index.php\/2018\/03\/02\/junior-decepciono-en-su-primer-partido-de-grupos-en-copa\/\"},\"wordCount\":243,\"commentCount\":0,\"publisher\":{\"@id\":\"https:\/\/futbolhoy.co\/#organization\"},\"image\":{\"@id\":\"https:\/\/futbolhoy.co\/index.php\/2018\/03\/02\/junior-decepciono-en-su-primer-partido-de-grupos-en-copa\/#primaryimage\"},\"thumbnailUrl\":\"https:\/\/futbolhoy.co\/wp-content\/uploads\/2018\/03\/Palmeiras.jpg\",\"keywords\":[\"Copa Libertadores\",\"Junior\",\"Palmeiras\"],\"articleSection\":[\"Destacados\",\"Libertadores\"],\"inLanguage\":\"es\",\"potentialAction\":[{\"@type\":\"CommentAction\",\"name\":\"Comment\",\"target\":[\"https:\/\/futbolhoy.co\/index.php\/2018\/03\/02\/junior-decepciono-en-su-primer-partido-de-grupos-en-copa\/#respond\"]}]},{\"@type\":\"WebPage\",\"@id\":\"https:\/\/futbolhoy.co\/index.php\/2018\/03\/02\/junior-decepciono-en-su-primer-partido-de-grupos-en-copa\/\",\"url\":\"https:\/\/futbolhoy.co\/index.php\/2018\/03\/02\/junior-decepciono-en-su-primer-partido-de-grupos-en-copa\/\",\"name\":\"Junior decepcion\u00f3 en su primer partido de grupos en Copa -\",\"isPartOf\":{\"@id\":\"https:\/\/futbolhoy.co\/#website\"},\"primaryImageOfPage\":{\"@id\":\"https:\/\/futbolhoy.co\/index.php\/2018\/03\/02\/junior-decepciono-en-su-primer-partido-de-grupos-en-copa\/#primaryimage\"},\"image\":{\"@id\":\"https:\/\/futbolhoy.co\/index.php\/2018\/03\/02\/junior-decepciono-en-su-primer-partido-de-grupos-en-copa\/#primaryimage\"},\"thumbnailUrl\":\"https:\/\/futbolhoy.co\/wp-content\/uploads\/2018\/03\/Palmeiras.jpg\",\"datePublished\":\"2018-03-02T05:07:01+00:00\",\"breadcrumb\":{\"@id\":\"https:\/\/futbolhoy.co\/index.php\/2018\/03\/02\/junior-decepciono-en-su-primer-partido-de-grupos-en-copa\/#breadcrumb\"},\"inLanguage\":\"es\",\"potentialAction\":[{\"@type\":\"ReadAction\",\"target\":[\"https:\/\/futbolhoy.co\/index.php\/2018\/03\/02\/junior-decepciono-en-su-primer-partido-de-grupos-en-copa\/\"]}]},{\"@type\":\"ImageObject\",\"inLanguage\":\"es\",\"@id\":\"https:\/\/futbolhoy.co\/index.php\/2018\/03\/02\/junior-decepciono-en-su-primer-partido-de-grupos-en-copa\/#primaryimage\",\"url\":\"https:\/\/futbolhoy.co\/wp-content\/uploads\/2018\/03\/Palmeiras.jpg\",\"contentUrl\":\"https:\/\/futbolhoy.co\/wp-content\/uploads\/2018\/03\/Palmeiras.jpg\",\"width\":1200,\"height\":759,\"caption\":\"@Conmebol\"},{\"@type\":\"BreadcrumbList\",\"@id\":\"https:\/\/futbolhoy.co\/index.php\/2018\/03\/02\/junior-decepciono-en-su-primer-partido-de-grupos-en-copa\/#breadcrumb\",\"itemListElement\":[{\"@type\":\"ListItem\",\"position\":1,\"name\":\"Portada\",\"item\":\"https:\/\/futbolhoy.co\/\"},{\"@type\":\"ListItem\",\"position\":2,\"name\":\"Junior decepcion\u00f3 en su primer partido de grupos en Copa\"}]},{\"@type\":\"WebSite\",\"@id\":\"https:\/\/futbolhoy.co\/#website\",\"url\":\"https:\/\/futbolhoy.co\/\",\"name\":\"FutbolHoy\",\"description\":\"\",\"publisher\":{\"@id\":\"https:\/\/futbolhoy.co\/#organization\"},\"potentialAction\":[{\"@type\":\"SearchAction\",\"target\":{\"@type\":\"EntryPoint\",\"urlTemplate\":\"https:\/\/futbolhoy.co\/?s={search_term_string}\"},\"query-input\":{\"@type\":\"PropertyValueSpecification\",\"valueRequired\":true,\"valueName\":\"search_term_string\"}}],\"inLanguage\":\"es\"},{\"@type\":\"Organization\",\"@id\":\"https:\/\/futbolhoy.co\/#organization\",\"name\":\"Futbolhoy.co\",\"url\":\"https:\/\/futbolhoy.co\/\",\"logo\":{\"@type\":\"ImageObject\",\"inLanguage\":\"es\",\"@id\":\"https:\/\/futbolhoy.co\/#\/schema\/logo\/image\/\",\"url\":\"https:\/\/futbolhoy.co\/wp-content\/uploads\/2018\/08\/17426380_1906371736249227_6326180412931521141_n.jpg\",\"contentUrl\":\"https:\/\/futbolhoy.co\/wp-content\/uploads\/2018\/08\/17426380_1906371736249227_6326180412931521141_n.jpg\",\"width\":960,\"height\":960,\"caption\":\"Futbolhoy.co\"},\"image\":{\"@id\":\"https:\/\/futbolhoy.co\/#\/schema\/logo\/image\/\"},\"sameAs\":[\"https:\/\/www.facebook.com\/FutbolHoyCol\/\",\"https:\/\/x.com\/FutbolHoyCol\",\"https:\/\/www.instagram.com\/futbolhoycol\/\"]},{\"@type\":\"Person\",\"@id\":\"https:\/\/futbolhoy.co\/#\/schema\/person\/c4a353a512b127643723a34bb1812f7d\",\"name\":\"Laura Hern\u00e1ndez\",\"image\":{\"@type\":\"ImageObject\",\"inLanguage\":\"es\",\"@id\":\"https:\/\/futbolhoy.co\/#\/schema\/person\/image\/\",\"url\":\"https:\/\/secure.gravatar.com\/avatar\/d25959a15b9b293a743f99181c7cfd01?s=96&d=mm&r=g\",\"contentUrl\":\"https:\/\/secure.gravatar.com\/avatar\/d25959a15b9b293a743f99181c7cfd01?s=96&d=mm&r=g\",\"caption\":\"Laura Hern\u00e1ndez\"}}]}<\/script>\n<!-- \/ Yoast SEO plugin. -->","yoast_head_json":{"title":"Junior decepcion\u00f3 en su primer partido de grupos en Copa -","robots":{"index":"index","follow":"follow","max-snippet":"max-snippet:-1","max-image-preview":"max-image-preview:large","max-video-preview":"max-video-preview:-1"},"canonical":"https:\/\/futbolhoy.co\/index.php\/2018\/03\/02\/junior-decepciono-en-su-primer-partido-de-grupos-en-copa\/","og_locale":"es_ES","og_type":"article","og_title":"Junior decepcion\u00f3 en su primer partido de grupos en Copa -","og_description":"Junior sufri\u00f3 una dolorosa derrota en su debut en la fase de Grupos de la Copa Libertadores, el cuadro barranquillero cay\u00f3 3-0 en el estadio Metropolitano ante Palmeiras de Brasil, uno de los grandes favoritos al t\u00edtulo del certamen que cont\u00f3 con la presencia goleadora de Miguel \u00c1ngel Borja. La expulsi\u00f3n de Germ\u00e1n Guti\u00e9rrez con [&hellip;]","og_url":"https:\/\/futbolhoy.co\/index.php\/2018\/03\/02\/junior-decepciono-en-su-primer-partido-de-grupos-en-copa\/","article_publisher":"https:\/\/www.facebook.com\/FutbolHoyCol\/","article_published_time":"2018-03-02T05:07:01+00:00","og_image":[{"width":1200,"height":759,"url":"https:\/\/futbolhoy.co\/wp-content\/uploads\/2018\/03\/Palmeiras.jpg","type":"image\/jpeg"}],"author":"Laura Hern\u00e1ndez","twitter_card":"summary_large_image","twitter_creator":"@FutbolHoyCol","twitter_site":"@FutbolHoyCol","twitter_misc":{"Escrito por":"Laura Hern\u00e1ndez","Tiempo de lectura":"1 minuto"},"schema":{"@context":"https:\/\/schema.org","@graph":[{"@type":"Article","@id":"https:\/\/futbolhoy.co\/index.php\/2018\/03\/02\/junior-decepciono-en-su-primer-partido-de-grupos-en-copa\/#article","isPartOf":{"@id":"https:\/\/futbolhoy.co\/index.php\/2018\/03\/02\/junior-decepciono-en-su-primer-partido-de-grupos-en-copa\/"},"author":{"name":"Laura Hern\u00e1ndez","@id":"https:\/\/futbolhoy.co\/#\/schema\/person\/c4a353a512b127643723a34bb1812f7d"},"headline":"Junior decepcion\u00f3 en su primer partido de grupos en Copa","datePublished":"2018-03-02T05:07:01+00:00","mainEntityOfPage":{"@id":"https:\/\/futbolhoy.co\/index.php\/2018\/03\/02\/junior-decepciono-en-su-primer-partido-de-grupos-en-copa\/"},"wordCount":243,"commentCount":0,"publisher":{"@id":"https:\/\/futbolhoy.co\/#organization"},"image":{"@id":"https:\/\/futbolhoy.co\/index.php\/2018\/03\/02\/junior-decepciono-en-su-primer-partido-de-grupos-en-copa\/#primaryimage"},"thumbnailUrl":"https:\/\/futbolhoy.co\/wp-content\/uploads\/2018\/03\/Palmeiras.jpg","keywords":["Copa Libertadores","Junior","Palmeiras"],"articleSection":["Destacados","Libertadores"],"inLanguage":"es","potentialAction":[{"@type":"CommentAction","name":"Comment","target":["https:\/\/futbolhoy.co\/index.php\/2018\/03\/02\/junior-decepciono-en-su-primer-partido-de-grupos-en-copa\/#respond"]}]},{"@type":"WebPage","@id":"https:\/\/futbolhoy.co\/index.php\/2018\/03\/02\/junior-decepciono-en-su-primer-partido-de-grupos-en-copa\/","url":"https:\/\/futbolhoy.co\/index.php\/2018\/03\/02\/junior-decepciono-en-su-primer-partido-de-grupos-en-copa\/","name":"Junior decepcion\u00f3 en su primer partido de grupos en Copa -","isPartOf":{"@id":"https:\/\/futbolhoy.co\/#website"},"primaryImageOfPage":{"@id":"https:\/\/futbolhoy.co\/index.php\/2018\/03\/02\/junior-decepciono-en-su-primer-partido-de-grupos-en-copa\/#primaryimage"},"image":{"@id":"https:\/\/futbolhoy.co\/index.php\/2018\/03\/02\/junior-decepciono-en-su-primer-partido-de-grupos-en-copa\/#primaryimage"},"thumbnailUrl":"https:\/\/futbolhoy.co\/wp-content\/uploads\/2018\/03\/Palmeiras.jpg","datePublished":"2018-03-02T05:07:01+00:00","breadcrumb":{"@id":"https:\/\/futbolhoy.co\/index.php\/2018\/03\/02\/junior-decepciono-en-su-primer-partido-de-grupos-en-copa\/#breadcrumb"},"inLanguage":"es","potentialAction":[{"@type":"ReadAction","target":["https:\/\/futbolhoy.co\/index.php\/2018\/03\/02\/junior-decepciono-en-su-primer-partido-de-grupos-en-copa\/"]}]},{"@type":"ImageObject","inLanguage":"es","@id":"https:\/\/futbolhoy.co\/index.php\/2018\/03\/02\/junior-decepciono-en-su-primer-partido-de-grupos-en-copa\/#primaryimage","url":"https:\/\/futbolhoy.co\/wp-content\/uploads\/2018\/03\/Palmeiras.jpg","contentUrl":"https:\/\/futbolhoy.co\/wp-content\/uploads\/2018\/03\/Palmeiras.jpg","width":1200,"height":759,"caption":"@Conmebol"},{"@type":"BreadcrumbList","@id":"https:\/\/futbolhoy.co\/index.php\/2018\/03\/02\/junior-decepciono-en-su-primer-partido-de-grupos-en-copa\/#breadcrumb","itemListElement":[{"@type":"ListItem","position":1,"name":"Portada","item":"https:\/\/futbolhoy.co\/"},{"@type":"ListItem","position":2,"name":"Junior decepcion\u00f3 en su primer partido de grupos en Copa"}]},{"@type":"WebSite","@id":"https:\/\/futbolhoy.co\/#website","url":"https:\/\/futbolhoy.co\/","name":"FutbolHoy","description":"","publisher":{"@id":"https:\/\/futbolhoy.co\/#organization"},"potentialAction":[{"@type":"SearchAction","target":{"@type":"EntryPoint","urlTemplate":"https:\/\/futbolhoy.co\/?s={search_term_string}"},"query-input":{"@type":"PropertyValueSpecification","valueRequired":true,"valueName":"search_term_string"}}],"inLanguage":"es"},{"@type":"Organization","@id":"https:\/\/futbolhoy.co\/#organization","name":"Futbolhoy.co","url":"https:\/\/futbolhoy.co\/","logo":{"@type":"ImageObject","inLanguage":"es","@id":"https:\/\/futbolhoy.co\/#\/schema\/logo\/image\/","url":"https:\/\/futbolhoy.co\/wp-content\/uploads\/2018\/08\/17426380_1906371736249227_6326180412931521141_n.jpg","contentUrl":"https:\/\/futbolhoy.co\/wp-content\/uploads\/2018\/08\/17426380_1906371736249227_6326180412931521141_n.jpg","width":960,"height":960,"caption":"Futbolhoy.co"},"image":{"@id":"https:\/\/futbolhoy.co\/#\/schema\/logo\/image\/"},"sameAs":["https:\/\/www.facebook.com\/FutbolHoyCol\/","https:\/\/x.com\/FutbolHoyCol","https:\/\/www.instagram.com\/futbolhoycol\/"]},{"@type":"Person","@id":"https:\/\/futbolhoy.co\/#\/schema\/person\/c4a353a512b127643723a34bb1812f7d","name":"Laura Hern\u00e1ndez","image":{"@type":"ImageObject","inLanguage":"es","@id":"https:\/\/futbolhoy.co\/#\/schema\/person\/image\/","url":"https:\/\/secure.gravatar.com\/avatar\/d25959a15b9b293a743f99181c7cfd01?s=96&d=mm&r=g","contentUrl":"https:\/\/secure.gravatar.com\/avatar\/d25959a15b9b293a743f99181c7cfd01?s=96&d=mm&r=g","caption":"Laura Hern\u00e1ndez"}}]}},"publishpress_future_action":{"enabled":false,"date":"2026-05-06 02:37:10","action":"change-status","newStatus":"draft","terms":[],"taxonomy":"category","extraData":[]},"publishpress_future_workflow_manual_trigger":{"enabledWorkflows":[]},"_links":{"self":[{"href":"https:\/\/futbolhoy.co\/index.php\/wp-json\/wp\/v2\/posts\/14060","targetHints":{"allow":["GET"]}}],"collection":[{"href":"https:\/\/futbolhoy.co\/index.php\/wp-json\/wp\/v2\/posts"}],"about":[{"href":"https:\/\/futbolhoy.co\/index.php\/wp-json\/wp\/v2\/types\/post"}],"author":[{"embeddable":true,"href":"https:\/\/futbolhoy.co\/index.php\/wp-json\/wp\/v2\/users\/5"}],"replies":[{"embeddable":true,"href":"https:\/\/futbolhoy.co\/index.php\/wp-json\/wp\/v2\/comments?post=14060"}],"version-history":[{"count":1,"href":"https:\/\/futbolhoy.co\/index.php\/wp-json\/wp\/v2\/posts\/14060\/revisions"}],"predecessor-version":[{"id":14062,"href":"https:\/\/futbolhoy.co\/index.php\/wp-json\/wp\/v2\/posts\/14060\/revisions\/14062"}],"wp:featuredmedia":[{"embeddable":true,"href":"https:\/\/futbolhoy.co\/index.php\/wp-json\/wp\/v2\/media\/14061"}],"wp:attachment":[{"href":"https:\/\/futbolhoy.co\/index.php\/wp-json\/wp\/v2\/media?parent=14060"}],"wp:term":[{"taxonomy":"category","embeddable":true,"href":"https:\/\/futbolhoy.co\/index.php\/wp-json\/wp\/v2\/categories?post=14060"},{"taxonomy":"post_tag","embeddable":true,"href":"https:\/\/futbolhoy.co\/index.php\/wp-json\/wp\/v2\/tags?post=14060"}],"curies":[{"name":"wp","href":"https:\/\/api.w.org\/{rel}","templated":true}]}}