{"id":14078,"date":"2018-03-02T08:52:01","date_gmt":"2018-03-02T13:52:01","guid":{"rendered":"http:\/\/futbolhoy.co\/?p=14078"},"modified":"2018-03-02T08:52:01","modified_gmt":"2018-03-02T13:52:01","slug":"zidane-envio-mensaje-a-neymar-y-aseguro-que-su-reemplazo-sera-igual-de-dificil","status":"publish","type":"post","link":"https:\/\/futbolhoy.co\/index.php\/2018\/03\/02\/zidane-envio-mensaje-a-neymar-y-aseguro-que-su-reemplazo-sera-igual-de-dificil\/","title":{"rendered":"Zidane envi\u00f3 mensaje a Neymar y asegur\u00f3 que su reemplazo ser\u00e1 igual de dif\u00edcil"},"content":{"rendered":"<p style=\"font-weight: 400; text-align: justify;\">El t\u00e9cnico del Real Madrid, Zinedine Zidane, envi\u00f3 un mensaje a Neymar y se mostr\u00f3 convencido que el elegido para sustituir al brasile\u00f1o, en el juego de vuelta por los octavos de final de la Liga de Campeones ante PSG, generar\u00e1 los mismos problemas.<\/p>\n<p style=\"text-align: justify;\">\"Lo sentimos por Neymar\u2026\"El resto es un equipo muy fuerte y el jugador que va a sustituir a brasile\u00f1o ser\u00e1 bueno seguro. No pensamos que el partido va a ser f\u00e1cil\", sostuvo Zidane.<\/p>\n<p style=\"text-align: justify;\">\"Hay preocupaci\u00f3n, pero es simplemente respeto porque es un partido de vuelta de octavos de final de Champions, hay que jugar al 200% un partido tan importante y cualquier jugador que actu\u00e9 en su lugar va a querer demostrar mucho y hacerlo muy bien. Va a ser un partido muy complicado como esperaba desde el sorteo\", puntualiz\u00f3.<\/p>\n","protected":false},"excerpt":{"rendered":"<p>El t\u00e9cnico del Real Madrid, Zinedine Zidane, envi\u00f3 un mensaje a Neymar y se mostr\u00f3 convencido que el elegido para sustituir al brasile\u00f1o, en el juego de vuelta por los octavos de final de la Liga de Campeones ante PSG, generar\u00e1 los mismos problemas. \"Lo sentimos por Neymar\u2026\"El resto es un equipo muy fuerte y [&hellip;]<\/p>\n","protected":false},"author":5,"featured_media":14080,"comment_status":"open","ping_status":"open","sticky":false,"template":"","format":"standard","meta":{"_acf_changed":false,"footnotes":""},"categories":[4,5],"tags":[],"class_list":{"0":"post-14078","1":"post","2":"type-post","3":"status-publish","4":"format-standard","5":"has-post-thumbnail","7":"category-champions-league","8":"category-destacados"},"acf":[],"yoast_head":"<!-- This site is optimized with the Yoast SEO plugin v26.8 - https:\/\/yoast.com\/product\/yoast-seo-wordpress\/ -->\n<title>Zidane envi\u00f3 mensaje a Neymar y asegur\u00f3 que su reemplazo ser\u00e1 igual de dif\u00edcil -<\/title>\n<meta name=\"robots\" content=\"index, follow, max-snippet:-1, max-image-preview:large, max-video-preview:-1\" \/>\n<link rel=\"canonical\" href=\"https:\/\/futbolhoy.co\/index.php\/2018\/03\/02\/zidane-envio-mensaje-a-neymar-y-aseguro-que-su-reemplazo-sera-igual-de-dificil\/\" \/>\n<meta property=\"og:locale\" content=\"es_ES\" \/>\n<meta property=\"og:type\" content=\"article\" \/>\n<meta property=\"og:title\" content=\"Zidane envi\u00f3 mensaje a Neymar y asegur\u00f3 que su reemplazo ser\u00e1 igual de dif\u00edcil -\" \/>\n<meta property=\"og:description\" content=\"El t\u00e9cnico del Real Madrid, Zinedine Zidane, envi\u00f3 un mensaje a Neymar y se mostr\u00f3 convencido que el elegido para sustituir al brasile\u00f1o, en el juego de vuelta por los octavos de final de la Liga de Campeones ante PSG, generar\u00e1 los mismos problemas. &quot;Lo sentimos por Neymar\u2026&quot;El resto es un equipo muy fuerte y [&hellip;]\" \/>\n<meta property=\"og:url\" content=\"https:\/\/futbolhoy.co\/index.php\/2018\/03\/02\/zidane-envio-mensaje-a-neymar-y-aseguro-que-su-reemplazo-sera-igual-de-dificil\/\" \/>\n<meta property=\"article:publisher\" content=\"https:\/\/www.facebook.com\/FutbolHoyCol\/\" \/>\n<meta property=\"article:published_time\" content=\"2018-03-02T13:52:01+00:00\" \/>\n<meta property=\"og:image\" content=\"https:\/\/futbolhoy.co\/wp-content\/uploads\/2018\/03\/3AM7093Thumb.jpg\" \/>\n\t<meta property=\"og:image:width\" content=\"940\" \/>\n\t<meta property=\"og:image:height\" content=\"400\" \/>\n\t<meta property=\"og:image:type\" content=\"image\/jpeg\" \/>\n<meta name=\"author\" content=\"Laura Hern\u00e1ndez\" \/>\n<meta name=\"twitter:card\" content=\"summary_large_image\" \/>\n<meta name=\"twitter:creator\" content=\"@FutbolHoyCol\" \/>\n<meta name=\"twitter:site\" content=\"@FutbolHoyCol\" \/>\n<meta name=\"twitter:label1\" content=\"Escrito por\" \/>\n\t<meta name=\"twitter:data1\" content=\"Laura Hern\u00e1ndez\" \/>\n\t<meta name=\"twitter:label2\" content=\"Tiempo de lectura\" \/>\n\t<meta name=\"twitter:data2\" content=\"1 minuto\" \/>\n<script type=\"application\/ld+json\" class=\"yoast-schema-graph\">{\"@context\":\"https:\/\/schema.org\",\"@graph\":[{\"@type\":\"Article\",\"@id\":\"https:\/\/futbolhoy.co\/index.php\/2018\/03\/02\/zidane-envio-mensaje-a-neymar-y-aseguro-que-su-reemplazo-sera-igual-de-dificil\/#article\",\"isPartOf\":{\"@id\":\"https:\/\/futbolhoy.co\/index.php\/2018\/03\/02\/zidane-envio-mensaje-a-neymar-y-aseguro-que-su-reemplazo-sera-igual-de-dificil\/\"},\"author\":{\"name\":\"Laura Hern\u00e1ndez\",\"@id\":\"https:\/\/futbolhoy.co\/#\/schema\/person\/c4a353a512b127643723a34bb1812f7d\"},\"headline\":\"Zidane envi\u00f3 mensaje a Neymar y asegur\u00f3 que su reemplazo ser\u00e1 igual de dif\u00edcil\",\"datePublished\":\"2018-03-02T13:52:01+00:00\",\"mainEntityOfPage\":{\"@id\":\"https:\/\/futbolhoy.co\/index.php\/2018\/03\/02\/zidane-envio-mensaje-a-neymar-y-aseguro-que-su-reemplazo-sera-igual-de-dificil\/\"},\"wordCount\":154,\"commentCount\":0,\"publisher\":{\"@id\":\"https:\/\/futbolhoy.co\/#organization\"},\"image\":{\"@id\":\"https:\/\/futbolhoy.co\/index.php\/2018\/03\/02\/zidane-envio-mensaje-a-neymar-y-aseguro-que-su-reemplazo-sera-igual-de-dificil\/#primaryimage\"},\"thumbnailUrl\":\"https:\/\/futbolhoy.co\/wp-content\/uploads\/2018\/03\/3AM7093Thumb.jpg\",\"articleSection\":[\"Champions League\",\"Destacados\"],\"inLanguage\":\"es\",\"potentialAction\":[{\"@type\":\"CommentAction\",\"name\":\"Comment\",\"target\":[\"https:\/\/futbolhoy.co\/index.php\/2018\/03\/02\/zidane-envio-mensaje-a-neymar-y-aseguro-que-su-reemplazo-sera-igual-de-dificil\/#respond\"]}]},{\"@type\":\"WebPage\",\"@id\":\"https:\/\/futbolhoy.co\/index.php\/2018\/03\/02\/zidane-envio-mensaje-a-neymar-y-aseguro-que-su-reemplazo-sera-igual-de-dificil\/\",\"url\":\"https:\/\/futbolhoy.co\/index.php\/2018\/03\/02\/zidane-envio-mensaje-a-neymar-y-aseguro-que-su-reemplazo-sera-igual-de-dificil\/\",\"name\":\"Zidane envi\u00f3 mensaje a Neymar y asegur\u00f3 que su reemplazo ser\u00e1 igual de dif\u00edcil -\",\"isPartOf\":{\"@id\":\"https:\/\/futbolhoy.co\/#website\"},\"primaryImageOfPage\":{\"@id\":\"https:\/\/futbolhoy.co\/index.php\/2018\/03\/02\/zidane-envio-mensaje-a-neymar-y-aseguro-que-su-reemplazo-sera-igual-de-dificil\/#primaryimage\"},\"image\":{\"@id\":\"https:\/\/futbolhoy.co\/index.php\/2018\/03\/02\/zidane-envio-mensaje-a-neymar-y-aseguro-que-su-reemplazo-sera-igual-de-dificil\/#primaryimage\"},\"thumbnailUrl\":\"https:\/\/futbolhoy.co\/wp-content\/uploads\/2018\/03\/3AM7093Thumb.jpg\",\"datePublished\":\"2018-03-02T13:52:01+00:00\",\"breadcrumb\":{\"@id\":\"https:\/\/futbolhoy.co\/index.php\/2018\/03\/02\/zidane-envio-mensaje-a-neymar-y-aseguro-que-su-reemplazo-sera-igual-de-dificil\/#breadcrumb\"},\"inLanguage\":\"es\",\"potentialAction\":[{\"@type\":\"ReadAction\",\"target\":[\"https:\/\/futbolhoy.co\/index.php\/2018\/03\/02\/zidane-envio-mensaje-a-neymar-y-aseguro-que-su-reemplazo-sera-igual-de-dificil\/\"]}]},{\"@type\":\"ImageObject\",\"inLanguage\":\"es\",\"@id\":\"https:\/\/futbolhoy.co\/index.php\/2018\/03\/02\/zidane-envio-mensaje-a-neymar-y-aseguro-que-su-reemplazo-sera-igual-de-dificil\/#primaryimage\",\"url\":\"https:\/\/futbolhoy.co\/wp-content\/uploads\/2018\/03\/3AM7093Thumb.jpg\",\"contentUrl\":\"https:\/\/futbolhoy.co\/wp-content\/uploads\/2018\/03\/3AM7093Thumb.jpg\",\"width\":940,\"height\":400},{\"@type\":\"BreadcrumbList\",\"@id\":\"https:\/\/futbolhoy.co\/index.php\/2018\/03\/02\/zidane-envio-mensaje-a-neymar-y-aseguro-que-su-reemplazo-sera-igual-de-dificil\/#breadcrumb\",\"itemListElement\":[{\"@type\":\"ListItem\",\"position\":1,\"name\":\"Portada\",\"item\":\"https:\/\/futbolhoy.co\/\"},{\"@type\":\"ListItem\",\"position\":2,\"name\":\"Zidane envi\u00f3 mensaje a Neymar y asegur\u00f3 que su reemplazo ser\u00e1 igual de dif\u00edcil\"}]},{\"@type\":\"WebSite\",\"@id\":\"https:\/\/futbolhoy.co\/#website\",\"url\":\"https:\/\/futbolhoy.co\/\",\"name\":\"FutbolHoy\",\"description\":\"\",\"publisher\":{\"@id\":\"https:\/\/futbolhoy.co\/#organization\"},\"potentialAction\":[{\"@type\":\"SearchAction\",\"target\":{\"@type\":\"EntryPoint\",\"urlTemplate\":\"https:\/\/futbolhoy.co\/?s={search_term_string}\"},\"query-input\":{\"@type\":\"PropertyValueSpecification\",\"valueRequired\":true,\"valueName\":\"search_term_string\"}}],\"inLanguage\":\"es\"},{\"@type\":\"Organization\",\"@id\":\"https:\/\/futbolhoy.co\/#organization\",\"name\":\"Futbolhoy.co\",\"url\":\"https:\/\/futbolhoy.co\/\",\"logo\":{\"@type\":\"ImageObject\",\"inLanguage\":\"es\",\"@id\":\"https:\/\/futbolhoy.co\/#\/schema\/logo\/image\/\",\"url\":\"https:\/\/futbolhoy.co\/wp-content\/uploads\/2018\/08\/17426380_1906371736249227_6326180412931521141_n.jpg\",\"contentUrl\":\"https:\/\/futbolhoy.co\/wp-content\/uploads\/2018\/08\/17426380_1906371736249227_6326180412931521141_n.jpg\",\"width\":960,\"height\":960,\"caption\":\"Futbolhoy.co\"},\"image\":{\"@id\":\"https:\/\/futbolhoy.co\/#\/schema\/logo\/image\/\"},\"sameAs\":[\"https:\/\/www.facebook.com\/FutbolHoyCol\/\",\"https:\/\/x.com\/FutbolHoyCol\",\"https:\/\/www.instagram.com\/futbolhoycol\/\"]},{\"@type\":\"Person\",\"@id\":\"https:\/\/futbolhoy.co\/#\/schema\/person\/c4a353a512b127643723a34bb1812f7d\",\"name\":\"Laura Hern\u00e1ndez\",\"image\":{\"@type\":\"ImageObject\",\"inLanguage\":\"es\",\"@id\":\"https:\/\/futbolhoy.co\/#\/schema\/person\/image\/\",\"url\":\"https:\/\/secure.gravatar.com\/avatar\/d25959a15b9b293a743f99181c7cfd01?s=96&d=mm&r=g\",\"contentUrl\":\"https:\/\/secure.gravatar.com\/avatar\/d25959a15b9b293a743f99181c7cfd01?s=96&d=mm&r=g\",\"caption\":\"Laura Hern\u00e1ndez\"}}]}<\/script>\n<!-- \/ Yoast SEO plugin. -->","yoast_head_json":{"title":"Zidane envi\u00f3 mensaje a Neymar y asegur\u00f3 que su reemplazo ser\u00e1 igual de dif\u00edcil -","robots":{"index":"index","follow":"follow","max-snippet":"max-snippet:-1","max-image-preview":"max-image-preview:large","max-video-preview":"max-video-preview:-1"},"canonical":"https:\/\/futbolhoy.co\/index.php\/2018\/03\/02\/zidane-envio-mensaje-a-neymar-y-aseguro-que-su-reemplazo-sera-igual-de-dificil\/","og_locale":"es_ES","og_type":"article","og_title":"Zidane envi\u00f3 mensaje a Neymar y asegur\u00f3 que su reemplazo ser\u00e1 igual de dif\u00edcil -","og_description":"El t\u00e9cnico del Real Madrid, Zinedine Zidane, envi\u00f3 un mensaje a Neymar y se mostr\u00f3 convencido que el elegido para sustituir al brasile\u00f1o, en el juego de vuelta por los octavos de final de la Liga de Campeones ante PSG, generar\u00e1 los mismos problemas. \"Lo sentimos por Neymar\u2026\"El resto es un equipo muy fuerte y [&hellip;]","og_url":"https:\/\/futbolhoy.co\/index.php\/2018\/03\/02\/zidane-envio-mensaje-a-neymar-y-aseguro-que-su-reemplazo-sera-igual-de-dificil\/","article_publisher":"https:\/\/www.facebook.com\/FutbolHoyCol\/","article_published_time":"2018-03-02T13:52:01+00:00","og_image":[{"width":940,"height":400,"url":"https:\/\/futbolhoy.co\/wp-content\/uploads\/2018\/03\/3AM7093Thumb.jpg","type":"image\/jpeg"}],"author":"Laura Hern\u00e1ndez","twitter_card":"summary_large_image","twitter_creator":"@FutbolHoyCol","twitter_site":"@FutbolHoyCol","twitter_misc":{"Escrito por":"Laura Hern\u00e1ndez","Tiempo de lectura":"1 minuto"},"schema":{"@context":"https:\/\/schema.org","@graph":[{"@type":"Article","@id":"https:\/\/futbolhoy.co\/index.php\/2018\/03\/02\/zidane-envio-mensaje-a-neymar-y-aseguro-que-su-reemplazo-sera-igual-de-dificil\/#article","isPartOf":{"@id":"https:\/\/futbolhoy.co\/index.php\/2018\/03\/02\/zidane-envio-mensaje-a-neymar-y-aseguro-que-su-reemplazo-sera-igual-de-dificil\/"},"author":{"name":"Laura Hern\u00e1ndez","@id":"https:\/\/futbolhoy.co\/#\/schema\/person\/c4a353a512b127643723a34bb1812f7d"},"headline":"Zidane envi\u00f3 mensaje a Neymar y asegur\u00f3 que su reemplazo ser\u00e1 igual de dif\u00edcil","datePublished":"2018-03-02T13:52:01+00:00","mainEntityOfPage":{"@id":"https:\/\/futbolhoy.co\/index.php\/2018\/03\/02\/zidane-envio-mensaje-a-neymar-y-aseguro-que-su-reemplazo-sera-igual-de-dificil\/"},"wordCount":154,"commentCount":0,"publisher":{"@id":"https:\/\/futbolhoy.co\/#organization"},"image":{"@id":"https:\/\/futbolhoy.co\/index.php\/2018\/03\/02\/zidane-envio-mensaje-a-neymar-y-aseguro-que-su-reemplazo-sera-igual-de-dificil\/#primaryimage"},"thumbnailUrl":"https:\/\/futbolhoy.co\/wp-content\/uploads\/2018\/03\/3AM7093Thumb.jpg","articleSection":["Champions League","Destacados"],"inLanguage":"es","potentialAction":[{"@type":"CommentAction","name":"Comment","target":["https:\/\/futbolhoy.co\/index.php\/2018\/03\/02\/zidane-envio-mensaje-a-neymar-y-aseguro-que-su-reemplazo-sera-igual-de-dificil\/#respond"]}]},{"@type":"WebPage","@id":"https:\/\/futbolhoy.co\/index.php\/2018\/03\/02\/zidane-envio-mensaje-a-neymar-y-aseguro-que-su-reemplazo-sera-igual-de-dificil\/","url":"https:\/\/futbolhoy.co\/index.php\/2018\/03\/02\/zidane-envio-mensaje-a-neymar-y-aseguro-que-su-reemplazo-sera-igual-de-dificil\/","name":"Zidane envi\u00f3 mensaje a Neymar y asegur\u00f3 que su reemplazo ser\u00e1 igual de dif\u00edcil -","isPartOf":{"@id":"https:\/\/futbolhoy.co\/#website"},"primaryImageOfPage":{"@id":"https:\/\/futbolhoy.co\/index.php\/2018\/03\/02\/zidane-envio-mensaje-a-neymar-y-aseguro-que-su-reemplazo-sera-igual-de-dificil\/#primaryimage"},"image":{"@id":"https:\/\/futbolhoy.co\/index.php\/2018\/03\/02\/zidane-envio-mensaje-a-neymar-y-aseguro-que-su-reemplazo-sera-igual-de-dificil\/#primaryimage"},"thumbnailUrl":"https:\/\/futbolhoy.co\/wp-content\/uploads\/2018\/03\/3AM7093Thumb.jpg","datePublished":"2018-03-02T13:52:01+00:00","breadcrumb":{"@id":"https:\/\/futbolhoy.co\/index.php\/2018\/03\/02\/zidane-envio-mensaje-a-neymar-y-aseguro-que-su-reemplazo-sera-igual-de-dificil\/#breadcrumb"},"inLanguage":"es","potentialAction":[{"@type":"ReadAction","target":["https:\/\/futbolhoy.co\/index.php\/2018\/03\/02\/zidane-envio-mensaje-a-neymar-y-aseguro-que-su-reemplazo-sera-igual-de-dificil\/"]}]},{"@type":"ImageObject","inLanguage":"es","@id":"https:\/\/futbolhoy.co\/index.php\/2018\/03\/02\/zidane-envio-mensaje-a-neymar-y-aseguro-que-su-reemplazo-sera-igual-de-dificil\/#primaryimage","url":"https:\/\/futbolhoy.co\/wp-content\/uploads\/2018\/03\/3AM7093Thumb.jpg","contentUrl":"https:\/\/futbolhoy.co\/wp-content\/uploads\/2018\/03\/3AM7093Thumb.jpg","width":940,"height":400},{"@type":"BreadcrumbList","@id":"https:\/\/futbolhoy.co\/index.php\/2018\/03\/02\/zidane-envio-mensaje-a-neymar-y-aseguro-que-su-reemplazo-sera-igual-de-dificil\/#breadcrumb","itemListElement":[{"@type":"ListItem","position":1,"name":"Portada","item":"https:\/\/futbolhoy.co\/"},{"@type":"ListItem","position":2,"name":"Zidane envi\u00f3 mensaje a Neymar y asegur\u00f3 que su reemplazo ser\u00e1 igual de dif\u00edcil"}]},{"@type":"WebSite","@id":"https:\/\/futbolhoy.co\/#website","url":"https:\/\/futbolhoy.co\/","name":"FutbolHoy","description":"","publisher":{"@id":"https:\/\/futbolhoy.co\/#organization"},"potentialAction":[{"@type":"SearchAction","target":{"@type":"EntryPoint","urlTemplate":"https:\/\/futbolhoy.co\/?s={search_term_string}"},"query-input":{"@type":"PropertyValueSpecification","valueRequired":true,"valueName":"search_term_string"}}],"inLanguage":"es"},{"@type":"Organization","@id":"https:\/\/futbolhoy.co\/#organization","name":"Futbolhoy.co","url":"https:\/\/futbolhoy.co\/","logo":{"@type":"ImageObject","inLanguage":"es","@id":"https:\/\/futbolhoy.co\/#\/schema\/logo\/image\/","url":"https:\/\/futbolhoy.co\/wp-content\/uploads\/2018\/08\/17426380_1906371736249227_6326180412931521141_n.jpg","contentUrl":"https:\/\/futbolhoy.co\/wp-content\/uploads\/2018\/08\/17426380_1906371736249227_6326180412931521141_n.jpg","width":960,"height":960,"caption":"Futbolhoy.co"},"image":{"@id":"https:\/\/futbolhoy.co\/#\/schema\/logo\/image\/"},"sameAs":["https:\/\/www.facebook.com\/FutbolHoyCol\/","https:\/\/x.com\/FutbolHoyCol","https:\/\/www.instagram.com\/futbolhoycol\/"]},{"@type":"Person","@id":"https:\/\/futbolhoy.co\/#\/schema\/person\/c4a353a512b127643723a34bb1812f7d","name":"Laura Hern\u00e1ndez","image":{"@type":"ImageObject","inLanguage":"es","@id":"https:\/\/futbolhoy.co\/#\/schema\/person\/image\/","url":"https:\/\/secure.gravatar.com\/avatar\/d25959a15b9b293a743f99181c7cfd01?s=96&d=mm&r=g","contentUrl":"https:\/\/secure.gravatar.com\/avatar\/d25959a15b9b293a743f99181c7cfd01?s=96&d=mm&r=g","caption":"Laura Hern\u00e1ndez"}}]}},"publishpress_future_action":{"enabled":false,"date":"2026-05-05 23:54:51","action":"change-status","newStatus":"draft","terms":[],"taxonomy":"category","extraData":[]},"publishpress_future_workflow_manual_trigger":{"enabledWorkflows":[]},"_links":{"self":[{"href":"https:\/\/futbolhoy.co\/index.php\/wp-json\/wp\/v2\/posts\/14078","targetHints":{"allow":["GET"]}}],"collection":[{"href":"https:\/\/futbolhoy.co\/index.php\/wp-json\/wp\/v2\/posts"}],"about":[{"href":"https:\/\/futbolhoy.co\/index.php\/wp-json\/wp\/v2\/types\/post"}],"author":[{"embeddable":true,"href":"https:\/\/futbolhoy.co\/index.php\/wp-json\/wp\/v2\/users\/5"}],"replies":[{"embeddable":true,"href":"https:\/\/futbolhoy.co\/index.php\/wp-json\/wp\/v2\/comments?post=14078"}],"version-history":[{"count":1,"href":"https:\/\/futbolhoy.co\/index.php\/wp-json\/wp\/v2\/posts\/14078\/revisions"}],"predecessor-version":[{"id":14082,"href":"https:\/\/futbolhoy.co\/index.php\/wp-json\/wp\/v2\/posts\/14078\/revisions\/14082"}],"wp:featuredmedia":[{"embeddable":true,"href":"https:\/\/futbolhoy.co\/index.php\/wp-json\/wp\/v2\/media\/14080"}],"wp:attachment":[{"href":"https:\/\/futbolhoy.co\/index.php\/wp-json\/wp\/v2\/media?parent=14078"}],"wp:term":[{"taxonomy":"category","embeddable":true,"href":"https:\/\/futbolhoy.co\/index.php\/wp-json\/wp\/v2\/categories?post=14078"},{"taxonomy":"post_tag","embeddable":true,"href":"https:\/\/futbolhoy.co\/index.php\/wp-json\/wp\/v2\/tags?post=14078"}],"curies":[{"name":"wp","href":"https:\/\/api.w.org\/{rel}","templated":true}]}}