{"id":14083,"date":"2018-03-02T08:53:39","date_gmt":"2018-03-02T13:53:39","guid":{"rendered":"http:\/\/futbolhoy.co\/?p=14083"},"modified":"2018-03-02T20:28:04","modified_gmt":"2018-03-03T01:28:04","slug":"james-retornara-la-proxima-semana-a-entrenamientos-con-bayern","status":"publish","type":"post","link":"https:\/\/futbolhoy.co\/index.php\/2018\/03\/02\/james-retornara-la-proxima-semana-a-entrenamientos-con-bayern\/","title":{"rendered":"James entrenar\u00e1 con Bayern la pr\u00f3xima semana"},"content":{"rendered":"<p style=\"font-weight: 400; text-align: justify;\">El volante colombiano <strong>James Rodr\u00edguez<\/strong> regresar\u00e1 el lunes al trabajo de campo con <strong>Bayern M\u00fanich<\/strong>, asegur\u00f3 su t\u00e9cnico<strong> Jupp Heynckes<\/strong>.<\/p>\n<p style=\"font-weight: 400; text-align: justify;\">\u201cJames se ha estado ejercitando en el gimnasio en los \u00faltimos d\u00edas y el plan es que el lunes regrese a los entrenamientos\u201d, asegur\u00f3 su entrenador, en rueda de prensa previo al juego ante <strong>Friburgo<\/strong> por la fecha 25 de la <strong>Bundesliga<\/strong>.<\/p>\n<p style=\"font-weight: 400; text-align: justify;\"><strong>Rodr\u00edguez<\/strong> sufri\u00f3 una molestia en el gemelo izquierdo durante el juego que su equipo gan\u00f3 5-0 al Besiktas por la <strong>Liga de Campeones.<\/strong><\/p>\n<p style=\"font-weight: 400; text-align: justify;\">El colombiano estuvo ausente en el choque ante <strong>Hertha Berl\u00edn<\/strong> del pasado fin de semana y tampoco estar\u00e1 disponible para el partido del pr\u00f3ximo domingo ante Friburgo.<\/p>\n","protected":false},"excerpt":{"rendered":"<p>El volante colombiano James Rodr\u00edguez regresar\u00e1 el lunes al trabajo de campo con Bayern M\u00fanich, asegur\u00f3 su t\u00e9cnico Jupp Heynckes. \u201cJames se ha estado ejercitando en el gimnasio en los \u00faltimos d\u00edas y el plan es que el lunes regrese a los entrenamientos\u201d, asegur\u00f3 su entrenador, en rueda de prensa previo al juego ante Friburgo [&hellip;]<\/p>\n","protected":false},"author":5,"featured_media":14081,"comment_status":"open","ping_status":"open","sticky":false,"template":"","format":"standard","meta":{"_acf_changed":false,"footnotes":""},"categories":[5,153],"tags":[],"class_list":{"0":"post-14083","1":"post","2":"type-post","3":"status-publish","4":"format-standard","5":"has-post-thumbnail","7":"category-destacados","8":"category-selecion-colombia"},"acf":[],"yoast_head":"<!-- This site is optimized with the Yoast SEO plugin v26.8 - https:\/\/yoast.com\/product\/yoast-seo-wordpress\/ -->\n<title>James entrenar\u00e1 con Bayern la pr\u00f3xima semana -<\/title>\n<meta name=\"robots\" content=\"index, follow, max-snippet:-1, max-image-preview:large, max-video-preview:-1\" \/>\n<link rel=\"canonical\" href=\"https:\/\/futbolhoy.co\/index.php\/2018\/03\/02\/james-retornara-la-proxima-semana-a-entrenamientos-con-bayern\/\" \/>\n<meta property=\"og:locale\" content=\"es_ES\" \/>\n<meta property=\"og:type\" content=\"article\" \/>\n<meta property=\"og:title\" content=\"James entrenar\u00e1 con Bayern la pr\u00f3xima semana -\" \/>\n<meta property=\"og:description\" content=\"El volante colombiano James Rodr\u00edguez regresar\u00e1 el lunes al trabajo de campo con Bayern M\u00fanich, asegur\u00f3 su t\u00e9cnico Jupp Heynckes. \u201cJames se ha estado ejercitando en el gimnasio en los \u00faltimos d\u00edas y el plan es que el lunes regrese a los entrenamientos\u201d, asegur\u00f3 su entrenador, en rueda de prensa previo al juego ante Friburgo [&hellip;]\" \/>\n<meta property=\"og:url\" content=\"https:\/\/futbolhoy.co\/index.php\/2018\/03\/02\/james-retornara-la-proxima-semana-a-entrenamientos-con-bayern\/\" \/>\n<meta property=\"article:publisher\" content=\"https:\/\/www.facebook.com\/FutbolHoyCol\/\" \/>\n<meta property=\"article:published_time\" content=\"2018-03-02T13:53:39+00:00\" \/>\n<meta property=\"article:modified_time\" content=\"2018-03-03T01:28:04+00:00\" \/>\n<meta property=\"og:image\" content=\"https:\/\/futbolhoy.co\/wp-content\/uploads\/2018\/03\/IMG_20180302_083217.jpg\" \/>\n\t<meta property=\"og:image:width\" content=\"2048\" \/>\n\t<meta property=\"og:image:height\" content=\"1365\" \/>\n\t<meta property=\"og:image:type\" content=\"image\/jpeg\" \/>\n<meta name=\"author\" content=\"Laura Hern\u00e1ndez\" \/>\n<meta name=\"twitter:card\" content=\"summary_large_image\" \/>\n<meta name=\"twitter:creator\" content=\"@FutbolHoyCol\" \/>\n<meta name=\"twitter:site\" content=\"@FutbolHoyCol\" \/>\n<meta name=\"twitter:label1\" content=\"Escrito por\" \/>\n\t<meta name=\"twitter:data1\" content=\"Laura Hern\u00e1ndez\" \/>\n\t<meta name=\"twitter:label2\" content=\"Tiempo de lectura\" \/>\n\t<meta name=\"twitter:data2\" content=\"1 minuto\" \/>\n<script type=\"application\/ld+json\" class=\"yoast-schema-graph\">{\"@context\":\"https:\/\/schema.org\",\"@graph\":[{\"@type\":\"Article\",\"@id\":\"https:\/\/futbolhoy.co\/index.php\/2018\/03\/02\/james-retornara-la-proxima-semana-a-entrenamientos-con-bayern\/#article\",\"isPartOf\":{\"@id\":\"https:\/\/futbolhoy.co\/index.php\/2018\/03\/02\/james-retornara-la-proxima-semana-a-entrenamientos-con-bayern\/\"},\"author\":{\"name\":\"Laura Hern\u00e1ndez\",\"@id\":\"https:\/\/futbolhoy.co\/#\/schema\/person\/c4a353a512b127643723a34bb1812f7d\"},\"headline\":\"James entrenar\u00e1 con Bayern la pr\u00f3xima semana\",\"datePublished\":\"2018-03-02T13:53:39+00:00\",\"dateModified\":\"2018-03-03T01:28:04+00:00\",\"mainEntityOfPage\":{\"@id\":\"https:\/\/futbolhoy.co\/index.php\/2018\/03\/02\/james-retornara-la-proxima-semana-a-entrenamientos-con-bayern\/\"},\"wordCount\":126,\"commentCount\":0,\"publisher\":{\"@id\":\"https:\/\/futbolhoy.co\/#organization\"},\"image\":{\"@id\":\"https:\/\/futbolhoy.co\/index.php\/2018\/03\/02\/james-retornara-la-proxima-semana-a-entrenamientos-con-bayern\/#primaryimage\"},\"thumbnailUrl\":\"https:\/\/futbolhoy.co\/wp-content\/uploads\/2018\/03\/IMG_20180302_083217.jpg\",\"articleSection\":[\"Destacados\",\"Selecci\u00f3n Colombia\"],\"inLanguage\":\"es\",\"potentialAction\":[{\"@type\":\"CommentAction\",\"name\":\"Comment\",\"target\":[\"https:\/\/futbolhoy.co\/index.php\/2018\/03\/02\/james-retornara-la-proxima-semana-a-entrenamientos-con-bayern\/#respond\"]}]},{\"@type\":\"WebPage\",\"@id\":\"https:\/\/futbolhoy.co\/index.php\/2018\/03\/02\/james-retornara-la-proxima-semana-a-entrenamientos-con-bayern\/\",\"url\":\"https:\/\/futbolhoy.co\/index.php\/2018\/03\/02\/james-retornara-la-proxima-semana-a-entrenamientos-con-bayern\/\",\"name\":\"James entrenar\u00e1 con Bayern la pr\u00f3xima semana -\",\"isPartOf\":{\"@id\":\"https:\/\/futbolhoy.co\/#website\"},\"primaryImageOfPage\":{\"@id\":\"https:\/\/futbolhoy.co\/index.php\/2018\/03\/02\/james-retornara-la-proxima-semana-a-entrenamientos-con-bayern\/#primaryimage\"},\"image\":{\"@id\":\"https:\/\/futbolhoy.co\/index.php\/2018\/03\/02\/james-retornara-la-proxima-semana-a-entrenamientos-con-bayern\/#primaryimage\"},\"thumbnailUrl\":\"https:\/\/futbolhoy.co\/wp-content\/uploads\/2018\/03\/IMG_20180302_083217.jpg\",\"datePublished\":\"2018-03-02T13:53:39+00:00\",\"dateModified\":\"2018-03-03T01:28:04+00:00\",\"breadcrumb\":{\"@id\":\"https:\/\/futbolhoy.co\/index.php\/2018\/03\/02\/james-retornara-la-proxima-semana-a-entrenamientos-con-bayern\/#breadcrumb\"},\"inLanguage\":\"es\",\"potentialAction\":[{\"@type\":\"ReadAction\",\"target\":[\"https:\/\/futbolhoy.co\/index.php\/2018\/03\/02\/james-retornara-la-proxima-semana-a-entrenamientos-con-bayern\/\"]}]},{\"@type\":\"ImageObject\",\"inLanguage\":\"es\",\"@id\":\"https:\/\/futbolhoy.co\/index.php\/2018\/03\/02\/james-retornara-la-proxima-semana-a-entrenamientos-con-bayern\/#primaryimage\",\"url\":\"https:\/\/futbolhoy.co\/wp-content\/uploads\/2018\/03\/IMG_20180302_083217.jpg\",\"contentUrl\":\"https:\/\/futbolhoy.co\/wp-content\/uploads\/2018\/03\/IMG_20180302_083217.jpg\",\"width\":2048,\"height\":1365},{\"@type\":\"BreadcrumbList\",\"@id\":\"https:\/\/futbolhoy.co\/index.php\/2018\/03\/02\/james-retornara-la-proxima-semana-a-entrenamientos-con-bayern\/#breadcrumb\",\"itemListElement\":[{\"@type\":\"ListItem\",\"position\":1,\"name\":\"Portada\",\"item\":\"https:\/\/futbolhoy.co\/\"},{\"@type\":\"ListItem\",\"position\":2,\"name\":\"James entrenar\u00e1 con Bayern la pr\u00f3xima semana\"}]},{\"@type\":\"WebSite\",\"@id\":\"https:\/\/futbolhoy.co\/#website\",\"url\":\"https:\/\/futbolhoy.co\/\",\"name\":\"FutbolHoy\",\"description\":\"\",\"publisher\":{\"@id\":\"https:\/\/futbolhoy.co\/#organization\"},\"potentialAction\":[{\"@type\":\"SearchAction\",\"target\":{\"@type\":\"EntryPoint\",\"urlTemplate\":\"https:\/\/futbolhoy.co\/?s={search_term_string}\"},\"query-input\":{\"@type\":\"PropertyValueSpecification\",\"valueRequired\":true,\"valueName\":\"search_term_string\"}}],\"inLanguage\":\"es\"},{\"@type\":\"Organization\",\"@id\":\"https:\/\/futbolhoy.co\/#organization\",\"name\":\"Futbolhoy.co\",\"url\":\"https:\/\/futbolhoy.co\/\",\"logo\":{\"@type\":\"ImageObject\",\"inLanguage\":\"es\",\"@id\":\"https:\/\/futbolhoy.co\/#\/schema\/logo\/image\/\",\"url\":\"https:\/\/futbolhoy.co\/wp-content\/uploads\/2018\/08\/17426380_1906371736249227_6326180412931521141_n.jpg\",\"contentUrl\":\"https:\/\/futbolhoy.co\/wp-content\/uploads\/2018\/08\/17426380_1906371736249227_6326180412931521141_n.jpg\",\"width\":960,\"height\":960,\"caption\":\"Futbolhoy.co\"},\"image\":{\"@id\":\"https:\/\/futbolhoy.co\/#\/schema\/logo\/image\/\"},\"sameAs\":[\"https:\/\/www.facebook.com\/FutbolHoyCol\/\",\"https:\/\/x.com\/FutbolHoyCol\",\"https:\/\/www.instagram.com\/futbolhoycol\/\"]},{\"@type\":\"Person\",\"@id\":\"https:\/\/futbolhoy.co\/#\/schema\/person\/c4a353a512b127643723a34bb1812f7d\",\"name\":\"Laura Hern\u00e1ndez\",\"image\":{\"@type\":\"ImageObject\",\"inLanguage\":\"es\",\"@id\":\"https:\/\/futbolhoy.co\/#\/schema\/person\/image\/\",\"url\":\"https:\/\/secure.gravatar.com\/avatar\/d25959a15b9b293a743f99181c7cfd01?s=96&d=mm&r=g\",\"contentUrl\":\"https:\/\/secure.gravatar.com\/avatar\/d25959a15b9b293a743f99181c7cfd01?s=96&d=mm&r=g\",\"caption\":\"Laura Hern\u00e1ndez\"}}]}<\/script>\n<!-- \/ Yoast SEO plugin. -->","yoast_head_json":{"title":"James entrenar\u00e1 con Bayern la pr\u00f3xima semana -","robots":{"index":"index","follow":"follow","max-snippet":"max-snippet:-1","max-image-preview":"max-image-preview:large","max-video-preview":"max-video-preview:-1"},"canonical":"https:\/\/futbolhoy.co\/index.php\/2018\/03\/02\/james-retornara-la-proxima-semana-a-entrenamientos-con-bayern\/","og_locale":"es_ES","og_type":"article","og_title":"James entrenar\u00e1 con Bayern la pr\u00f3xima semana -","og_description":"El volante colombiano James Rodr\u00edguez regresar\u00e1 el lunes al trabajo de campo con Bayern M\u00fanich, asegur\u00f3 su t\u00e9cnico Jupp Heynckes. \u201cJames se ha estado ejercitando en el gimnasio en los \u00faltimos d\u00edas y el plan es que el lunes regrese a los entrenamientos\u201d, asegur\u00f3 su entrenador, en rueda de prensa previo al juego ante Friburgo [&hellip;]","og_url":"https:\/\/futbolhoy.co\/index.php\/2018\/03\/02\/james-retornara-la-proxima-semana-a-entrenamientos-con-bayern\/","article_publisher":"https:\/\/www.facebook.com\/FutbolHoyCol\/","article_published_time":"2018-03-02T13:53:39+00:00","article_modified_time":"2018-03-03T01:28:04+00:00","og_image":[{"width":2048,"height":1365,"url":"https:\/\/futbolhoy.co\/wp-content\/uploads\/2018\/03\/IMG_20180302_083217.jpg","type":"image\/jpeg"}],"author":"Laura Hern\u00e1ndez","twitter_card":"summary_large_image","twitter_creator":"@FutbolHoyCol","twitter_site":"@FutbolHoyCol","twitter_misc":{"Escrito por":"Laura Hern\u00e1ndez","Tiempo de lectura":"1 minuto"},"schema":{"@context":"https:\/\/schema.org","@graph":[{"@type":"Article","@id":"https:\/\/futbolhoy.co\/index.php\/2018\/03\/02\/james-retornara-la-proxima-semana-a-entrenamientos-con-bayern\/#article","isPartOf":{"@id":"https:\/\/futbolhoy.co\/index.php\/2018\/03\/02\/james-retornara-la-proxima-semana-a-entrenamientos-con-bayern\/"},"author":{"name":"Laura Hern\u00e1ndez","@id":"https:\/\/futbolhoy.co\/#\/schema\/person\/c4a353a512b127643723a34bb1812f7d"},"headline":"James entrenar\u00e1 con Bayern la pr\u00f3xima semana","datePublished":"2018-03-02T13:53:39+00:00","dateModified":"2018-03-03T01:28:04+00:00","mainEntityOfPage":{"@id":"https:\/\/futbolhoy.co\/index.php\/2018\/03\/02\/james-retornara-la-proxima-semana-a-entrenamientos-con-bayern\/"},"wordCount":126,"commentCount":0,"publisher":{"@id":"https:\/\/futbolhoy.co\/#organization"},"image":{"@id":"https:\/\/futbolhoy.co\/index.php\/2018\/03\/02\/james-retornara-la-proxima-semana-a-entrenamientos-con-bayern\/#primaryimage"},"thumbnailUrl":"https:\/\/futbolhoy.co\/wp-content\/uploads\/2018\/03\/IMG_20180302_083217.jpg","articleSection":["Destacados","Selecci\u00f3n Colombia"],"inLanguage":"es","potentialAction":[{"@type":"CommentAction","name":"Comment","target":["https:\/\/futbolhoy.co\/index.php\/2018\/03\/02\/james-retornara-la-proxima-semana-a-entrenamientos-con-bayern\/#respond"]}]},{"@type":"WebPage","@id":"https:\/\/futbolhoy.co\/index.php\/2018\/03\/02\/james-retornara-la-proxima-semana-a-entrenamientos-con-bayern\/","url":"https:\/\/futbolhoy.co\/index.php\/2018\/03\/02\/james-retornara-la-proxima-semana-a-entrenamientos-con-bayern\/","name":"James entrenar\u00e1 con Bayern la pr\u00f3xima semana -","isPartOf":{"@id":"https:\/\/futbolhoy.co\/#website"},"primaryImageOfPage":{"@id":"https:\/\/futbolhoy.co\/index.php\/2018\/03\/02\/james-retornara-la-proxima-semana-a-entrenamientos-con-bayern\/#primaryimage"},"image":{"@id":"https:\/\/futbolhoy.co\/index.php\/2018\/03\/02\/james-retornara-la-proxima-semana-a-entrenamientos-con-bayern\/#primaryimage"},"thumbnailUrl":"https:\/\/futbolhoy.co\/wp-content\/uploads\/2018\/03\/IMG_20180302_083217.jpg","datePublished":"2018-03-02T13:53:39+00:00","dateModified":"2018-03-03T01:28:04+00:00","breadcrumb":{"@id":"https:\/\/futbolhoy.co\/index.php\/2018\/03\/02\/james-retornara-la-proxima-semana-a-entrenamientos-con-bayern\/#breadcrumb"},"inLanguage":"es","potentialAction":[{"@type":"ReadAction","target":["https:\/\/futbolhoy.co\/index.php\/2018\/03\/02\/james-retornara-la-proxima-semana-a-entrenamientos-con-bayern\/"]}]},{"@type":"ImageObject","inLanguage":"es","@id":"https:\/\/futbolhoy.co\/index.php\/2018\/03\/02\/james-retornara-la-proxima-semana-a-entrenamientos-con-bayern\/#primaryimage","url":"https:\/\/futbolhoy.co\/wp-content\/uploads\/2018\/03\/IMG_20180302_083217.jpg","contentUrl":"https:\/\/futbolhoy.co\/wp-content\/uploads\/2018\/03\/IMG_20180302_083217.jpg","width":2048,"height":1365},{"@type":"BreadcrumbList","@id":"https:\/\/futbolhoy.co\/index.php\/2018\/03\/02\/james-retornara-la-proxima-semana-a-entrenamientos-con-bayern\/#breadcrumb","itemListElement":[{"@type":"ListItem","position":1,"name":"Portada","item":"https:\/\/futbolhoy.co\/"},{"@type":"ListItem","position":2,"name":"James entrenar\u00e1 con Bayern la pr\u00f3xima semana"}]},{"@type":"WebSite","@id":"https:\/\/futbolhoy.co\/#website","url":"https:\/\/futbolhoy.co\/","name":"FutbolHoy","description":"","publisher":{"@id":"https:\/\/futbolhoy.co\/#organization"},"potentialAction":[{"@type":"SearchAction","target":{"@type":"EntryPoint","urlTemplate":"https:\/\/futbolhoy.co\/?s={search_term_string}"},"query-input":{"@type":"PropertyValueSpecification","valueRequired":true,"valueName":"search_term_string"}}],"inLanguage":"es"},{"@type":"Organization","@id":"https:\/\/futbolhoy.co\/#organization","name":"Futbolhoy.co","url":"https:\/\/futbolhoy.co\/","logo":{"@type":"ImageObject","inLanguage":"es","@id":"https:\/\/futbolhoy.co\/#\/schema\/logo\/image\/","url":"https:\/\/futbolhoy.co\/wp-content\/uploads\/2018\/08\/17426380_1906371736249227_6326180412931521141_n.jpg","contentUrl":"https:\/\/futbolhoy.co\/wp-content\/uploads\/2018\/08\/17426380_1906371736249227_6326180412931521141_n.jpg","width":960,"height":960,"caption":"Futbolhoy.co"},"image":{"@id":"https:\/\/futbolhoy.co\/#\/schema\/logo\/image\/"},"sameAs":["https:\/\/www.facebook.com\/FutbolHoyCol\/","https:\/\/x.com\/FutbolHoyCol","https:\/\/www.instagram.com\/futbolhoycol\/"]},{"@type":"Person","@id":"https:\/\/futbolhoy.co\/#\/schema\/person\/c4a353a512b127643723a34bb1812f7d","name":"Laura Hern\u00e1ndez","image":{"@type":"ImageObject","inLanguage":"es","@id":"https:\/\/futbolhoy.co\/#\/schema\/person\/image\/","url":"https:\/\/secure.gravatar.com\/avatar\/d25959a15b9b293a743f99181c7cfd01?s=96&d=mm&r=g","contentUrl":"https:\/\/secure.gravatar.com\/avatar\/d25959a15b9b293a743f99181c7cfd01?s=96&d=mm&r=g","caption":"Laura Hern\u00e1ndez"}}]}},"publishpress_future_action":{"enabled":false,"date":"2026-05-05 23:04:37","action":"change-status","newStatus":"draft","terms":[],"taxonomy":"category","extraData":[]},"publishpress_future_workflow_manual_trigger":{"enabledWorkflows":[]},"_links":{"self":[{"href":"https:\/\/futbolhoy.co\/index.php\/wp-json\/wp\/v2\/posts\/14083","targetHints":{"allow":["GET"]}}],"collection":[{"href":"https:\/\/futbolhoy.co\/index.php\/wp-json\/wp\/v2\/posts"}],"about":[{"href":"https:\/\/futbolhoy.co\/index.php\/wp-json\/wp\/v2\/types\/post"}],"author":[{"embeddable":true,"href":"https:\/\/futbolhoy.co\/index.php\/wp-json\/wp\/v2\/users\/5"}],"replies":[{"embeddable":true,"href":"https:\/\/futbolhoy.co\/index.php\/wp-json\/wp\/v2\/comments?post=14083"}],"version-history":[{"count":6,"href":"https:\/\/futbolhoy.co\/index.php\/wp-json\/wp\/v2\/posts\/14083\/revisions"}],"predecessor-version":[{"id":14118,"href":"https:\/\/futbolhoy.co\/index.php\/wp-json\/wp\/v2\/posts\/14083\/revisions\/14118"}],"wp:featuredmedia":[{"embeddable":true,"href":"https:\/\/futbolhoy.co\/index.php\/wp-json\/wp\/v2\/media\/14081"}],"wp:attachment":[{"href":"https:\/\/futbolhoy.co\/index.php\/wp-json\/wp\/v2\/media?parent=14083"}],"wp:term":[{"taxonomy":"category","embeddable":true,"href":"https:\/\/futbolhoy.co\/index.php\/wp-json\/wp\/v2\/categories?post=14083"},{"taxonomy":"post_tag","embeddable":true,"href":"https:\/\/futbolhoy.co\/index.php\/wp-json\/wp\/v2\/tags?post=14083"}],"curies":[{"name":"wp","href":"https:\/\/api.w.org\/{rel}","templated":true}]}}