{"id":14098,"date":"2018-03-02T16:11:19","date_gmt":"2018-03-02T21:11:19","guid":{"rendered":"http:\/\/futbolhoy.co\/?p=14098"},"modified":"2018-03-02T16:11:19","modified_gmt":"2018-03-02T21:11:19","slug":"dura-multa-al-manchester-city-por-mal-comportamiento-de-sus-hinchas","status":"publish","type":"post","link":"https:\/\/futbolhoy.co\/index.php\/2018\/03\/02\/dura-multa-al-manchester-city-por-mal-comportamiento-de-sus-hinchas\/","title":{"rendered":"Dura multa al Manchester City por mal comportamiento de sus hinchas"},"content":{"rendered":"<p style=\"text-align: justify;\"><strong>La Federaci\u00f3n Inglesa de F\u00fatbol <\/strong>mult\u00f3 al <strong>Manchester City<\/strong> por \"mal comportamiento\", al \"ser incapaz de controlar sus jugadores\" durante el partido de la <strong>FA Cup<\/strong> del pasado 19 de febrero contra el <strong>Wigan<\/strong>.<\/p>\n<p style=\"text-align: justify;\">El equipo que dirige <strong>Pep Guardiola<\/strong> fue sancionado con una multa\u00a0de 56 mil euros, por los incidentes previos al final del primer tiempo que se originaron tras la expulsi\u00f3n del defensa <strong>Fabian Delph.<\/strong><\/p>\n","protected":false},"excerpt":{"rendered":"<p>La Federaci\u00f3n Inglesa de F\u00fatbol mult\u00f3 al Manchester City por \"mal comportamiento\", al \"ser incapaz de controlar sus jugadores\" durante el partido de la FA Cup del pasado 19 de febrero contra el Wigan. El equipo que dirige Pep Guardiola fue sancionado con una multa\u00a0de 56 mil euros, por los incidentes previos al final del [&hellip;]<\/p>\n","protected":false},"author":5,"featured_media":14099,"comment_status":"open","ping_status":"open","sticky":false,"template":"","format":"standard","meta":{"_acf_changed":false,"footnotes":""},"categories":[152],"tags":[658,373],"class_list":{"0":"post-14098","1":"post","2":"type-post","3":"status-publish","4":"format-standard","5":"has-post-thumbnail","7":"category-mundo-futbol","8":"tag-fa-cup","9":"tag-manchester-city"},"acf":[],"yoast_head":"<!-- This site is optimized with the Yoast SEO plugin v26.8 - https:\/\/yoast.com\/product\/yoast-seo-wordpress\/ -->\n<title>Dura multa al Manchester City por mal comportamiento de sus hinchas -<\/title>\n<meta name=\"robots\" content=\"index, follow, max-snippet:-1, max-image-preview:large, max-video-preview:-1\" \/>\n<link rel=\"canonical\" href=\"https:\/\/futbolhoy.co\/index.php\/2018\/03\/02\/dura-multa-al-manchester-city-por-mal-comportamiento-de-sus-hinchas\/\" \/>\n<meta property=\"og:locale\" content=\"es_ES\" \/>\n<meta property=\"og:type\" content=\"article\" \/>\n<meta property=\"og:title\" content=\"Dura multa al Manchester City por mal comportamiento de sus hinchas -\" \/>\n<meta property=\"og:description\" content=\"La Federaci\u00f3n Inglesa de F\u00fatbol mult\u00f3 al Manchester City por &quot;mal comportamiento&quot;, al &quot;ser incapaz de controlar sus jugadores&quot; durante el partido de la FA Cup del pasado 19 de febrero contra el Wigan. El equipo que dirige Pep Guardiola fue sancionado con una multa\u00a0de 56 mil euros, por los incidentes previos al final del [&hellip;]\" \/>\n<meta property=\"og:url\" content=\"https:\/\/futbolhoy.co\/index.php\/2018\/03\/02\/dura-multa-al-manchester-city-por-mal-comportamiento-de-sus-hinchas\/\" \/>\n<meta property=\"article:publisher\" content=\"https:\/\/www.facebook.com\/FutbolHoyCol\/\" \/>\n<meta property=\"article:published_time\" content=\"2018-03-02T21:11:19+00:00\" \/>\n<meta property=\"og:image\" content=\"https:\/\/futbolhoy.co\/wp-content\/uploads\/2018\/03\/City1.jpg\" \/>\n\t<meta property=\"og:image:width\" content=\"1200\" \/>\n\t<meta property=\"og:image:height\" content=\"727\" \/>\n\t<meta property=\"og:image:type\" content=\"image\/jpeg\" \/>\n<meta name=\"author\" content=\"Laura Hern\u00e1ndez\" \/>\n<meta name=\"twitter:card\" content=\"summary_large_image\" \/>\n<meta name=\"twitter:creator\" content=\"@FutbolHoyCol\" \/>\n<meta name=\"twitter:site\" content=\"@FutbolHoyCol\" \/>\n<meta name=\"twitter:label1\" content=\"Escrito por\" \/>\n\t<meta name=\"twitter:data1\" content=\"Laura Hern\u00e1ndez\" \/>\n<script type=\"application\/ld+json\" class=\"yoast-schema-graph\">{\"@context\":\"https:\/\/schema.org\",\"@graph\":[{\"@type\":\"Article\",\"@id\":\"https:\/\/futbolhoy.co\/index.php\/2018\/03\/02\/dura-multa-al-manchester-city-por-mal-comportamiento-de-sus-hinchas\/#article\",\"isPartOf\":{\"@id\":\"https:\/\/futbolhoy.co\/index.php\/2018\/03\/02\/dura-multa-al-manchester-city-por-mal-comportamiento-de-sus-hinchas\/\"},\"author\":{\"name\":\"Laura Hern\u00e1ndez\",\"@id\":\"https:\/\/futbolhoy.co\/#\/schema\/person\/c4a353a512b127643723a34bb1812f7d\"},\"headline\":\"Dura multa al Manchester City por mal comportamiento de sus hinchas\",\"datePublished\":\"2018-03-02T21:11:19+00:00\",\"mainEntityOfPage\":{\"@id\":\"https:\/\/futbolhoy.co\/index.php\/2018\/03\/02\/dura-multa-al-manchester-city-por-mal-comportamiento-de-sus-hinchas\/\"},\"wordCount\":80,\"commentCount\":0,\"publisher\":{\"@id\":\"https:\/\/futbolhoy.co\/#organization\"},\"image\":{\"@id\":\"https:\/\/futbolhoy.co\/index.php\/2018\/03\/02\/dura-multa-al-manchester-city-por-mal-comportamiento-de-sus-hinchas\/#primaryimage\"},\"thumbnailUrl\":\"https:\/\/futbolhoy.co\/wp-content\/uploads\/2018\/03\/City1.jpg\",\"keywords\":[\"FA Cup\",\"Manchester city\"],\"articleSection\":[\"Mundo Futbol\"],\"inLanguage\":\"es\",\"potentialAction\":[{\"@type\":\"CommentAction\",\"name\":\"Comment\",\"target\":[\"https:\/\/futbolhoy.co\/index.php\/2018\/03\/02\/dura-multa-al-manchester-city-por-mal-comportamiento-de-sus-hinchas\/#respond\"]}]},{\"@type\":\"WebPage\",\"@id\":\"https:\/\/futbolhoy.co\/index.php\/2018\/03\/02\/dura-multa-al-manchester-city-por-mal-comportamiento-de-sus-hinchas\/\",\"url\":\"https:\/\/futbolhoy.co\/index.php\/2018\/03\/02\/dura-multa-al-manchester-city-por-mal-comportamiento-de-sus-hinchas\/\",\"name\":\"Dura multa al Manchester City por mal comportamiento de sus hinchas -\",\"isPartOf\":{\"@id\":\"https:\/\/futbolhoy.co\/#website\"},\"primaryImageOfPage\":{\"@id\":\"https:\/\/futbolhoy.co\/index.php\/2018\/03\/02\/dura-multa-al-manchester-city-por-mal-comportamiento-de-sus-hinchas\/#primaryimage\"},\"image\":{\"@id\":\"https:\/\/futbolhoy.co\/index.php\/2018\/03\/02\/dura-multa-al-manchester-city-por-mal-comportamiento-de-sus-hinchas\/#primaryimage\"},\"thumbnailUrl\":\"https:\/\/futbolhoy.co\/wp-content\/uploads\/2018\/03\/City1.jpg\",\"datePublished\":\"2018-03-02T21:11:19+00:00\",\"breadcrumb\":{\"@id\":\"https:\/\/futbolhoy.co\/index.php\/2018\/03\/02\/dura-multa-al-manchester-city-por-mal-comportamiento-de-sus-hinchas\/#breadcrumb\"},\"inLanguage\":\"es\",\"potentialAction\":[{\"@type\":\"ReadAction\",\"target\":[\"https:\/\/futbolhoy.co\/index.php\/2018\/03\/02\/dura-multa-al-manchester-city-por-mal-comportamiento-de-sus-hinchas\/\"]}]},{\"@type\":\"ImageObject\",\"inLanguage\":\"es\",\"@id\":\"https:\/\/futbolhoy.co\/index.php\/2018\/03\/02\/dura-multa-al-manchester-city-por-mal-comportamiento-de-sus-hinchas\/#primaryimage\",\"url\":\"https:\/\/futbolhoy.co\/wp-content\/uploads\/2018\/03\/City1.jpg\",\"contentUrl\":\"https:\/\/futbolhoy.co\/wp-content\/uploads\/2018\/03\/City1.jpg\",\"width\":1200,\"height\":727,\"caption\":\"@ManCity\"},{\"@type\":\"BreadcrumbList\",\"@id\":\"https:\/\/futbolhoy.co\/index.php\/2018\/03\/02\/dura-multa-al-manchester-city-por-mal-comportamiento-de-sus-hinchas\/#breadcrumb\",\"itemListElement\":[{\"@type\":\"ListItem\",\"position\":1,\"name\":\"Portada\",\"item\":\"https:\/\/futbolhoy.co\/\"},{\"@type\":\"ListItem\",\"position\":2,\"name\":\"Dura multa al Manchester City por mal comportamiento de sus hinchas\"}]},{\"@type\":\"WebSite\",\"@id\":\"https:\/\/futbolhoy.co\/#website\",\"url\":\"https:\/\/futbolhoy.co\/\",\"name\":\"FutbolHoy\",\"description\":\"\",\"publisher\":{\"@id\":\"https:\/\/futbolhoy.co\/#organization\"},\"potentialAction\":[{\"@type\":\"SearchAction\",\"target\":{\"@type\":\"EntryPoint\",\"urlTemplate\":\"https:\/\/futbolhoy.co\/?s={search_term_string}\"},\"query-input\":{\"@type\":\"PropertyValueSpecification\",\"valueRequired\":true,\"valueName\":\"search_term_string\"}}],\"inLanguage\":\"es\"},{\"@type\":\"Organization\",\"@id\":\"https:\/\/futbolhoy.co\/#organization\",\"name\":\"Futbolhoy.co\",\"url\":\"https:\/\/futbolhoy.co\/\",\"logo\":{\"@type\":\"ImageObject\",\"inLanguage\":\"es\",\"@id\":\"https:\/\/futbolhoy.co\/#\/schema\/logo\/image\/\",\"url\":\"https:\/\/futbolhoy.co\/wp-content\/uploads\/2018\/08\/17426380_1906371736249227_6326180412931521141_n.jpg\",\"contentUrl\":\"https:\/\/futbolhoy.co\/wp-content\/uploads\/2018\/08\/17426380_1906371736249227_6326180412931521141_n.jpg\",\"width\":960,\"height\":960,\"caption\":\"Futbolhoy.co\"},\"image\":{\"@id\":\"https:\/\/futbolhoy.co\/#\/schema\/logo\/image\/\"},\"sameAs\":[\"https:\/\/www.facebook.com\/FutbolHoyCol\/\",\"https:\/\/x.com\/FutbolHoyCol\",\"https:\/\/www.instagram.com\/futbolhoycol\/\"]},{\"@type\":\"Person\",\"@id\":\"https:\/\/futbolhoy.co\/#\/schema\/person\/c4a353a512b127643723a34bb1812f7d\",\"name\":\"Laura Hern\u00e1ndez\",\"image\":{\"@type\":\"ImageObject\",\"inLanguage\":\"es\",\"@id\":\"https:\/\/futbolhoy.co\/#\/schema\/person\/image\/\",\"url\":\"https:\/\/secure.gravatar.com\/avatar\/d25959a15b9b293a743f99181c7cfd01?s=96&d=mm&r=g\",\"contentUrl\":\"https:\/\/secure.gravatar.com\/avatar\/d25959a15b9b293a743f99181c7cfd01?s=96&d=mm&r=g\",\"caption\":\"Laura Hern\u00e1ndez\"}}]}<\/script>\n<!-- \/ Yoast SEO plugin. -->","yoast_head_json":{"title":"Dura multa al Manchester City por mal comportamiento de sus hinchas -","robots":{"index":"index","follow":"follow","max-snippet":"max-snippet:-1","max-image-preview":"max-image-preview:large","max-video-preview":"max-video-preview:-1"},"canonical":"https:\/\/futbolhoy.co\/index.php\/2018\/03\/02\/dura-multa-al-manchester-city-por-mal-comportamiento-de-sus-hinchas\/","og_locale":"es_ES","og_type":"article","og_title":"Dura multa al Manchester City por mal comportamiento de sus hinchas -","og_description":"La Federaci\u00f3n Inglesa de F\u00fatbol mult\u00f3 al Manchester City por \"mal comportamiento\", al \"ser incapaz de controlar sus jugadores\" durante el partido de la FA Cup del pasado 19 de febrero contra el Wigan. El equipo que dirige Pep Guardiola fue sancionado con una multa\u00a0de 56 mil euros, por los incidentes previos al final del [&hellip;]","og_url":"https:\/\/futbolhoy.co\/index.php\/2018\/03\/02\/dura-multa-al-manchester-city-por-mal-comportamiento-de-sus-hinchas\/","article_publisher":"https:\/\/www.facebook.com\/FutbolHoyCol\/","article_published_time":"2018-03-02T21:11:19+00:00","og_image":[{"width":1200,"height":727,"url":"https:\/\/futbolhoy.co\/wp-content\/uploads\/2018\/03\/City1.jpg","type":"image\/jpeg"}],"author":"Laura Hern\u00e1ndez","twitter_card":"summary_large_image","twitter_creator":"@FutbolHoyCol","twitter_site":"@FutbolHoyCol","twitter_misc":{"Escrito por":"Laura Hern\u00e1ndez"},"schema":{"@context":"https:\/\/schema.org","@graph":[{"@type":"Article","@id":"https:\/\/futbolhoy.co\/index.php\/2018\/03\/02\/dura-multa-al-manchester-city-por-mal-comportamiento-de-sus-hinchas\/#article","isPartOf":{"@id":"https:\/\/futbolhoy.co\/index.php\/2018\/03\/02\/dura-multa-al-manchester-city-por-mal-comportamiento-de-sus-hinchas\/"},"author":{"name":"Laura Hern\u00e1ndez","@id":"https:\/\/futbolhoy.co\/#\/schema\/person\/c4a353a512b127643723a34bb1812f7d"},"headline":"Dura multa al Manchester City por mal comportamiento de sus hinchas","datePublished":"2018-03-02T21:11:19+00:00","mainEntityOfPage":{"@id":"https:\/\/futbolhoy.co\/index.php\/2018\/03\/02\/dura-multa-al-manchester-city-por-mal-comportamiento-de-sus-hinchas\/"},"wordCount":80,"commentCount":0,"publisher":{"@id":"https:\/\/futbolhoy.co\/#organization"},"image":{"@id":"https:\/\/futbolhoy.co\/index.php\/2018\/03\/02\/dura-multa-al-manchester-city-por-mal-comportamiento-de-sus-hinchas\/#primaryimage"},"thumbnailUrl":"https:\/\/futbolhoy.co\/wp-content\/uploads\/2018\/03\/City1.jpg","keywords":["FA Cup","Manchester city"],"articleSection":["Mundo Futbol"],"inLanguage":"es","potentialAction":[{"@type":"CommentAction","name":"Comment","target":["https:\/\/futbolhoy.co\/index.php\/2018\/03\/02\/dura-multa-al-manchester-city-por-mal-comportamiento-de-sus-hinchas\/#respond"]}]},{"@type":"WebPage","@id":"https:\/\/futbolhoy.co\/index.php\/2018\/03\/02\/dura-multa-al-manchester-city-por-mal-comportamiento-de-sus-hinchas\/","url":"https:\/\/futbolhoy.co\/index.php\/2018\/03\/02\/dura-multa-al-manchester-city-por-mal-comportamiento-de-sus-hinchas\/","name":"Dura multa al Manchester City por mal comportamiento de sus hinchas -","isPartOf":{"@id":"https:\/\/futbolhoy.co\/#website"},"primaryImageOfPage":{"@id":"https:\/\/futbolhoy.co\/index.php\/2018\/03\/02\/dura-multa-al-manchester-city-por-mal-comportamiento-de-sus-hinchas\/#primaryimage"},"image":{"@id":"https:\/\/futbolhoy.co\/index.php\/2018\/03\/02\/dura-multa-al-manchester-city-por-mal-comportamiento-de-sus-hinchas\/#primaryimage"},"thumbnailUrl":"https:\/\/futbolhoy.co\/wp-content\/uploads\/2018\/03\/City1.jpg","datePublished":"2018-03-02T21:11:19+00:00","breadcrumb":{"@id":"https:\/\/futbolhoy.co\/index.php\/2018\/03\/02\/dura-multa-al-manchester-city-por-mal-comportamiento-de-sus-hinchas\/#breadcrumb"},"inLanguage":"es","potentialAction":[{"@type":"ReadAction","target":["https:\/\/futbolhoy.co\/index.php\/2018\/03\/02\/dura-multa-al-manchester-city-por-mal-comportamiento-de-sus-hinchas\/"]}]},{"@type":"ImageObject","inLanguage":"es","@id":"https:\/\/futbolhoy.co\/index.php\/2018\/03\/02\/dura-multa-al-manchester-city-por-mal-comportamiento-de-sus-hinchas\/#primaryimage","url":"https:\/\/futbolhoy.co\/wp-content\/uploads\/2018\/03\/City1.jpg","contentUrl":"https:\/\/futbolhoy.co\/wp-content\/uploads\/2018\/03\/City1.jpg","width":1200,"height":727,"caption":"@ManCity"},{"@type":"BreadcrumbList","@id":"https:\/\/futbolhoy.co\/index.php\/2018\/03\/02\/dura-multa-al-manchester-city-por-mal-comportamiento-de-sus-hinchas\/#breadcrumb","itemListElement":[{"@type":"ListItem","position":1,"name":"Portada","item":"https:\/\/futbolhoy.co\/"},{"@type":"ListItem","position":2,"name":"Dura multa al Manchester City por mal comportamiento de sus hinchas"}]},{"@type":"WebSite","@id":"https:\/\/futbolhoy.co\/#website","url":"https:\/\/futbolhoy.co\/","name":"FutbolHoy","description":"","publisher":{"@id":"https:\/\/futbolhoy.co\/#organization"},"potentialAction":[{"@type":"SearchAction","target":{"@type":"EntryPoint","urlTemplate":"https:\/\/futbolhoy.co\/?s={search_term_string}"},"query-input":{"@type":"PropertyValueSpecification","valueRequired":true,"valueName":"search_term_string"}}],"inLanguage":"es"},{"@type":"Organization","@id":"https:\/\/futbolhoy.co\/#organization","name":"Futbolhoy.co","url":"https:\/\/futbolhoy.co\/","logo":{"@type":"ImageObject","inLanguage":"es","@id":"https:\/\/futbolhoy.co\/#\/schema\/logo\/image\/","url":"https:\/\/futbolhoy.co\/wp-content\/uploads\/2018\/08\/17426380_1906371736249227_6326180412931521141_n.jpg","contentUrl":"https:\/\/futbolhoy.co\/wp-content\/uploads\/2018\/08\/17426380_1906371736249227_6326180412931521141_n.jpg","width":960,"height":960,"caption":"Futbolhoy.co"},"image":{"@id":"https:\/\/futbolhoy.co\/#\/schema\/logo\/image\/"},"sameAs":["https:\/\/www.facebook.com\/FutbolHoyCol\/","https:\/\/x.com\/FutbolHoyCol","https:\/\/www.instagram.com\/futbolhoycol\/"]},{"@type":"Person","@id":"https:\/\/futbolhoy.co\/#\/schema\/person\/c4a353a512b127643723a34bb1812f7d","name":"Laura Hern\u00e1ndez","image":{"@type":"ImageObject","inLanguage":"es","@id":"https:\/\/futbolhoy.co\/#\/schema\/person\/image\/","url":"https:\/\/secure.gravatar.com\/avatar\/d25959a15b9b293a743f99181c7cfd01?s=96&d=mm&r=g","contentUrl":"https:\/\/secure.gravatar.com\/avatar\/d25959a15b9b293a743f99181c7cfd01?s=96&d=mm&r=g","caption":"Laura Hern\u00e1ndez"}}]}},"publishpress_future_action":{"enabled":false,"date":"2026-05-05 20:18:25","action":"change-status","newStatus":"draft","terms":[],"taxonomy":"category","extraData":[]},"publishpress_future_workflow_manual_trigger":{"enabledWorkflows":[]},"_links":{"self":[{"href":"https:\/\/futbolhoy.co\/index.php\/wp-json\/wp\/v2\/posts\/14098","targetHints":{"allow":["GET"]}}],"collection":[{"href":"https:\/\/futbolhoy.co\/index.php\/wp-json\/wp\/v2\/posts"}],"about":[{"href":"https:\/\/futbolhoy.co\/index.php\/wp-json\/wp\/v2\/types\/post"}],"author":[{"embeddable":true,"href":"https:\/\/futbolhoy.co\/index.php\/wp-json\/wp\/v2\/users\/5"}],"replies":[{"embeddable":true,"href":"https:\/\/futbolhoy.co\/index.php\/wp-json\/wp\/v2\/comments?post=14098"}],"version-history":[{"count":1,"href":"https:\/\/futbolhoy.co\/index.php\/wp-json\/wp\/v2\/posts\/14098\/revisions"}],"predecessor-version":[{"id":14100,"href":"https:\/\/futbolhoy.co\/index.php\/wp-json\/wp\/v2\/posts\/14098\/revisions\/14100"}],"wp:featuredmedia":[{"embeddable":true,"href":"https:\/\/futbolhoy.co\/index.php\/wp-json\/wp\/v2\/media\/14099"}],"wp:attachment":[{"href":"https:\/\/futbolhoy.co\/index.php\/wp-json\/wp\/v2\/media?parent=14098"}],"wp:term":[{"taxonomy":"category","embeddable":true,"href":"https:\/\/futbolhoy.co\/index.php\/wp-json\/wp\/v2\/categories?post=14098"},{"taxonomy":"post_tag","embeddable":true,"href":"https:\/\/futbolhoy.co\/index.php\/wp-json\/wp\/v2\/tags?post=14098"}],"curies":[{"name":"wp","href":"https:\/\/api.w.org\/{rel}","templated":true}]}}