{"id":14293,"date":"2018-03-06T18:00:38","date_gmt":"2018-03-06T23:00:38","guid":{"rendered":"http:\/\/futbolhoy.co\/?p=14293"},"modified":"2018-03-06T18:06:38","modified_gmt":"2018-03-06T23:06:38","slug":"cr7-una-maquina-goleadora-en-champions","status":"publish","type":"post","link":"https:\/\/futbolhoy.co\/index.php\/2018\/03\/06\/cr7-una-maquina-goleadora-en-champions\/","title":{"rendered":"CR7 una m\u00e1quina goleadora en Champions"},"content":{"rendered":"<p style=\"text-align: justify;\">El portugu\u00e9s se ha encargado de brillar en la <strong>Liga de Campeones<\/strong> y se impone en la tabla de goleadores hist\u00f3ricos del torneo de la <strong>UEFA<\/strong>, <strong>Futbolhoy<\/strong> hace un recuento de los n\u00fameros del 7 del Real Madrid.<\/p>\n<p style=\"text-align: justify;\"><strong>DATOS<\/strong><\/p>\n<ul style=\"text-align: justify;\">\n<ul style=\"text-align: justify;\">\n<li>El portugu\u00e9s llega a nueve partidos consecutivos marcando en Liga de Campeones, igualando la marca de\u00a0<strong>Ruud van Nistelrooy<\/strong> en la temporada<strong> 2002-2003<\/strong>.<\/li>\n<li>Actualmente goleador de la temporada con 12 tantos, fue m\u00e1ximo anotador en\u00a0 \u00a0 \u00a0 2016-2017 (12), 2014-2015 (10, empatado con Messi y Neymar), 2013-2014 (17), 2012-2013 (12), 2007-2008 (8).<\/li>\n<li>En sus \u00faltimos 13 partidos de Champions ha marcado 22 goles, 3 tripletes, 6 dobletes, 4 con una sola anotaci\u00f3n.<\/li>\n<\/ul>\n<\/ul>\n<table style=\"width: 499px;\">\n<tbody>\n<tr style=\"height: 26px;\">\n<td style=\"height: 26px; width: 261px;\"><strong>Equipo \/ Temporada<\/strong><\/td>\n<td style=\"height: 26px; width: 202px;\"><strong>Datos\u00a0<\/strong><\/td>\n<\/tr>\n<tr style=\"height: 26px;\">\n<td style=\"height: 26px; width: 261px;\"><strong>Manchester United (2005-2009)<\/strong><\/td>\n<td style=\"height: 26px; width: 202px;\">3641 minutos disputados<\/p>\n<p>4\/2 partidos<\/p>\n<p>16 goles<\/td>\n<\/tr>\n<tr style=\"height: 26px;\">\n<td style=\"height: 26px; width: 261px;\"><strong>Real Madrid (2009-Actual)<\/strong><\/td>\n<td style=\"height: 26px; width: 202px;\">8568 minutos disputados<\/p>\n<p>96 partidos<\/p>\n<p>102 goles<\/td>\n<\/tr>\n<tr style=\"height: 26px;\">\n<td style=\"height: 26px; width: 261px;\"><strong>TOTAL<\/strong><\/td>\n<td style=\"height: 26px; width: 202px;\">118 Goles en la Liga de Campeones (Sin fase de clasificaci\u00f3n). 119 anotaciones con fase de Clasificaci\u00f3n (Copa Europa\/Champions)<\/td>\n<\/tr>\n<\/tbody>\n<\/table>\n<p>&nbsp;<\/p>\n","protected":false},"excerpt":{"rendered":"<p>El portugu\u00e9s se ha encargado de brillar en la Liga de Campeones y se impone en la tabla de goleadores hist\u00f3ricos del torneo de la UEFA, Futbolhoy hace un recuento de los n\u00fameros del 7 del Real Madrid. DATOS El portugu\u00e9s llega a nueve partidos consecutivos marcando en Liga de Campeones, igualando la marca de\u00a0Ruud [&hellip;]<\/p>\n","protected":false},"author":5,"featured_media":14299,"comment_status":"open","ping_status":"closed","sticky":false,"template":"","format":"standard","meta":{"_acf_changed":false,"footnotes":""},"categories":[4,5],"tags":[81,392,110],"class_list":["post-14293","post","type-post","status-publish","format-standard","has-post-thumbnail","category-champions-league","category-destacados","tag-champions-league","tag-cristiano-ronaldo","tag-real-madrid"],"acf":[],"yoast_head":"<!-- This site is optimized with the Yoast SEO plugin v28.4 - https:\/\/yoast.com\/product\/yoast-seo-wordpress\/ -->\n<title>CR7 una m\u00e1quina goleadora en Champions -<\/title>\n<meta name=\"robots\" content=\"index, follow, max-snippet:-1, max-image-preview:large, max-video-preview:-1\" \/>\n<link rel=\"canonical\" href=\"https:\/\/futbolhoy.co\/index.php\/2018\/03\/06\/cr7-una-maquina-goleadora-en-champions\/\" \/>\n<meta property=\"og:locale\" content=\"es_ES\" \/>\n<meta property=\"og:type\" content=\"article\" \/>\n<meta property=\"og:title\" content=\"CR7 una m\u00e1quina goleadora en Champions -\" \/>\n<meta property=\"og:description\" content=\"El portugu\u00e9s se ha encargado de brillar en la Liga de Campeones y se impone en la tabla de goleadores hist\u00f3ricos del torneo de la UEFA, Futbolhoy hace un recuento de los n\u00fameros del 7 del Real Madrid. DATOS El portugu\u00e9s llega a nueve partidos consecutivos marcando en Liga de Campeones, igualando la marca de\u00a0Ruud [&hellip;]\" \/>\n<meta property=\"og:url\" content=\"https:\/\/futbolhoy.co\/index.php\/2018\/03\/06\/cr7-una-maquina-goleadora-en-champions\/\" \/>\n<meta property=\"article:publisher\" content=\"https:\/\/www.facebook.com\/FutbolHoyCol\/\" \/>\n<meta property=\"article:published_time\" content=\"2018-03-06T23:00:38+00:00\" \/>\n<meta property=\"article:modified_time\" content=\"2018-03-06T23:06:38+00:00\" \/>\n<meta property=\"og:image\" content=\"https:\/\/futbolhoy.co\/wp-content\/uploads\/2018\/03\/DXorqOtWsAEaXWy.jpg\" \/>\n\t<meta property=\"og:image:width\" content=\"1200\" \/>\n\t<meta property=\"og:image:height\" content=\"800\" \/>\n\t<meta property=\"og:image:type\" content=\"image\/jpeg\" \/>\n<meta name=\"author\" content=\"Laura Hern\u00e1ndez\" \/>\n<meta name=\"twitter:card\" content=\"summary_large_image\" \/>\n<meta name=\"twitter:creator\" content=\"@FutbolHoyCol\" \/>\n<meta name=\"twitter:site\" content=\"@FutbolHoyCol\" \/>\n<meta name=\"twitter:label1\" content=\"Escrito por\" \/>\n\t<meta name=\"twitter:data1\" content=\"Laura Hern\u00e1ndez\" \/>\n\t<meta name=\"twitter:label2\" content=\"Tiempo de lectura\" \/>\n\t<meta name=\"twitter:data2\" content=\"1 minuto\" \/>\n<script type=\"application\/ld+json\" class=\"yoast-schema-graph\">{\"@context\":\"https:\\\/\\\/schema.org\",\"@graph\":[{\"@type\":\"Article\",\"@id\":\"https:\\\/\\\/futbolhoy.co\\\/index.php\\\/2018\\\/03\\\/06\\\/cr7-una-maquina-goleadora-en-champions\\\/#article\",\"isPartOf\":{\"@id\":\"https:\\\/\\\/futbolhoy.co\\\/index.php\\\/2018\\\/03\\\/06\\\/cr7-una-maquina-goleadora-en-champions\\\/\"},\"author\":{\"name\":\"Laura Hern\u00e1ndez\",\"@id\":\"https:\\\/\\\/futbolhoy.co\\\/#\\\/schema\\\/person\\\/c4a353a512b127643723a34bb1812f7d\"},\"headline\":\"CR7 una m\u00e1quina goleadora en Champions\",\"datePublished\":\"2018-03-06T23:00:38+00:00\",\"dateModified\":\"2018-03-06T23:06:38+00:00\",\"mainEntityOfPage\":{\"@id\":\"https:\\\/\\\/futbolhoy.co\\\/index.php\\\/2018\\\/03\\\/06\\\/cr7-una-maquina-goleadora-en-champions\\\/\"},\"wordCount\":149,\"commentCount\":0,\"image\":{\"@id\":\"https:\\\/\\\/futbolhoy.co\\\/index.php\\\/2018\\\/03\\\/06\\\/cr7-una-maquina-goleadora-en-champions\\\/#primaryimage\"},\"thumbnailUrl\":\"https:\\\/\\\/futbolhoy.co\\\/wp-content\\\/uploads\\\/2018\\\/03\\\/DXorqOtWsAEaXWy.jpg\",\"keywords\":[\"Champions League\",\"Cristiano Ronaldo\",\"Real Madrid\"],\"articleSection\":[\"Champions League\",\"Destacados\"],\"inLanguage\":\"es\",\"potentialAction\":[{\"@type\":\"CommentAction\",\"name\":\"Comment\",\"target\":[\"https:\\\/\\\/futbolhoy.co\\\/index.php\\\/2018\\\/03\\\/06\\\/cr7-una-maquina-goleadora-en-champions\\\/#respond\"]}]},{\"@type\":\"WebPage\",\"@id\":\"https:\\\/\\\/futbolhoy.co\\\/index.php\\\/2018\\\/03\\\/06\\\/cr7-una-maquina-goleadora-en-champions\\\/\",\"url\":\"https:\\\/\\\/futbolhoy.co\\\/index.php\\\/2018\\\/03\\\/06\\\/cr7-una-maquina-goleadora-en-champions\\\/\",\"name\":\"CR7 una m\u00e1quina goleadora en Champions -\",\"isPartOf\":{\"@id\":\"https:\\\/\\\/futbolhoy.co\\\/#website\"},\"primaryImageOfPage\":{\"@id\":\"https:\\\/\\\/futbolhoy.co\\\/index.php\\\/2018\\\/03\\\/06\\\/cr7-una-maquina-goleadora-en-champions\\\/#primaryimage\"},\"image\":{\"@id\":\"https:\\\/\\\/futbolhoy.co\\\/index.php\\\/2018\\\/03\\\/06\\\/cr7-una-maquina-goleadora-en-champions\\\/#primaryimage\"},\"thumbnailUrl\":\"https:\\\/\\\/futbolhoy.co\\\/wp-content\\\/uploads\\\/2018\\\/03\\\/DXorqOtWsAEaXWy.jpg\",\"datePublished\":\"2018-03-06T23:00:38+00:00\",\"dateModified\":\"2018-03-06T23:06:38+00:00\",\"author\":{\"@id\":\"https:\\\/\\\/futbolhoy.co\\\/#\\\/schema\\\/person\\\/c4a353a512b127643723a34bb1812f7d\"},\"breadcrumb\":{\"@id\":\"https:\\\/\\\/futbolhoy.co\\\/index.php\\\/2018\\\/03\\\/06\\\/cr7-una-maquina-goleadora-en-champions\\\/#breadcrumb\"},\"inLanguage\":\"es\",\"potentialAction\":[{\"@type\":\"ReadAction\",\"target\":[\"https:\\\/\\\/futbolhoy.co\\\/index.php\\\/2018\\\/03\\\/06\\\/cr7-una-maquina-goleadora-en-champions\\\/\"]}]},{\"@type\":\"ImageObject\",\"inLanguage\":\"es\",\"@id\":\"https:\\\/\\\/futbolhoy.co\\\/index.php\\\/2018\\\/03\\\/06\\\/cr7-una-maquina-goleadora-en-champions\\\/#primaryimage\",\"url\":\"https:\\\/\\\/futbolhoy.co\\\/wp-content\\\/uploads\\\/2018\\\/03\\\/DXorqOtWsAEaXWy.jpg\",\"contentUrl\":\"https:\\\/\\\/futbolhoy.co\\\/wp-content\\\/uploads\\\/2018\\\/03\\\/DXorqOtWsAEaXWy.jpg\",\"width\":1200,\"height\":800,\"caption\":\"Twitter @LaLiga\"},{\"@type\":\"BreadcrumbList\",\"@id\":\"https:\\\/\\\/futbolhoy.co\\\/index.php\\\/2018\\\/03\\\/06\\\/cr7-una-maquina-goleadora-en-champions\\\/#breadcrumb\",\"itemListElement\":[{\"@type\":\"ListItem\",\"position\":1,\"name\":\"Portada\",\"item\":\"https:\\\/\\\/futbolhoy.co\\\/\"},{\"@type\":\"ListItem\",\"position\":2,\"name\":\"CR7 una m\u00e1quina goleadora en Champions\"}]},{\"@type\":\"WebSite\",\"@id\":\"https:\\\/\\\/futbolhoy.co\\\/#website\",\"url\":\"https:\\\/\\\/futbolhoy.co\\\/\",\"name\":\"FutbolHoy\",\"description\":\"\",\"potentialAction\":[{\"@type\":\"SearchAction\",\"target\":{\"@type\":\"EntryPoint\",\"urlTemplate\":\"https:\\\/\\\/futbolhoy.co\\\/?s={search_term_string}\"},\"query-input\":{\"@type\":\"PropertyValueSpecification\",\"valueRequired\":true,\"valueName\":\"search_term_string\"}}],\"inLanguage\":\"es\"},{\"@type\":\"Person\",\"@id\":\"https:\\\/\\\/futbolhoy.co\\\/#\\\/schema\\\/person\\\/c4a353a512b127643723a34bb1812f7d\",\"name\":\"Laura Hern\u00e1ndez\",\"image\":{\"@type\":\"ImageObject\",\"inLanguage\":\"es\",\"@id\":\"https:\\\/\\\/secure.gravatar.com\\\/avatar\\\/1ae6b7966942c60c822ea71afe0e5cf4105b8e983193883c6d026db4d508431d?s=96&d=mm&r=g\",\"url\":\"https:\\\/\\\/secure.gravatar.com\\\/avatar\\\/1ae6b7966942c60c822ea71afe0e5cf4105b8e983193883c6d026db4d508431d?s=96&d=mm&r=g\",\"contentUrl\":\"https:\\\/\\\/secure.gravatar.com\\\/avatar\\\/1ae6b7966942c60c822ea71afe0e5cf4105b8e983193883c6d026db4d508431d?s=96&d=mm&r=g\",\"caption\":\"Laura Hern\u00e1ndez\"}}]}<\/script>\n<!-- \/ Yoast SEO plugin. -->","yoast_head_json":{"title":"CR7 una m\u00e1quina goleadora en Champions -","robots":{"index":"index","follow":"follow","max-snippet":"max-snippet:-1","max-image-preview":"max-image-preview:large","max-video-preview":"max-video-preview:-1"},"canonical":"https:\/\/futbolhoy.co\/index.php\/2018\/03\/06\/cr7-una-maquina-goleadora-en-champions\/","og_locale":"es_ES","og_type":"article","og_title":"CR7 una m\u00e1quina goleadora en Champions -","og_description":"El portugu\u00e9s se ha encargado de brillar en la Liga de Campeones y se impone en la tabla de goleadores hist\u00f3ricos del torneo de la UEFA, Futbolhoy hace un recuento de los n\u00fameros del 7 del Real Madrid. DATOS El portugu\u00e9s llega a nueve partidos consecutivos marcando en Liga de Campeones, igualando la marca de\u00a0Ruud [&hellip;]","og_url":"https:\/\/futbolhoy.co\/index.php\/2018\/03\/06\/cr7-una-maquina-goleadora-en-champions\/","article_publisher":"https:\/\/www.facebook.com\/FutbolHoyCol\/","article_published_time":"2018-03-06T23:00:38+00:00","article_modified_time":"2018-03-06T23:06:38+00:00","og_image":[{"width":1200,"height":800,"url":"https:\/\/futbolhoy.co\/wp-content\/uploads\/2018\/03\/DXorqOtWsAEaXWy.jpg","type":"image\/jpeg"}],"author":"Laura Hern\u00e1ndez","twitter_card":"summary_large_image","twitter_creator":"@FutbolHoyCol","twitter_site":"@FutbolHoyCol","twitter_misc":{"Escrito por":"Laura Hern\u00e1ndez","Tiempo de lectura":"1 minuto"},"schema":{"@context":"https:\/\/schema.org","@graph":[{"@type":"Article","@id":"https:\/\/futbolhoy.co\/index.php\/2018\/03\/06\/cr7-una-maquina-goleadora-en-champions\/#article","isPartOf":{"@id":"https:\/\/futbolhoy.co\/index.php\/2018\/03\/06\/cr7-una-maquina-goleadora-en-champions\/"},"author":{"name":"Laura Hern\u00e1ndez","@id":"https:\/\/futbolhoy.co\/#\/schema\/person\/c4a353a512b127643723a34bb1812f7d"},"headline":"CR7 una m\u00e1quina goleadora en Champions","datePublished":"2018-03-06T23:00:38+00:00","dateModified":"2018-03-06T23:06:38+00:00","mainEntityOfPage":{"@id":"https:\/\/futbolhoy.co\/index.php\/2018\/03\/06\/cr7-una-maquina-goleadora-en-champions\/"},"wordCount":149,"commentCount":0,"image":{"@id":"https:\/\/futbolhoy.co\/index.php\/2018\/03\/06\/cr7-una-maquina-goleadora-en-champions\/#primaryimage"},"thumbnailUrl":"https:\/\/futbolhoy.co\/wp-content\/uploads\/2018\/03\/DXorqOtWsAEaXWy.jpg","keywords":["Champions League","Cristiano Ronaldo","Real Madrid"],"articleSection":["Champions League","Destacados"],"inLanguage":"es","potentialAction":[{"@type":"CommentAction","name":"Comment","target":["https:\/\/futbolhoy.co\/index.php\/2018\/03\/06\/cr7-una-maquina-goleadora-en-champions\/#respond"]}]},{"@type":"WebPage","@id":"https:\/\/futbolhoy.co\/index.php\/2018\/03\/06\/cr7-una-maquina-goleadora-en-champions\/","url":"https:\/\/futbolhoy.co\/index.php\/2018\/03\/06\/cr7-una-maquina-goleadora-en-champions\/","name":"CR7 una m\u00e1quina goleadora en Champions -","isPartOf":{"@id":"https:\/\/futbolhoy.co\/#website"},"primaryImageOfPage":{"@id":"https:\/\/futbolhoy.co\/index.php\/2018\/03\/06\/cr7-una-maquina-goleadora-en-champions\/#primaryimage"},"image":{"@id":"https:\/\/futbolhoy.co\/index.php\/2018\/03\/06\/cr7-una-maquina-goleadora-en-champions\/#primaryimage"},"thumbnailUrl":"https:\/\/futbolhoy.co\/wp-content\/uploads\/2018\/03\/DXorqOtWsAEaXWy.jpg","datePublished":"2018-03-06T23:00:38+00:00","dateModified":"2018-03-06T23:06:38+00:00","author":{"@id":"https:\/\/futbolhoy.co\/#\/schema\/person\/c4a353a512b127643723a34bb1812f7d"},"breadcrumb":{"@id":"https:\/\/futbolhoy.co\/index.php\/2018\/03\/06\/cr7-una-maquina-goleadora-en-champions\/#breadcrumb"},"inLanguage":"es","potentialAction":[{"@type":"ReadAction","target":["https:\/\/futbolhoy.co\/index.php\/2018\/03\/06\/cr7-una-maquina-goleadora-en-champions\/"]}]},{"@type":"ImageObject","inLanguage":"es","@id":"https:\/\/futbolhoy.co\/index.php\/2018\/03\/06\/cr7-una-maquina-goleadora-en-champions\/#primaryimage","url":"https:\/\/futbolhoy.co\/wp-content\/uploads\/2018\/03\/DXorqOtWsAEaXWy.jpg","contentUrl":"https:\/\/futbolhoy.co\/wp-content\/uploads\/2018\/03\/DXorqOtWsAEaXWy.jpg","width":1200,"height":800,"caption":"Twitter @LaLiga"},{"@type":"BreadcrumbList","@id":"https:\/\/futbolhoy.co\/index.php\/2018\/03\/06\/cr7-una-maquina-goleadora-en-champions\/#breadcrumb","itemListElement":[{"@type":"ListItem","position":1,"name":"Portada","item":"https:\/\/futbolhoy.co\/"},{"@type":"ListItem","position":2,"name":"CR7 una m\u00e1quina goleadora en Champions"}]},{"@type":"WebSite","@id":"https:\/\/futbolhoy.co\/#website","url":"https:\/\/futbolhoy.co\/","name":"FutbolHoy","description":"","potentialAction":[{"@type":"SearchAction","target":{"@type":"EntryPoint","urlTemplate":"https:\/\/futbolhoy.co\/?s={search_term_string}"},"query-input":{"@type":"PropertyValueSpecification","valueRequired":true,"valueName":"search_term_string"}}],"inLanguage":"es"},{"@type":"Person","@id":"https:\/\/futbolhoy.co\/#\/schema\/person\/c4a353a512b127643723a34bb1812f7d","name":"Laura Hern\u00e1ndez","image":{"@type":"ImageObject","inLanguage":"es","@id":"https:\/\/secure.gravatar.com\/avatar\/1ae6b7966942c60c822ea71afe0e5cf4105b8e983193883c6d026db4d508431d?s=96&d=mm&r=g","url":"https:\/\/secure.gravatar.com\/avatar\/1ae6b7966942c60c822ea71afe0e5cf4105b8e983193883c6d026db4d508431d?s=96&d=mm&r=g","contentUrl":"https:\/\/secure.gravatar.com\/avatar\/1ae6b7966942c60c822ea71afe0e5cf4105b8e983193883c6d026db4d508431d?s=96&d=mm&r=g","caption":"Laura Hern\u00e1ndez"}}]}},"_links":{"self":[{"href":"https:\/\/futbolhoy.co\/index.php\/wp-json\/wp\/v2\/posts\/14293","targetHints":{"allow":["GET"]}}],"collection":[{"href":"https:\/\/futbolhoy.co\/index.php\/wp-json\/wp\/v2\/posts"}],"about":[{"href":"https:\/\/futbolhoy.co\/index.php\/wp-json\/wp\/v2\/types\/post"}],"author":[{"embeddable":true,"href":"https:\/\/futbolhoy.co\/index.php\/wp-json\/wp\/v2\/users\/5"}],"replies":[{"embeddable":true,"href":"https:\/\/futbolhoy.co\/index.php\/wp-json\/wp\/v2\/comments?post=14293"}],"version-history":[{"count":2,"href":"https:\/\/futbolhoy.co\/index.php\/wp-json\/wp\/v2\/posts\/14293\/revisions"}],"predecessor-version":[{"id":14300,"href":"https:\/\/futbolhoy.co\/index.php\/wp-json\/wp\/v2\/posts\/14293\/revisions\/14300"}],"wp:featuredmedia":[{"embeddable":true,"href":"https:\/\/futbolhoy.co\/index.php\/wp-json\/wp\/v2\/media\/14299"}],"wp:attachment":[{"href":"https:\/\/futbolhoy.co\/index.php\/wp-json\/wp\/v2\/media?parent=14293"}],"wp:term":[{"taxonomy":"category","embeddable":true,"href":"https:\/\/futbolhoy.co\/index.php\/wp-json\/wp\/v2\/categories?post=14293"},{"taxonomy":"post_tag","embeddable":true,"href":"https:\/\/futbolhoy.co\/index.php\/wp-json\/wp\/v2\/tags?post=14293"}],"curies":[{"name":"wp","href":"https:\/\/api.w.org\/{rel}","templated":true}]}}