{"id":14479,"date":"2018-03-12T12:00:45","date_gmt":"2018-03-12T17:00:45","guid":{"rendered":"http:\/\/futbolhoy.co\/?p=14479"},"modified":"2018-03-12T16:09:43","modified_gmt":"2018-03-12T21:09:43","slug":"los-numeros-de-la-seleccion-colombia-con-pekerman","status":"publish","type":"post","link":"https:\/\/futbolhoy.co\/index.php\/2018\/03\/12\/los-numeros-de-la-seleccion-colombia-con-pekerman\/","title":{"rendered":"Los n\u00fameros de la Selecci\u00f3n Colombia con P\u00e9kerman"},"content":{"rendered":"<p>A 100 d\u00edas del debut de la Selecci\u00f3n Colombia en el Mundial de Rusia 2018, Futbolhoy hace un recuento estad\u00edstico del rendimiento del equipo dirigido por<strong> Jos\u00e9 N\u00e9stor P\u00e9kerman<\/strong> en diferentes competencias.<\/p>\n<p><strong>DATOS<\/strong><\/p>\n<ul>\n<li>34 Convocatorias<\/li>\n<li>96 jugadores llamados (10 arqueros, 32 defensas,\u00a029 volantes, 25 delanteros)<\/li>\n<li>83 jugaron<\/li>\n<\/ul>\n<table style=\"width: 507px;\">\n<tbody>\n<tr>\n<td style=\"width: 149px;\"><\/td>\n<td style=\"width: 34px;\"><strong>PJ<\/strong><\/td>\n<td style=\"width: 35px;\"><strong>PG<\/strong><\/td>\n<td style=\"width: 44px;\"><strong>PE<\/strong><\/td>\n<td style=\"width: 25px;\"><strong>PP<\/strong><\/td>\n<td style=\"width: 10px;\"><strong>GF<\/strong><\/td>\n<td style=\"width: 32px;\"><strong>GC<\/strong><\/td>\n<td style=\"width: 58px;\"><b>%<\/b><\/td>\n<\/tr>\n<tr>\n<td style=\"width: 149px;\"><strong>MUNDIAL<\/strong><\/td>\n<td style=\"width: 34px;\">5<\/td>\n<td style=\"width: 35px;\">4<\/td>\n<td style=\"width: 44px;\">0<\/td>\n<td style=\"width: 25px;\">1<\/td>\n<td style=\"width: 10px;\">12<\/td>\n<td style=\"width: 32px;\">4<\/td>\n<td style=\"width: 58px;\">80%<\/td>\n<\/tr>\n<tr>\n<td style=\"width: 149px;\"><strong>COPA AM\u00c9RICA<\/strong><\/td>\n<td style=\"width: 34px;\">10<\/td>\n<td style=\"width: 35px;\">4<\/td>\n<td style=\"width: 44px;\">3<\/td>\n<td style=\"width: 25px;\">3<\/td>\n<td style=\"width: 10px;\">8<\/td>\n<td style=\"width: 32px;\">7<\/td>\n<td style=\"width: 58px;\">50%<\/td>\n<\/tr>\n<tr>\n<td style=\"width: 149px;\"><strong>ELIMINATORIAS<\/strong><\/td>\n<td style=\"width: 34px;\">31<\/td>\n<td style=\"width: 35px;\">15<\/td>\n<td style=\"width: 44px;\">8<\/td>\n<td style=\"width: 25px;\">8<\/td>\n<td style=\"width: 10px;\">43<\/td>\n<td style=\"width: 32px;\">28<\/td>\n<td style=\"width: 58px;\">56.98%<\/td>\n<\/tr>\n<tr>\n<td style=\"width: 149px;\"><strong>AMISTOSOS<\/strong><\/td>\n<td style=\"width: 34px;\">25<\/td>\n<td style=\"width: 35px;\">16<\/td>\n<td style=\"width: 44px;\">6<\/td>\n<td style=\"width: 25px;\">3<\/td>\n<td style=\"width: 10px;\">51<\/td>\n<td style=\"width: 32px;\">15<\/td>\n<td style=\"width: 58px;\">72%<\/td>\n<\/tr>\n<tr>\n<td style=\"width: 149px;\"><strong>TOTAL\u00a0<\/strong><\/td>\n<td style=\"width: 34px;\">71<\/td>\n<td style=\"width: 35px;\">39<\/td>\n<td style=\"width: 44px;\">17<\/td>\n<td style=\"width: 25px;\">15<\/td>\n<td style=\"width: 10px;\">114<\/td>\n<td style=\"width: 32px;\">54<\/td>\n<td style=\"width: 58px;\">61.97%<\/td>\n<\/tr>\n<tr>\n<td style=\"width: 149px;\"><\/td>\n<td style=\"width: 34px;\"><\/td>\n<td style=\"width: 35px;\"><\/td>\n<td style=\"width: 44px;\"><\/td>\n<td style=\"width: 25px;\"><\/td>\n<td style=\"width: 10px;\"><\/td>\n<td style=\"width: 32px;\"><\/td>\n<td style=\"width: 58px;\"><\/td>\n<\/tr>\n<tr>\n<td style=\"width: 149px;\"><strong>PARTIDOS OFICIALES<\/strong><\/td>\n<td style=\"width: 34px;\">46<\/td>\n<td style=\"width: 35px;\">23<\/td>\n<td style=\"width: 44px;\">11<\/td>\n<td style=\"width: 25px;\">12<\/td>\n<td style=\"width: 10px;\">64<\/td>\n<td style=\"width: 32px;\">38<\/td>\n<td style=\"width: 58px;\">57.9%<\/td>\n<\/tr>\n<tr>\n<td style=\"width: 149px;\"><\/td>\n<td style=\"width: 34px;\"><\/td>\n<td style=\"width: 35px;\"><\/td>\n<td style=\"width: 44px;\"><\/td>\n<td style=\"width: 25px;\"><\/td>\n<td style=\"width: 10px;\"><\/td>\n<td style=\"width: 32px;\"><\/td>\n<td style=\"width: 58px;\"><\/td>\n<\/tr>\n<\/tbody>\n<\/table>\n","protected":false},"excerpt":{"rendered":"<p>A 100 d\u00edas del debut de la Selecci\u00f3n Colombia en el Mundial de Rusia 2018, Futbolhoy hace un recuento estad\u00edstico del rendimiento del equipo dirigido por Jos\u00e9 N\u00e9stor P\u00e9kerman en diferentes competencias. DATOS 34 Convocatorias 96 jugadores llamados (10 arqueros, 32 defensas,\u00a029 volantes, 25 delanteros) 83 jugaron PJ PG PE PP GF GC % MUNDIAL [&hellip;]<\/p>\n","protected":false},"author":5,"featured_media":3085,"comment_status":"open","ping_status":"open","sticky":false,"template":"","format":"standard","meta":{"_acf_changed":false,"footnotes":""},"categories":[6,153],"tags":[127],"class_list":{"0":"post-14479","1":"post","2":"type-post","3":"status-publish","4":"format-standard","5":"has-post-thumbnail","7":"category-mundial","8":"category-selecion-colombia","9":"tag-seleccion-colombia"},"acf":[],"yoast_head":"<!-- This site is optimized with the Yoast SEO plugin v26.8 - https:\/\/yoast.com\/product\/yoast-seo-wordpress\/ -->\n<title>Los n\u00fameros de la Selecci\u00f3n Colombia con P\u00e9kerman -<\/title>\n<meta name=\"robots\" content=\"index, follow, max-snippet:-1, max-image-preview:large, max-video-preview:-1\" \/>\n<link rel=\"canonical\" href=\"https:\/\/futbolhoy.co\/index.php\/2018\/03\/12\/los-numeros-de-la-seleccion-colombia-con-pekerman\/\" \/>\n<meta property=\"og:locale\" content=\"es_ES\" \/>\n<meta property=\"og:type\" content=\"article\" \/>\n<meta property=\"og:title\" content=\"Los n\u00fameros de la Selecci\u00f3n Colombia con P\u00e9kerman -\" \/>\n<meta property=\"og:description\" content=\"A 100 d\u00edas del debut de la Selecci\u00f3n Colombia en el Mundial de Rusia 2018, Futbolhoy hace un recuento estad\u00edstico del rendimiento del equipo dirigido por Jos\u00e9 N\u00e9stor P\u00e9kerman en diferentes competencias. DATOS 34 Convocatorias 96 jugadores llamados (10 arqueros, 32 defensas,\u00a029 volantes, 25 delanteros) 83 jugaron PJ PG PE PP GF GC % MUNDIAL [&hellip;]\" \/>\n<meta property=\"og:url\" content=\"https:\/\/futbolhoy.co\/index.php\/2018\/03\/12\/los-numeros-de-la-seleccion-colombia-con-pekerman\/\" \/>\n<meta property=\"article:publisher\" content=\"https:\/\/www.facebook.com\/FutbolHoyCol\/\" \/>\n<meta property=\"article:published_time\" content=\"2018-03-12T17:00:45+00:00\" \/>\n<meta property=\"article:modified_time\" content=\"2018-03-12T21:09:43+00:00\" \/>\n<meta property=\"og:image\" content=\"https:\/\/futbolhoy.co\/wp-content\/uploads\/2017\/05\/colombia-chi_1.jpg\" \/>\n\t<meta property=\"og:image:width\" content=\"670\" \/>\n\t<meta property=\"og:image:height\" content=\"380\" \/>\n\t<meta property=\"og:image:type\" content=\"image\/jpeg\" \/>\n<meta name=\"author\" content=\"Laura Hern\u00e1ndez\" \/>\n<meta name=\"twitter:card\" content=\"summary_large_image\" \/>\n<meta name=\"twitter:creator\" content=\"@FutbolHoyCol\" \/>\n<meta name=\"twitter:site\" content=\"@FutbolHoyCol\" \/>\n<meta name=\"twitter:label1\" content=\"Escrito por\" \/>\n\t<meta name=\"twitter:data1\" content=\"Laura Hern\u00e1ndez\" \/>\n<script type=\"application\/ld+json\" class=\"yoast-schema-graph\">{\"@context\":\"https:\/\/schema.org\",\"@graph\":[{\"@type\":\"Article\",\"@id\":\"https:\/\/futbolhoy.co\/index.php\/2018\/03\/12\/los-numeros-de-la-seleccion-colombia-con-pekerman\/#article\",\"isPartOf\":{\"@id\":\"https:\/\/futbolhoy.co\/index.php\/2018\/03\/12\/los-numeros-de-la-seleccion-colombia-con-pekerman\/\"},\"author\":{\"name\":\"Laura Hern\u00e1ndez\",\"@id\":\"https:\/\/futbolhoy.co\/#\/schema\/person\/c4a353a512b127643723a34bb1812f7d\"},\"headline\":\"Los n\u00fameros de la Selecci\u00f3n Colombia con P\u00e9kerman\",\"datePublished\":\"2018-03-12T17:00:45+00:00\",\"dateModified\":\"2018-03-12T21:09:43+00:00\",\"mainEntityOfPage\":{\"@id\":\"https:\/\/futbolhoy.co\/index.php\/2018\/03\/12\/los-numeros-de-la-seleccion-colombia-con-pekerman\/\"},\"wordCount\":70,\"commentCount\":0,\"publisher\":{\"@id\":\"https:\/\/futbolhoy.co\/#organization\"},\"image\":{\"@id\":\"https:\/\/futbolhoy.co\/index.php\/2018\/03\/12\/los-numeros-de-la-seleccion-colombia-con-pekerman\/#primaryimage\"},\"thumbnailUrl\":\"https:\/\/futbolhoy.co\/wp-content\/uploads\/2017\/05\/colombia-chi_1.jpg\",\"keywords\":[\"Selecci\u00f3n Colombia\"],\"articleSection\":[\"Mundial\",\"Selecci\u00f3n Colombia\"],\"inLanguage\":\"es\",\"potentialAction\":[{\"@type\":\"CommentAction\",\"name\":\"Comment\",\"target\":[\"https:\/\/futbolhoy.co\/index.php\/2018\/03\/12\/los-numeros-de-la-seleccion-colombia-con-pekerman\/#respond\"]}]},{\"@type\":\"WebPage\",\"@id\":\"https:\/\/futbolhoy.co\/index.php\/2018\/03\/12\/los-numeros-de-la-seleccion-colombia-con-pekerman\/\",\"url\":\"https:\/\/futbolhoy.co\/index.php\/2018\/03\/12\/los-numeros-de-la-seleccion-colombia-con-pekerman\/\",\"name\":\"Los n\u00fameros de la Selecci\u00f3n Colombia con P\u00e9kerman -\",\"isPartOf\":{\"@id\":\"https:\/\/futbolhoy.co\/#website\"},\"primaryImageOfPage\":{\"@id\":\"https:\/\/futbolhoy.co\/index.php\/2018\/03\/12\/los-numeros-de-la-seleccion-colombia-con-pekerman\/#primaryimage\"},\"image\":{\"@id\":\"https:\/\/futbolhoy.co\/index.php\/2018\/03\/12\/los-numeros-de-la-seleccion-colombia-con-pekerman\/#primaryimage\"},\"thumbnailUrl\":\"https:\/\/futbolhoy.co\/wp-content\/uploads\/2017\/05\/colombia-chi_1.jpg\",\"datePublished\":\"2018-03-12T17:00:45+00:00\",\"dateModified\":\"2018-03-12T21:09:43+00:00\",\"breadcrumb\":{\"@id\":\"https:\/\/futbolhoy.co\/index.php\/2018\/03\/12\/los-numeros-de-la-seleccion-colombia-con-pekerman\/#breadcrumb\"},\"inLanguage\":\"es\",\"potentialAction\":[{\"@type\":\"ReadAction\",\"target\":[\"https:\/\/futbolhoy.co\/index.php\/2018\/03\/12\/los-numeros-de-la-seleccion-colombia-con-pekerman\/\"]}]},{\"@type\":\"ImageObject\",\"inLanguage\":\"es\",\"@id\":\"https:\/\/futbolhoy.co\/index.php\/2018\/03\/12\/los-numeros-de-la-seleccion-colombia-con-pekerman\/#primaryimage\",\"url\":\"https:\/\/futbolhoy.co\/wp-content\/uploads\/2017\/05\/colombia-chi_1.jpg\",\"contentUrl\":\"https:\/\/futbolhoy.co\/wp-content\/uploads\/2017\/05\/colombia-chi_1.jpg\",\"width\":670,\"height\":380,\"caption\":\"colombia-chi.jpg\"},{\"@type\":\"BreadcrumbList\",\"@id\":\"https:\/\/futbolhoy.co\/index.php\/2018\/03\/12\/los-numeros-de-la-seleccion-colombia-con-pekerman\/#breadcrumb\",\"itemListElement\":[{\"@type\":\"ListItem\",\"position\":1,\"name\":\"Portada\",\"item\":\"https:\/\/futbolhoy.co\/\"},{\"@type\":\"ListItem\",\"position\":2,\"name\":\"Los n\u00fameros de la Selecci\u00f3n Colombia con P\u00e9kerman\"}]},{\"@type\":\"WebSite\",\"@id\":\"https:\/\/futbolhoy.co\/#website\",\"url\":\"https:\/\/futbolhoy.co\/\",\"name\":\"FutbolHoy\",\"description\":\"\",\"publisher\":{\"@id\":\"https:\/\/futbolhoy.co\/#organization\"},\"potentialAction\":[{\"@type\":\"SearchAction\",\"target\":{\"@type\":\"EntryPoint\",\"urlTemplate\":\"https:\/\/futbolhoy.co\/?s={search_term_string}\"},\"query-input\":{\"@type\":\"PropertyValueSpecification\",\"valueRequired\":true,\"valueName\":\"search_term_string\"}}],\"inLanguage\":\"es\"},{\"@type\":\"Organization\",\"@id\":\"https:\/\/futbolhoy.co\/#organization\",\"name\":\"Futbolhoy.co\",\"url\":\"https:\/\/futbolhoy.co\/\",\"logo\":{\"@type\":\"ImageObject\",\"inLanguage\":\"es\",\"@id\":\"https:\/\/futbolhoy.co\/#\/schema\/logo\/image\/\",\"url\":\"https:\/\/futbolhoy.co\/wp-content\/uploads\/2018\/08\/17426380_1906371736249227_6326180412931521141_n.jpg\",\"contentUrl\":\"https:\/\/futbolhoy.co\/wp-content\/uploads\/2018\/08\/17426380_1906371736249227_6326180412931521141_n.jpg\",\"width\":960,\"height\":960,\"caption\":\"Futbolhoy.co\"},\"image\":{\"@id\":\"https:\/\/futbolhoy.co\/#\/schema\/logo\/image\/\"},\"sameAs\":[\"https:\/\/www.facebook.com\/FutbolHoyCol\/\",\"https:\/\/x.com\/FutbolHoyCol\",\"https:\/\/www.instagram.com\/futbolhoycol\/\"]},{\"@type\":\"Person\",\"@id\":\"https:\/\/futbolhoy.co\/#\/schema\/person\/c4a353a512b127643723a34bb1812f7d\",\"name\":\"Laura Hern\u00e1ndez\",\"image\":{\"@type\":\"ImageObject\",\"inLanguage\":\"es\",\"@id\":\"https:\/\/futbolhoy.co\/#\/schema\/person\/image\/\",\"url\":\"https:\/\/secure.gravatar.com\/avatar\/d25959a15b9b293a743f99181c7cfd01?s=96&d=mm&r=g\",\"contentUrl\":\"https:\/\/secure.gravatar.com\/avatar\/d25959a15b9b293a743f99181c7cfd01?s=96&d=mm&r=g\",\"caption\":\"Laura Hern\u00e1ndez\"}}]}<\/script>\n<!-- \/ Yoast SEO plugin. -->","yoast_head_json":{"title":"Los n\u00fameros de la Selecci\u00f3n Colombia con P\u00e9kerman -","robots":{"index":"index","follow":"follow","max-snippet":"max-snippet:-1","max-image-preview":"max-image-preview:large","max-video-preview":"max-video-preview:-1"},"canonical":"https:\/\/futbolhoy.co\/index.php\/2018\/03\/12\/los-numeros-de-la-seleccion-colombia-con-pekerman\/","og_locale":"es_ES","og_type":"article","og_title":"Los n\u00fameros de la Selecci\u00f3n Colombia con P\u00e9kerman -","og_description":"A 100 d\u00edas del debut de la Selecci\u00f3n Colombia en el Mundial de Rusia 2018, Futbolhoy hace un recuento estad\u00edstico del rendimiento del equipo dirigido por Jos\u00e9 N\u00e9stor P\u00e9kerman en diferentes competencias. DATOS 34 Convocatorias 96 jugadores llamados (10 arqueros, 32 defensas,\u00a029 volantes, 25 delanteros) 83 jugaron PJ PG PE PP GF GC % MUNDIAL [&hellip;]","og_url":"https:\/\/futbolhoy.co\/index.php\/2018\/03\/12\/los-numeros-de-la-seleccion-colombia-con-pekerman\/","article_publisher":"https:\/\/www.facebook.com\/FutbolHoyCol\/","article_published_time":"2018-03-12T17:00:45+00:00","article_modified_time":"2018-03-12T21:09:43+00:00","og_image":[{"width":670,"height":380,"url":"https:\/\/futbolhoy.co\/wp-content\/uploads\/2017\/05\/colombia-chi_1.jpg","type":"image\/jpeg"}],"author":"Laura Hern\u00e1ndez","twitter_card":"summary_large_image","twitter_creator":"@FutbolHoyCol","twitter_site":"@FutbolHoyCol","twitter_misc":{"Escrito por":"Laura Hern\u00e1ndez"},"schema":{"@context":"https:\/\/schema.org","@graph":[{"@type":"Article","@id":"https:\/\/futbolhoy.co\/index.php\/2018\/03\/12\/los-numeros-de-la-seleccion-colombia-con-pekerman\/#article","isPartOf":{"@id":"https:\/\/futbolhoy.co\/index.php\/2018\/03\/12\/los-numeros-de-la-seleccion-colombia-con-pekerman\/"},"author":{"name":"Laura Hern\u00e1ndez","@id":"https:\/\/futbolhoy.co\/#\/schema\/person\/c4a353a512b127643723a34bb1812f7d"},"headline":"Los n\u00fameros de la Selecci\u00f3n Colombia con P\u00e9kerman","datePublished":"2018-03-12T17:00:45+00:00","dateModified":"2018-03-12T21:09:43+00:00","mainEntityOfPage":{"@id":"https:\/\/futbolhoy.co\/index.php\/2018\/03\/12\/los-numeros-de-la-seleccion-colombia-con-pekerman\/"},"wordCount":70,"commentCount":0,"publisher":{"@id":"https:\/\/futbolhoy.co\/#organization"},"image":{"@id":"https:\/\/futbolhoy.co\/index.php\/2018\/03\/12\/los-numeros-de-la-seleccion-colombia-con-pekerman\/#primaryimage"},"thumbnailUrl":"https:\/\/futbolhoy.co\/wp-content\/uploads\/2017\/05\/colombia-chi_1.jpg","keywords":["Selecci\u00f3n Colombia"],"articleSection":["Mundial","Selecci\u00f3n Colombia"],"inLanguage":"es","potentialAction":[{"@type":"CommentAction","name":"Comment","target":["https:\/\/futbolhoy.co\/index.php\/2018\/03\/12\/los-numeros-de-la-seleccion-colombia-con-pekerman\/#respond"]}]},{"@type":"WebPage","@id":"https:\/\/futbolhoy.co\/index.php\/2018\/03\/12\/los-numeros-de-la-seleccion-colombia-con-pekerman\/","url":"https:\/\/futbolhoy.co\/index.php\/2018\/03\/12\/los-numeros-de-la-seleccion-colombia-con-pekerman\/","name":"Los n\u00fameros de la Selecci\u00f3n Colombia con P\u00e9kerman -","isPartOf":{"@id":"https:\/\/futbolhoy.co\/#website"},"primaryImageOfPage":{"@id":"https:\/\/futbolhoy.co\/index.php\/2018\/03\/12\/los-numeros-de-la-seleccion-colombia-con-pekerman\/#primaryimage"},"image":{"@id":"https:\/\/futbolhoy.co\/index.php\/2018\/03\/12\/los-numeros-de-la-seleccion-colombia-con-pekerman\/#primaryimage"},"thumbnailUrl":"https:\/\/futbolhoy.co\/wp-content\/uploads\/2017\/05\/colombia-chi_1.jpg","datePublished":"2018-03-12T17:00:45+00:00","dateModified":"2018-03-12T21:09:43+00:00","breadcrumb":{"@id":"https:\/\/futbolhoy.co\/index.php\/2018\/03\/12\/los-numeros-de-la-seleccion-colombia-con-pekerman\/#breadcrumb"},"inLanguage":"es","potentialAction":[{"@type":"ReadAction","target":["https:\/\/futbolhoy.co\/index.php\/2018\/03\/12\/los-numeros-de-la-seleccion-colombia-con-pekerman\/"]}]},{"@type":"ImageObject","inLanguage":"es","@id":"https:\/\/futbolhoy.co\/index.php\/2018\/03\/12\/los-numeros-de-la-seleccion-colombia-con-pekerman\/#primaryimage","url":"https:\/\/futbolhoy.co\/wp-content\/uploads\/2017\/05\/colombia-chi_1.jpg","contentUrl":"https:\/\/futbolhoy.co\/wp-content\/uploads\/2017\/05\/colombia-chi_1.jpg","width":670,"height":380,"caption":"colombia-chi.jpg"},{"@type":"BreadcrumbList","@id":"https:\/\/futbolhoy.co\/index.php\/2018\/03\/12\/los-numeros-de-la-seleccion-colombia-con-pekerman\/#breadcrumb","itemListElement":[{"@type":"ListItem","position":1,"name":"Portada","item":"https:\/\/futbolhoy.co\/"},{"@type":"ListItem","position":2,"name":"Los n\u00fameros de la Selecci\u00f3n Colombia con P\u00e9kerman"}]},{"@type":"WebSite","@id":"https:\/\/futbolhoy.co\/#website","url":"https:\/\/futbolhoy.co\/","name":"FutbolHoy","description":"","publisher":{"@id":"https:\/\/futbolhoy.co\/#organization"},"potentialAction":[{"@type":"SearchAction","target":{"@type":"EntryPoint","urlTemplate":"https:\/\/futbolhoy.co\/?s={search_term_string}"},"query-input":{"@type":"PropertyValueSpecification","valueRequired":true,"valueName":"search_term_string"}}],"inLanguage":"es"},{"@type":"Organization","@id":"https:\/\/futbolhoy.co\/#organization","name":"Futbolhoy.co","url":"https:\/\/futbolhoy.co\/","logo":{"@type":"ImageObject","inLanguage":"es","@id":"https:\/\/futbolhoy.co\/#\/schema\/logo\/image\/","url":"https:\/\/futbolhoy.co\/wp-content\/uploads\/2018\/08\/17426380_1906371736249227_6326180412931521141_n.jpg","contentUrl":"https:\/\/futbolhoy.co\/wp-content\/uploads\/2018\/08\/17426380_1906371736249227_6326180412931521141_n.jpg","width":960,"height":960,"caption":"Futbolhoy.co"},"image":{"@id":"https:\/\/futbolhoy.co\/#\/schema\/logo\/image\/"},"sameAs":["https:\/\/www.facebook.com\/FutbolHoyCol\/","https:\/\/x.com\/FutbolHoyCol","https:\/\/www.instagram.com\/futbolhoycol\/"]},{"@type":"Person","@id":"https:\/\/futbolhoy.co\/#\/schema\/person\/c4a353a512b127643723a34bb1812f7d","name":"Laura Hern\u00e1ndez","image":{"@type":"ImageObject","inLanguage":"es","@id":"https:\/\/futbolhoy.co\/#\/schema\/person\/image\/","url":"https:\/\/secure.gravatar.com\/avatar\/d25959a15b9b293a743f99181c7cfd01?s=96&d=mm&r=g","contentUrl":"https:\/\/secure.gravatar.com\/avatar\/d25959a15b9b293a743f99181c7cfd01?s=96&d=mm&r=g","caption":"Laura Hern\u00e1ndez"}}]}},"publishpress_future_action":{"enabled":false,"date":"2026-05-03 18:31:36","action":"change-status","newStatus":"draft","terms":[],"taxonomy":"category","extraData":[]},"publishpress_future_workflow_manual_trigger":{"enabledWorkflows":[]},"_links":{"self":[{"href":"https:\/\/futbolhoy.co\/index.php\/wp-json\/wp\/v2\/posts\/14479","targetHints":{"allow":["GET"]}}],"collection":[{"href":"https:\/\/futbolhoy.co\/index.php\/wp-json\/wp\/v2\/posts"}],"about":[{"href":"https:\/\/futbolhoy.co\/index.php\/wp-json\/wp\/v2\/types\/post"}],"author":[{"embeddable":true,"href":"https:\/\/futbolhoy.co\/index.php\/wp-json\/wp\/v2\/users\/5"}],"replies":[{"embeddable":true,"href":"https:\/\/futbolhoy.co\/index.php\/wp-json\/wp\/v2\/comments?post=14479"}],"version-history":[{"count":3,"href":"https:\/\/futbolhoy.co\/index.php\/wp-json\/wp\/v2\/posts\/14479\/revisions"}],"predecessor-version":[{"id":14482,"href":"https:\/\/futbolhoy.co\/index.php\/wp-json\/wp\/v2\/posts\/14479\/revisions\/14482"}],"wp:featuredmedia":[{"embeddable":true,"href":"https:\/\/futbolhoy.co\/index.php\/wp-json\/wp\/v2\/media\/3085"}],"wp:attachment":[{"href":"https:\/\/futbolhoy.co\/index.php\/wp-json\/wp\/v2\/media?parent=14479"}],"wp:term":[{"taxonomy":"category","embeddable":true,"href":"https:\/\/futbolhoy.co\/index.php\/wp-json\/wp\/v2\/categories?post=14479"},{"taxonomy":"post_tag","embeddable":true,"href":"https:\/\/futbolhoy.co\/index.php\/wp-json\/wp\/v2\/tags?post=14479"}],"curies":[{"name":"wp","href":"https:\/\/api.w.org\/{rel}","templated":true}]}}