{"id":14635,"date":"2018-03-14T08:15:08","date_gmt":"2018-03-14T13:15:08","guid":{"rendered":"http:\/\/futbolhoy.co\/?p=14635"},"modified":"2018-03-14T08:18:29","modified_gmt":"2018-03-14T13:18:29","slug":"superclasico-para-la-supercopa-en-argentina","status":"publish","type":"post","link":"https:\/\/futbolhoy.co\/index.php\/2018\/03\/14\/superclasico-para-la-supercopa-en-argentina\/","title":{"rendered":"Supercl\u00e1sico para la Supercopa en Argentina"},"content":{"rendered":"<p style=\"text-align: justify;\"><span style=\"font-weight: 400;\">Colombia tendr\u00e1 5 jugadores disponibles para el <\/span><b>Supercl\u00e1sico<\/b><span style=\"font-weight: 400;\"> del f\u00fatbol argentino que definir\u00e1 hoy el t\u00edtulo de la <\/span><b>Supercopa<\/b><span style=\"font-weight: 400;\"> a las 7.10 de la noche (horario colombiano) en Mendoza, con la presencia de <\/span><b>Frank Fabra<\/b><span style=\"font-weight: 400;\">, <\/span><b>Wilmar Barrios<\/b><span style=\"font-weight: 400;\"> y <\/span><b>Edwin Cardona<\/b><span style=\"font-weight: 400;\"> con Boca Juniors; y <\/span><b>Juan Fernando Quintero<\/b><span style=\"font-weight: 400;\"> y <\/span><b>Rafael Santos Borr\u00e9<\/b><span style=\"font-weight: 400;\"> en River Plate.<\/span><\/p>\n<p style=\"text-align: justify;\"><span style=\"font-weight: 400;\">El \u00fanico colombiano que hace parte de la plantilla de los dos equipos y no entr\u00f3 en la convocatoria fue el volante <\/span><b>Sebasti\u00e1n P\u00e9rez<\/b><span style=\"font-weight: 400;\"> en el \u2018xeneize\u2019.<\/span><\/p>\n<p style=\"text-align: justify;\"><span style=\"font-weight: 400;\">Boca, campe\u00f3n de la Liga y actual l\u00edder de la <\/span><b>Superliga<\/b><span style=\"font-weight: 400;\">, tiene una ventaja de 23 puntos sobre su rival, que ocupa la casilla 18 del campeonato.<\/span><\/p>\n<p style=\"text-align: justify;\"><span style=\"font-weight: 400;\">En el historial, Boca y River se han enfrentado en 366 oportunidades entre partidos oficiales, amistosos, profesionales y del amateurismo; con 133 victorias del \u2018azul y oro\u2019, 113 empates y 120 triunfos del equipo \u2018de la banda\u2019.<\/span><\/p>\n<p style=\"text-align: justify;\"><span style=\"font-weight: 400;\">Boca registra 66 t\u00edtulos en su historia, contra 62 de River; mientras que <\/span><b>Reinaldo \u2018Mostaza\u2019 Merlo<\/b><span style=\"font-weight: 400;\">, con 42 partidos, es el jugador que m\u00e1s cl\u00e1sicos ha disputado hasta el momento, todos actuando para \u2018las gallinas\u2019; siendo <\/span><b>Angel Labruna<\/b><span style=\"font-weight: 400;\"> el m\u00e1ximo goleador con 16 anotaciones.<\/span><\/p>\n<p style=\"text-align: justify;\"><span style=\"font-weight: 400;\">El juego se llevar\u00e1 a cabo en el estadio <\/span><b>Malvinas Argentinas de Mendoza<\/b><span style=\"font-weight: 400;\">, con capacidad para 42.000 espectadores y tendr\u00e1 1.500 efectivos de la polic\u00eda para controlar a los aficionados.<\/span><\/p>\n<p style=\"text-align: justify;\"><b>Probables formaciones: <\/b><\/p>\n<p style=\"text-align: justify;\"><b>Boca Juniors:<\/b><span style=\"font-weight: 400;\"> Agust\u00edn Rossi; Leonardo Jara, Paolo Goltz, Lisandro Magall\u00e1n, Frank Fabra; Nahitan N\u00e1ndez, Wilmar Barrios, Pablo P\u00e9rez; Cristian Pav\u00f3n, Carlos Tevez y Edwin Cardona.<\/span><span style=\"font-weight: 400;\"><br \/>\n<\/span><span style=\"font-weight: 400;\"><br \/>\n<\/span><b>River Plate:<\/b><span style=\"font-weight: 400;\"> Franco Armani; Gonzalo Montiel, Jonathan Maidana, Lucas Mart\u00ednez Quarta, Marcelo Saracchi; Leonardo Ponzio, Enzo P\u00e9rez, Juan Fernando Quintero, Gonzalo Mart\u00ednez; Lucas Pratto y Rodrigo Mora.<\/span><span style=\"font-weight: 400;\"><br \/>\n<\/span><span style=\"font-weight: 400;\"><br \/>\n<\/span><b>\u00c1rbitro:<\/b><span style=\"font-weight: 400;\"> Patricio Loustau.<\/span><\/p>\n","protected":false},"excerpt":{"rendered":"<p>Colombia tendr\u00e1 5 jugadores disponibles para el Supercl\u00e1sico del f\u00fatbol argentino que definir\u00e1 hoy el t\u00edtulo de la Supercopa a las 7.10 de la noche (horario colombiano) en Mendoza, con la presencia de Frank Fabra, Wilmar Barrios y Edwin Cardona con Boca Juniors; y Juan Fernando Quintero y Rafael Santos Borr\u00e9 en River Plate. El [&hellip;]<\/p>\n","protected":false},"author":5,"featured_media":14638,"comment_status":"open","ping_status":"open","sticky":false,"template":"","format":"standard","meta":{"_acf_changed":false,"footnotes":""},"categories":[5,152],"tags":[],"class_list":{"0":"post-14635","1":"post","2":"type-post","3":"status-publish","4":"format-standard","5":"has-post-thumbnail","7":"category-destacados","8":"category-mundo-futbol"},"acf":[],"yoast_head":"<!-- This site is optimized with the Yoast SEO plugin v26.8 - https:\/\/yoast.com\/product\/yoast-seo-wordpress\/ -->\n<title>Supercl\u00e1sico para la Supercopa en Argentina -<\/title>\n<meta name=\"robots\" content=\"index, follow, max-snippet:-1, max-image-preview:large, max-video-preview:-1\" \/>\n<link rel=\"canonical\" href=\"https:\/\/futbolhoy.co\/index.php\/2018\/03\/14\/superclasico-para-la-supercopa-en-argentina\/\" \/>\n<meta property=\"og:locale\" content=\"es_ES\" \/>\n<meta property=\"og:type\" content=\"article\" \/>\n<meta property=\"og:title\" content=\"Supercl\u00e1sico para la Supercopa en Argentina -\" \/>\n<meta property=\"og:description\" content=\"Colombia tendr\u00e1 5 jugadores disponibles para el Supercl\u00e1sico del f\u00fatbol argentino que definir\u00e1 hoy el t\u00edtulo de la Supercopa a las 7.10 de la noche (horario colombiano) en Mendoza, con la presencia de Frank Fabra, Wilmar Barrios y Edwin Cardona con Boca Juniors; y Juan Fernando Quintero y Rafael Santos Borr\u00e9 en River Plate. El [&hellip;]\" \/>\n<meta property=\"og:url\" content=\"https:\/\/futbolhoy.co\/index.php\/2018\/03\/14\/superclasico-para-la-supercopa-en-argentina\/\" \/>\n<meta property=\"article:publisher\" content=\"https:\/\/www.facebook.com\/FutbolHoyCol\/\" \/>\n<meta property=\"article:published_time\" content=\"2018-03-14T13:15:08+00:00\" \/>\n<meta property=\"article:modified_time\" content=\"2018-03-14T13:18:29+00:00\" \/>\n<meta property=\"og:image\" content=\"https:\/\/futbolhoy.co\/wp-content\/uploads\/2018\/03\/IMG_20180314_081752.jpg\" \/>\n\t<meta property=\"og:image:width\" content=\"2862\" \/>\n\t<meta property=\"og:image:height\" content=\"1866\" \/>\n\t<meta property=\"og:image:type\" content=\"image\/jpeg\" \/>\n<meta name=\"author\" content=\"Laura Hern\u00e1ndez\" \/>\n<meta name=\"twitter:card\" content=\"summary_large_image\" \/>\n<meta name=\"twitter:creator\" content=\"@FutbolHoyCol\" \/>\n<meta name=\"twitter:site\" content=\"@FutbolHoyCol\" \/>\n<meta name=\"twitter:label1\" content=\"Escrito por\" \/>\n\t<meta name=\"twitter:data1\" content=\"Laura Hern\u00e1ndez\" \/>\n\t<meta name=\"twitter:label2\" content=\"Tiempo de lectura\" \/>\n\t<meta name=\"twitter:data2\" content=\"1 minuto\" \/>\n<script type=\"application\/ld+json\" class=\"yoast-schema-graph\">{\"@context\":\"https:\/\/schema.org\",\"@graph\":[{\"@type\":\"Article\",\"@id\":\"https:\/\/futbolhoy.co\/index.php\/2018\/03\/14\/superclasico-para-la-supercopa-en-argentina\/#article\",\"isPartOf\":{\"@id\":\"https:\/\/futbolhoy.co\/index.php\/2018\/03\/14\/superclasico-para-la-supercopa-en-argentina\/\"},\"author\":{\"name\":\"Laura Hern\u00e1ndez\",\"@id\":\"https:\/\/futbolhoy.co\/#\/schema\/person\/c4a353a512b127643723a34bb1812f7d\"},\"headline\":\"Supercl\u00e1sico para la Supercopa en Argentina\",\"datePublished\":\"2018-03-14T13:15:08+00:00\",\"dateModified\":\"2018-03-14T13:18:29+00:00\",\"mainEntityOfPage\":{\"@id\":\"https:\/\/futbolhoy.co\/index.php\/2018\/03\/14\/superclasico-para-la-supercopa-en-argentina\/\"},\"wordCount\":289,\"commentCount\":0,\"publisher\":{\"@id\":\"https:\/\/futbolhoy.co\/#organization\"},\"image\":{\"@id\":\"https:\/\/futbolhoy.co\/index.php\/2018\/03\/14\/superclasico-para-la-supercopa-en-argentina\/#primaryimage\"},\"thumbnailUrl\":\"https:\/\/futbolhoy.co\/wp-content\/uploads\/2018\/03\/IMG_20180314_081752.jpg\",\"articleSection\":[\"Destacados\",\"Mundo Futbol\"],\"inLanguage\":\"es\",\"potentialAction\":[{\"@type\":\"CommentAction\",\"name\":\"Comment\",\"target\":[\"https:\/\/futbolhoy.co\/index.php\/2018\/03\/14\/superclasico-para-la-supercopa-en-argentina\/#respond\"]}]},{\"@type\":\"WebPage\",\"@id\":\"https:\/\/futbolhoy.co\/index.php\/2018\/03\/14\/superclasico-para-la-supercopa-en-argentina\/\",\"url\":\"https:\/\/futbolhoy.co\/index.php\/2018\/03\/14\/superclasico-para-la-supercopa-en-argentina\/\",\"name\":\"Supercl\u00e1sico para la Supercopa en Argentina -\",\"isPartOf\":{\"@id\":\"https:\/\/futbolhoy.co\/#website\"},\"primaryImageOfPage\":{\"@id\":\"https:\/\/futbolhoy.co\/index.php\/2018\/03\/14\/superclasico-para-la-supercopa-en-argentina\/#primaryimage\"},\"image\":{\"@id\":\"https:\/\/futbolhoy.co\/index.php\/2018\/03\/14\/superclasico-para-la-supercopa-en-argentina\/#primaryimage\"},\"thumbnailUrl\":\"https:\/\/futbolhoy.co\/wp-content\/uploads\/2018\/03\/IMG_20180314_081752.jpg\",\"datePublished\":\"2018-03-14T13:15:08+00:00\",\"dateModified\":\"2018-03-14T13:18:29+00:00\",\"breadcrumb\":{\"@id\":\"https:\/\/futbolhoy.co\/index.php\/2018\/03\/14\/superclasico-para-la-supercopa-en-argentina\/#breadcrumb\"},\"inLanguage\":\"es\",\"potentialAction\":[{\"@type\":\"ReadAction\",\"target\":[\"https:\/\/futbolhoy.co\/index.php\/2018\/03\/14\/superclasico-para-la-supercopa-en-argentina\/\"]}]},{\"@type\":\"ImageObject\",\"inLanguage\":\"es\",\"@id\":\"https:\/\/futbolhoy.co\/index.php\/2018\/03\/14\/superclasico-para-la-supercopa-en-argentina\/#primaryimage\",\"url\":\"https:\/\/futbolhoy.co\/wp-content\/uploads\/2018\/03\/IMG_20180314_081752.jpg\",\"contentUrl\":\"https:\/\/futbolhoy.co\/wp-content\/uploads\/2018\/03\/IMG_20180314_081752.jpg\",\"width\":2862,\"height\":1866},{\"@type\":\"BreadcrumbList\",\"@id\":\"https:\/\/futbolhoy.co\/index.php\/2018\/03\/14\/superclasico-para-la-supercopa-en-argentina\/#breadcrumb\",\"itemListElement\":[{\"@type\":\"ListItem\",\"position\":1,\"name\":\"Portada\",\"item\":\"https:\/\/futbolhoy.co\/\"},{\"@type\":\"ListItem\",\"position\":2,\"name\":\"Supercl\u00e1sico para la Supercopa en Argentina\"}]},{\"@type\":\"WebSite\",\"@id\":\"https:\/\/futbolhoy.co\/#website\",\"url\":\"https:\/\/futbolhoy.co\/\",\"name\":\"FutbolHoy\",\"description\":\"\",\"publisher\":{\"@id\":\"https:\/\/futbolhoy.co\/#organization\"},\"potentialAction\":[{\"@type\":\"SearchAction\",\"target\":{\"@type\":\"EntryPoint\",\"urlTemplate\":\"https:\/\/futbolhoy.co\/?s={search_term_string}\"},\"query-input\":{\"@type\":\"PropertyValueSpecification\",\"valueRequired\":true,\"valueName\":\"search_term_string\"}}],\"inLanguage\":\"es\"},{\"@type\":\"Organization\",\"@id\":\"https:\/\/futbolhoy.co\/#organization\",\"name\":\"Futbolhoy.co\",\"url\":\"https:\/\/futbolhoy.co\/\",\"logo\":{\"@type\":\"ImageObject\",\"inLanguage\":\"es\",\"@id\":\"https:\/\/futbolhoy.co\/#\/schema\/logo\/image\/\",\"url\":\"https:\/\/futbolhoy.co\/wp-content\/uploads\/2018\/08\/17426380_1906371736249227_6326180412931521141_n.jpg\",\"contentUrl\":\"https:\/\/futbolhoy.co\/wp-content\/uploads\/2018\/08\/17426380_1906371736249227_6326180412931521141_n.jpg\",\"width\":960,\"height\":960,\"caption\":\"Futbolhoy.co\"},\"image\":{\"@id\":\"https:\/\/futbolhoy.co\/#\/schema\/logo\/image\/\"},\"sameAs\":[\"https:\/\/www.facebook.com\/FutbolHoyCol\/\",\"https:\/\/x.com\/FutbolHoyCol\",\"https:\/\/www.instagram.com\/futbolhoycol\/\"]},{\"@type\":\"Person\",\"@id\":\"https:\/\/futbolhoy.co\/#\/schema\/person\/c4a353a512b127643723a34bb1812f7d\",\"name\":\"Laura Hern\u00e1ndez\",\"image\":{\"@type\":\"ImageObject\",\"inLanguage\":\"es\",\"@id\":\"https:\/\/futbolhoy.co\/#\/schema\/person\/image\/\",\"url\":\"https:\/\/secure.gravatar.com\/avatar\/d25959a15b9b293a743f99181c7cfd01?s=96&d=mm&r=g\",\"contentUrl\":\"https:\/\/secure.gravatar.com\/avatar\/d25959a15b9b293a743f99181c7cfd01?s=96&d=mm&r=g\",\"caption\":\"Laura Hern\u00e1ndez\"}}]}<\/script>\n<!-- \/ Yoast SEO plugin. -->","yoast_head_json":{"title":"Supercl\u00e1sico para la Supercopa en Argentina -","robots":{"index":"index","follow":"follow","max-snippet":"max-snippet:-1","max-image-preview":"max-image-preview:large","max-video-preview":"max-video-preview:-1"},"canonical":"https:\/\/futbolhoy.co\/index.php\/2018\/03\/14\/superclasico-para-la-supercopa-en-argentina\/","og_locale":"es_ES","og_type":"article","og_title":"Supercl\u00e1sico para la Supercopa en Argentina -","og_description":"Colombia tendr\u00e1 5 jugadores disponibles para el Supercl\u00e1sico del f\u00fatbol argentino que definir\u00e1 hoy el t\u00edtulo de la Supercopa a las 7.10 de la noche (horario colombiano) en Mendoza, con la presencia de Frank Fabra, Wilmar Barrios y Edwin Cardona con Boca Juniors; y Juan Fernando Quintero y Rafael Santos Borr\u00e9 en River Plate. El [&hellip;]","og_url":"https:\/\/futbolhoy.co\/index.php\/2018\/03\/14\/superclasico-para-la-supercopa-en-argentina\/","article_publisher":"https:\/\/www.facebook.com\/FutbolHoyCol\/","article_published_time":"2018-03-14T13:15:08+00:00","article_modified_time":"2018-03-14T13:18:29+00:00","og_image":[{"width":2862,"height":1866,"url":"https:\/\/futbolhoy.co\/wp-content\/uploads\/2018\/03\/IMG_20180314_081752.jpg","type":"image\/jpeg"}],"author":"Laura Hern\u00e1ndez","twitter_card":"summary_large_image","twitter_creator":"@FutbolHoyCol","twitter_site":"@FutbolHoyCol","twitter_misc":{"Escrito por":"Laura Hern\u00e1ndez","Tiempo de lectura":"1 minuto"},"schema":{"@context":"https:\/\/schema.org","@graph":[{"@type":"Article","@id":"https:\/\/futbolhoy.co\/index.php\/2018\/03\/14\/superclasico-para-la-supercopa-en-argentina\/#article","isPartOf":{"@id":"https:\/\/futbolhoy.co\/index.php\/2018\/03\/14\/superclasico-para-la-supercopa-en-argentina\/"},"author":{"name":"Laura Hern\u00e1ndez","@id":"https:\/\/futbolhoy.co\/#\/schema\/person\/c4a353a512b127643723a34bb1812f7d"},"headline":"Supercl\u00e1sico para la Supercopa en Argentina","datePublished":"2018-03-14T13:15:08+00:00","dateModified":"2018-03-14T13:18:29+00:00","mainEntityOfPage":{"@id":"https:\/\/futbolhoy.co\/index.php\/2018\/03\/14\/superclasico-para-la-supercopa-en-argentina\/"},"wordCount":289,"commentCount":0,"publisher":{"@id":"https:\/\/futbolhoy.co\/#organization"},"image":{"@id":"https:\/\/futbolhoy.co\/index.php\/2018\/03\/14\/superclasico-para-la-supercopa-en-argentina\/#primaryimage"},"thumbnailUrl":"https:\/\/futbolhoy.co\/wp-content\/uploads\/2018\/03\/IMG_20180314_081752.jpg","articleSection":["Destacados","Mundo Futbol"],"inLanguage":"es","potentialAction":[{"@type":"CommentAction","name":"Comment","target":["https:\/\/futbolhoy.co\/index.php\/2018\/03\/14\/superclasico-para-la-supercopa-en-argentina\/#respond"]}]},{"@type":"WebPage","@id":"https:\/\/futbolhoy.co\/index.php\/2018\/03\/14\/superclasico-para-la-supercopa-en-argentina\/","url":"https:\/\/futbolhoy.co\/index.php\/2018\/03\/14\/superclasico-para-la-supercopa-en-argentina\/","name":"Supercl\u00e1sico para la Supercopa en Argentina -","isPartOf":{"@id":"https:\/\/futbolhoy.co\/#website"},"primaryImageOfPage":{"@id":"https:\/\/futbolhoy.co\/index.php\/2018\/03\/14\/superclasico-para-la-supercopa-en-argentina\/#primaryimage"},"image":{"@id":"https:\/\/futbolhoy.co\/index.php\/2018\/03\/14\/superclasico-para-la-supercopa-en-argentina\/#primaryimage"},"thumbnailUrl":"https:\/\/futbolhoy.co\/wp-content\/uploads\/2018\/03\/IMG_20180314_081752.jpg","datePublished":"2018-03-14T13:15:08+00:00","dateModified":"2018-03-14T13:18:29+00:00","breadcrumb":{"@id":"https:\/\/futbolhoy.co\/index.php\/2018\/03\/14\/superclasico-para-la-supercopa-en-argentina\/#breadcrumb"},"inLanguage":"es","potentialAction":[{"@type":"ReadAction","target":["https:\/\/futbolhoy.co\/index.php\/2018\/03\/14\/superclasico-para-la-supercopa-en-argentina\/"]}]},{"@type":"ImageObject","inLanguage":"es","@id":"https:\/\/futbolhoy.co\/index.php\/2018\/03\/14\/superclasico-para-la-supercopa-en-argentina\/#primaryimage","url":"https:\/\/futbolhoy.co\/wp-content\/uploads\/2018\/03\/IMG_20180314_081752.jpg","contentUrl":"https:\/\/futbolhoy.co\/wp-content\/uploads\/2018\/03\/IMG_20180314_081752.jpg","width":2862,"height":1866},{"@type":"BreadcrumbList","@id":"https:\/\/futbolhoy.co\/index.php\/2018\/03\/14\/superclasico-para-la-supercopa-en-argentina\/#breadcrumb","itemListElement":[{"@type":"ListItem","position":1,"name":"Portada","item":"https:\/\/futbolhoy.co\/"},{"@type":"ListItem","position":2,"name":"Supercl\u00e1sico para la Supercopa en Argentina"}]},{"@type":"WebSite","@id":"https:\/\/futbolhoy.co\/#website","url":"https:\/\/futbolhoy.co\/","name":"FutbolHoy","description":"","publisher":{"@id":"https:\/\/futbolhoy.co\/#organization"},"potentialAction":[{"@type":"SearchAction","target":{"@type":"EntryPoint","urlTemplate":"https:\/\/futbolhoy.co\/?s={search_term_string}"},"query-input":{"@type":"PropertyValueSpecification","valueRequired":true,"valueName":"search_term_string"}}],"inLanguage":"es"},{"@type":"Organization","@id":"https:\/\/futbolhoy.co\/#organization","name":"Futbolhoy.co","url":"https:\/\/futbolhoy.co\/","logo":{"@type":"ImageObject","inLanguage":"es","@id":"https:\/\/futbolhoy.co\/#\/schema\/logo\/image\/","url":"https:\/\/futbolhoy.co\/wp-content\/uploads\/2018\/08\/17426380_1906371736249227_6326180412931521141_n.jpg","contentUrl":"https:\/\/futbolhoy.co\/wp-content\/uploads\/2018\/08\/17426380_1906371736249227_6326180412931521141_n.jpg","width":960,"height":960,"caption":"Futbolhoy.co"},"image":{"@id":"https:\/\/futbolhoy.co\/#\/schema\/logo\/image\/"},"sameAs":["https:\/\/www.facebook.com\/FutbolHoyCol\/","https:\/\/x.com\/FutbolHoyCol","https:\/\/www.instagram.com\/futbolhoycol\/"]},{"@type":"Person","@id":"https:\/\/futbolhoy.co\/#\/schema\/person\/c4a353a512b127643723a34bb1812f7d","name":"Laura Hern\u00e1ndez","image":{"@type":"ImageObject","inLanguage":"es","@id":"https:\/\/futbolhoy.co\/#\/schema\/person\/image\/","url":"https:\/\/secure.gravatar.com\/avatar\/d25959a15b9b293a743f99181c7cfd01?s=96&d=mm&r=g","contentUrl":"https:\/\/secure.gravatar.com\/avatar\/d25959a15b9b293a743f99181c7cfd01?s=96&d=mm&r=g","caption":"Laura Hern\u00e1ndez"}}]}},"publishpress_future_action":{"enabled":false,"date":"2026-05-03 04:25:09","action":"change-status","newStatus":"draft","terms":[],"taxonomy":"category","extraData":[]},"publishpress_future_workflow_manual_trigger":{"enabledWorkflows":[]},"_links":{"self":[{"href":"https:\/\/futbolhoy.co\/index.php\/wp-json\/wp\/v2\/posts\/14635","targetHints":{"allow":["GET"]}}],"collection":[{"href":"https:\/\/futbolhoy.co\/index.php\/wp-json\/wp\/v2\/posts"}],"about":[{"href":"https:\/\/futbolhoy.co\/index.php\/wp-json\/wp\/v2\/types\/post"}],"author":[{"embeddable":true,"href":"https:\/\/futbolhoy.co\/index.php\/wp-json\/wp\/v2\/users\/5"}],"replies":[{"embeddable":true,"href":"https:\/\/futbolhoy.co\/index.php\/wp-json\/wp\/v2\/comments?post=14635"}],"version-history":[{"count":1,"href":"https:\/\/futbolhoy.co\/index.php\/wp-json\/wp\/v2\/posts\/14635\/revisions"}],"predecessor-version":[{"id":14637,"href":"https:\/\/futbolhoy.co\/index.php\/wp-json\/wp\/v2\/posts\/14635\/revisions\/14637"}],"wp:featuredmedia":[{"embeddable":true,"href":"https:\/\/futbolhoy.co\/index.php\/wp-json\/wp\/v2\/media\/14638"}],"wp:attachment":[{"href":"https:\/\/futbolhoy.co\/index.php\/wp-json\/wp\/v2\/media?parent=14635"}],"wp:term":[{"taxonomy":"category","embeddable":true,"href":"https:\/\/futbolhoy.co\/index.php\/wp-json\/wp\/v2\/categories?post=14635"},{"taxonomy":"post_tag","embeddable":true,"href":"https:\/\/futbolhoy.co\/index.php\/wp-json\/wp\/v2\/tags?post=14635"}],"curies":[{"name":"wp","href":"https:\/\/api.w.org\/{rel}","templated":true}]}}