{"id":14956,"date":"2018-03-21T17:18:27","date_gmt":"2018-03-21T22:18:27","guid":{"rendered":"http:\/\/futbolhoy.co\/?p=14956"},"modified":"2018-03-21T17:28:07","modified_gmt":"2018-03-21T22:28:07","slug":"colombia-practico-con-el-grupo-completo","status":"publish","type":"post","link":"https:\/\/futbolhoy.co\/index.php\/2018\/03\/21\/colombia-practico-con-el-grupo-completo\/","title":{"rendered":"Colombia practic\u00f3 con el grupo completo"},"content":{"rendered":"<p style=\"text-align: justify;\">El volante del <strong>Espanyol <\/strong>de <strong>Barcelona<\/strong>, <strong>Carlos S\u00e1nchez<\/strong>, se recuper\u00f3 de un problema muscular y entren\u00f3 con normalidad con el resto de sus compa\u00f1eros en la tercera pr\u00e1ctica de <strong>Colombia<\/strong> en Chantilly, por lo que podr\u00e1 ser tenido en cuenta para el partido del viernes contra <strong>Francia<\/strong>.<\/p>\n<p style=\"text-align: justify;\">Al grupo, adem\u00e1s, se sumaron <strong>Yimmi Char\u00e1<\/strong> y <strong>Wilmar Barrios<\/strong>, quienes se unieron al equipo muy tarde en la jornada del lunes.<\/p>\n<p style=\"text-align: justify;\">El goleador <strong>Falcao Garc\u00eda<\/strong> advirti\u00f3 que <strong>Francia<\/strong> tiene jugadores de alt\u00edsimo nivel, muy r\u00e1pidos, fuertes y con gran capacidad t\u00e9cnica.<\/p>\n<p style=\"text-align: justify;\">Sobre Colombia indic\u00f3 que el grupo es maduro y se adapta a cualquier esquema que el t\u00e9cnico <strong>Jos\u00e9 P\u00e9kerman<\/strong> quiera implementar y que cualquiera de los 26 convocados para los partidos contra Francia y <strong>Australia<\/strong> est\u00e1 en condiciones de tener un lugar en la lista definitiva del <strong>Mundial de Rusia<\/strong>.<\/p>\n","protected":false},"excerpt":{"rendered":"<p>El volante del Espanyol de Barcelona, Carlos S\u00e1nchez, se recuper\u00f3 de un problema muscular y entren\u00f3 con normalidad con el resto de sus compa\u00f1eros en la tercera pr\u00e1ctica de Colombia en Chantilly, por lo que podr\u00e1 ser tenido en cuenta para el partido del viernes contra Francia. Al grupo, adem\u00e1s, se sumaron Yimmi Char\u00e1 y [&hellip;]<\/p>\n","protected":false},"author":5,"featured_media":14961,"comment_status":"open","ping_status":"open","sticky":false,"template":"","format":"standard","meta":{"_acf_changed":false,"footnotes":""},"categories":[5,153],"tags":[616,127],"class_list":{"0":"post-14956","1":"post","2":"type-post","3":"status-publish","4":"format-standard","5":"has-post-thumbnail","7":"category-destacados","8":"category-selecion-colombia","9":"tag-falcao","10":"tag-seleccion-colombia"},"acf":[],"yoast_head":"<!-- This site is optimized with the Yoast SEO plugin v26.8 - https:\/\/yoast.com\/product\/yoast-seo-wordpress\/ -->\n<title>Colombia practic\u00f3 con el grupo completo -<\/title>\n<meta name=\"robots\" content=\"index, follow, max-snippet:-1, max-image-preview:large, max-video-preview:-1\" \/>\n<link rel=\"canonical\" href=\"https:\/\/futbolhoy.co\/index.php\/2018\/03\/21\/colombia-practico-con-el-grupo-completo\/\" \/>\n<meta property=\"og:locale\" content=\"es_ES\" \/>\n<meta property=\"og:type\" content=\"article\" \/>\n<meta property=\"og:title\" content=\"Colombia practic\u00f3 con el grupo completo -\" \/>\n<meta property=\"og:description\" content=\"El volante del Espanyol de Barcelona, Carlos S\u00e1nchez, se recuper\u00f3 de un problema muscular y entren\u00f3 con normalidad con el resto de sus compa\u00f1eros en la tercera pr\u00e1ctica de Colombia en Chantilly, por lo que podr\u00e1 ser tenido en cuenta para el partido del viernes contra Francia. Al grupo, adem\u00e1s, se sumaron Yimmi Char\u00e1 y [&hellip;]\" \/>\n<meta property=\"og:url\" content=\"https:\/\/futbolhoy.co\/index.php\/2018\/03\/21\/colombia-practico-con-el-grupo-completo\/\" \/>\n<meta property=\"article:publisher\" content=\"https:\/\/www.facebook.com\/FutbolHoyCol\/\" \/>\n<meta property=\"article:published_time\" content=\"2018-03-21T22:18:27+00:00\" \/>\n<meta property=\"article:modified_time\" content=\"2018-03-21T22:28:07+00:00\" \/>\n<meta property=\"og:image\" content=\"https:\/\/futbolhoy.co\/wp-content\/uploads\/2018\/03\/Martes_afuera.jpg\" \/>\n\t<meta property=\"og:image:width\" content=\"890\" \/>\n\t<meta property=\"og:image:height\" content=\"534\" \/>\n\t<meta property=\"og:image:type\" content=\"image\/jpeg\" \/>\n<meta name=\"author\" content=\"Laura Hern\u00e1ndez\" \/>\n<meta name=\"twitter:card\" content=\"summary_large_image\" \/>\n<meta name=\"twitter:creator\" content=\"@FutbolHoyCol\" \/>\n<meta name=\"twitter:site\" content=\"@FutbolHoyCol\" \/>\n<meta name=\"twitter:label1\" content=\"Escrito por\" \/>\n\t<meta name=\"twitter:data1\" content=\"Laura Hern\u00e1ndez\" \/>\n\t<meta name=\"twitter:label2\" content=\"Tiempo de lectura\" \/>\n\t<meta name=\"twitter:data2\" content=\"1 minuto\" \/>\n<script type=\"application\/ld+json\" class=\"yoast-schema-graph\">{\"@context\":\"https:\/\/schema.org\",\"@graph\":[{\"@type\":\"Article\",\"@id\":\"https:\/\/futbolhoy.co\/index.php\/2018\/03\/21\/colombia-practico-con-el-grupo-completo\/#article\",\"isPartOf\":{\"@id\":\"https:\/\/futbolhoy.co\/index.php\/2018\/03\/21\/colombia-practico-con-el-grupo-completo\/\"},\"author\":{\"name\":\"Laura Hern\u00e1ndez\",\"@id\":\"https:\/\/futbolhoy.co\/#\/schema\/person\/c4a353a512b127643723a34bb1812f7d\"},\"headline\":\"Colombia practic\u00f3 con el grupo completo\",\"datePublished\":\"2018-03-21T22:18:27+00:00\",\"dateModified\":\"2018-03-21T22:28:07+00:00\",\"mainEntityOfPage\":{\"@id\":\"https:\/\/futbolhoy.co\/index.php\/2018\/03\/21\/colombia-practico-con-el-grupo-completo\/\"},\"wordCount\":154,\"commentCount\":0,\"publisher\":{\"@id\":\"https:\/\/futbolhoy.co\/#organization\"},\"image\":{\"@id\":\"https:\/\/futbolhoy.co\/index.php\/2018\/03\/21\/colombia-practico-con-el-grupo-completo\/#primaryimage\"},\"thumbnailUrl\":\"https:\/\/futbolhoy.co\/wp-content\/uploads\/2018\/03\/Martes_afuera.jpg\",\"keywords\":[\"Falcao\",\"Selecci\u00f3n Colombia\"],\"articleSection\":[\"Destacados\",\"Selecci\u00f3n Colombia\"],\"inLanguage\":\"es\",\"potentialAction\":[{\"@type\":\"CommentAction\",\"name\":\"Comment\",\"target\":[\"https:\/\/futbolhoy.co\/index.php\/2018\/03\/21\/colombia-practico-con-el-grupo-completo\/#respond\"]}]},{\"@type\":\"WebPage\",\"@id\":\"https:\/\/futbolhoy.co\/index.php\/2018\/03\/21\/colombia-practico-con-el-grupo-completo\/\",\"url\":\"https:\/\/futbolhoy.co\/index.php\/2018\/03\/21\/colombia-practico-con-el-grupo-completo\/\",\"name\":\"Colombia practic\u00f3 con el grupo completo -\",\"isPartOf\":{\"@id\":\"https:\/\/futbolhoy.co\/#website\"},\"primaryImageOfPage\":{\"@id\":\"https:\/\/futbolhoy.co\/index.php\/2018\/03\/21\/colombia-practico-con-el-grupo-completo\/#primaryimage\"},\"image\":{\"@id\":\"https:\/\/futbolhoy.co\/index.php\/2018\/03\/21\/colombia-practico-con-el-grupo-completo\/#primaryimage\"},\"thumbnailUrl\":\"https:\/\/futbolhoy.co\/wp-content\/uploads\/2018\/03\/Martes_afuera.jpg\",\"datePublished\":\"2018-03-21T22:18:27+00:00\",\"dateModified\":\"2018-03-21T22:28:07+00:00\",\"breadcrumb\":{\"@id\":\"https:\/\/futbolhoy.co\/index.php\/2018\/03\/21\/colombia-practico-con-el-grupo-completo\/#breadcrumb\"},\"inLanguage\":\"es\",\"potentialAction\":[{\"@type\":\"ReadAction\",\"target\":[\"https:\/\/futbolhoy.co\/index.php\/2018\/03\/21\/colombia-practico-con-el-grupo-completo\/\"]}]},{\"@type\":\"ImageObject\",\"inLanguage\":\"es\",\"@id\":\"https:\/\/futbolhoy.co\/index.php\/2018\/03\/21\/colombia-practico-con-el-grupo-completo\/#primaryimage\",\"url\":\"https:\/\/futbolhoy.co\/wp-content\/uploads\/2018\/03\/Martes_afuera.jpg\",\"contentUrl\":\"https:\/\/futbolhoy.co\/wp-content\/uploads\/2018\/03\/Martes_afuera.jpg\",\"width\":890,\"height\":534,\"caption\":\"fcf.com.co\"},{\"@type\":\"BreadcrumbList\",\"@id\":\"https:\/\/futbolhoy.co\/index.php\/2018\/03\/21\/colombia-practico-con-el-grupo-completo\/#breadcrumb\",\"itemListElement\":[{\"@type\":\"ListItem\",\"position\":1,\"name\":\"Portada\",\"item\":\"https:\/\/futbolhoy.co\/\"},{\"@type\":\"ListItem\",\"position\":2,\"name\":\"Colombia practic\u00f3 con el grupo completo\"}]},{\"@type\":\"WebSite\",\"@id\":\"https:\/\/futbolhoy.co\/#website\",\"url\":\"https:\/\/futbolhoy.co\/\",\"name\":\"FutbolHoy\",\"description\":\"\",\"publisher\":{\"@id\":\"https:\/\/futbolhoy.co\/#organization\"},\"potentialAction\":[{\"@type\":\"SearchAction\",\"target\":{\"@type\":\"EntryPoint\",\"urlTemplate\":\"https:\/\/futbolhoy.co\/?s={search_term_string}\"},\"query-input\":{\"@type\":\"PropertyValueSpecification\",\"valueRequired\":true,\"valueName\":\"search_term_string\"}}],\"inLanguage\":\"es\"},{\"@type\":\"Organization\",\"@id\":\"https:\/\/futbolhoy.co\/#organization\",\"name\":\"Futbolhoy.co\",\"url\":\"https:\/\/futbolhoy.co\/\",\"logo\":{\"@type\":\"ImageObject\",\"inLanguage\":\"es\",\"@id\":\"https:\/\/futbolhoy.co\/#\/schema\/logo\/image\/\",\"url\":\"https:\/\/futbolhoy.co\/wp-content\/uploads\/2018\/08\/17426380_1906371736249227_6326180412931521141_n.jpg\",\"contentUrl\":\"https:\/\/futbolhoy.co\/wp-content\/uploads\/2018\/08\/17426380_1906371736249227_6326180412931521141_n.jpg\",\"width\":960,\"height\":960,\"caption\":\"Futbolhoy.co\"},\"image\":{\"@id\":\"https:\/\/futbolhoy.co\/#\/schema\/logo\/image\/\"},\"sameAs\":[\"https:\/\/www.facebook.com\/FutbolHoyCol\/\",\"https:\/\/x.com\/FutbolHoyCol\",\"https:\/\/www.instagram.com\/futbolhoycol\/\"]},{\"@type\":\"Person\",\"@id\":\"https:\/\/futbolhoy.co\/#\/schema\/person\/c4a353a512b127643723a34bb1812f7d\",\"name\":\"Laura Hern\u00e1ndez\",\"image\":{\"@type\":\"ImageObject\",\"inLanguage\":\"es\",\"@id\":\"https:\/\/futbolhoy.co\/#\/schema\/person\/image\/\",\"url\":\"https:\/\/secure.gravatar.com\/avatar\/d25959a15b9b293a743f99181c7cfd01?s=96&d=mm&r=g\",\"contentUrl\":\"https:\/\/secure.gravatar.com\/avatar\/d25959a15b9b293a743f99181c7cfd01?s=96&d=mm&r=g\",\"caption\":\"Laura Hern\u00e1ndez\"}}]}<\/script>\n<!-- \/ Yoast SEO plugin. -->","yoast_head_json":{"title":"Colombia practic\u00f3 con el grupo completo -","robots":{"index":"index","follow":"follow","max-snippet":"max-snippet:-1","max-image-preview":"max-image-preview:large","max-video-preview":"max-video-preview:-1"},"canonical":"https:\/\/futbolhoy.co\/index.php\/2018\/03\/21\/colombia-practico-con-el-grupo-completo\/","og_locale":"es_ES","og_type":"article","og_title":"Colombia practic\u00f3 con el grupo completo -","og_description":"El volante del Espanyol de Barcelona, Carlos S\u00e1nchez, se recuper\u00f3 de un problema muscular y entren\u00f3 con normalidad con el resto de sus compa\u00f1eros en la tercera pr\u00e1ctica de Colombia en Chantilly, por lo que podr\u00e1 ser tenido en cuenta para el partido del viernes contra Francia. Al grupo, adem\u00e1s, se sumaron Yimmi Char\u00e1 y [&hellip;]","og_url":"https:\/\/futbolhoy.co\/index.php\/2018\/03\/21\/colombia-practico-con-el-grupo-completo\/","article_publisher":"https:\/\/www.facebook.com\/FutbolHoyCol\/","article_published_time":"2018-03-21T22:18:27+00:00","article_modified_time":"2018-03-21T22:28:07+00:00","og_image":[{"width":890,"height":534,"url":"https:\/\/futbolhoy.co\/wp-content\/uploads\/2018\/03\/Martes_afuera.jpg","type":"image\/jpeg"}],"author":"Laura Hern\u00e1ndez","twitter_card":"summary_large_image","twitter_creator":"@FutbolHoyCol","twitter_site":"@FutbolHoyCol","twitter_misc":{"Escrito por":"Laura Hern\u00e1ndez","Tiempo de lectura":"1 minuto"},"schema":{"@context":"https:\/\/schema.org","@graph":[{"@type":"Article","@id":"https:\/\/futbolhoy.co\/index.php\/2018\/03\/21\/colombia-practico-con-el-grupo-completo\/#article","isPartOf":{"@id":"https:\/\/futbolhoy.co\/index.php\/2018\/03\/21\/colombia-practico-con-el-grupo-completo\/"},"author":{"name":"Laura Hern\u00e1ndez","@id":"https:\/\/futbolhoy.co\/#\/schema\/person\/c4a353a512b127643723a34bb1812f7d"},"headline":"Colombia practic\u00f3 con el grupo completo","datePublished":"2018-03-21T22:18:27+00:00","dateModified":"2018-03-21T22:28:07+00:00","mainEntityOfPage":{"@id":"https:\/\/futbolhoy.co\/index.php\/2018\/03\/21\/colombia-practico-con-el-grupo-completo\/"},"wordCount":154,"commentCount":0,"publisher":{"@id":"https:\/\/futbolhoy.co\/#organization"},"image":{"@id":"https:\/\/futbolhoy.co\/index.php\/2018\/03\/21\/colombia-practico-con-el-grupo-completo\/#primaryimage"},"thumbnailUrl":"https:\/\/futbolhoy.co\/wp-content\/uploads\/2018\/03\/Martes_afuera.jpg","keywords":["Falcao","Selecci\u00f3n Colombia"],"articleSection":["Destacados","Selecci\u00f3n Colombia"],"inLanguage":"es","potentialAction":[{"@type":"CommentAction","name":"Comment","target":["https:\/\/futbolhoy.co\/index.php\/2018\/03\/21\/colombia-practico-con-el-grupo-completo\/#respond"]}]},{"@type":"WebPage","@id":"https:\/\/futbolhoy.co\/index.php\/2018\/03\/21\/colombia-practico-con-el-grupo-completo\/","url":"https:\/\/futbolhoy.co\/index.php\/2018\/03\/21\/colombia-practico-con-el-grupo-completo\/","name":"Colombia practic\u00f3 con el grupo completo -","isPartOf":{"@id":"https:\/\/futbolhoy.co\/#website"},"primaryImageOfPage":{"@id":"https:\/\/futbolhoy.co\/index.php\/2018\/03\/21\/colombia-practico-con-el-grupo-completo\/#primaryimage"},"image":{"@id":"https:\/\/futbolhoy.co\/index.php\/2018\/03\/21\/colombia-practico-con-el-grupo-completo\/#primaryimage"},"thumbnailUrl":"https:\/\/futbolhoy.co\/wp-content\/uploads\/2018\/03\/Martes_afuera.jpg","datePublished":"2018-03-21T22:18:27+00:00","dateModified":"2018-03-21T22:28:07+00:00","breadcrumb":{"@id":"https:\/\/futbolhoy.co\/index.php\/2018\/03\/21\/colombia-practico-con-el-grupo-completo\/#breadcrumb"},"inLanguage":"es","potentialAction":[{"@type":"ReadAction","target":["https:\/\/futbolhoy.co\/index.php\/2018\/03\/21\/colombia-practico-con-el-grupo-completo\/"]}]},{"@type":"ImageObject","inLanguage":"es","@id":"https:\/\/futbolhoy.co\/index.php\/2018\/03\/21\/colombia-practico-con-el-grupo-completo\/#primaryimage","url":"https:\/\/futbolhoy.co\/wp-content\/uploads\/2018\/03\/Martes_afuera.jpg","contentUrl":"https:\/\/futbolhoy.co\/wp-content\/uploads\/2018\/03\/Martes_afuera.jpg","width":890,"height":534,"caption":"fcf.com.co"},{"@type":"BreadcrumbList","@id":"https:\/\/futbolhoy.co\/index.php\/2018\/03\/21\/colombia-practico-con-el-grupo-completo\/#breadcrumb","itemListElement":[{"@type":"ListItem","position":1,"name":"Portada","item":"https:\/\/futbolhoy.co\/"},{"@type":"ListItem","position":2,"name":"Colombia practic\u00f3 con el grupo completo"}]},{"@type":"WebSite","@id":"https:\/\/futbolhoy.co\/#website","url":"https:\/\/futbolhoy.co\/","name":"FutbolHoy","description":"","publisher":{"@id":"https:\/\/futbolhoy.co\/#organization"},"potentialAction":[{"@type":"SearchAction","target":{"@type":"EntryPoint","urlTemplate":"https:\/\/futbolhoy.co\/?s={search_term_string}"},"query-input":{"@type":"PropertyValueSpecification","valueRequired":true,"valueName":"search_term_string"}}],"inLanguage":"es"},{"@type":"Organization","@id":"https:\/\/futbolhoy.co\/#organization","name":"Futbolhoy.co","url":"https:\/\/futbolhoy.co\/","logo":{"@type":"ImageObject","inLanguage":"es","@id":"https:\/\/futbolhoy.co\/#\/schema\/logo\/image\/","url":"https:\/\/futbolhoy.co\/wp-content\/uploads\/2018\/08\/17426380_1906371736249227_6326180412931521141_n.jpg","contentUrl":"https:\/\/futbolhoy.co\/wp-content\/uploads\/2018\/08\/17426380_1906371736249227_6326180412931521141_n.jpg","width":960,"height":960,"caption":"Futbolhoy.co"},"image":{"@id":"https:\/\/futbolhoy.co\/#\/schema\/logo\/image\/"},"sameAs":["https:\/\/www.facebook.com\/FutbolHoyCol\/","https:\/\/x.com\/FutbolHoyCol","https:\/\/www.instagram.com\/futbolhoycol\/"]},{"@type":"Person","@id":"https:\/\/futbolhoy.co\/#\/schema\/person\/c4a353a512b127643723a34bb1812f7d","name":"Laura Hern\u00e1ndez","image":{"@type":"ImageObject","inLanguage":"es","@id":"https:\/\/futbolhoy.co\/#\/schema\/person\/image\/","url":"https:\/\/secure.gravatar.com\/avatar\/d25959a15b9b293a743f99181c7cfd01?s=96&d=mm&r=g","contentUrl":"https:\/\/secure.gravatar.com\/avatar\/d25959a15b9b293a743f99181c7cfd01?s=96&d=mm&r=g","caption":"Laura Hern\u00e1ndez"}}]}},"publishpress_future_action":{"enabled":false,"date":"2026-05-03 12:50:24","action":"change-status","newStatus":"draft","terms":[],"taxonomy":"category","extraData":[]},"publishpress_future_workflow_manual_trigger":{"enabledWorkflows":[]},"_links":{"self":[{"href":"https:\/\/futbolhoy.co\/index.php\/wp-json\/wp\/v2\/posts\/14956","targetHints":{"allow":["GET"]}}],"collection":[{"href":"https:\/\/futbolhoy.co\/index.php\/wp-json\/wp\/v2\/posts"}],"about":[{"href":"https:\/\/futbolhoy.co\/index.php\/wp-json\/wp\/v2\/types\/post"}],"author":[{"embeddable":true,"href":"https:\/\/futbolhoy.co\/index.php\/wp-json\/wp\/v2\/users\/5"}],"replies":[{"embeddable":true,"href":"https:\/\/futbolhoy.co\/index.php\/wp-json\/wp\/v2\/comments?post=14956"}],"version-history":[{"count":1,"href":"https:\/\/futbolhoy.co\/index.php\/wp-json\/wp\/v2\/posts\/14956\/revisions"}],"predecessor-version":[{"id":14958,"href":"https:\/\/futbolhoy.co\/index.php\/wp-json\/wp\/v2\/posts\/14956\/revisions\/14958"}],"wp:featuredmedia":[{"embeddable":true,"href":"https:\/\/futbolhoy.co\/index.php\/wp-json\/wp\/v2\/media\/14961"}],"wp:attachment":[{"href":"https:\/\/futbolhoy.co\/index.php\/wp-json\/wp\/v2\/media?parent=14956"}],"wp:term":[{"taxonomy":"category","embeddable":true,"href":"https:\/\/futbolhoy.co\/index.php\/wp-json\/wp\/v2\/categories?post=14956"},{"taxonomy":"post_tag","embeddable":true,"href":"https:\/\/futbolhoy.co\/index.php\/wp-json\/wp\/v2\/tags?post=14956"}],"curies":[{"name":"wp","href":"https:\/\/api.w.org\/{rel}","templated":true}]}}