{"id":14959,"date":"2018-03-21T17:26:27","date_gmt":"2018-03-21T22:26:27","guid":{"rendered":"http:\/\/futbolhoy.co\/?p=14959"},"modified":"2018-03-22T11:26:45","modified_gmt":"2018-03-22T16:26:45","slug":"griezmann-elogia-a-falcao-y-james","status":"publish","type":"post","link":"https:\/\/futbolhoy.co\/index.php\/2018\/03\/21\/griezmann-elogia-a-falcao-y-james\/","title":{"rendered":"Griezmann elogia a Falcao y James"},"content":{"rendered":"<p style=\"text-align: justify;\">El delantero franc\u00e9s <strong>Antoine Griezmann<\/strong>, del <strong>Atl\u00e9tico de Madrid<\/strong>, mostr\u00f3 su admiraci\u00f3n por <strong>Falcao Garc\u00eda<\/strong> y asegur\u00f3 que espera llegar alg\u00fan d\u00eda al nivel del atacante samario.<\/p>\n<p style=\"text-align: justify;\">\u201cLos dos jugadores que m\u00e1s me gustan de <strong>Colombia<\/strong> son los famosos Falcao y <strong>James<\/strong>\u2026 Falcao con lo que ha hecho en el 'Atleti' es un espejo donde mirarse y ojal\u00e1 me pueda acercar a lo que \u00e9l hizo\u201d, declar\u00f3 Griezmann en conferencia de prensa.<\/p>\n<p style=\"text-align: justify;\">Por su parte, el volante <strong>Corentin Tolisso<\/strong>, del <strong>Bayern M\u00fanich<\/strong>, sigue entrenando por separado y debido a una contusi\u00f3n en la tibia izquierda, se perder\u00eda el partido contra Colombia.<\/p>\n<p style=\"text-align: justify;\">El volante <strong>Paul Pogba<\/strong>, el zaguero <strong>Laurent Koscielny<\/strong> y los atacantes <strong>Anthony Martial<\/strong> y <strong>Florent Thauvin<\/strong>, que hab\u00edan presentado problemas f\u00edsicos, entrenaron sin inconvenientes.<\/p>\n","protected":false},"excerpt":{"rendered":"<p>El delantero franc\u00e9s Antoine Griezmann, del Atl\u00e9tico de Madrid, mostr\u00f3 su admiraci\u00f3n por Falcao Garc\u00eda y asegur\u00f3 que espera llegar alg\u00fan d\u00eda al nivel del atacante samario. \u201cLos dos jugadores que m\u00e1s me gustan de Colombia son los famosos Falcao y James\u2026 Falcao con lo que ha hecho en el 'Atleti' es un espejo donde [&hellip;]<\/p>\n","protected":false},"author":5,"featured_media":3241,"comment_status":"open","ping_status":"open","sticky":false,"template":"","format":"standard","meta":{"_acf_changed":false,"footnotes":""},"categories":[5,153],"tags":[692,127,547],"class_list":{"0":"post-14959","1":"post","2":"type-post","3":"status-publish","4":"format-standard","5":"has-post-thumbnail","7":"category-destacados","8":"category-selecion-colombia","9":"tag-antoine-griezmann","10":"tag-seleccion-colombia","11":"tag-seleccion-francia"},"acf":[],"yoast_head":"<!-- This site is optimized with the Yoast SEO plugin v26.8 - https:\/\/yoast.com\/product\/yoast-seo-wordpress\/ -->\n<title>Griezmann elogia a Falcao y James -<\/title>\n<meta name=\"robots\" content=\"index, follow, max-snippet:-1, max-image-preview:large, max-video-preview:-1\" \/>\n<link rel=\"canonical\" href=\"https:\/\/futbolhoy.co\/index.php\/2018\/03\/21\/griezmann-elogia-a-falcao-y-james\/\" \/>\n<meta property=\"og:locale\" content=\"es_ES\" \/>\n<meta property=\"og:type\" content=\"article\" \/>\n<meta property=\"og:title\" content=\"Griezmann elogia a Falcao y James -\" \/>\n<meta property=\"og:description\" content=\"El delantero franc\u00e9s Antoine Griezmann, del Atl\u00e9tico de Madrid, mostr\u00f3 su admiraci\u00f3n por Falcao Garc\u00eda y asegur\u00f3 que espera llegar alg\u00fan d\u00eda al nivel del atacante samario. \u201cLos dos jugadores que m\u00e1s me gustan de Colombia son los famosos Falcao y James\u2026 Falcao con lo que ha hecho en el &#039;Atleti&#039; es un espejo donde [&hellip;]\" \/>\n<meta property=\"og:url\" content=\"https:\/\/futbolhoy.co\/index.php\/2018\/03\/21\/griezmann-elogia-a-falcao-y-james\/\" \/>\n<meta property=\"article:publisher\" content=\"https:\/\/www.facebook.com\/FutbolHoyCol\/\" \/>\n<meta property=\"article:published_time\" content=\"2018-03-21T22:26:27+00:00\" \/>\n<meta property=\"article:modified_time\" content=\"2018-03-22T16:26:45+00:00\" \/>\n<meta property=\"og:image\" content=\"https:\/\/futbolhoy.co\/wp-content\/uploads\/2017\/05\/falcao16-1_2.jpg\" \/>\n\t<meta property=\"og:image:width\" content=\"670\" \/>\n\t<meta property=\"og:image:height\" content=\"380\" \/>\n\t<meta property=\"og:image:type\" content=\"image\/jpeg\" \/>\n<meta name=\"author\" content=\"Laura Hern\u00e1ndez\" \/>\n<meta name=\"twitter:card\" content=\"summary_large_image\" \/>\n<meta name=\"twitter:creator\" content=\"@FutbolHoyCol\" \/>\n<meta name=\"twitter:site\" content=\"@FutbolHoyCol\" \/>\n<meta name=\"twitter:label1\" content=\"Escrito por\" \/>\n\t<meta name=\"twitter:data1\" content=\"Laura Hern\u00e1ndez\" \/>\n\t<meta name=\"twitter:label2\" content=\"Tiempo de lectura\" \/>\n\t<meta name=\"twitter:data2\" content=\"1 minuto\" \/>\n<script type=\"application\/ld+json\" class=\"yoast-schema-graph\">{\"@context\":\"https:\/\/schema.org\",\"@graph\":[{\"@type\":\"Article\",\"@id\":\"https:\/\/futbolhoy.co\/index.php\/2018\/03\/21\/griezmann-elogia-a-falcao-y-james\/#article\",\"isPartOf\":{\"@id\":\"https:\/\/futbolhoy.co\/index.php\/2018\/03\/21\/griezmann-elogia-a-falcao-y-james\/\"},\"author\":{\"name\":\"Laura Hern\u00e1ndez\",\"@id\":\"https:\/\/futbolhoy.co\/#\/schema\/person\/c4a353a512b127643723a34bb1812f7d\"},\"headline\":\"Griezmann elogia a Falcao y James\",\"datePublished\":\"2018-03-21T22:26:27+00:00\",\"dateModified\":\"2018-03-22T16:26:45+00:00\",\"mainEntityOfPage\":{\"@id\":\"https:\/\/futbolhoy.co\/index.php\/2018\/03\/21\/griezmann-elogia-a-falcao-y-james\/\"},\"wordCount\":143,\"commentCount\":0,\"publisher\":{\"@id\":\"https:\/\/futbolhoy.co\/#organization\"},\"image\":{\"@id\":\"https:\/\/futbolhoy.co\/index.php\/2018\/03\/21\/griezmann-elogia-a-falcao-y-james\/#primaryimage\"},\"thumbnailUrl\":\"https:\/\/futbolhoy.co\/wp-content\/uploads\/2017\/05\/falcao16-1_2.jpg\",\"keywords\":[\"Antoine Griezmann\",\"Selecci\u00f3n Colombia\",\"Selecci\u00f3n Francia\"],\"articleSection\":[\"Destacados\",\"Selecci\u00f3n Colombia\"],\"inLanguage\":\"es\",\"potentialAction\":[{\"@type\":\"CommentAction\",\"name\":\"Comment\",\"target\":[\"https:\/\/futbolhoy.co\/index.php\/2018\/03\/21\/griezmann-elogia-a-falcao-y-james\/#respond\"]}]},{\"@type\":\"WebPage\",\"@id\":\"https:\/\/futbolhoy.co\/index.php\/2018\/03\/21\/griezmann-elogia-a-falcao-y-james\/\",\"url\":\"https:\/\/futbolhoy.co\/index.php\/2018\/03\/21\/griezmann-elogia-a-falcao-y-james\/\",\"name\":\"Griezmann elogia a Falcao y James -\",\"isPartOf\":{\"@id\":\"https:\/\/futbolhoy.co\/#website\"},\"primaryImageOfPage\":{\"@id\":\"https:\/\/futbolhoy.co\/index.php\/2018\/03\/21\/griezmann-elogia-a-falcao-y-james\/#primaryimage\"},\"image\":{\"@id\":\"https:\/\/futbolhoy.co\/index.php\/2018\/03\/21\/griezmann-elogia-a-falcao-y-james\/#primaryimage\"},\"thumbnailUrl\":\"https:\/\/futbolhoy.co\/wp-content\/uploads\/2017\/05\/falcao16-1_2.jpg\",\"datePublished\":\"2018-03-21T22:26:27+00:00\",\"dateModified\":\"2018-03-22T16:26:45+00:00\",\"breadcrumb\":{\"@id\":\"https:\/\/futbolhoy.co\/index.php\/2018\/03\/21\/griezmann-elogia-a-falcao-y-james\/#breadcrumb\"},\"inLanguage\":\"es\",\"potentialAction\":[{\"@type\":\"ReadAction\",\"target\":[\"https:\/\/futbolhoy.co\/index.php\/2018\/03\/21\/griezmann-elogia-a-falcao-y-james\/\"]}]},{\"@type\":\"ImageObject\",\"inLanguage\":\"es\",\"@id\":\"https:\/\/futbolhoy.co\/index.php\/2018\/03\/21\/griezmann-elogia-a-falcao-y-james\/#primaryimage\",\"url\":\"https:\/\/futbolhoy.co\/wp-content\/uploads\/2017\/05\/falcao16-1_2.jpg\",\"contentUrl\":\"https:\/\/futbolhoy.co\/wp-content\/uploads\/2017\/05\/falcao16-1_2.jpg\",\"width\":670,\"height\":380,\"caption\":\"falcao16-1.jpg\"},{\"@type\":\"BreadcrumbList\",\"@id\":\"https:\/\/futbolhoy.co\/index.php\/2018\/03\/21\/griezmann-elogia-a-falcao-y-james\/#breadcrumb\",\"itemListElement\":[{\"@type\":\"ListItem\",\"position\":1,\"name\":\"Portada\",\"item\":\"https:\/\/futbolhoy.co\/\"},{\"@type\":\"ListItem\",\"position\":2,\"name\":\"Griezmann elogia a Falcao y James\"}]},{\"@type\":\"WebSite\",\"@id\":\"https:\/\/futbolhoy.co\/#website\",\"url\":\"https:\/\/futbolhoy.co\/\",\"name\":\"FutbolHoy\",\"description\":\"\",\"publisher\":{\"@id\":\"https:\/\/futbolhoy.co\/#organization\"},\"potentialAction\":[{\"@type\":\"SearchAction\",\"target\":{\"@type\":\"EntryPoint\",\"urlTemplate\":\"https:\/\/futbolhoy.co\/?s={search_term_string}\"},\"query-input\":{\"@type\":\"PropertyValueSpecification\",\"valueRequired\":true,\"valueName\":\"search_term_string\"}}],\"inLanguage\":\"es\"},{\"@type\":\"Organization\",\"@id\":\"https:\/\/futbolhoy.co\/#organization\",\"name\":\"Futbolhoy.co\",\"url\":\"https:\/\/futbolhoy.co\/\",\"logo\":{\"@type\":\"ImageObject\",\"inLanguage\":\"es\",\"@id\":\"https:\/\/futbolhoy.co\/#\/schema\/logo\/image\/\",\"url\":\"https:\/\/futbolhoy.co\/wp-content\/uploads\/2018\/08\/17426380_1906371736249227_6326180412931521141_n.jpg\",\"contentUrl\":\"https:\/\/futbolhoy.co\/wp-content\/uploads\/2018\/08\/17426380_1906371736249227_6326180412931521141_n.jpg\",\"width\":960,\"height\":960,\"caption\":\"Futbolhoy.co\"},\"image\":{\"@id\":\"https:\/\/futbolhoy.co\/#\/schema\/logo\/image\/\"},\"sameAs\":[\"https:\/\/www.facebook.com\/FutbolHoyCol\/\",\"https:\/\/x.com\/FutbolHoyCol\",\"https:\/\/www.instagram.com\/futbolhoycol\/\"]},{\"@type\":\"Person\",\"@id\":\"https:\/\/futbolhoy.co\/#\/schema\/person\/c4a353a512b127643723a34bb1812f7d\",\"name\":\"Laura Hern\u00e1ndez\",\"image\":{\"@type\":\"ImageObject\",\"inLanguage\":\"es\",\"@id\":\"https:\/\/futbolhoy.co\/#\/schema\/person\/image\/\",\"url\":\"https:\/\/secure.gravatar.com\/avatar\/d25959a15b9b293a743f99181c7cfd01?s=96&d=mm&r=g\",\"contentUrl\":\"https:\/\/secure.gravatar.com\/avatar\/d25959a15b9b293a743f99181c7cfd01?s=96&d=mm&r=g\",\"caption\":\"Laura Hern\u00e1ndez\"}}]}<\/script>\n<!-- \/ Yoast SEO plugin. -->","yoast_head_json":{"title":"Griezmann elogia a Falcao y James -","robots":{"index":"index","follow":"follow","max-snippet":"max-snippet:-1","max-image-preview":"max-image-preview:large","max-video-preview":"max-video-preview:-1"},"canonical":"https:\/\/futbolhoy.co\/index.php\/2018\/03\/21\/griezmann-elogia-a-falcao-y-james\/","og_locale":"es_ES","og_type":"article","og_title":"Griezmann elogia a Falcao y James -","og_description":"El delantero franc\u00e9s Antoine Griezmann, del Atl\u00e9tico de Madrid, mostr\u00f3 su admiraci\u00f3n por Falcao Garc\u00eda y asegur\u00f3 que espera llegar alg\u00fan d\u00eda al nivel del atacante samario. \u201cLos dos jugadores que m\u00e1s me gustan de Colombia son los famosos Falcao y James\u2026 Falcao con lo que ha hecho en el 'Atleti' es un espejo donde [&hellip;]","og_url":"https:\/\/futbolhoy.co\/index.php\/2018\/03\/21\/griezmann-elogia-a-falcao-y-james\/","article_publisher":"https:\/\/www.facebook.com\/FutbolHoyCol\/","article_published_time":"2018-03-21T22:26:27+00:00","article_modified_time":"2018-03-22T16:26:45+00:00","og_image":[{"width":670,"height":380,"url":"https:\/\/futbolhoy.co\/wp-content\/uploads\/2017\/05\/falcao16-1_2.jpg","type":"image\/jpeg"}],"author":"Laura Hern\u00e1ndez","twitter_card":"summary_large_image","twitter_creator":"@FutbolHoyCol","twitter_site":"@FutbolHoyCol","twitter_misc":{"Escrito por":"Laura Hern\u00e1ndez","Tiempo de lectura":"1 minuto"},"schema":{"@context":"https:\/\/schema.org","@graph":[{"@type":"Article","@id":"https:\/\/futbolhoy.co\/index.php\/2018\/03\/21\/griezmann-elogia-a-falcao-y-james\/#article","isPartOf":{"@id":"https:\/\/futbolhoy.co\/index.php\/2018\/03\/21\/griezmann-elogia-a-falcao-y-james\/"},"author":{"name":"Laura Hern\u00e1ndez","@id":"https:\/\/futbolhoy.co\/#\/schema\/person\/c4a353a512b127643723a34bb1812f7d"},"headline":"Griezmann elogia a Falcao y James","datePublished":"2018-03-21T22:26:27+00:00","dateModified":"2018-03-22T16:26:45+00:00","mainEntityOfPage":{"@id":"https:\/\/futbolhoy.co\/index.php\/2018\/03\/21\/griezmann-elogia-a-falcao-y-james\/"},"wordCount":143,"commentCount":0,"publisher":{"@id":"https:\/\/futbolhoy.co\/#organization"},"image":{"@id":"https:\/\/futbolhoy.co\/index.php\/2018\/03\/21\/griezmann-elogia-a-falcao-y-james\/#primaryimage"},"thumbnailUrl":"https:\/\/futbolhoy.co\/wp-content\/uploads\/2017\/05\/falcao16-1_2.jpg","keywords":["Antoine Griezmann","Selecci\u00f3n Colombia","Selecci\u00f3n Francia"],"articleSection":["Destacados","Selecci\u00f3n Colombia"],"inLanguage":"es","potentialAction":[{"@type":"CommentAction","name":"Comment","target":["https:\/\/futbolhoy.co\/index.php\/2018\/03\/21\/griezmann-elogia-a-falcao-y-james\/#respond"]}]},{"@type":"WebPage","@id":"https:\/\/futbolhoy.co\/index.php\/2018\/03\/21\/griezmann-elogia-a-falcao-y-james\/","url":"https:\/\/futbolhoy.co\/index.php\/2018\/03\/21\/griezmann-elogia-a-falcao-y-james\/","name":"Griezmann elogia a Falcao y James -","isPartOf":{"@id":"https:\/\/futbolhoy.co\/#website"},"primaryImageOfPage":{"@id":"https:\/\/futbolhoy.co\/index.php\/2018\/03\/21\/griezmann-elogia-a-falcao-y-james\/#primaryimage"},"image":{"@id":"https:\/\/futbolhoy.co\/index.php\/2018\/03\/21\/griezmann-elogia-a-falcao-y-james\/#primaryimage"},"thumbnailUrl":"https:\/\/futbolhoy.co\/wp-content\/uploads\/2017\/05\/falcao16-1_2.jpg","datePublished":"2018-03-21T22:26:27+00:00","dateModified":"2018-03-22T16:26:45+00:00","breadcrumb":{"@id":"https:\/\/futbolhoy.co\/index.php\/2018\/03\/21\/griezmann-elogia-a-falcao-y-james\/#breadcrumb"},"inLanguage":"es","potentialAction":[{"@type":"ReadAction","target":["https:\/\/futbolhoy.co\/index.php\/2018\/03\/21\/griezmann-elogia-a-falcao-y-james\/"]}]},{"@type":"ImageObject","inLanguage":"es","@id":"https:\/\/futbolhoy.co\/index.php\/2018\/03\/21\/griezmann-elogia-a-falcao-y-james\/#primaryimage","url":"https:\/\/futbolhoy.co\/wp-content\/uploads\/2017\/05\/falcao16-1_2.jpg","contentUrl":"https:\/\/futbolhoy.co\/wp-content\/uploads\/2017\/05\/falcao16-1_2.jpg","width":670,"height":380,"caption":"falcao16-1.jpg"},{"@type":"BreadcrumbList","@id":"https:\/\/futbolhoy.co\/index.php\/2018\/03\/21\/griezmann-elogia-a-falcao-y-james\/#breadcrumb","itemListElement":[{"@type":"ListItem","position":1,"name":"Portada","item":"https:\/\/futbolhoy.co\/"},{"@type":"ListItem","position":2,"name":"Griezmann elogia a Falcao y James"}]},{"@type":"WebSite","@id":"https:\/\/futbolhoy.co\/#website","url":"https:\/\/futbolhoy.co\/","name":"FutbolHoy","description":"","publisher":{"@id":"https:\/\/futbolhoy.co\/#organization"},"potentialAction":[{"@type":"SearchAction","target":{"@type":"EntryPoint","urlTemplate":"https:\/\/futbolhoy.co\/?s={search_term_string}"},"query-input":{"@type":"PropertyValueSpecification","valueRequired":true,"valueName":"search_term_string"}}],"inLanguage":"es"},{"@type":"Organization","@id":"https:\/\/futbolhoy.co\/#organization","name":"Futbolhoy.co","url":"https:\/\/futbolhoy.co\/","logo":{"@type":"ImageObject","inLanguage":"es","@id":"https:\/\/futbolhoy.co\/#\/schema\/logo\/image\/","url":"https:\/\/futbolhoy.co\/wp-content\/uploads\/2018\/08\/17426380_1906371736249227_6326180412931521141_n.jpg","contentUrl":"https:\/\/futbolhoy.co\/wp-content\/uploads\/2018\/08\/17426380_1906371736249227_6326180412931521141_n.jpg","width":960,"height":960,"caption":"Futbolhoy.co"},"image":{"@id":"https:\/\/futbolhoy.co\/#\/schema\/logo\/image\/"},"sameAs":["https:\/\/www.facebook.com\/FutbolHoyCol\/","https:\/\/x.com\/FutbolHoyCol","https:\/\/www.instagram.com\/futbolhoycol\/"]},{"@type":"Person","@id":"https:\/\/futbolhoy.co\/#\/schema\/person\/c4a353a512b127643723a34bb1812f7d","name":"Laura Hern\u00e1ndez","image":{"@type":"ImageObject","inLanguage":"es","@id":"https:\/\/futbolhoy.co\/#\/schema\/person\/image\/","url":"https:\/\/secure.gravatar.com\/avatar\/d25959a15b9b293a743f99181c7cfd01?s=96&d=mm&r=g","contentUrl":"https:\/\/secure.gravatar.com\/avatar\/d25959a15b9b293a743f99181c7cfd01?s=96&d=mm&r=g","caption":"Laura Hern\u00e1ndez"}}]}},"publishpress_future_action":{"enabled":false,"date":"2026-05-03 10:01:28","action":"change-status","newStatus":"draft","terms":[],"taxonomy":"category","extraData":[]},"publishpress_future_workflow_manual_trigger":{"enabledWorkflows":[]},"_links":{"self":[{"href":"https:\/\/futbolhoy.co\/index.php\/wp-json\/wp\/v2\/posts\/14959","targetHints":{"allow":["GET"]}}],"collection":[{"href":"https:\/\/futbolhoy.co\/index.php\/wp-json\/wp\/v2\/posts"}],"about":[{"href":"https:\/\/futbolhoy.co\/index.php\/wp-json\/wp\/v2\/types\/post"}],"author":[{"embeddable":true,"href":"https:\/\/futbolhoy.co\/index.php\/wp-json\/wp\/v2\/users\/5"}],"replies":[{"embeddable":true,"href":"https:\/\/futbolhoy.co\/index.php\/wp-json\/wp\/v2\/comments?post=14959"}],"version-history":[{"count":1,"href":"https:\/\/futbolhoy.co\/index.php\/wp-json\/wp\/v2\/posts\/14959\/revisions"}],"predecessor-version":[{"id":14960,"href":"https:\/\/futbolhoy.co\/index.php\/wp-json\/wp\/v2\/posts\/14959\/revisions\/14960"}],"wp:featuredmedia":[{"embeddable":true,"href":"https:\/\/futbolhoy.co\/index.php\/wp-json\/wp\/v2\/media\/3241"}],"wp:attachment":[{"href":"https:\/\/futbolhoy.co\/index.php\/wp-json\/wp\/v2\/media?parent=14959"}],"wp:term":[{"taxonomy":"category","embeddable":true,"href":"https:\/\/futbolhoy.co\/index.php\/wp-json\/wp\/v2\/categories?post=14959"},{"taxonomy":"post_tag","embeddable":true,"href":"https:\/\/futbolhoy.co\/index.php\/wp-json\/wp\/v2\/tags?post=14959"}],"curies":[{"name":"wp","href":"https:\/\/api.w.org\/{rel}","templated":true}]}}