{"id":16249,"date":"2018-04-19T20:45:35","date_gmt":"2018-04-20T01:45:35","guid":{"rendered":"http:\/\/futbolhoy.co\/?p=16249"},"modified":"2018-04-19T22:56:34","modified_gmt":"2018-04-20T03:56:34","slug":"medellin-once-caldas-y-huila-con-paso-firme-en-los-ocho","status":"publish","type":"post","link":"https:\/\/futbolhoy.co\/index.php\/2018\/04\/19\/medellin-once-caldas-y-huila-con-paso-firme-en-los-ocho\/","title":{"rendered":"Cali qued\u00f3 al borde de clasificar; Am\u00e9rica sigue distanci\u00e1ndose"},"content":{"rendered":"<p style=\"text-align: justify;\"><strong>Deportivo Cali<\/strong> derrot\u00f3 2-1 a <strong>Alianza Petrolera<\/strong> y complet\u00f3 28 puntos, recuperando el segundo lugar en la tabla de posiciones y quedando al borde de la clasificaci\u00f3n a los cuartos de final de la <strong>Liga \u00c1guila.<\/strong><\/p>\n<p style=\"text-align: justify;\">El equipo 'Azucarero' consigui\u00f3 una ventaja importante en el primer tiempo, el argentino <strong>Fabian Sambueza<\/strong> abri\u00f3 el marcador a los 16 minutos; mientras que <strong>Jhonatan<\/strong> P\u00e9rez anot\u00f3 en propia puerta el segundo tanto local. Cuando el juego estaba por concluir, a los 89 minutos, <strong>Maicol Balanta<\/strong> logr\u00f3 el descuento y el 2-1 definitivo.<\/p>\n<p style=\"text-align: justify;\"><strong>Am\u00e9rica<\/strong>, por su parte, sum\u00f3 su primera derrota de la mano del t\u00e9cnico portugu\u00e9s <strong>Pedro Santos. <\/strong>El cuadro 'Escarlata' fue superado 2-1 por<strong> Rionegro \u00c1guilas<\/strong>, quien es noveno y contin\u00faa en la lucha por un lugar en los ocho.<\/p>\n<p style=\"text-align: justify;\">El encuentro se vio marcado por la pol\u00e9mica, tras una mala actuaci\u00f3n arbitral de Hervin Otero.<\/p>\n<p style=\"text-align: justify;\"><strong>Fernei Ibarg\u00fcen<\/strong> abri\u00f3 el marcador muy temprano para los locales, acto seguido el juez se\u00f1al\u00f3 como penal una falta fuera del \u00e1rea, cuya ejecuci\u00f3n de <strong>Humberto Osorio Botello<\/strong> fue atajada por <strong>Carlos Bejarano.<\/strong> Antes de concluir el primer tiempo, la terna arbitral volvi\u00f3 a equivocarse, anulando de mala manera una anotaci\u00f3n de <strong>Cristian Mart\u00ednez Borja.<\/strong><\/p>\n<p style=\"text-align: justify;\">En el inicio del complemento <strong>Daniel Lloreda<\/strong> ampli\u00f3 la diferencia; mientras que <strong>\u00c1lvaro Angulo<\/strong> marc\u00f3 en propia puerta para el descuento de la visita. Sobre los 69 minutos <strong>Alejandro Bernal<\/strong> vio la tarjeta roja por una entrada con los taches arriba; mientras que Kevin Viveros se march\u00f3 expulsado a los 86 minutos, tras ingresar al campo por Borja a los 74, motivo por el que el Am\u00e9rica termin\u00f3 el partido con nueve hombres.<\/p>\n<p style=\"text-align: justify;\"><strong>Independiente Medell\u00edn, <\/strong>por su parte,\u00a0se impuso en su casa 2-1 sobre <strong>Jaguares<\/strong> y se acerc\u00f3 a la clasificaci\u00f3n en la Liga.<\/p>\n<p style=\"text-align: justify;\"><strong>Leonardo Castro<\/strong> recibi\u00f3 un pase de <strong>Elvis Mosquera<\/strong> en el minuto 27' y\u00a0 marc\u00f3 el primer gol para el cuadro paisa, la segunda anotaci\u00f3n lleg\u00f3 en el 53' <strong>Germ\u00e1n Cano<\/strong> ampli\u00f3 la ventaja. El \u00fanico gol de <strong>Jaguares<\/strong> fue en el 65' tras un remate de <strong>Juan Mezu<\/strong>.<\/p>\n<p style=\"text-align: justify;\">El conjunto dirigido por <strong>Ismael Rescalvo<\/strong>\u00a0es quinto en la Liga con 26 puntos, mientras <strong>Jaguares<\/strong> esta en el puesto 14 con 18 unidades.<\/p>\n<p>Mientras tanto en Manizales, <strong>Once Caldas<\/strong> venci\u00f3 2-0 a <strong>Patriotas<\/strong> y esta en los ocho del torneo.<\/p>\n<p><strong>Luis Sinisterra<\/strong> abri\u00f3 el marcador en el minuto 60' tras una asistencia de <strong>David G\u00f3mez,<\/strong> el segundo gol fue desde el punto penal en el 65' , <strong>Edder Farias<\/strong> anot\u00f3 para la celebraci\u00f3n del cuadro de <strong>Hubert Bodhert<\/strong>. <strong>Nicol\u00e1s Palacios<\/strong> de <strong>Patriotas<\/strong> fue expulsado por una falta sobre <strong>Geisson Perea.<\/strong><\/p>\n<p>El resultado deja a <strong>Once Caldas<\/strong> en el puesto 5 de la tabla con 26 puntos y 23 goles a favor mientras que <strong>Patriotas<\/strong> es sexto con 26 unidades y 16 goles a favor.<\/p>\n<p style=\"text-align: justify;\">En el primer partido de la jornada <strong>Atl\u00e9tico Huila<\/strong> se impuso 2-0 frente a <strong>Pasto<\/strong> y escalo en la tabla de posiciones de la <strong>Liga \u00c1guila<\/strong>.<\/p>\n<p style=\"text-align: justify;\">El primer gol lleg\u00f3 en el minuto 61', <strong>Franco Bol\u00f3<\/strong> anot\u00f3 de cabeza tras un pase de Jorge Ramos, el segundo lleg\u00f3 desde el punto penal, <strong>Jimmy<\/strong> <strong>Valoyes<\/strong> cometi\u00f3 una falta en el \u00e1rea, <strong>Edwar L\u00f3pez<\/strong> fue el encargado de vencer el arco de <strong>Victor Cabezas.\u00a0<\/strong><\/p>\n<p style=\"text-align: justify;\"><strong>Huila<\/strong> es\u00a0tercero en la Liga \u00c1guila con 27 puntos, <strong>Deportivo Pasto<\/strong> esta en el puesto 17 con 16 unidades.<\/p>\n<p style=\"text-align: justify;\">\n","protected":false},"excerpt":{"rendered":"<p>Deportivo Cali derrot\u00f3 2-1 a Alianza Petrolera y complet\u00f3 28 puntos, recuperando el segundo lugar en la tabla de posiciones y quedando al borde de la clasificaci\u00f3n a los cuartos de final de la Liga \u00c1guila. El equipo 'Azucarero' consigui\u00f3 una ventaja importante en el primer tiempo, el argentino Fabian Sambueza abri\u00f3 el marcador a [&hellip;]<\/p>\n","protected":false},"author":5,"featured_media":16300,"comment_status":"open","ping_status":"open","sticky":false,"template":"","format":"standard","meta":{"_acf_changed":false,"footnotes":""},"categories":[5,7],"tags":[384,124,145,232],"class_list":{"0":"post-16249","1":"post","2":"type-post","3":"status-publish","4":"format-standard","5":"has-post-thumbnail","7":"category-destacados","8":"category-liga-betplay","9":"tag-atletico-huila","10":"tag-independiente-medellin","11":"tag-liga-aguila","12":"tag-once-caldas"},"acf":[],"yoast_head":"<!-- This site is optimized with the Yoast SEO plugin v26.8 - https:\/\/yoast.com\/product\/yoast-seo-wordpress\/ -->\n<title>Cali qued\u00f3 al borde de clasificar; Am\u00e9rica sigue distanci\u00e1ndose -<\/title>\n<meta name=\"robots\" content=\"index, follow, max-snippet:-1, max-image-preview:large, max-video-preview:-1\" \/>\n<link rel=\"canonical\" href=\"https:\/\/futbolhoy.co\/index.php\/2018\/04\/19\/medellin-once-caldas-y-huila-con-paso-firme-en-los-ocho\/\" \/>\n<meta property=\"og:locale\" content=\"es_ES\" \/>\n<meta property=\"og:type\" content=\"article\" \/>\n<meta property=\"og:title\" content=\"Cali qued\u00f3 al borde de clasificar; Am\u00e9rica sigue distanci\u00e1ndose -\" \/>\n<meta property=\"og:description\" content=\"Deportivo Cali derrot\u00f3 2-1 a Alianza Petrolera y complet\u00f3 28 puntos, recuperando el segundo lugar en la tabla de posiciones y quedando al borde de la clasificaci\u00f3n a los cuartos de final de la Liga \u00c1guila. El equipo &#039;Azucarero&#039; consigui\u00f3 una ventaja importante en el primer tiempo, el argentino Fabian Sambueza abri\u00f3 el marcador a [&hellip;]\" \/>\n<meta property=\"og:url\" content=\"https:\/\/futbolhoy.co\/index.php\/2018\/04\/19\/medellin-once-caldas-y-huila-con-paso-firme-en-los-ocho\/\" \/>\n<meta property=\"article:publisher\" content=\"https:\/\/www.facebook.com\/FutbolHoyCol\/\" \/>\n<meta property=\"article:published_time\" content=\"2018-04-20T01:45:35+00:00\" \/>\n<meta property=\"article:modified_time\" content=\"2018-04-20T03:56:34+00:00\" \/>\n<meta property=\"og:image\" content=\"https:\/\/futbolhoy.co\/wp-content\/uploads\/2018\/04\/Rionegro.jpg\" \/>\n\t<meta property=\"og:image:width\" content=\"1200\" \/>\n\t<meta property=\"og:image:height\" content=\"800\" \/>\n\t<meta property=\"og:image:type\" content=\"image\/jpeg\" \/>\n<meta name=\"author\" content=\"Laura Hern\u00e1ndez\" \/>\n<meta name=\"twitter:card\" content=\"summary_large_image\" \/>\n<meta name=\"twitter:creator\" content=\"@FutbolHoyCol\" \/>\n<meta name=\"twitter:site\" content=\"@FutbolHoyCol\" \/>\n<meta name=\"twitter:label1\" content=\"Escrito por\" \/>\n\t<meta name=\"twitter:data1\" content=\"Laura Hern\u00e1ndez\" \/>\n\t<meta name=\"twitter:label2\" content=\"Tiempo de lectura\" \/>\n\t<meta name=\"twitter:data2\" content=\"3 minutos\" \/>\n<script type=\"application\/ld+json\" class=\"yoast-schema-graph\">{\"@context\":\"https:\/\/schema.org\",\"@graph\":[{\"@type\":\"Article\",\"@id\":\"https:\/\/futbolhoy.co\/index.php\/2018\/04\/19\/medellin-once-caldas-y-huila-con-paso-firme-en-los-ocho\/#article\",\"isPartOf\":{\"@id\":\"https:\/\/futbolhoy.co\/index.php\/2018\/04\/19\/medellin-once-caldas-y-huila-con-paso-firme-en-los-ocho\/\"},\"author\":{\"name\":\"Laura Hern\u00e1ndez\",\"@id\":\"https:\/\/futbolhoy.co\/#\/schema\/person\/c4a353a512b127643723a34bb1812f7d\"},\"headline\":\"Cali qued\u00f3 al borde de clasificar; Am\u00e9rica sigue distanci\u00e1ndose\",\"datePublished\":\"2018-04-20T01:45:35+00:00\",\"dateModified\":\"2018-04-20T03:56:34+00:00\",\"mainEntityOfPage\":{\"@id\":\"https:\/\/futbolhoy.co\/index.php\/2018\/04\/19\/medellin-once-caldas-y-huila-con-paso-firme-en-los-ocho\/\"},\"wordCount\":575,\"commentCount\":0,\"publisher\":{\"@id\":\"https:\/\/futbolhoy.co\/#organization\"},\"image\":{\"@id\":\"https:\/\/futbolhoy.co\/index.php\/2018\/04\/19\/medellin-once-caldas-y-huila-con-paso-firme-en-los-ocho\/#primaryimage\"},\"thumbnailUrl\":\"https:\/\/futbolhoy.co\/wp-content\/uploads\/2018\/04\/Rionegro.jpg\",\"keywords\":[\"Atl\u00e9tico Huila\",\"Independiente Medell\u00edn\",\"Liga Aguila\",\"once caldas\"],\"articleSection\":[\"Destacados\",\"Liga BetPlay\"],\"inLanguage\":\"es\",\"potentialAction\":[{\"@type\":\"CommentAction\",\"name\":\"Comment\",\"target\":[\"https:\/\/futbolhoy.co\/index.php\/2018\/04\/19\/medellin-once-caldas-y-huila-con-paso-firme-en-los-ocho\/#respond\"]}]},{\"@type\":\"WebPage\",\"@id\":\"https:\/\/futbolhoy.co\/index.php\/2018\/04\/19\/medellin-once-caldas-y-huila-con-paso-firme-en-los-ocho\/\",\"url\":\"https:\/\/futbolhoy.co\/index.php\/2018\/04\/19\/medellin-once-caldas-y-huila-con-paso-firme-en-los-ocho\/\",\"name\":\"Cali qued\u00f3 al borde de clasificar; Am\u00e9rica sigue distanci\u00e1ndose -\",\"isPartOf\":{\"@id\":\"https:\/\/futbolhoy.co\/#website\"},\"primaryImageOfPage\":{\"@id\":\"https:\/\/futbolhoy.co\/index.php\/2018\/04\/19\/medellin-once-caldas-y-huila-con-paso-firme-en-los-ocho\/#primaryimage\"},\"image\":{\"@id\":\"https:\/\/futbolhoy.co\/index.php\/2018\/04\/19\/medellin-once-caldas-y-huila-con-paso-firme-en-los-ocho\/#primaryimage\"},\"thumbnailUrl\":\"https:\/\/futbolhoy.co\/wp-content\/uploads\/2018\/04\/Rionegro.jpg\",\"datePublished\":\"2018-04-20T01:45:35+00:00\",\"dateModified\":\"2018-04-20T03:56:34+00:00\",\"breadcrumb\":{\"@id\":\"https:\/\/futbolhoy.co\/index.php\/2018\/04\/19\/medellin-once-caldas-y-huila-con-paso-firme-en-los-ocho\/#breadcrumb\"},\"inLanguage\":\"es\",\"potentialAction\":[{\"@type\":\"ReadAction\",\"target\":[\"https:\/\/futbolhoy.co\/index.php\/2018\/04\/19\/medellin-once-caldas-y-huila-con-paso-firme-en-los-ocho\/\"]}]},{\"@type\":\"ImageObject\",\"inLanguage\":\"es\",\"@id\":\"https:\/\/futbolhoy.co\/index.php\/2018\/04\/19\/medellin-once-caldas-y-huila-con-paso-firme-en-los-ocho\/#primaryimage\",\"url\":\"https:\/\/futbolhoy.co\/wp-content\/uploads\/2018\/04\/Rionegro.jpg\",\"contentUrl\":\"https:\/\/futbolhoy.co\/wp-content\/uploads\/2018\/04\/Rionegro.jpg\",\"width\":1200,\"height\":800,\"caption\":\"@AguilasDoradasR\"},{\"@type\":\"BreadcrumbList\",\"@id\":\"https:\/\/futbolhoy.co\/index.php\/2018\/04\/19\/medellin-once-caldas-y-huila-con-paso-firme-en-los-ocho\/#breadcrumb\",\"itemListElement\":[{\"@type\":\"ListItem\",\"position\":1,\"name\":\"Portada\",\"item\":\"https:\/\/futbolhoy.co\/\"},{\"@type\":\"ListItem\",\"position\":2,\"name\":\"Cali qued\u00f3 al borde de clasificar; Am\u00e9rica sigue distanci\u00e1ndose\"}]},{\"@type\":\"WebSite\",\"@id\":\"https:\/\/futbolhoy.co\/#website\",\"url\":\"https:\/\/futbolhoy.co\/\",\"name\":\"FutbolHoy\",\"description\":\"\",\"publisher\":{\"@id\":\"https:\/\/futbolhoy.co\/#organization\"},\"potentialAction\":[{\"@type\":\"SearchAction\",\"target\":{\"@type\":\"EntryPoint\",\"urlTemplate\":\"https:\/\/futbolhoy.co\/?s={search_term_string}\"},\"query-input\":{\"@type\":\"PropertyValueSpecification\",\"valueRequired\":true,\"valueName\":\"search_term_string\"}}],\"inLanguage\":\"es\"},{\"@type\":\"Organization\",\"@id\":\"https:\/\/futbolhoy.co\/#organization\",\"name\":\"Futbolhoy.co\",\"url\":\"https:\/\/futbolhoy.co\/\",\"logo\":{\"@type\":\"ImageObject\",\"inLanguage\":\"es\",\"@id\":\"https:\/\/futbolhoy.co\/#\/schema\/logo\/image\/\",\"url\":\"https:\/\/futbolhoy.co\/wp-content\/uploads\/2018\/08\/17426380_1906371736249227_6326180412931521141_n.jpg\",\"contentUrl\":\"https:\/\/futbolhoy.co\/wp-content\/uploads\/2018\/08\/17426380_1906371736249227_6326180412931521141_n.jpg\",\"width\":960,\"height\":960,\"caption\":\"Futbolhoy.co\"},\"image\":{\"@id\":\"https:\/\/futbolhoy.co\/#\/schema\/logo\/image\/\"},\"sameAs\":[\"https:\/\/www.facebook.com\/FutbolHoyCol\/\",\"https:\/\/x.com\/FutbolHoyCol\",\"https:\/\/www.instagram.com\/futbolhoycol\/\"]},{\"@type\":\"Person\",\"@id\":\"https:\/\/futbolhoy.co\/#\/schema\/person\/c4a353a512b127643723a34bb1812f7d\",\"name\":\"Laura Hern\u00e1ndez\",\"image\":{\"@type\":\"ImageObject\",\"inLanguage\":\"es\",\"@id\":\"https:\/\/futbolhoy.co\/#\/schema\/person\/image\/\",\"url\":\"https:\/\/secure.gravatar.com\/avatar\/d25959a15b9b293a743f99181c7cfd01?s=96&d=mm&r=g\",\"contentUrl\":\"https:\/\/secure.gravatar.com\/avatar\/d25959a15b9b293a743f99181c7cfd01?s=96&d=mm&r=g\",\"caption\":\"Laura Hern\u00e1ndez\"}}]}<\/script>\n<!-- \/ Yoast SEO plugin. -->","yoast_head_json":{"title":"Cali qued\u00f3 al borde de clasificar; Am\u00e9rica sigue distanci\u00e1ndose -","robots":{"index":"index","follow":"follow","max-snippet":"max-snippet:-1","max-image-preview":"max-image-preview:large","max-video-preview":"max-video-preview:-1"},"canonical":"https:\/\/futbolhoy.co\/index.php\/2018\/04\/19\/medellin-once-caldas-y-huila-con-paso-firme-en-los-ocho\/","og_locale":"es_ES","og_type":"article","og_title":"Cali qued\u00f3 al borde de clasificar; Am\u00e9rica sigue distanci\u00e1ndose -","og_description":"Deportivo Cali derrot\u00f3 2-1 a Alianza Petrolera y complet\u00f3 28 puntos, recuperando el segundo lugar en la tabla de posiciones y quedando al borde de la clasificaci\u00f3n a los cuartos de final de la Liga \u00c1guila. El equipo 'Azucarero' consigui\u00f3 una ventaja importante en el primer tiempo, el argentino Fabian Sambueza abri\u00f3 el marcador a [&hellip;]","og_url":"https:\/\/futbolhoy.co\/index.php\/2018\/04\/19\/medellin-once-caldas-y-huila-con-paso-firme-en-los-ocho\/","article_publisher":"https:\/\/www.facebook.com\/FutbolHoyCol\/","article_published_time":"2018-04-20T01:45:35+00:00","article_modified_time":"2018-04-20T03:56:34+00:00","og_image":[{"width":1200,"height":800,"url":"https:\/\/futbolhoy.co\/wp-content\/uploads\/2018\/04\/Rionegro.jpg","type":"image\/jpeg"}],"author":"Laura Hern\u00e1ndez","twitter_card":"summary_large_image","twitter_creator":"@FutbolHoyCol","twitter_site":"@FutbolHoyCol","twitter_misc":{"Escrito por":"Laura Hern\u00e1ndez","Tiempo de lectura":"3 minutos"},"schema":{"@context":"https:\/\/schema.org","@graph":[{"@type":"Article","@id":"https:\/\/futbolhoy.co\/index.php\/2018\/04\/19\/medellin-once-caldas-y-huila-con-paso-firme-en-los-ocho\/#article","isPartOf":{"@id":"https:\/\/futbolhoy.co\/index.php\/2018\/04\/19\/medellin-once-caldas-y-huila-con-paso-firme-en-los-ocho\/"},"author":{"name":"Laura Hern\u00e1ndez","@id":"https:\/\/futbolhoy.co\/#\/schema\/person\/c4a353a512b127643723a34bb1812f7d"},"headline":"Cali qued\u00f3 al borde de clasificar; Am\u00e9rica sigue distanci\u00e1ndose","datePublished":"2018-04-20T01:45:35+00:00","dateModified":"2018-04-20T03:56:34+00:00","mainEntityOfPage":{"@id":"https:\/\/futbolhoy.co\/index.php\/2018\/04\/19\/medellin-once-caldas-y-huila-con-paso-firme-en-los-ocho\/"},"wordCount":575,"commentCount":0,"publisher":{"@id":"https:\/\/futbolhoy.co\/#organization"},"image":{"@id":"https:\/\/futbolhoy.co\/index.php\/2018\/04\/19\/medellin-once-caldas-y-huila-con-paso-firme-en-los-ocho\/#primaryimage"},"thumbnailUrl":"https:\/\/futbolhoy.co\/wp-content\/uploads\/2018\/04\/Rionegro.jpg","keywords":["Atl\u00e9tico Huila","Independiente Medell\u00edn","Liga Aguila","once caldas"],"articleSection":["Destacados","Liga BetPlay"],"inLanguage":"es","potentialAction":[{"@type":"CommentAction","name":"Comment","target":["https:\/\/futbolhoy.co\/index.php\/2018\/04\/19\/medellin-once-caldas-y-huila-con-paso-firme-en-los-ocho\/#respond"]}]},{"@type":"WebPage","@id":"https:\/\/futbolhoy.co\/index.php\/2018\/04\/19\/medellin-once-caldas-y-huila-con-paso-firme-en-los-ocho\/","url":"https:\/\/futbolhoy.co\/index.php\/2018\/04\/19\/medellin-once-caldas-y-huila-con-paso-firme-en-los-ocho\/","name":"Cali qued\u00f3 al borde de clasificar; Am\u00e9rica sigue distanci\u00e1ndose -","isPartOf":{"@id":"https:\/\/futbolhoy.co\/#website"},"primaryImageOfPage":{"@id":"https:\/\/futbolhoy.co\/index.php\/2018\/04\/19\/medellin-once-caldas-y-huila-con-paso-firme-en-los-ocho\/#primaryimage"},"image":{"@id":"https:\/\/futbolhoy.co\/index.php\/2018\/04\/19\/medellin-once-caldas-y-huila-con-paso-firme-en-los-ocho\/#primaryimage"},"thumbnailUrl":"https:\/\/futbolhoy.co\/wp-content\/uploads\/2018\/04\/Rionegro.jpg","datePublished":"2018-04-20T01:45:35+00:00","dateModified":"2018-04-20T03:56:34+00:00","breadcrumb":{"@id":"https:\/\/futbolhoy.co\/index.php\/2018\/04\/19\/medellin-once-caldas-y-huila-con-paso-firme-en-los-ocho\/#breadcrumb"},"inLanguage":"es","potentialAction":[{"@type":"ReadAction","target":["https:\/\/futbolhoy.co\/index.php\/2018\/04\/19\/medellin-once-caldas-y-huila-con-paso-firme-en-los-ocho\/"]}]},{"@type":"ImageObject","inLanguage":"es","@id":"https:\/\/futbolhoy.co\/index.php\/2018\/04\/19\/medellin-once-caldas-y-huila-con-paso-firme-en-los-ocho\/#primaryimage","url":"https:\/\/futbolhoy.co\/wp-content\/uploads\/2018\/04\/Rionegro.jpg","contentUrl":"https:\/\/futbolhoy.co\/wp-content\/uploads\/2018\/04\/Rionegro.jpg","width":1200,"height":800,"caption":"@AguilasDoradasR"},{"@type":"BreadcrumbList","@id":"https:\/\/futbolhoy.co\/index.php\/2018\/04\/19\/medellin-once-caldas-y-huila-con-paso-firme-en-los-ocho\/#breadcrumb","itemListElement":[{"@type":"ListItem","position":1,"name":"Portada","item":"https:\/\/futbolhoy.co\/"},{"@type":"ListItem","position":2,"name":"Cali qued\u00f3 al borde de clasificar; Am\u00e9rica sigue distanci\u00e1ndose"}]},{"@type":"WebSite","@id":"https:\/\/futbolhoy.co\/#website","url":"https:\/\/futbolhoy.co\/","name":"FutbolHoy","description":"","publisher":{"@id":"https:\/\/futbolhoy.co\/#organization"},"potentialAction":[{"@type":"SearchAction","target":{"@type":"EntryPoint","urlTemplate":"https:\/\/futbolhoy.co\/?s={search_term_string}"},"query-input":{"@type":"PropertyValueSpecification","valueRequired":true,"valueName":"search_term_string"}}],"inLanguage":"es"},{"@type":"Organization","@id":"https:\/\/futbolhoy.co\/#organization","name":"Futbolhoy.co","url":"https:\/\/futbolhoy.co\/","logo":{"@type":"ImageObject","inLanguage":"es","@id":"https:\/\/futbolhoy.co\/#\/schema\/logo\/image\/","url":"https:\/\/futbolhoy.co\/wp-content\/uploads\/2018\/08\/17426380_1906371736249227_6326180412931521141_n.jpg","contentUrl":"https:\/\/futbolhoy.co\/wp-content\/uploads\/2018\/08\/17426380_1906371736249227_6326180412931521141_n.jpg","width":960,"height":960,"caption":"Futbolhoy.co"},"image":{"@id":"https:\/\/futbolhoy.co\/#\/schema\/logo\/image\/"},"sameAs":["https:\/\/www.facebook.com\/FutbolHoyCol\/","https:\/\/x.com\/FutbolHoyCol","https:\/\/www.instagram.com\/futbolhoycol\/"]},{"@type":"Person","@id":"https:\/\/futbolhoy.co\/#\/schema\/person\/c4a353a512b127643723a34bb1812f7d","name":"Laura Hern\u00e1ndez","image":{"@type":"ImageObject","inLanguage":"es","@id":"https:\/\/futbolhoy.co\/#\/schema\/person\/image\/","url":"https:\/\/secure.gravatar.com\/avatar\/d25959a15b9b293a743f99181c7cfd01?s=96&d=mm&r=g","contentUrl":"https:\/\/secure.gravatar.com\/avatar\/d25959a15b9b293a743f99181c7cfd01?s=96&d=mm&r=g","caption":"Laura Hern\u00e1ndez"}}]}},"publishpress_future_action":{"enabled":false,"date":"2026-05-03 14:14:21","action":"change-status","newStatus":"draft","terms":[],"taxonomy":"category","extraData":[]},"publishpress_future_workflow_manual_trigger":{"enabledWorkflows":[]},"_links":{"self":[{"href":"https:\/\/futbolhoy.co\/index.php\/wp-json\/wp\/v2\/posts\/16249","targetHints":{"allow":["GET"]}}],"collection":[{"href":"https:\/\/futbolhoy.co\/index.php\/wp-json\/wp\/v2\/posts"}],"about":[{"href":"https:\/\/futbolhoy.co\/index.php\/wp-json\/wp\/v2\/types\/post"}],"author":[{"embeddable":true,"href":"https:\/\/futbolhoy.co\/index.php\/wp-json\/wp\/v2\/users\/5"}],"replies":[{"embeddable":true,"href":"https:\/\/futbolhoy.co\/index.php\/wp-json\/wp\/v2\/comments?post=16249"}],"version-history":[{"count":5,"href":"https:\/\/futbolhoy.co\/index.php\/wp-json\/wp\/v2\/posts\/16249\/revisions"}],"predecessor-version":[{"id":16302,"href":"https:\/\/futbolhoy.co\/index.php\/wp-json\/wp\/v2\/posts\/16249\/revisions\/16302"}],"wp:featuredmedia":[{"embeddable":true,"href":"https:\/\/futbolhoy.co\/index.php\/wp-json\/wp\/v2\/media\/16300"}],"wp:attachment":[{"href":"https:\/\/futbolhoy.co\/index.php\/wp-json\/wp\/v2\/media?parent=16249"}],"wp:term":[{"taxonomy":"category","embeddable":true,"href":"https:\/\/futbolhoy.co\/index.php\/wp-json\/wp\/v2\/categories?post=16249"},{"taxonomy":"post_tag","embeddable":true,"href":"https:\/\/futbolhoy.co\/index.php\/wp-json\/wp\/v2\/tags?post=16249"}],"curies":[{"name":"wp","href":"https:\/\/api.w.org\/{rel}","templated":true}]}}