{"id":16284,"date":"2018-04-19T13:26:37","date_gmt":"2018-04-19T18:26:37","guid":{"rendered":"http:\/\/futbolhoy.co\/?p=16284"},"modified":"2018-04-19T14:23:13","modified_gmt":"2018-04-19T19:23:13","slug":"aficionados-en-el-mundial-veran-las-decisiones-del-var","status":"publish","type":"post","link":"https:\/\/futbolhoy.co\/index.php\/2018\/04\/19\/aficionados-en-el-mundial-veran-las-decisiones-del-var\/","title":{"rendered":"Aficionados en el Mundial ver\u00e1n las decisiones del VAR"},"content":{"rendered":"<p style=\"text-align: justify;\">La\u00a0<strong>FIFA\u00a0<\/strong>seleccion\u00f3 13 \u00e1rbitros\u00a0<strong>VAR<\/strong>\u00a0para el\u00a0<strong>Mundial de Rusia<\/strong>\u00a0y anunci\u00f3 que las decisiones de \u00e9stos adopten se mostrar\u00e1n en pantallas gigantes en los estadios con su respectiva explicaci\u00f3n escrita.<\/p>\n<p style=\"text-align: justify;\">Para que los espectadores est\u00e9n informados, la FIFA ha previsto que en la sala de operaciones de v\u00eddeo (<strong>VOR<\/strong>) habr\u00e1 una persona que escuchar\u00e1 las decisiones que adopte el VAR y las comunicar\u00e1 tanto a los comentaristas de televisi\u00f3n como al personal del estadio responsable del manejo de las pantallas gigantes.<\/p>\n<p style=\"text-align: justify;\">En las pantallas de los escenarios se ofrecer\u00e1n repeticiones de las jugadas que sean revisadas por el\u00a0<strong>VAR<\/strong>\u00a0y se incluir\u00e1n subt\u00edtulos con las decisiones que adopte para que los aficionados las conozcan.<\/p>\n","protected":false},"excerpt":{"rendered":"<p>La\u00a0FIFA\u00a0seleccion\u00f3 13 \u00e1rbitros\u00a0VAR\u00a0para el\u00a0Mundial de Rusia\u00a0y anunci\u00f3 que las decisiones de \u00e9stos adopten se mostrar\u00e1n en pantallas gigantes en los estadios con su respectiva explicaci\u00f3n escrita. Para que los espectadores est\u00e9n informados, la FIFA ha previsto que en la sala de operaciones de v\u00eddeo (VOR) habr\u00e1 una persona que escuchar\u00e1 las decisiones que adopte el [&hellip;]<\/p>\n","protected":false},"author":5,"featured_media":5871,"comment_status":"open","ping_status":"open","sticky":false,"template":"","format":"standard","meta":{"_acf_changed":false,"footnotes":""},"categories":[6],"tags":[112,303,116],"class_list":{"0":"post-16284","1":"post","2":"type-post","3":"status-publish","4":"format-standard","5":"has-post-thumbnail","7":"category-mundial","8":"tag-mundial","9":"tag-rusia-2018","10":"tag-var"},"acf":[],"yoast_head":"<!-- This site is optimized with the Yoast SEO plugin v26.8 - https:\/\/yoast.com\/product\/yoast-seo-wordpress\/ -->\n<title>Aficionados en el Mundial ver\u00e1n las decisiones del VAR -<\/title>\n<meta name=\"robots\" content=\"index, follow, max-snippet:-1, max-image-preview:large, max-video-preview:-1\" \/>\n<link rel=\"canonical\" href=\"https:\/\/futbolhoy.co\/index.php\/2018\/04\/19\/aficionados-en-el-mundial-veran-las-decisiones-del-var\/\" \/>\n<meta property=\"og:locale\" content=\"es_ES\" \/>\n<meta property=\"og:type\" content=\"article\" \/>\n<meta property=\"og:title\" content=\"Aficionados en el Mundial ver\u00e1n las decisiones del VAR -\" \/>\n<meta property=\"og:description\" content=\"La\u00a0FIFA\u00a0seleccion\u00f3 13 \u00e1rbitros\u00a0VAR\u00a0para el\u00a0Mundial de Rusia\u00a0y anunci\u00f3 que las decisiones de \u00e9stos adopten se mostrar\u00e1n en pantallas gigantes en los estadios con su respectiva explicaci\u00f3n escrita. Para que los espectadores est\u00e9n informados, la FIFA ha previsto que en la sala de operaciones de v\u00eddeo (VOR) habr\u00e1 una persona que escuchar\u00e1 las decisiones que adopte el [&hellip;]\" \/>\n<meta property=\"og:url\" content=\"https:\/\/futbolhoy.co\/index.php\/2018\/04\/19\/aficionados-en-el-mundial-veran-las-decisiones-del-var\/\" \/>\n<meta property=\"article:publisher\" content=\"https:\/\/www.facebook.com\/FutbolHoyCol\/\" \/>\n<meta property=\"article:published_time\" content=\"2018-04-19T18:26:37+00:00\" \/>\n<meta property=\"article:modified_time\" content=\"2018-04-19T19:23:13+00:00\" \/>\n<meta property=\"og:image\" content=\"https:\/\/futbolhoy.co\/wp-content\/uploads\/2017\/09\/DKCA5ElWsAAl-v7.jpg\" \/>\n\t<meta property=\"og:image:width\" content=\"974\" \/>\n\t<meta property=\"og:image:height\" content=\"731\" \/>\n\t<meta property=\"og:image:type\" content=\"image\/jpeg\" \/>\n<meta name=\"author\" content=\"Laura Hern\u00e1ndez\" \/>\n<meta name=\"twitter:card\" content=\"summary_large_image\" \/>\n<meta name=\"twitter:creator\" content=\"@FutbolHoyCol\" \/>\n<meta name=\"twitter:site\" content=\"@FutbolHoyCol\" \/>\n<meta name=\"twitter:label1\" content=\"Escrito por\" \/>\n\t<meta name=\"twitter:data1\" content=\"Laura Hern\u00e1ndez\" \/>\n\t<meta name=\"twitter:label2\" content=\"Tiempo de lectura\" \/>\n\t<meta name=\"twitter:data2\" content=\"1 minuto\" \/>\n<script type=\"application\/ld+json\" class=\"yoast-schema-graph\">{\"@context\":\"https:\/\/schema.org\",\"@graph\":[{\"@type\":\"Article\",\"@id\":\"https:\/\/futbolhoy.co\/index.php\/2018\/04\/19\/aficionados-en-el-mundial-veran-las-decisiones-del-var\/#article\",\"isPartOf\":{\"@id\":\"https:\/\/futbolhoy.co\/index.php\/2018\/04\/19\/aficionados-en-el-mundial-veran-las-decisiones-del-var\/\"},\"author\":{\"name\":\"Laura Hern\u00e1ndez\",\"@id\":\"https:\/\/futbolhoy.co\/#\/schema\/person\/c4a353a512b127643723a34bb1812f7d\"},\"headline\":\"Aficionados en el Mundial ver\u00e1n las decisiones del VAR\",\"datePublished\":\"2018-04-19T18:26:37+00:00\",\"dateModified\":\"2018-04-19T19:23:13+00:00\",\"mainEntityOfPage\":{\"@id\":\"https:\/\/futbolhoy.co\/index.php\/2018\/04\/19\/aficionados-en-el-mundial-veran-las-decisiones-del-var\/\"},\"wordCount\":133,\"commentCount\":0,\"publisher\":{\"@id\":\"https:\/\/futbolhoy.co\/#organization\"},\"image\":{\"@id\":\"https:\/\/futbolhoy.co\/index.php\/2018\/04\/19\/aficionados-en-el-mundial-veran-las-decisiones-del-var\/#primaryimage\"},\"thumbnailUrl\":\"https:\/\/futbolhoy.co\/wp-content\/uploads\/2017\/09\/DKCA5ElWsAAl-v7.jpg\",\"keywords\":[\"Mundial\",\"Rusia 2018\",\"Var\"],\"articleSection\":[\"Mundial\"],\"inLanguage\":\"es\",\"potentialAction\":[{\"@type\":\"CommentAction\",\"name\":\"Comment\",\"target\":[\"https:\/\/futbolhoy.co\/index.php\/2018\/04\/19\/aficionados-en-el-mundial-veran-las-decisiones-del-var\/#respond\"]}]},{\"@type\":\"WebPage\",\"@id\":\"https:\/\/futbolhoy.co\/index.php\/2018\/04\/19\/aficionados-en-el-mundial-veran-las-decisiones-del-var\/\",\"url\":\"https:\/\/futbolhoy.co\/index.php\/2018\/04\/19\/aficionados-en-el-mundial-veran-las-decisiones-del-var\/\",\"name\":\"Aficionados en el Mundial ver\u00e1n las decisiones del VAR -\",\"isPartOf\":{\"@id\":\"https:\/\/futbolhoy.co\/#website\"},\"primaryImageOfPage\":{\"@id\":\"https:\/\/futbolhoy.co\/index.php\/2018\/04\/19\/aficionados-en-el-mundial-veran-las-decisiones-del-var\/#primaryimage\"},\"image\":{\"@id\":\"https:\/\/futbolhoy.co\/index.php\/2018\/04\/19\/aficionados-en-el-mundial-veran-las-decisiones-del-var\/#primaryimage\"},\"thumbnailUrl\":\"https:\/\/futbolhoy.co\/wp-content\/uploads\/2017\/09\/DKCA5ElWsAAl-v7.jpg\",\"datePublished\":\"2018-04-19T18:26:37+00:00\",\"dateModified\":\"2018-04-19T19:23:13+00:00\",\"breadcrumb\":{\"@id\":\"https:\/\/futbolhoy.co\/index.php\/2018\/04\/19\/aficionados-en-el-mundial-veran-las-decisiones-del-var\/#breadcrumb\"},\"inLanguage\":\"es\",\"potentialAction\":[{\"@type\":\"ReadAction\",\"target\":[\"https:\/\/futbolhoy.co\/index.php\/2018\/04\/19\/aficionados-en-el-mundial-veran-las-decisiones-del-var\/\"]}]},{\"@type\":\"ImageObject\",\"inLanguage\":\"es\",\"@id\":\"https:\/\/futbolhoy.co\/index.php\/2018\/04\/19\/aficionados-en-el-mundial-veran-las-decisiones-del-var\/#primaryimage\",\"url\":\"https:\/\/futbolhoy.co\/wp-content\/uploads\/2017\/09\/DKCA5ElWsAAl-v7.jpg\",\"contentUrl\":\"https:\/\/futbolhoy.co\/wp-content\/uploads\/2017\/09\/DKCA5ElWsAAl-v7.jpg\",\"width\":974,\"height\":731},{\"@type\":\"BreadcrumbList\",\"@id\":\"https:\/\/futbolhoy.co\/index.php\/2018\/04\/19\/aficionados-en-el-mundial-veran-las-decisiones-del-var\/#breadcrumb\",\"itemListElement\":[{\"@type\":\"ListItem\",\"position\":1,\"name\":\"Portada\",\"item\":\"https:\/\/futbolhoy.co\/\"},{\"@type\":\"ListItem\",\"position\":2,\"name\":\"Aficionados en el Mundial ver\u00e1n las decisiones del VAR\"}]},{\"@type\":\"WebSite\",\"@id\":\"https:\/\/futbolhoy.co\/#website\",\"url\":\"https:\/\/futbolhoy.co\/\",\"name\":\"FutbolHoy\",\"description\":\"\",\"publisher\":{\"@id\":\"https:\/\/futbolhoy.co\/#organization\"},\"potentialAction\":[{\"@type\":\"SearchAction\",\"target\":{\"@type\":\"EntryPoint\",\"urlTemplate\":\"https:\/\/futbolhoy.co\/?s={search_term_string}\"},\"query-input\":{\"@type\":\"PropertyValueSpecification\",\"valueRequired\":true,\"valueName\":\"search_term_string\"}}],\"inLanguage\":\"es\"},{\"@type\":\"Organization\",\"@id\":\"https:\/\/futbolhoy.co\/#organization\",\"name\":\"Futbolhoy.co\",\"url\":\"https:\/\/futbolhoy.co\/\",\"logo\":{\"@type\":\"ImageObject\",\"inLanguage\":\"es\",\"@id\":\"https:\/\/futbolhoy.co\/#\/schema\/logo\/image\/\",\"url\":\"https:\/\/futbolhoy.co\/wp-content\/uploads\/2018\/08\/17426380_1906371736249227_6326180412931521141_n.jpg\",\"contentUrl\":\"https:\/\/futbolhoy.co\/wp-content\/uploads\/2018\/08\/17426380_1906371736249227_6326180412931521141_n.jpg\",\"width\":960,\"height\":960,\"caption\":\"Futbolhoy.co\"},\"image\":{\"@id\":\"https:\/\/futbolhoy.co\/#\/schema\/logo\/image\/\"},\"sameAs\":[\"https:\/\/www.facebook.com\/FutbolHoyCol\/\",\"https:\/\/x.com\/FutbolHoyCol\",\"https:\/\/www.instagram.com\/futbolhoycol\/\"]},{\"@type\":\"Person\",\"@id\":\"https:\/\/futbolhoy.co\/#\/schema\/person\/c4a353a512b127643723a34bb1812f7d\",\"name\":\"Laura Hern\u00e1ndez\",\"image\":{\"@type\":\"ImageObject\",\"inLanguage\":\"es\",\"@id\":\"https:\/\/futbolhoy.co\/#\/schema\/person\/image\/\",\"url\":\"https:\/\/secure.gravatar.com\/avatar\/d25959a15b9b293a743f99181c7cfd01?s=96&d=mm&r=g\",\"contentUrl\":\"https:\/\/secure.gravatar.com\/avatar\/d25959a15b9b293a743f99181c7cfd01?s=96&d=mm&r=g\",\"caption\":\"Laura Hern\u00e1ndez\"}}]}<\/script>\n<!-- \/ Yoast SEO plugin. -->","yoast_head_json":{"title":"Aficionados en el Mundial ver\u00e1n las decisiones del VAR -","robots":{"index":"index","follow":"follow","max-snippet":"max-snippet:-1","max-image-preview":"max-image-preview:large","max-video-preview":"max-video-preview:-1"},"canonical":"https:\/\/futbolhoy.co\/index.php\/2018\/04\/19\/aficionados-en-el-mundial-veran-las-decisiones-del-var\/","og_locale":"es_ES","og_type":"article","og_title":"Aficionados en el Mundial ver\u00e1n las decisiones del VAR -","og_description":"La\u00a0FIFA\u00a0seleccion\u00f3 13 \u00e1rbitros\u00a0VAR\u00a0para el\u00a0Mundial de Rusia\u00a0y anunci\u00f3 que las decisiones de \u00e9stos adopten se mostrar\u00e1n en pantallas gigantes en los estadios con su respectiva explicaci\u00f3n escrita. Para que los espectadores est\u00e9n informados, la FIFA ha previsto que en la sala de operaciones de v\u00eddeo (VOR) habr\u00e1 una persona que escuchar\u00e1 las decisiones que adopte el [&hellip;]","og_url":"https:\/\/futbolhoy.co\/index.php\/2018\/04\/19\/aficionados-en-el-mundial-veran-las-decisiones-del-var\/","article_publisher":"https:\/\/www.facebook.com\/FutbolHoyCol\/","article_published_time":"2018-04-19T18:26:37+00:00","article_modified_time":"2018-04-19T19:23:13+00:00","og_image":[{"width":974,"height":731,"url":"https:\/\/futbolhoy.co\/wp-content\/uploads\/2017\/09\/DKCA5ElWsAAl-v7.jpg","type":"image\/jpeg"}],"author":"Laura Hern\u00e1ndez","twitter_card":"summary_large_image","twitter_creator":"@FutbolHoyCol","twitter_site":"@FutbolHoyCol","twitter_misc":{"Escrito por":"Laura Hern\u00e1ndez","Tiempo de lectura":"1 minuto"},"schema":{"@context":"https:\/\/schema.org","@graph":[{"@type":"Article","@id":"https:\/\/futbolhoy.co\/index.php\/2018\/04\/19\/aficionados-en-el-mundial-veran-las-decisiones-del-var\/#article","isPartOf":{"@id":"https:\/\/futbolhoy.co\/index.php\/2018\/04\/19\/aficionados-en-el-mundial-veran-las-decisiones-del-var\/"},"author":{"name":"Laura Hern\u00e1ndez","@id":"https:\/\/futbolhoy.co\/#\/schema\/person\/c4a353a512b127643723a34bb1812f7d"},"headline":"Aficionados en el Mundial ver\u00e1n las decisiones del VAR","datePublished":"2018-04-19T18:26:37+00:00","dateModified":"2018-04-19T19:23:13+00:00","mainEntityOfPage":{"@id":"https:\/\/futbolhoy.co\/index.php\/2018\/04\/19\/aficionados-en-el-mundial-veran-las-decisiones-del-var\/"},"wordCount":133,"commentCount":0,"publisher":{"@id":"https:\/\/futbolhoy.co\/#organization"},"image":{"@id":"https:\/\/futbolhoy.co\/index.php\/2018\/04\/19\/aficionados-en-el-mundial-veran-las-decisiones-del-var\/#primaryimage"},"thumbnailUrl":"https:\/\/futbolhoy.co\/wp-content\/uploads\/2017\/09\/DKCA5ElWsAAl-v7.jpg","keywords":["Mundial","Rusia 2018","Var"],"articleSection":["Mundial"],"inLanguage":"es","potentialAction":[{"@type":"CommentAction","name":"Comment","target":["https:\/\/futbolhoy.co\/index.php\/2018\/04\/19\/aficionados-en-el-mundial-veran-las-decisiones-del-var\/#respond"]}]},{"@type":"WebPage","@id":"https:\/\/futbolhoy.co\/index.php\/2018\/04\/19\/aficionados-en-el-mundial-veran-las-decisiones-del-var\/","url":"https:\/\/futbolhoy.co\/index.php\/2018\/04\/19\/aficionados-en-el-mundial-veran-las-decisiones-del-var\/","name":"Aficionados en el Mundial ver\u00e1n las decisiones del VAR -","isPartOf":{"@id":"https:\/\/futbolhoy.co\/#website"},"primaryImageOfPage":{"@id":"https:\/\/futbolhoy.co\/index.php\/2018\/04\/19\/aficionados-en-el-mundial-veran-las-decisiones-del-var\/#primaryimage"},"image":{"@id":"https:\/\/futbolhoy.co\/index.php\/2018\/04\/19\/aficionados-en-el-mundial-veran-las-decisiones-del-var\/#primaryimage"},"thumbnailUrl":"https:\/\/futbolhoy.co\/wp-content\/uploads\/2017\/09\/DKCA5ElWsAAl-v7.jpg","datePublished":"2018-04-19T18:26:37+00:00","dateModified":"2018-04-19T19:23:13+00:00","breadcrumb":{"@id":"https:\/\/futbolhoy.co\/index.php\/2018\/04\/19\/aficionados-en-el-mundial-veran-las-decisiones-del-var\/#breadcrumb"},"inLanguage":"es","potentialAction":[{"@type":"ReadAction","target":["https:\/\/futbolhoy.co\/index.php\/2018\/04\/19\/aficionados-en-el-mundial-veran-las-decisiones-del-var\/"]}]},{"@type":"ImageObject","inLanguage":"es","@id":"https:\/\/futbolhoy.co\/index.php\/2018\/04\/19\/aficionados-en-el-mundial-veran-las-decisiones-del-var\/#primaryimage","url":"https:\/\/futbolhoy.co\/wp-content\/uploads\/2017\/09\/DKCA5ElWsAAl-v7.jpg","contentUrl":"https:\/\/futbolhoy.co\/wp-content\/uploads\/2017\/09\/DKCA5ElWsAAl-v7.jpg","width":974,"height":731},{"@type":"BreadcrumbList","@id":"https:\/\/futbolhoy.co\/index.php\/2018\/04\/19\/aficionados-en-el-mundial-veran-las-decisiones-del-var\/#breadcrumb","itemListElement":[{"@type":"ListItem","position":1,"name":"Portada","item":"https:\/\/futbolhoy.co\/"},{"@type":"ListItem","position":2,"name":"Aficionados en el Mundial ver\u00e1n las decisiones del VAR"}]},{"@type":"WebSite","@id":"https:\/\/futbolhoy.co\/#website","url":"https:\/\/futbolhoy.co\/","name":"FutbolHoy","description":"","publisher":{"@id":"https:\/\/futbolhoy.co\/#organization"},"potentialAction":[{"@type":"SearchAction","target":{"@type":"EntryPoint","urlTemplate":"https:\/\/futbolhoy.co\/?s={search_term_string}"},"query-input":{"@type":"PropertyValueSpecification","valueRequired":true,"valueName":"search_term_string"}}],"inLanguage":"es"},{"@type":"Organization","@id":"https:\/\/futbolhoy.co\/#organization","name":"Futbolhoy.co","url":"https:\/\/futbolhoy.co\/","logo":{"@type":"ImageObject","inLanguage":"es","@id":"https:\/\/futbolhoy.co\/#\/schema\/logo\/image\/","url":"https:\/\/futbolhoy.co\/wp-content\/uploads\/2018\/08\/17426380_1906371736249227_6326180412931521141_n.jpg","contentUrl":"https:\/\/futbolhoy.co\/wp-content\/uploads\/2018\/08\/17426380_1906371736249227_6326180412931521141_n.jpg","width":960,"height":960,"caption":"Futbolhoy.co"},"image":{"@id":"https:\/\/futbolhoy.co\/#\/schema\/logo\/image\/"},"sameAs":["https:\/\/www.facebook.com\/FutbolHoyCol\/","https:\/\/x.com\/FutbolHoyCol","https:\/\/www.instagram.com\/futbolhoycol\/"]},{"@type":"Person","@id":"https:\/\/futbolhoy.co\/#\/schema\/person\/c4a353a512b127643723a34bb1812f7d","name":"Laura Hern\u00e1ndez","image":{"@type":"ImageObject","inLanguage":"es","@id":"https:\/\/futbolhoy.co\/#\/schema\/person\/image\/","url":"https:\/\/secure.gravatar.com\/avatar\/d25959a15b9b293a743f99181c7cfd01?s=96&d=mm&r=g","contentUrl":"https:\/\/secure.gravatar.com\/avatar\/d25959a15b9b293a743f99181c7cfd01?s=96&d=mm&r=g","caption":"Laura Hern\u00e1ndez"}}]}},"publishpress_future_action":{"enabled":false,"date":"2026-05-03 12:49:03","action":"change-status","newStatus":"draft","terms":[],"taxonomy":"category","extraData":[]},"publishpress_future_workflow_manual_trigger":{"enabledWorkflows":[]},"_links":{"self":[{"href":"https:\/\/futbolhoy.co\/index.php\/wp-json\/wp\/v2\/posts\/16284","targetHints":{"allow":["GET"]}}],"collection":[{"href":"https:\/\/futbolhoy.co\/index.php\/wp-json\/wp\/v2\/posts"}],"about":[{"href":"https:\/\/futbolhoy.co\/index.php\/wp-json\/wp\/v2\/types\/post"}],"author":[{"embeddable":true,"href":"https:\/\/futbolhoy.co\/index.php\/wp-json\/wp\/v2\/users\/5"}],"replies":[{"embeddable":true,"href":"https:\/\/futbolhoy.co\/index.php\/wp-json\/wp\/v2\/comments?post=16284"}],"version-history":[{"count":1,"href":"https:\/\/futbolhoy.co\/index.php\/wp-json\/wp\/v2\/posts\/16284\/revisions"}],"predecessor-version":[{"id":16287,"href":"https:\/\/futbolhoy.co\/index.php\/wp-json\/wp\/v2\/posts\/16284\/revisions\/16287"}],"wp:featuredmedia":[{"embeddable":true,"href":"https:\/\/futbolhoy.co\/index.php\/wp-json\/wp\/v2\/media\/5871"}],"wp:attachment":[{"href":"https:\/\/futbolhoy.co\/index.php\/wp-json\/wp\/v2\/media?parent=16284"}],"wp:term":[{"taxonomy":"category","embeddable":true,"href":"https:\/\/futbolhoy.co\/index.php\/wp-json\/wp\/v2\/categories?post=16284"},{"taxonomy":"post_tag","embeddable":true,"href":"https:\/\/futbolhoy.co\/index.php\/wp-json\/wp\/v2\/tags?post=16284"}],"curies":[{"name":"wp","href":"https:\/\/api.w.org\/{rel}","templated":true}]}}