{"id":16303,"date":"2018-04-20T08:01:28","date_gmt":"2018-04-20T13:01:28","guid":{"rendered":"http:\/\/futbolhoy.co\/?p=16303"},"modified":"2018-04-21T13:13:26","modified_gmt":"2018-04-21T18:13:26","slug":"wenger-deja-el-banquillo-del-arsenal","status":"publish","type":"post","link":"https:\/\/futbolhoy.co\/index.php\/2018\/04\/20\/wenger-deja-el-banquillo-del-arsenal\/","title":{"rendered":"Wenger deja el banquillo del Arsenal"},"content":{"rendered":"<div style=\"text-align: justify;\">\n<p>El franc\u00e9s\u00a0<strong>Arsene Wenger<\/strong>, de 68 a\u00f1os,\u00a0dejar\u00e1 al final de la temporada el cargo de director t\u00e9cnico del <strong>Arsenal<\/strong> de Inglaterra, donde milita el arquero colombiano\u00a0<strong>David Ospina<\/strong>, luego de 22 a\u00f1os al frente del equipo, donde alcanz\u00f3 tres t\u00edtulos de <strong>Liga Premier,<\/strong> siete de la <strong>FA Cup<\/strong> y siete de la\u00a0<strong>Community Shield<\/strong>\u00a0(Supercopa de Inglaterra)<\/p>\n<p>Bajo las \u00f3rdenes de Wenger, el\u00a0<strong>Arsenal<\/strong>\u00a0perdi\u00f3 la final de la\u00a0<strong>Champions<\/strong>\u00a0en 2006 contra el\u00a0<strong>Barcelona\u00a0<\/strong>y gan\u00f3 la Premier 2003-2004 de manera\u00a0 invicta.<\/p>\n<p>Dentro de los reconocimientos personales obtuvo el galard\u00f3n de mejor entrenador de la Liga inglesa en 1998, 2002 y\u00a02004; adem\u00e1s del premio a mejor t\u00e9cnico de la d\u00e9cada, seg\u00fan la\u00a0<strong>IFFHS<\/strong>, en 2010.<\/p>\n<p>Actualmente est\u00e1 clasificado a semifinales de la\u00a0<strong>Liga de Europa<\/strong>\u00a0en la que enfrentar\u00e1 al\u00a0<strong>Atl\u00e9tico de Madrid<\/strong>.<\/p>\n<p>\"Despu\u00e9s de considerarlo y haberlo discutido con el club, he sentido que es el momento justo para apartarme a un lado al final de esta temporada\", explic\u00f3 el entrenador franc\u00e9s.<\/p>\n<p>Hasta el momento Wenger ha dirigido 1200 partidos a los 'gunners' con 691 victorias, 273 empates\u00a0y 236 derrotas. Rendimiento del 57,58 %.<\/p>\n<\/div>\n","protected":false},"excerpt":{"rendered":"<p>El franc\u00e9s\u00a0Arsene Wenger, de 68 a\u00f1os,\u00a0dejar\u00e1 al final de la temporada el cargo de director t\u00e9cnico del Arsenal de Inglaterra, donde milita el arquero colombiano\u00a0David Ospina, luego de 22 a\u00f1os al frente del equipo, donde alcanz\u00f3 tres t\u00edtulos de Liga Premier, siete de la FA Cup y siete de la\u00a0Community Shield\u00a0(Supercopa de Inglaterra) Bajo las [&hellip;]<\/p>\n","protected":false},"author":5,"featured_media":16304,"comment_status":"open","ping_status":"open","sticky":false,"template":"","format":"standard","meta":{"_acf_changed":false,"footnotes":""},"categories":[152],"tags":[372,382],"class_list":{"0":"post-16303","1":"post","2":"type-post","3":"status-publish","4":"format-standard","5":"has-post-thumbnail","7":"category-mundo-futbol","8":"tag-arsenal","9":"tag-wenger"},"acf":[],"yoast_head":"<!-- This site is optimized with the Yoast SEO plugin v26.8 - https:\/\/yoast.com\/product\/yoast-seo-wordpress\/ -->\n<title>Wenger deja el banquillo del Arsenal -<\/title>\n<meta name=\"robots\" content=\"index, follow, max-snippet:-1, max-image-preview:large, max-video-preview:-1\" \/>\n<link rel=\"canonical\" href=\"https:\/\/futbolhoy.co\/index.php\/2018\/04\/20\/wenger-deja-el-banquillo-del-arsenal\/\" \/>\n<meta property=\"og:locale\" content=\"es_ES\" \/>\n<meta property=\"og:type\" content=\"article\" \/>\n<meta property=\"og:title\" content=\"Wenger deja el banquillo del Arsenal -\" \/>\n<meta property=\"og:description\" content=\"El franc\u00e9s\u00a0Arsene Wenger, de 68 a\u00f1os,\u00a0dejar\u00e1 al final de la temporada el cargo de director t\u00e9cnico del Arsenal de Inglaterra, donde milita el arquero colombiano\u00a0David Ospina, luego de 22 a\u00f1os al frente del equipo, donde alcanz\u00f3 tres t\u00edtulos de Liga Premier, siete de la FA Cup y siete de la\u00a0Community Shield\u00a0(Supercopa de Inglaterra) Bajo las [&hellip;]\" \/>\n<meta property=\"og:url\" content=\"https:\/\/futbolhoy.co\/index.php\/2018\/04\/20\/wenger-deja-el-banquillo-del-arsenal\/\" \/>\n<meta property=\"article:publisher\" content=\"https:\/\/www.facebook.com\/FutbolHoyCol\/\" \/>\n<meta property=\"article:published_time\" content=\"2018-04-20T13:01:28+00:00\" \/>\n<meta property=\"article:modified_time\" content=\"2018-04-21T18:13:26+00:00\" \/>\n<meta property=\"og:image\" content=\"https:\/\/futbolhoy.co\/wp-content\/uploads\/2018\/04\/Wenge.jpg\" \/>\n\t<meta property=\"og:image:width\" content=\"1200\" \/>\n\t<meta property=\"og:image:height\" content=\"828\" \/>\n\t<meta property=\"og:image:type\" content=\"image\/jpeg\" \/>\n<meta name=\"author\" content=\"Laura Hern\u00e1ndez\" \/>\n<meta name=\"twitter:card\" content=\"summary_large_image\" \/>\n<meta name=\"twitter:creator\" content=\"@FutbolHoyCol\" \/>\n<meta name=\"twitter:site\" content=\"@FutbolHoyCol\" \/>\n<meta name=\"twitter:label1\" content=\"Escrito por\" \/>\n\t<meta name=\"twitter:data1\" content=\"Laura Hern\u00e1ndez\" \/>\n\t<meta name=\"twitter:label2\" content=\"Tiempo de lectura\" \/>\n\t<meta name=\"twitter:data2\" content=\"1 minuto\" \/>\n<script type=\"application\/ld+json\" class=\"yoast-schema-graph\">{\"@context\":\"https:\/\/schema.org\",\"@graph\":[{\"@type\":\"Article\",\"@id\":\"https:\/\/futbolhoy.co\/index.php\/2018\/04\/20\/wenger-deja-el-banquillo-del-arsenal\/#article\",\"isPartOf\":{\"@id\":\"https:\/\/futbolhoy.co\/index.php\/2018\/04\/20\/wenger-deja-el-banquillo-del-arsenal\/\"},\"author\":{\"name\":\"Laura Hern\u00e1ndez\",\"@id\":\"https:\/\/futbolhoy.co\/#\/schema\/person\/c4a353a512b127643723a34bb1812f7d\"},\"headline\":\"Wenger deja el banquillo del Arsenal\",\"datePublished\":\"2018-04-20T13:01:28+00:00\",\"dateModified\":\"2018-04-21T18:13:26+00:00\",\"mainEntityOfPage\":{\"@id\":\"https:\/\/futbolhoy.co\/index.php\/2018\/04\/20\/wenger-deja-el-banquillo-del-arsenal\/\"},\"wordCount\":195,\"commentCount\":0,\"publisher\":{\"@id\":\"https:\/\/futbolhoy.co\/#organization\"},\"image\":{\"@id\":\"https:\/\/futbolhoy.co\/index.php\/2018\/04\/20\/wenger-deja-el-banquillo-del-arsenal\/#primaryimage\"},\"thumbnailUrl\":\"https:\/\/futbolhoy.co\/wp-content\/uploads\/2018\/04\/Wenge.jpg\",\"keywords\":[\"Arsenal\",\"Wenger\"],\"articleSection\":[\"Mundo Futbol\"],\"inLanguage\":\"es\",\"potentialAction\":[{\"@type\":\"CommentAction\",\"name\":\"Comment\",\"target\":[\"https:\/\/futbolhoy.co\/index.php\/2018\/04\/20\/wenger-deja-el-banquillo-del-arsenal\/#respond\"]}]},{\"@type\":\"WebPage\",\"@id\":\"https:\/\/futbolhoy.co\/index.php\/2018\/04\/20\/wenger-deja-el-banquillo-del-arsenal\/\",\"url\":\"https:\/\/futbolhoy.co\/index.php\/2018\/04\/20\/wenger-deja-el-banquillo-del-arsenal\/\",\"name\":\"Wenger deja el banquillo del Arsenal -\",\"isPartOf\":{\"@id\":\"https:\/\/futbolhoy.co\/#website\"},\"primaryImageOfPage\":{\"@id\":\"https:\/\/futbolhoy.co\/index.php\/2018\/04\/20\/wenger-deja-el-banquillo-del-arsenal\/#primaryimage\"},\"image\":{\"@id\":\"https:\/\/futbolhoy.co\/index.php\/2018\/04\/20\/wenger-deja-el-banquillo-del-arsenal\/#primaryimage\"},\"thumbnailUrl\":\"https:\/\/futbolhoy.co\/wp-content\/uploads\/2018\/04\/Wenge.jpg\",\"datePublished\":\"2018-04-20T13:01:28+00:00\",\"dateModified\":\"2018-04-21T18:13:26+00:00\",\"breadcrumb\":{\"@id\":\"https:\/\/futbolhoy.co\/index.php\/2018\/04\/20\/wenger-deja-el-banquillo-del-arsenal\/#breadcrumb\"},\"inLanguage\":\"es\",\"potentialAction\":[{\"@type\":\"ReadAction\",\"target\":[\"https:\/\/futbolhoy.co\/index.php\/2018\/04\/20\/wenger-deja-el-banquillo-del-arsenal\/\"]}]},{\"@type\":\"ImageObject\",\"inLanguage\":\"es\",\"@id\":\"https:\/\/futbolhoy.co\/index.php\/2018\/04\/20\/wenger-deja-el-banquillo-del-arsenal\/#primaryimage\",\"url\":\"https:\/\/futbolhoy.co\/wp-content\/uploads\/2018\/04\/Wenge.jpg\",\"contentUrl\":\"https:\/\/futbolhoy.co\/wp-content\/uploads\/2018\/04\/Wenge.jpg\",\"width\":1200,\"height\":828,\"caption\":\"@arsenal\"},{\"@type\":\"BreadcrumbList\",\"@id\":\"https:\/\/futbolhoy.co\/index.php\/2018\/04\/20\/wenger-deja-el-banquillo-del-arsenal\/#breadcrumb\",\"itemListElement\":[{\"@type\":\"ListItem\",\"position\":1,\"name\":\"Portada\",\"item\":\"https:\/\/futbolhoy.co\/\"},{\"@type\":\"ListItem\",\"position\":2,\"name\":\"Wenger deja el banquillo del Arsenal\"}]},{\"@type\":\"WebSite\",\"@id\":\"https:\/\/futbolhoy.co\/#website\",\"url\":\"https:\/\/futbolhoy.co\/\",\"name\":\"FutbolHoy\",\"description\":\"\",\"publisher\":{\"@id\":\"https:\/\/futbolhoy.co\/#organization\"},\"potentialAction\":[{\"@type\":\"SearchAction\",\"target\":{\"@type\":\"EntryPoint\",\"urlTemplate\":\"https:\/\/futbolhoy.co\/?s={search_term_string}\"},\"query-input\":{\"@type\":\"PropertyValueSpecification\",\"valueRequired\":true,\"valueName\":\"search_term_string\"}}],\"inLanguage\":\"es\"},{\"@type\":\"Organization\",\"@id\":\"https:\/\/futbolhoy.co\/#organization\",\"name\":\"Futbolhoy.co\",\"url\":\"https:\/\/futbolhoy.co\/\",\"logo\":{\"@type\":\"ImageObject\",\"inLanguage\":\"es\",\"@id\":\"https:\/\/futbolhoy.co\/#\/schema\/logo\/image\/\",\"url\":\"https:\/\/futbolhoy.co\/wp-content\/uploads\/2018\/08\/17426380_1906371736249227_6326180412931521141_n.jpg\",\"contentUrl\":\"https:\/\/futbolhoy.co\/wp-content\/uploads\/2018\/08\/17426380_1906371736249227_6326180412931521141_n.jpg\",\"width\":960,\"height\":960,\"caption\":\"Futbolhoy.co\"},\"image\":{\"@id\":\"https:\/\/futbolhoy.co\/#\/schema\/logo\/image\/\"},\"sameAs\":[\"https:\/\/www.facebook.com\/FutbolHoyCol\/\",\"https:\/\/x.com\/FutbolHoyCol\",\"https:\/\/www.instagram.com\/futbolhoycol\/\"]},{\"@type\":\"Person\",\"@id\":\"https:\/\/futbolhoy.co\/#\/schema\/person\/c4a353a512b127643723a34bb1812f7d\",\"name\":\"Laura Hern\u00e1ndez\",\"image\":{\"@type\":\"ImageObject\",\"inLanguage\":\"es\",\"@id\":\"https:\/\/futbolhoy.co\/#\/schema\/person\/image\/\",\"url\":\"https:\/\/secure.gravatar.com\/avatar\/d25959a15b9b293a743f99181c7cfd01?s=96&d=mm&r=g\",\"contentUrl\":\"https:\/\/secure.gravatar.com\/avatar\/d25959a15b9b293a743f99181c7cfd01?s=96&d=mm&r=g\",\"caption\":\"Laura Hern\u00e1ndez\"}}]}<\/script>\n<!-- \/ Yoast SEO plugin. -->","yoast_head_json":{"title":"Wenger deja el banquillo del Arsenal -","robots":{"index":"index","follow":"follow","max-snippet":"max-snippet:-1","max-image-preview":"max-image-preview:large","max-video-preview":"max-video-preview:-1"},"canonical":"https:\/\/futbolhoy.co\/index.php\/2018\/04\/20\/wenger-deja-el-banquillo-del-arsenal\/","og_locale":"es_ES","og_type":"article","og_title":"Wenger deja el banquillo del Arsenal -","og_description":"El franc\u00e9s\u00a0Arsene Wenger, de 68 a\u00f1os,\u00a0dejar\u00e1 al final de la temporada el cargo de director t\u00e9cnico del Arsenal de Inglaterra, donde milita el arquero colombiano\u00a0David Ospina, luego de 22 a\u00f1os al frente del equipo, donde alcanz\u00f3 tres t\u00edtulos de Liga Premier, siete de la FA Cup y siete de la\u00a0Community Shield\u00a0(Supercopa de Inglaterra) Bajo las [&hellip;]","og_url":"https:\/\/futbolhoy.co\/index.php\/2018\/04\/20\/wenger-deja-el-banquillo-del-arsenal\/","article_publisher":"https:\/\/www.facebook.com\/FutbolHoyCol\/","article_published_time":"2018-04-20T13:01:28+00:00","article_modified_time":"2018-04-21T18:13:26+00:00","og_image":[{"width":1200,"height":828,"url":"https:\/\/futbolhoy.co\/wp-content\/uploads\/2018\/04\/Wenge.jpg","type":"image\/jpeg"}],"author":"Laura Hern\u00e1ndez","twitter_card":"summary_large_image","twitter_creator":"@FutbolHoyCol","twitter_site":"@FutbolHoyCol","twitter_misc":{"Escrito por":"Laura Hern\u00e1ndez","Tiempo de lectura":"1 minuto"},"schema":{"@context":"https:\/\/schema.org","@graph":[{"@type":"Article","@id":"https:\/\/futbolhoy.co\/index.php\/2018\/04\/20\/wenger-deja-el-banquillo-del-arsenal\/#article","isPartOf":{"@id":"https:\/\/futbolhoy.co\/index.php\/2018\/04\/20\/wenger-deja-el-banquillo-del-arsenal\/"},"author":{"name":"Laura Hern\u00e1ndez","@id":"https:\/\/futbolhoy.co\/#\/schema\/person\/c4a353a512b127643723a34bb1812f7d"},"headline":"Wenger deja el banquillo del Arsenal","datePublished":"2018-04-20T13:01:28+00:00","dateModified":"2018-04-21T18:13:26+00:00","mainEntityOfPage":{"@id":"https:\/\/futbolhoy.co\/index.php\/2018\/04\/20\/wenger-deja-el-banquillo-del-arsenal\/"},"wordCount":195,"commentCount":0,"publisher":{"@id":"https:\/\/futbolhoy.co\/#organization"},"image":{"@id":"https:\/\/futbolhoy.co\/index.php\/2018\/04\/20\/wenger-deja-el-banquillo-del-arsenal\/#primaryimage"},"thumbnailUrl":"https:\/\/futbolhoy.co\/wp-content\/uploads\/2018\/04\/Wenge.jpg","keywords":["Arsenal","Wenger"],"articleSection":["Mundo Futbol"],"inLanguage":"es","potentialAction":[{"@type":"CommentAction","name":"Comment","target":["https:\/\/futbolhoy.co\/index.php\/2018\/04\/20\/wenger-deja-el-banquillo-del-arsenal\/#respond"]}]},{"@type":"WebPage","@id":"https:\/\/futbolhoy.co\/index.php\/2018\/04\/20\/wenger-deja-el-banquillo-del-arsenal\/","url":"https:\/\/futbolhoy.co\/index.php\/2018\/04\/20\/wenger-deja-el-banquillo-del-arsenal\/","name":"Wenger deja el banquillo del Arsenal -","isPartOf":{"@id":"https:\/\/futbolhoy.co\/#website"},"primaryImageOfPage":{"@id":"https:\/\/futbolhoy.co\/index.php\/2018\/04\/20\/wenger-deja-el-banquillo-del-arsenal\/#primaryimage"},"image":{"@id":"https:\/\/futbolhoy.co\/index.php\/2018\/04\/20\/wenger-deja-el-banquillo-del-arsenal\/#primaryimage"},"thumbnailUrl":"https:\/\/futbolhoy.co\/wp-content\/uploads\/2018\/04\/Wenge.jpg","datePublished":"2018-04-20T13:01:28+00:00","dateModified":"2018-04-21T18:13:26+00:00","breadcrumb":{"@id":"https:\/\/futbolhoy.co\/index.php\/2018\/04\/20\/wenger-deja-el-banquillo-del-arsenal\/#breadcrumb"},"inLanguage":"es","potentialAction":[{"@type":"ReadAction","target":["https:\/\/futbolhoy.co\/index.php\/2018\/04\/20\/wenger-deja-el-banquillo-del-arsenal\/"]}]},{"@type":"ImageObject","inLanguage":"es","@id":"https:\/\/futbolhoy.co\/index.php\/2018\/04\/20\/wenger-deja-el-banquillo-del-arsenal\/#primaryimage","url":"https:\/\/futbolhoy.co\/wp-content\/uploads\/2018\/04\/Wenge.jpg","contentUrl":"https:\/\/futbolhoy.co\/wp-content\/uploads\/2018\/04\/Wenge.jpg","width":1200,"height":828,"caption":"@arsenal"},{"@type":"BreadcrumbList","@id":"https:\/\/futbolhoy.co\/index.php\/2018\/04\/20\/wenger-deja-el-banquillo-del-arsenal\/#breadcrumb","itemListElement":[{"@type":"ListItem","position":1,"name":"Portada","item":"https:\/\/futbolhoy.co\/"},{"@type":"ListItem","position":2,"name":"Wenger deja el banquillo del Arsenal"}]},{"@type":"WebSite","@id":"https:\/\/futbolhoy.co\/#website","url":"https:\/\/futbolhoy.co\/","name":"FutbolHoy","description":"","publisher":{"@id":"https:\/\/futbolhoy.co\/#organization"},"potentialAction":[{"@type":"SearchAction","target":{"@type":"EntryPoint","urlTemplate":"https:\/\/futbolhoy.co\/?s={search_term_string}"},"query-input":{"@type":"PropertyValueSpecification","valueRequired":true,"valueName":"search_term_string"}}],"inLanguage":"es"},{"@type":"Organization","@id":"https:\/\/futbolhoy.co\/#organization","name":"Futbolhoy.co","url":"https:\/\/futbolhoy.co\/","logo":{"@type":"ImageObject","inLanguage":"es","@id":"https:\/\/futbolhoy.co\/#\/schema\/logo\/image\/","url":"https:\/\/futbolhoy.co\/wp-content\/uploads\/2018\/08\/17426380_1906371736249227_6326180412931521141_n.jpg","contentUrl":"https:\/\/futbolhoy.co\/wp-content\/uploads\/2018\/08\/17426380_1906371736249227_6326180412931521141_n.jpg","width":960,"height":960,"caption":"Futbolhoy.co"},"image":{"@id":"https:\/\/futbolhoy.co\/#\/schema\/logo\/image\/"},"sameAs":["https:\/\/www.facebook.com\/FutbolHoyCol\/","https:\/\/x.com\/FutbolHoyCol","https:\/\/www.instagram.com\/futbolhoycol\/"]},{"@type":"Person","@id":"https:\/\/futbolhoy.co\/#\/schema\/person\/c4a353a512b127643723a34bb1812f7d","name":"Laura Hern\u00e1ndez","image":{"@type":"ImageObject","inLanguage":"es","@id":"https:\/\/futbolhoy.co\/#\/schema\/person\/image\/","url":"https:\/\/secure.gravatar.com\/avatar\/d25959a15b9b293a743f99181c7cfd01?s=96&d=mm&r=g","contentUrl":"https:\/\/secure.gravatar.com\/avatar\/d25959a15b9b293a743f99181c7cfd01?s=96&d=mm&r=g","caption":"Laura Hern\u00e1ndez"}}]}},"publishpress_future_action":{"enabled":false,"date":"2026-05-03 21:24:24","action":"change-status","newStatus":"draft","terms":[],"taxonomy":"category","extraData":[]},"publishpress_future_workflow_manual_trigger":{"enabledWorkflows":[]},"_links":{"self":[{"href":"https:\/\/futbolhoy.co\/index.php\/wp-json\/wp\/v2\/posts\/16303","targetHints":{"allow":["GET"]}}],"collection":[{"href":"https:\/\/futbolhoy.co\/index.php\/wp-json\/wp\/v2\/posts"}],"about":[{"href":"https:\/\/futbolhoy.co\/index.php\/wp-json\/wp\/v2\/types\/post"}],"author":[{"embeddable":true,"href":"https:\/\/futbolhoy.co\/index.php\/wp-json\/wp\/v2\/users\/5"}],"replies":[{"embeddable":true,"href":"https:\/\/futbolhoy.co\/index.php\/wp-json\/wp\/v2\/comments?post=16303"}],"version-history":[{"count":3,"href":"https:\/\/futbolhoy.co\/index.php\/wp-json\/wp\/v2\/posts\/16303\/revisions"}],"predecessor-version":[{"id":16307,"href":"https:\/\/futbolhoy.co\/index.php\/wp-json\/wp\/v2\/posts\/16303\/revisions\/16307"}],"wp:featuredmedia":[{"embeddable":true,"href":"https:\/\/futbolhoy.co\/index.php\/wp-json\/wp\/v2\/media\/16304"}],"wp:attachment":[{"href":"https:\/\/futbolhoy.co\/index.php\/wp-json\/wp\/v2\/media?parent=16303"}],"wp:term":[{"taxonomy":"category","embeddable":true,"href":"https:\/\/futbolhoy.co\/index.php\/wp-json\/wp\/v2\/categories?post=16303"},{"taxonomy":"post_tag","embeddable":true,"href":"https:\/\/futbolhoy.co\/index.php\/wp-json\/wp\/v2\/tags?post=16303"}],"curies":[{"name":"wp","href":"https:\/\/api.w.org\/{rel}","templated":true}]}}