{"id":16308,"date":"2018-04-20T05:00:38","date_gmt":"2018-04-20T10:00:38","guid":{"rendered":"http:\/\/futbolhoy.co\/?p=16308"},"modified":"2018-04-20T11:34:35","modified_gmt":"2018-04-20T16:34:35","slug":"aguero-no-jugara-mas-esta-temporada-con-el-city","status":"publish","type":"post","link":"https:\/\/futbolhoy.co\/index.php\/2018\/04\/20\/aguero-no-jugara-mas-esta-temporada-con-el-city\/","title":{"rendered":"Ag\u00fcero no jugar\u00e1 m\u00e1s esta temporada con el City"},"content":{"rendered":"<p class=\"m_79925557881438900ydpa4fe436aMsoNormal\" style=\"text-align: justify;\">El t\u00e9cnico del\u00a0<b>M\u00e1nchester City<\/b>,\u00a0<b>Josep Guardiola<\/b>, anunci\u00f3 que el delantero y goleador del equipo, el argentino\u00a0<b>Sergio \u2018Kun\u2019 Ag\u00fcero<\/b>, no jugar\u00e1 en lo que resta de la temporada con el club brit\u00e1nico, pero estar\u00e1 listo para disputar con su selecci\u00f3n el<b>Mundial de Rusia<\/b>.<\/p>\n<p class=\"m_79925557881438900ydpa4fe436aMsoNormal\" style=\"text-align: justify;\">Ag\u00fcero fue operado de la rodilla izquierda y seg\u00fan el entrenador permanecer\u00e1 entre cuatro y cinco semanas de baja, por lo que llegar\u00eda justo a tiempo para la cita mundialista.<\/p>\n<p class=\"m_79925557881438900ydpa4fe436aMsoNormal\" style=\"text-align: justify;\">El argentino es el m\u00e1ximo anotador del City esta temporada con 30 anotaciones, donde fue pieza fundamental para alcanzar el t\u00edtulo de la\u00a0<b>Liga Premier<\/b>.<\/p>\n","protected":false},"excerpt":{"rendered":"<p>El t\u00e9cnico del\u00a0M\u00e1nchester City,\u00a0Josep Guardiola, anunci\u00f3 que el delantero y goleador del equipo, el argentino\u00a0Sergio \u2018Kun\u2019 Ag\u00fcero, no jugar\u00e1 en lo que resta de la temporada con el club brit\u00e1nico, pero estar\u00e1 listo para disputar con su selecci\u00f3n elMundial de Rusia. Ag\u00fcero fue operado de la rodilla izquierda y seg\u00fan el entrenador permanecer\u00e1 entre cuatro [&hellip;]<\/p>\n","protected":false},"author":5,"featured_media":16309,"comment_status":"open","ping_status":"open","sticky":false,"template":"","format":"standard","meta":{"_acf_changed":false,"footnotes":""},"categories":[5,152],"tags":[373,271],"class_list":{"0":"post-16308","1":"post","2":"type-post","3":"status-publish","4":"format-standard","5":"has-post-thumbnail","7":"category-destacados","8":"category-mundo-futbol","9":"tag-manchester-city","10":"tag-sergio-aguero"},"acf":[],"yoast_head":"<!-- This site is optimized with the Yoast SEO plugin v26.8 - https:\/\/yoast.com\/product\/yoast-seo-wordpress\/ -->\n<title>Ag\u00fcero no jugar\u00e1 m\u00e1s esta temporada con el City -<\/title>\n<meta name=\"robots\" content=\"index, follow, max-snippet:-1, max-image-preview:large, max-video-preview:-1\" \/>\n<link rel=\"canonical\" href=\"https:\/\/futbolhoy.co\/index.php\/2018\/04\/20\/aguero-no-jugara-mas-esta-temporada-con-el-city\/\" \/>\n<meta property=\"og:locale\" content=\"es_ES\" \/>\n<meta property=\"og:type\" content=\"article\" \/>\n<meta property=\"og:title\" content=\"Ag\u00fcero no jugar\u00e1 m\u00e1s esta temporada con el City -\" \/>\n<meta property=\"og:description\" content=\"El t\u00e9cnico del\u00a0M\u00e1nchester City,\u00a0Josep Guardiola, anunci\u00f3 que el delantero y goleador del equipo, el argentino\u00a0Sergio \u2018Kun\u2019 Ag\u00fcero, no jugar\u00e1 en lo que resta de la temporada con el club brit\u00e1nico, pero estar\u00e1 listo para disputar con su selecci\u00f3n elMundial de Rusia. Ag\u00fcero fue operado de la rodilla izquierda y seg\u00fan el entrenador permanecer\u00e1 entre cuatro [&hellip;]\" \/>\n<meta property=\"og:url\" content=\"https:\/\/futbolhoy.co\/index.php\/2018\/04\/20\/aguero-no-jugara-mas-esta-temporada-con-el-city\/\" \/>\n<meta property=\"article:publisher\" content=\"https:\/\/www.facebook.com\/FutbolHoyCol\/\" \/>\n<meta property=\"article:published_time\" content=\"2018-04-20T10:00:38+00:00\" \/>\n<meta property=\"article:modified_time\" content=\"2018-04-20T16:34:35+00:00\" \/>\n<meta property=\"og:image\" content=\"https:\/\/futbolhoy.co\/wp-content\/uploads\/2018\/04\/IMG_20180420_113356.jpg\" \/>\n\t<meta property=\"og:image:width\" content=\"1500\" \/>\n\t<meta property=\"og:image:height\" content=\"998\" \/>\n\t<meta property=\"og:image:type\" content=\"image\/jpeg\" \/>\n<meta name=\"author\" content=\"Laura Hern\u00e1ndez\" \/>\n<meta name=\"twitter:card\" content=\"summary_large_image\" \/>\n<meta name=\"twitter:creator\" content=\"@FutbolHoyCol\" \/>\n<meta name=\"twitter:site\" content=\"@FutbolHoyCol\" \/>\n<meta name=\"twitter:label1\" content=\"Escrito por\" \/>\n\t<meta name=\"twitter:data1\" content=\"Laura Hern\u00e1ndez\" \/>\n\t<meta name=\"twitter:label2\" content=\"Tiempo de lectura\" \/>\n\t<meta name=\"twitter:data2\" content=\"1 minuto\" \/>\n<script type=\"application\/ld+json\" class=\"yoast-schema-graph\">{\"@context\":\"https:\/\/schema.org\",\"@graph\":[{\"@type\":\"Article\",\"@id\":\"https:\/\/futbolhoy.co\/index.php\/2018\/04\/20\/aguero-no-jugara-mas-esta-temporada-con-el-city\/#article\",\"isPartOf\":{\"@id\":\"https:\/\/futbolhoy.co\/index.php\/2018\/04\/20\/aguero-no-jugara-mas-esta-temporada-con-el-city\/\"},\"author\":{\"name\":\"Laura Hern\u00e1ndez\",\"@id\":\"https:\/\/futbolhoy.co\/#\/schema\/person\/c4a353a512b127643723a34bb1812f7d\"},\"headline\":\"Ag\u00fcero no jugar\u00e1 m\u00e1s esta temporada con el City\",\"datePublished\":\"2018-04-20T10:00:38+00:00\",\"dateModified\":\"2018-04-20T16:34:35+00:00\",\"mainEntityOfPage\":{\"@id\":\"https:\/\/futbolhoy.co\/index.php\/2018\/04\/20\/aguero-no-jugara-mas-esta-temporada-con-el-city\/\"},\"wordCount\":119,\"commentCount\":0,\"publisher\":{\"@id\":\"https:\/\/futbolhoy.co\/#organization\"},\"image\":{\"@id\":\"https:\/\/futbolhoy.co\/index.php\/2018\/04\/20\/aguero-no-jugara-mas-esta-temporada-con-el-city\/#primaryimage\"},\"thumbnailUrl\":\"https:\/\/futbolhoy.co\/wp-content\/uploads\/2018\/04\/IMG_20180420_113356.jpg\",\"keywords\":[\"Manchester city\",\"Sergio Aguero\"],\"articleSection\":[\"Destacados\",\"Mundo Futbol\"],\"inLanguage\":\"es\",\"potentialAction\":[{\"@type\":\"CommentAction\",\"name\":\"Comment\",\"target\":[\"https:\/\/futbolhoy.co\/index.php\/2018\/04\/20\/aguero-no-jugara-mas-esta-temporada-con-el-city\/#respond\"]}]},{\"@type\":\"WebPage\",\"@id\":\"https:\/\/futbolhoy.co\/index.php\/2018\/04\/20\/aguero-no-jugara-mas-esta-temporada-con-el-city\/\",\"url\":\"https:\/\/futbolhoy.co\/index.php\/2018\/04\/20\/aguero-no-jugara-mas-esta-temporada-con-el-city\/\",\"name\":\"Ag\u00fcero no jugar\u00e1 m\u00e1s esta temporada con el City -\",\"isPartOf\":{\"@id\":\"https:\/\/futbolhoy.co\/#website\"},\"primaryImageOfPage\":{\"@id\":\"https:\/\/futbolhoy.co\/index.php\/2018\/04\/20\/aguero-no-jugara-mas-esta-temporada-con-el-city\/#primaryimage\"},\"image\":{\"@id\":\"https:\/\/futbolhoy.co\/index.php\/2018\/04\/20\/aguero-no-jugara-mas-esta-temporada-con-el-city\/#primaryimage\"},\"thumbnailUrl\":\"https:\/\/futbolhoy.co\/wp-content\/uploads\/2018\/04\/IMG_20180420_113356.jpg\",\"datePublished\":\"2018-04-20T10:00:38+00:00\",\"dateModified\":\"2018-04-20T16:34:35+00:00\",\"breadcrumb\":{\"@id\":\"https:\/\/futbolhoy.co\/index.php\/2018\/04\/20\/aguero-no-jugara-mas-esta-temporada-con-el-city\/#breadcrumb\"},\"inLanguage\":\"es\",\"potentialAction\":[{\"@type\":\"ReadAction\",\"target\":[\"https:\/\/futbolhoy.co\/index.php\/2018\/04\/20\/aguero-no-jugara-mas-esta-temporada-con-el-city\/\"]}]},{\"@type\":\"ImageObject\",\"inLanguage\":\"es\",\"@id\":\"https:\/\/futbolhoy.co\/index.php\/2018\/04\/20\/aguero-no-jugara-mas-esta-temporada-con-el-city\/#primaryimage\",\"url\":\"https:\/\/futbolhoy.co\/wp-content\/uploads\/2018\/04\/IMG_20180420_113356.jpg\",\"contentUrl\":\"https:\/\/futbolhoy.co\/wp-content\/uploads\/2018\/04\/IMG_20180420_113356.jpg\",\"width\":1500,\"height\":998},{\"@type\":\"BreadcrumbList\",\"@id\":\"https:\/\/futbolhoy.co\/index.php\/2018\/04\/20\/aguero-no-jugara-mas-esta-temporada-con-el-city\/#breadcrumb\",\"itemListElement\":[{\"@type\":\"ListItem\",\"position\":1,\"name\":\"Portada\",\"item\":\"https:\/\/futbolhoy.co\/\"},{\"@type\":\"ListItem\",\"position\":2,\"name\":\"Ag\u00fcero no jugar\u00e1 m\u00e1s esta temporada con el City\"}]},{\"@type\":\"WebSite\",\"@id\":\"https:\/\/futbolhoy.co\/#website\",\"url\":\"https:\/\/futbolhoy.co\/\",\"name\":\"FutbolHoy\",\"description\":\"\",\"publisher\":{\"@id\":\"https:\/\/futbolhoy.co\/#organization\"},\"potentialAction\":[{\"@type\":\"SearchAction\",\"target\":{\"@type\":\"EntryPoint\",\"urlTemplate\":\"https:\/\/futbolhoy.co\/?s={search_term_string}\"},\"query-input\":{\"@type\":\"PropertyValueSpecification\",\"valueRequired\":true,\"valueName\":\"search_term_string\"}}],\"inLanguage\":\"es\"},{\"@type\":\"Organization\",\"@id\":\"https:\/\/futbolhoy.co\/#organization\",\"name\":\"Futbolhoy.co\",\"url\":\"https:\/\/futbolhoy.co\/\",\"logo\":{\"@type\":\"ImageObject\",\"inLanguage\":\"es\",\"@id\":\"https:\/\/futbolhoy.co\/#\/schema\/logo\/image\/\",\"url\":\"https:\/\/futbolhoy.co\/wp-content\/uploads\/2018\/08\/17426380_1906371736249227_6326180412931521141_n.jpg\",\"contentUrl\":\"https:\/\/futbolhoy.co\/wp-content\/uploads\/2018\/08\/17426380_1906371736249227_6326180412931521141_n.jpg\",\"width\":960,\"height\":960,\"caption\":\"Futbolhoy.co\"},\"image\":{\"@id\":\"https:\/\/futbolhoy.co\/#\/schema\/logo\/image\/\"},\"sameAs\":[\"https:\/\/www.facebook.com\/FutbolHoyCol\/\",\"https:\/\/x.com\/FutbolHoyCol\",\"https:\/\/www.instagram.com\/futbolhoycol\/\"]},{\"@type\":\"Person\",\"@id\":\"https:\/\/futbolhoy.co\/#\/schema\/person\/c4a353a512b127643723a34bb1812f7d\",\"name\":\"Laura Hern\u00e1ndez\",\"image\":{\"@type\":\"ImageObject\",\"inLanguage\":\"es\",\"@id\":\"https:\/\/futbolhoy.co\/#\/schema\/person\/image\/\",\"url\":\"https:\/\/secure.gravatar.com\/avatar\/d25959a15b9b293a743f99181c7cfd01?s=96&d=mm&r=g\",\"contentUrl\":\"https:\/\/secure.gravatar.com\/avatar\/d25959a15b9b293a743f99181c7cfd01?s=96&d=mm&r=g\",\"caption\":\"Laura Hern\u00e1ndez\"}}]}<\/script>\n<!-- \/ Yoast SEO plugin. -->","yoast_head_json":{"title":"Ag\u00fcero no jugar\u00e1 m\u00e1s esta temporada con el City -","robots":{"index":"index","follow":"follow","max-snippet":"max-snippet:-1","max-image-preview":"max-image-preview:large","max-video-preview":"max-video-preview:-1"},"canonical":"https:\/\/futbolhoy.co\/index.php\/2018\/04\/20\/aguero-no-jugara-mas-esta-temporada-con-el-city\/","og_locale":"es_ES","og_type":"article","og_title":"Ag\u00fcero no jugar\u00e1 m\u00e1s esta temporada con el City -","og_description":"El t\u00e9cnico del\u00a0M\u00e1nchester City,\u00a0Josep Guardiola, anunci\u00f3 que el delantero y goleador del equipo, el argentino\u00a0Sergio \u2018Kun\u2019 Ag\u00fcero, no jugar\u00e1 en lo que resta de la temporada con el club brit\u00e1nico, pero estar\u00e1 listo para disputar con su selecci\u00f3n elMundial de Rusia. Ag\u00fcero fue operado de la rodilla izquierda y seg\u00fan el entrenador permanecer\u00e1 entre cuatro [&hellip;]","og_url":"https:\/\/futbolhoy.co\/index.php\/2018\/04\/20\/aguero-no-jugara-mas-esta-temporada-con-el-city\/","article_publisher":"https:\/\/www.facebook.com\/FutbolHoyCol\/","article_published_time":"2018-04-20T10:00:38+00:00","article_modified_time":"2018-04-20T16:34:35+00:00","og_image":[{"width":1500,"height":998,"url":"https:\/\/futbolhoy.co\/wp-content\/uploads\/2018\/04\/IMG_20180420_113356.jpg","type":"image\/jpeg"}],"author":"Laura Hern\u00e1ndez","twitter_card":"summary_large_image","twitter_creator":"@FutbolHoyCol","twitter_site":"@FutbolHoyCol","twitter_misc":{"Escrito por":"Laura Hern\u00e1ndez","Tiempo de lectura":"1 minuto"},"schema":{"@context":"https:\/\/schema.org","@graph":[{"@type":"Article","@id":"https:\/\/futbolhoy.co\/index.php\/2018\/04\/20\/aguero-no-jugara-mas-esta-temporada-con-el-city\/#article","isPartOf":{"@id":"https:\/\/futbolhoy.co\/index.php\/2018\/04\/20\/aguero-no-jugara-mas-esta-temporada-con-el-city\/"},"author":{"name":"Laura Hern\u00e1ndez","@id":"https:\/\/futbolhoy.co\/#\/schema\/person\/c4a353a512b127643723a34bb1812f7d"},"headline":"Ag\u00fcero no jugar\u00e1 m\u00e1s esta temporada con el City","datePublished":"2018-04-20T10:00:38+00:00","dateModified":"2018-04-20T16:34:35+00:00","mainEntityOfPage":{"@id":"https:\/\/futbolhoy.co\/index.php\/2018\/04\/20\/aguero-no-jugara-mas-esta-temporada-con-el-city\/"},"wordCount":119,"commentCount":0,"publisher":{"@id":"https:\/\/futbolhoy.co\/#organization"},"image":{"@id":"https:\/\/futbolhoy.co\/index.php\/2018\/04\/20\/aguero-no-jugara-mas-esta-temporada-con-el-city\/#primaryimage"},"thumbnailUrl":"https:\/\/futbolhoy.co\/wp-content\/uploads\/2018\/04\/IMG_20180420_113356.jpg","keywords":["Manchester city","Sergio Aguero"],"articleSection":["Destacados","Mundo Futbol"],"inLanguage":"es","potentialAction":[{"@type":"CommentAction","name":"Comment","target":["https:\/\/futbolhoy.co\/index.php\/2018\/04\/20\/aguero-no-jugara-mas-esta-temporada-con-el-city\/#respond"]}]},{"@type":"WebPage","@id":"https:\/\/futbolhoy.co\/index.php\/2018\/04\/20\/aguero-no-jugara-mas-esta-temporada-con-el-city\/","url":"https:\/\/futbolhoy.co\/index.php\/2018\/04\/20\/aguero-no-jugara-mas-esta-temporada-con-el-city\/","name":"Ag\u00fcero no jugar\u00e1 m\u00e1s esta temporada con el City -","isPartOf":{"@id":"https:\/\/futbolhoy.co\/#website"},"primaryImageOfPage":{"@id":"https:\/\/futbolhoy.co\/index.php\/2018\/04\/20\/aguero-no-jugara-mas-esta-temporada-con-el-city\/#primaryimage"},"image":{"@id":"https:\/\/futbolhoy.co\/index.php\/2018\/04\/20\/aguero-no-jugara-mas-esta-temporada-con-el-city\/#primaryimage"},"thumbnailUrl":"https:\/\/futbolhoy.co\/wp-content\/uploads\/2018\/04\/IMG_20180420_113356.jpg","datePublished":"2018-04-20T10:00:38+00:00","dateModified":"2018-04-20T16:34:35+00:00","breadcrumb":{"@id":"https:\/\/futbolhoy.co\/index.php\/2018\/04\/20\/aguero-no-jugara-mas-esta-temporada-con-el-city\/#breadcrumb"},"inLanguage":"es","potentialAction":[{"@type":"ReadAction","target":["https:\/\/futbolhoy.co\/index.php\/2018\/04\/20\/aguero-no-jugara-mas-esta-temporada-con-el-city\/"]}]},{"@type":"ImageObject","inLanguage":"es","@id":"https:\/\/futbolhoy.co\/index.php\/2018\/04\/20\/aguero-no-jugara-mas-esta-temporada-con-el-city\/#primaryimage","url":"https:\/\/futbolhoy.co\/wp-content\/uploads\/2018\/04\/IMG_20180420_113356.jpg","contentUrl":"https:\/\/futbolhoy.co\/wp-content\/uploads\/2018\/04\/IMG_20180420_113356.jpg","width":1500,"height":998},{"@type":"BreadcrumbList","@id":"https:\/\/futbolhoy.co\/index.php\/2018\/04\/20\/aguero-no-jugara-mas-esta-temporada-con-el-city\/#breadcrumb","itemListElement":[{"@type":"ListItem","position":1,"name":"Portada","item":"https:\/\/futbolhoy.co\/"},{"@type":"ListItem","position":2,"name":"Ag\u00fcero no jugar\u00e1 m\u00e1s esta temporada con el City"}]},{"@type":"WebSite","@id":"https:\/\/futbolhoy.co\/#website","url":"https:\/\/futbolhoy.co\/","name":"FutbolHoy","description":"","publisher":{"@id":"https:\/\/futbolhoy.co\/#organization"},"potentialAction":[{"@type":"SearchAction","target":{"@type":"EntryPoint","urlTemplate":"https:\/\/futbolhoy.co\/?s={search_term_string}"},"query-input":{"@type":"PropertyValueSpecification","valueRequired":true,"valueName":"search_term_string"}}],"inLanguage":"es"},{"@type":"Organization","@id":"https:\/\/futbolhoy.co\/#organization","name":"Futbolhoy.co","url":"https:\/\/futbolhoy.co\/","logo":{"@type":"ImageObject","inLanguage":"es","@id":"https:\/\/futbolhoy.co\/#\/schema\/logo\/image\/","url":"https:\/\/futbolhoy.co\/wp-content\/uploads\/2018\/08\/17426380_1906371736249227_6326180412931521141_n.jpg","contentUrl":"https:\/\/futbolhoy.co\/wp-content\/uploads\/2018\/08\/17426380_1906371736249227_6326180412931521141_n.jpg","width":960,"height":960,"caption":"Futbolhoy.co"},"image":{"@id":"https:\/\/futbolhoy.co\/#\/schema\/logo\/image\/"},"sameAs":["https:\/\/www.facebook.com\/FutbolHoyCol\/","https:\/\/x.com\/FutbolHoyCol","https:\/\/www.instagram.com\/futbolhoycol\/"]},{"@type":"Person","@id":"https:\/\/futbolhoy.co\/#\/schema\/person\/c4a353a512b127643723a34bb1812f7d","name":"Laura Hern\u00e1ndez","image":{"@type":"ImageObject","inLanguage":"es","@id":"https:\/\/futbolhoy.co\/#\/schema\/person\/image\/","url":"https:\/\/secure.gravatar.com\/avatar\/d25959a15b9b293a743f99181c7cfd01?s=96&d=mm&r=g","contentUrl":"https:\/\/secure.gravatar.com\/avatar\/d25959a15b9b293a743f99181c7cfd01?s=96&d=mm&r=g","caption":"Laura Hern\u00e1ndez"}}]}},"publishpress_future_action":{"enabled":false,"date":"2026-05-03 18:19:23","action":"change-status","newStatus":"draft","terms":[],"taxonomy":"category","extraData":[]},"publishpress_future_workflow_manual_trigger":{"enabledWorkflows":[]},"_links":{"self":[{"href":"https:\/\/futbolhoy.co\/index.php\/wp-json\/wp\/v2\/posts\/16308","targetHints":{"allow":["GET"]}}],"collection":[{"href":"https:\/\/futbolhoy.co\/index.php\/wp-json\/wp\/v2\/posts"}],"about":[{"href":"https:\/\/futbolhoy.co\/index.php\/wp-json\/wp\/v2\/types\/post"}],"author":[{"embeddable":true,"href":"https:\/\/futbolhoy.co\/index.php\/wp-json\/wp\/v2\/users\/5"}],"replies":[{"embeddable":true,"href":"https:\/\/futbolhoy.co\/index.php\/wp-json\/wp\/v2\/comments?post=16308"}],"version-history":[{"count":1,"href":"https:\/\/futbolhoy.co\/index.php\/wp-json\/wp\/v2\/posts\/16308\/revisions"}],"predecessor-version":[{"id":16310,"href":"https:\/\/futbolhoy.co\/index.php\/wp-json\/wp\/v2\/posts\/16308\/revisions\/16310"}],"wp:featuredmedia":[{"embeddable":true,"href":"https:\/\/futbolhoy.co\/index.php\/wp-json\/wp\/v2\/media\/16309"}],"wp:attachment":[{"href":"https:\/\/futbolhoy.co\/index.php\/wp-json\/wp\/v2\/media?parent=16308"}],"wp:term":[{"taxonomy":"category","embeddable":true,"href":"https:\/\/futbolhoy.co\/index.php\/wp-json\/wp\/v2\/categories?post=16308"},{"taxonomy":"post_tag","embeddable":true,"href":"https:\/\/futbolhoy.co\/index.php\/wp-json\/wp\/v2\/tags?post=16308"}],"curies":[{"name":"wp","href":"https:\/\/api.w.org\/{rel}","templated":true}]}}