{"id":16321,"date":"2018-04-20T18:06:15","date_gmt":"2018-04-20T23:06:15","guid":{"rendered":"http:\/\/futbolhoy.co\/?p=16321"},"modified":"2018-04-21T13:12:19","modified_gmt":"2018-04-21T18:12:19","slug":"yerry-y-muriel-tras-la-copa-del-rey","status":"publish","type":"post","link":"https:\/\/futbolhoy.co\/index.php\/2018\/04\/20\/yerry-y-muriel-tras-la-copa-del-rey\/","title":{"rendered":"Yerry y Muriel tras la Copa del Rey"},"content":{"rendered":"<p class=\"m_-9119912930365689868ydpc4ff7548MsoNormal\" style=\"text-align: justify;\">El defensa central colombiano\u00a0<b>Yerry Mina<\/b>\u00a0con el Barcelona y el delantero\u00a0<b>Luis Fernando Muriel <\/b>con\u00a0el Sevilla, buscar\u00e1n su primer t\u00edtulo en Espa\u00f1a cuando este s\u00e1bado a las 2.30 de la tarde sus clubes se enfrenten en la final de la\u00a0<b>Copa del Rey <\/b>en\u00a0el estadio\u00a0<b>Wanda Metropolitano<\/b>\u00a0de Madrid.<\/p>\n<p class=\"m_-9119912930365689868ydpc4ff7548MsoNormal\" style=\"text-align: justify;\">Para Muriel, alcanzar la corona supondr\u00eda lograr su primer t\u00edtulo como profesional, y por su puesto el primero en\u00a0<b>Europa<\/b>, donde ya ha marcado 70 goles y acumula 43 asistencias en casi 250 partidos disputados.<\/p>\n<p class=\"m_-9119912930365689868ydpc4ff7548MsoNormal\" style=\"text-align: justify;\">Por su parte, Mina aspira a ganar un t\u00edtulo oficial con el conjunto catal\u00e1n, luego de entrar en la convocatoria del t\u00e9cnico\u00a0<b>Ernesto Valverde<\/b>.<\/p>\n<p class=\"m_-9119912930365689868ydpc4ff7548MsoNormal\" style=\"text-align: justify;\"><b>Barcelona<\/b>, que busca su cuarto trofeo consecutivo, es el equipo m\u00e1s ganador de la Copa del Rey con 29 campeonatos, contra 5 del<b>Sevilla<\/b>. Ambos clubes se enfrentaron en la final de 2016 con triunfo del \u2018blaugrana\u2019 2-0.<\/p>\n<p class=\"m_-9119912930365689868ydpc4ff7548MsoNormal\" style=\"text-align: justify;\"><b>Lionel\u00a0<span style=\"font-size: medium;\">Messi<\/span><\/b><span style=\"font-size: medium;\">\u00a0en 33 partidos contra el Sevilla ha convertido 30 goles, siendo su principal v\u00edctima.<\/span><\/p>\n<p class=\"m_-9119912930365689868ydpc4ff7548MsoNormal\" style=\"text-align: justify;\"><b><span style=\"font-size: medium;\">Probables formaciones:<\/span><\/b><\/p>\n<p style=\"text-align: justify;\"><span style=\"font-size: medium;\"><b>Sevilla:<\/b>\u00a0David Soria; Jes\u00fas Navas, Gabriel Mercado, Clement Lenglet, Sergio Escudero; Steven Nzonzi, Ever Banega, Pablo Sarabia, Franco V\u00e1zquez; Joaqu\u00edn Correa y Wissam Ben Yedder o Muriel.<\/span><\/p>\n<p style=\"text-align: justify;\"><span style=\"font-size: medium;\"><b>Barcelona:<\/b>\u00a0Jasper Cillessen; Sergi Roberto, Gerard Piqu\u00e9, Samuel Umtiti, Jordi Alba; Iv\u00e1n Rakitic, Sergio Busquets, Andr\u00e9s Iniesta, Philippe Coutinho; Lionel Messi y Luis Su\u00e1rez.<\/span><\/p>\n<p style=\"text-align: justify;\"><span style=\"font-size: medium;\"><b>\u00c1rbitro:<\/b>\u00a0Jes\u00fas Gil Manzano<\/span><\/p>\n","protected":false},"excerpt":{"rendered":"<p>El defensa central colombiano\u00a0Yerry Mina\u00a0con el Barcelona y el delantero\u00a0Luis Fernando Muriel con\u00a0el Sevilla, buscar\u00e1n su primer t\u00edtulo en Espa\u00f1a cuando este s\u00e1bado a las 2.30 de la tarde sus clubes se enfrenten en la final de la\u00a0Copa del Rey en\u00a0el estadio\u00a0Wanda Metropolitano\u00a0de Madrid. Para Muriel, alcanzar la corona supondr\u00eda lograr su primer t\u00edtulo como [&hellip;]<\/p>\n","protected":false},"author":5,"featured_media":16322,"comment_status":"open","ping_status":"open","sticky":false,"template":"","format":"standard","meta":{"_acf_changed":false,"footnotes":""},"categories":[152],"tags":[],"class_list":{"0":"post-16321","1":"post","2":"type-post","3":"status-publish","4":"format-standard","5":"has-post-thumbnail","7":"category-mundo-futbol"},"acf":[],"yoast_head":"<!-- This site is optimized with the Yoast SEO plugin v26.8 - https:\/\/yoast.com\/product\/yoast-seo-wordpress\/ -->\n<title>Yerry y Muriel tras la Copa del Rey -<\/title>\n<meta name=\"robots\" content=\"index, follow, max-snippet:-1, max-image-preview:large, max-video-preview:-1\" \/>\n<link rel=\"canonical\" href=\"https:\/\/futbolhoy.co\/index.php\/2018\/04\/20\/yerry-y-muriel-tras-la-copa-del-rey\/\" \/>\n<meta property=\"og:locale\" content=\"es_ES\" \/>\n<meta property=\"og:type\" content=\"article\" \/>\n<meta property=\"og:title\" content=\"Yerry y Muriel tras la Copa del Rey -\" \/>\n<meta property=\"og:description\" content=\"El defensa central colombiano\u00a0Yerry Mina\u00a0con el Barcelona y el delantero\u00a0Luis Fernando Muriel con\u00a0el Sevilla, buscar\u00e1n su primer t\u00edtulo en Espa\u00f1a cuando este s\u00e1bado a las 2.30 de la tarde sus clubes se enfrenten en la final de la\u00a0Copa del Rey en\u00a0el estadio\u00a0Wanda Metropolitano\u00a0de Madrid. Para Muriel, alcanzar la corona supondr\u00eda lograr su primer t\u00edtulo como [&hellip;]\" \/>\n<meta property=\"og:url\" content=\"https:\/\/futbolhoy.co\/index.php\/2018\/04\/20\/yerry-y-muriel-tras-la-copa-del-rey\/\" \/>\n<meta property=\"article:publisher\" content=\"https:\/\/www.facebook.com\/FutbolHoyCol\/\" \/>\n<meta property=\"article:published_time\" content=\"2018-04-20T23:06:15+00:00\" \/>\n<meta property=\"article:modified_time\" content=\"2018-04-21T18:12:19+00:00\" \/>\n<meta property=\"og:image\" content=\"https:\/\/futbolhoy.co\/wp-content\/uploads\/2018\/04\/IMG_20180420_140537.jpg\" \/>\n\t<meta property=\"og:image:width\" content=\"1600\" \/>\n\t<meta property=\"og:image:height\" content=\"1066\" \/>\n\t<meta property=\"og:image:type\" content=\"image\/jpeg\" \/>\n<meta name=\"author\" content=\"Laura Hern\u00e1ndez\" \/>\n<meta name=\"twitter:card\" content=\"summary_large_image\" \/>\n<meta name=\"twitter:creator\" content=\"@FutbolHoyCol\" \/>\n<meta name=\"twitter:site\" content=\"@FutbolHoyCol\" \/>\n<meta name=\"twitter:label1\" content=\"Escrito por\" \/>\n\t<meta name=\"twitter:data1\" content=\"Laura Hern\u00e1ndez\" \/>\n\t<meta name=\"twitter:label2\" content=\"Tiempo de lectura\" \/>\n\t<meta name=\"twitter:data2\" content=\"1 minuto\" \/>\n<script type=\"application\/ld+json\" class=\"yoast-schema-graph\">{\"@context\":\"https:\/\/schema.org\",\"@graph\":[{\"@type\":\"Article\",\"@id\":\"https:\/\/futbolhoy.co\/index.php\/2018\/04\/20\/yerry-y-muriel-tras-la-copa-del-rey\/#article\",\"isPartOf\":{\"@id\":\"https:\/\/futbolhoy.co\/index.php\/2018\/04\/20\/yerry-y-muriel-tras-la-copa-del-rey\/\"},\"author\":{\"name\":\"Laura Hern\u00e1ndez\",\"@id\":\"https:\/\/futbolhoy.co\/#\/schema\/person\/c4a353a512b127643723a34bb1812f7d\"},\"headline\":\"Yerry y Muriel tras la Copa del Rey\",\"datePublished\":\"2018-04-20T23:06:15+00:00\",\"dateModified\":\"2018-04-21T18:12:19+00:00\",\"mainEntityOfPage\":{\"@id\":\"https:\/\/futbolhoy.co\/index.php\/2018\/04\/20\/yerry-y-muriel-tras-la-copa-del-rey\/\"},\"wordCount\":238,\"commentCount\":0,\"publisher\":{\"@id\":\"https:\/\/futbolhoy.co\/#organization\"},\"image\":{\"@id\":\"https:\/\/futbolhoy.co\/index.php\/2018\/04\/20\/yerry-y-muriel-tras-la-copa-del-rey\/#primaryimage\"},\"thumbnailUrl\":\"https:\/\/futbolhoy.co\/wp-content\/uploads\/2018\/04\/IMG_20180420_140537.jpg\",\"articleSection\":[\"Mundo Futbol\"],\"inLanguage\":\"es\",\"potentialAction\":[{\"@type\":\"CommentAction\",\"name\":\"Comment\",\"target\":[\"https:\/\/futbolhoy.co\/index.php\/2018\/04\/20\/yerry-y-muriel-tras-la-copa-del-rey\/#respond\"]}]},{\"@type\":\"WebPage\",\"@id\":\"https:\/\/futbolhoy.co\/index.php\/2018\/04\/20\/yerry-y-muriel-tras-la-copa-del-rey\/\",\"url\":\"https:\/\/futbolhoy.co\/index.php\/2018\/04\/20\/yerry-y-muriel-tras-la-copa-del-rey\/\",\"name\":\"Yerry y Muriel tras la Copa del Rey -\",\"isPartOf\":{\"@id\":\"https:\/\/futbolhoy.co\/#website\"},\"primaryImageOfPage\":{\"@id\":\"https:\/\/futbolhoy.co\/index.php\/2018\/04\/20\/yerry-y-muriel-tras-la-copa-del-rey\/#primaryimage\"},\"image\":{\"@id\":\"https:\/\/futbolhoy.co\/index.php\/2018\/04\/20\/yerry-y-muriel-tras-la-copa-del-rey\/#primaryimage\"},\"thumbnailUrl\":\"https:\/\/futbolhoy.co\/wp-content\/uploads\/2018\/04\/IMG_20180420_140537.jpg\",\"datePublished\":\"2018-04-20T23:06:15+00:00\",\"dateModified\":\"2018-04-21T18:12:19+00:00\",\"breadcrumb\":{\"@id\":\"https:\/\/futbolhoy.co\/index.php\/2018\/04\/20\/yerry-y-muriel-tras-la-copa-del-rey\/#breadcrumb\"},\"inLanguage\":\"es\",\"potentialAction\":[{\"@type\":\"ReadAction\",\"target\":[\"https:\/\/futbolhoy.co\/index.php\/2018\/04\/20\/yerry-y-muriel-tras-la-copa-del-rey\/\"]}]},{\"@type\":\"ImageObject\",\"inLanguage\":\"es\",\"@id\":\"https:\/\/futbolhoy.co\/index.php\/2018\/04\/20\/yerry-y-muriel-tras-la-copa-del-rey\/#primaryimage\",\"url\":\"https:\/\/futbolhoy.co\/wp-content\/uploads\/2018\/04\/IMG_20180420_140537.jpg\",\"contentUrl\":\"https:\/\/futbolhoy.co\/wp-content\/uploads\/2018\/04\/IMG_20180420_140537.jpg\",\"width\":1600,\"height\":1066},{\"@type\":\"BreadcrumbList\",\"@id\":\"https:\/\/futbolhoy.co\/index.php\/2018\/04\/20\/yerry-y-muriel-tras-la-copa-del-rey\/#breadcrumb\",\"itemListElement\":[{\"@type\":\"ListItem\",\"position\":1,\"name\":\"Portada\",\"item\":\"https:\/\/futbolhoy.co\/\"},{\"@type\":\"ListItem\",\"position\":2,\"name\":\"Yerry y Muriel tras la Copa del Rey\"}]},{\"@type\":\"WebSite\",\"@id\":\"https:\/\/futbolhoy.co\/#website\",\"url\":\"https:\/\/futbolhoy.co\/\",\"name\":\"FutbolHoy\",\"description\":\"\",\"publisher\":{\"@id\":\"https:\/\/futbolhoy.co\/#organization\"},\"potentialAction\":[{\"@type\":\"SearchAction\",\"target\":{\"@type\":\"EntryPoint\",\"urlTemplate\":\"https:\/\/futbolhoy.co\/?s={search_term_string}\"},\"query-input\":{\"@type\":\"PropertyValueSpecification\",\"valueRequired\":true,\"valueName\":\"search_term_string\"}}],\"inLanguage\":\"es\"},{\"@type\":\"Organization\",\"@id\":\"https:\/\/futbolhoy.co\/#organization\",\"name\":\"Futbolhoy.co\",\"url\":\"https:\/\/futbolhoy.co\/\",\"logo\":{\"@type\":\"ImageObject\",\"inLanguage\":\"es\",\"@id\":\"https:\/\/futbolhoy.co\/#\/schema\/logo\/image\/\",\"url\":\"https:\/\/futbolhoy.co\/wp-content\/uploads\/2018\/08\/17426380_1906371736249227_6326180412931521141_n.jpg\",\"contentUrl\":\"https:\/\/futbolhoy.co\/wp-content\/uploads\/2018\/08\/17426380_1906371736249227_6326180412931521141_n.jpg\",\"width\":960,\"height\":960,\"caption\":\"Futbolhoy.co\"},\"image\":{\"@id\":\"https:\/\/futbolhoy.co\/#\/schema\/logo\/image\/\"},\"sameAs\":[\"https:\/\/www.facebook.com\/FutbolHoyCol\/\",\"https:\/\/x.com\/FutbolHoyCol\",\"https:\/\/www.instagram.com\/futbolhoycol\/\"]},{\"@type\":\"Person\",\"@id\":\"https:\/\/futbolhoy.co\/#\/schema\/person\/c4a353a512b127643723a34bb1812f7d\",\"name\":\"Laura Hern\u00e1ndez\",\"image\":{\"@type\":\"ImageObject\",\"inLanguage\":\"es\",\"@id\":\"https:\/\/futbolhoy.co\/#\/schema\/person\/image\/\",\"url\":\"https:\/\/secure.gravatar.com\/avatar\/d25959a15b9b293a743f99181c7cfd01?s=96&d=mm&r=g\",\"contentUrl\":\"https:\/\/secure.gravatar.com\/avatar\/d25959a15b9b293a743f99181c7cfd01?s=96&d=mm&r=g\",\"caption\":\"Laura Hern\u00e1ndez\"}}]}<\/script>\n<!-- \/ Yoast SEO plugin. -->","yoast_head_json":{"title":"Yerry y Muriel tras la Copa del Rey -","robots":{"index":"index","follow":"follow","max-snippet":"max-snippet:-1","max-image-preview":"max-image-preview:large","max-video-preview":"max-video-preview:-1"},"canonical":"https:\/\/futbolhoy.co\/index.php\/2018\/04\/20\/yerry-y-muriel-tras-la-copa-del-rey\/","og_locale":"es_ES","og_type":"article","og_title":"Yerry y Muriel tras la Copa del Rey -","og_description":"El defensa central colombiano\u00a0Yerry Mina\u00a0con el Barcelona y el delantero\u00a0Luis Fernando Muriel con\u00a0el Sevilla, buscar\u00e1n su primer t\u00edtulo en Espa\u00f1a cuando este s\u00e1bado a las 2.30 de la tarde sus clubes se enfrenten en la final de la\u00a0Copa del Rey en\u00a0el estadio\u00a0Wanda Metropolitano\u00a0de Madrid. Para Muriel, alcanzar la corona supondr\u00eda lograr su primer t\u00edtulo como [&hellip;]","og_url":"https:\/\/futbolhoy.co\/index.php\/2018\/04\/20\/yerry-y-muriel-tras-la-copa-del-rey\/","article_publisher":"https:\/\/www.facebook.com\/FutbolHoyCol\/","article_published_time":"2018-04-20T23:06:15+00:00","article_modified_time":"2018-04-21T18:12:19+00:00","og_image":[{"width":1600,"height":1066,"url":"https:\/\/futbolhoy.co\/wp-content\/uploads\/2018\/04\/IMG_20180420_140537.jpg","type":"image\/jpeg"}],"author":"Laura Hern\u00e1ndez","twitter_card":"summary_large_image","twitter_creator":"@FutbolHoyCol","twitter_site":"@FutbolHoyCol","twitter_misc":{"Escrito por":"Laura Hern\u00e1ndez","Tiempo de lectura":"1 minuto"},"schema":{"@context":"https:\/\/schema.org","@graph":[{"@type":"Article","@id":"https:\/\/futbolhoy.co\/index.php\/2018\/04\/20\/yerry-y-muriel-tras-la-copa-del-rey\/#article","isPartOf":{"@id":"https:\/\/futbolhoy.co\/index.php\/2018\/04\/20\/yerry-y-muriel-tras-la-copa-del-rey\/"},"author":{"name":"Laura Hern\u00e1ndez","@id":"https:\/\/futbolhoy.co\/#\/schema\/person\/c4a353a512b127643723a34bb1812f7d"},"headline":"Yerry y Muriel tras la Copa del Rey","datePublished":"2018-04-20T23:06:15+00:00","dateModified":"2018-04-21T18:12:19+00:00","mainEntityOfPage":{"@id":"https:\/\/futbolhoy.co\/index.php\/2018\/04\/20\/yerry-y-muriel-tras-la-copa-del-rey\/"},"wordCount":238,"commentCount":0,"publisher":{"@id":"https:\/\/futbolhoy.co\/#organization"},"image":{"@id":"https:\/\/futbolhoy.co\/index.php\/2018\/04\/20\/yerry-y-muriel-tras-la-copa-del-rey\/#primaryimage"},"thumbnailUrl":"https:\/\/futbolhoy.co\/wp-content\/uploads\/2018\/04\/IMG_20180420_140537.jpg","articleSection":["Mundo Futbol"],"inLanguage":"es","potentialAction":[{"@type":"CommentAction","name":"Comment","target":["https:\/\/futbolhoy.co\/index.php\/2018\/04\/20\/yerry-y-muriel-tras-la-copa-del-rey\/#respond"]}]},{"@type":"WebPage","@id":"https:\/\/futbolhoy.co\/index.php\/2018\/04\/20\/yerry-y-muriel-tras-la-copa-del-rey\/","url":"https:\/\/futbolhoy.co\/index.php\/2018\/04\/20\/yerry-y-muriel-tras-la-copa-del-rey\/","name":"Yerry y Muriel tras la Copa del Rey -","isPartOf":{"@id":"https:\/\/futbolhoy.co\/#website"},"primaryImageOfPage":{"@id":"https:\/\/futbolhoy.co\/index.php\/2018\/04\/20\/yerry-y-muriel-tras-la-copa-del-rey\/#primaryimage"},"image":{"@id":"https:\/\/futbolhoy.co\/index.php\/2018\/04\/20\/yerry-y-muriel-tras-la-copa-del-rey\/#primaryimage"},"thumbnailUrl":"https:\/\/futbolhoy.co\/wp-content\/uploads\/2018\/04\/IMG_20180420_140537.jpg","datePublished":"2018-04-20T23:06:15+00:00","dateModified":"2018-04-21T18:12:19+00:00","breadcrumb":{"@id":"https:\/\/futbolhoy.co\/index.php\/2018\/04\/20\/yerry-y-muriel-tras-la-copa-del-rey\/#breadcrumb"},"inLanguage":"es","potentialAction":[{"@type":"ReadAction","target":["https:\/\/futbolhoy.co\/index.php\/2018\/04\/20\/yerry-y-muriel-tras-la-copa-del-rey\/"]}]},{"@type":"ImageObject","inLanguage":"es","@id":"https:\/\/futbolhoy.co\/index.php\/2018\/04\/20\/yerry-y-muriel-tras-la-copa-del-rey\/#primaryimage","url":"https:\/\/futbolhoy.co\/wp-content\/uploads\/2018\/04\/IMG_20180420_140537.jpg","contentUrl":"https:\/\/futbolhoy.co\/wp-content\/uploads\/2018\/04\/IMG_20180420_140537.jpg","width":1600,"height":1066},{"@type":"BreadcrumbList","@id":"https:\/\/futbolhoy.co\/index.php\/2018\/04\/20\/yerry-y-muriel-tras-la-copa-del-rey\/#breadcrumb","itemListElement":[{"@type":"ListItem","position":1,"name":"Portada","item":"https:\/\/futbolhoy.co\/"},{"@type":"ListItem","position":2,"name":"Yerry y Muriel tras la Copa del Rey"}]},{"@type":"WebSite","@id":"https:\/\/futbolhoy.co\/#website","url":"https:\/\/futbolhoy.co\/","name":"FutbolHoy","description":"","publisher":{"@id":"https:\/\/futbolhoy.co\/#organization"},"potentialAction":[{"@type":"SearchAction","target":{"@type":"EntryPoint","urlTemplate":"https:\/\/futbolhoy.co\/?s={search_term_string}"},"query-input":{"@type":"PropertyValueSpecification","valueRequired":true,"valueName":"search_term_string"}}],"inLanguage":"es"},{"@type":"Organization","@id":"https:\/\/futbolhoy.co\/#organization","name":"Futbolhoy.co","url":"https:\/\/futbolhoy.co\/","logo":{"@type":"ImageObject","inLanguage":"es","@id":"https:\/\/futbolhoy.co\/#\/schema\/logo\/image\/","url":"https:\/\/futbolhoy.co\/wp-content\/uploads\/2018\/08\/17426380_1906371736249227_6326180412931521141_n.jpg","contentUrl":"https:\/\/futbolhoy.co\/wp-content\/uploads\/2018\/08\/17426380_1906371736249227_6326180412931521141_n.jpg","width":960,"height":960,"caption":"Futbolhoy.co"},"image":{"@id":"https:\/\/futbolhoy.co\/#\/schema\/logo\/image\/"},"sameAs":["https:\/\/www.facebook.com\/FutbolHoyCol\/","https:\/\/x.com\/FutbolHoyCol","https:\/\/www.instagram.com\/futbolhoycol\/"]},{"@type":"Person","@id":"https:\/\/futbolhoy.co\/#\/schema\/person\/c4a353a512b127643723a34bb1812f7d","name":"Laura Hern\u00e1ndez","image":{"@type":"ImageObject","inLanguage":"es","@id":"https:\/\/futbolhoy.co\/#\/schema\/person\/image\/","url":"https:\/\/secure.gravatar.com\/avatar\/d25959a15b9b293a743f99181c7cfd01?s=96&d=mm&r=g","contentUrl":"https:\/\/secure.gravatar.com\/avatar\/d25959a15b9b293a743f99181c7cfd01?s=96&d=mm&r=g","caption":"Laura Hern\u00e1ndez"}}]}},"publishpress_future_action":{"enabled":false,"date":"2026-05-04 09:06:13","action":"change-status","newStatus":"draft","terms":[],"taxonomy":"category","extraData":[]},"publishpress_future_workflow_manual_trigger":{"enabledWorkflows":[]},"_links":{"self":[{"href":"https:\/\/futbolhoy.co\/index.php\/wp-json\/wp\/v2\/posts\/16321","targetHints":{"allow":["GET"]}}],"collection":[{"href":"https:\/\/futbolhoy.co\/index.php\/wp-json\/wp\/v2\/posts"}],"about":[{"href":"https:\/\/futbolhoy.co\/index.php\/wp-json\/wp\/v2\/types\/post"}],"author":[{"embeddable":true,"href":"https:\/\/futbolhoy.co\/index.php\/wp-json\/wp\/v2\/users\/5"}],"replies":[{"embeddable":true,"href":"https:\/\/futbolhoy.co\/index.php\/wp-json\/wp\/v2\/comments?post=16321"}],"version-history":[{"count":1,"href":"https:\/\/futbolhoy.co\/index.php\/wp-json\/wp\/v2\/posts\/16321\/revisions"}],"predecessor-version":[{"id":16323,"href":"https:\/\/futbolhoy.co\/index.php\/wp-json\/wp\/v2\/posts\/16321\/revisions\/16323"}],"wp:featuredmedia":[{"embeddable":true,"href":"https:\/\/futbolhoy.co\/index.php\/wp-json\/wp\/v2\/media\/16322"}],"wp:attachment":[{"href":"https:\/\/futbolhoy.co\/index.php\/wp-json\/wp\/v2\/media?parent=16321"}],"wp:term":[{"taxonomy":"category","embeddable":true,"href":"https:\/\/futbolhoy.co\/index.php\/wp-json\/wp\/v2\/categories?post=16321"},{"taxonomy":"post_tag","embeddable":true,"href":"https:\/\/futbolhoy.co\/index.php\/wp-json\/wp\/v2\/tags?post=16321"}],"curies":[{"name":"wp","href":"https:\/\/api.w.org\/{rel}","templated":true}]}}