{"id":16324,"date":"2018-04-21T13:12:14","date_gmt":"2018-04-21T18:12:14","guid":{"rendered":"http:\/\/futbolhoy.co\/?p=16324"},"modified":"2018-04-21T21:13:47","modified_gmt":"2018-04-22T02:13:47","slug":"tolima-a-ratificarse-ante-el-campeon","status":"publish","type":"post","link":"https:\/\/futbolhoy.co\/index.php\/2018\/04\/21\/tolima-a-ratificarse-ante-el-campeon\/","title":{"rendered":"Tolima a ratificarse ante el campe\u00f3n"},"content":{"rendered":"<p class=\"m_-6232397483373528820ydpa3f7247aMsoNormal\" style=\"text-align: justify;\"><b>Deportes Tolima<\/b>\u00a0buscar\u00e1 su quinta victoria en l\u00ednea en la\u00a0<b>Liga \u00c1guila<\/b>\u00a0del f\u00fatbol colombiano cuando reciba este s\u00e1bado a las 5.30 de la tarde a Millonarios, en partido que le puede entregar la clasificaci\u00f3n a los cuartos de final al equipo que dirige\u00a0<b>Alberto Gamero<\/b>.<\/p>\n<p class=\"m_-6232397483373528820ydpa3f7247aMsoNormal\" style=\"text-align: justify;\">El defensa central\u00a0<b>Juli\u00e1n Qui\u00f1ones<\/b>\u00a0por acumulaci\u00f3n de tarjetas amarillas se perder\u00e1 el juego y en su lugar ingresar\u00e1 Omar Albornoz; mientras que la duda estar\u00eda en el ataque, entre\u00a0<b>\u00c1ngelo Rodr\u00edguez<\/b>\u00a0y\u00a0<b>Marco P\u00e9rez<\/b>.<\/p>\n<p class=\"m_-6232397483373528820ydpa3f7247aMsoNormal\" style=\"text-align: justify;\"><b>Millonarios<\/b>, por su parte, recuper\u00f3 en el grupo de convocados al delantero paraguayo\u00a0<b>Roberto Ovelar<\/b>.<\/p>\n<p class=\"m_-6232397483373528820ydpa3f7247aMsoNormal\" style=\"text-align: justify;\"><b>Probables formaciones:<\/b><\/p>\n<p class=\"m_-6232397483373528820ydpa3f7247aMsoNormal\" style=\"text-align: justify;\"><b>Tolima:<\/b>\u00a0\u00c1lvaro Montero; Juan Guillermo Arboleda, Luis Payares, Fainer Torijano, Omar Albornoz; Carlos Robles, Carlos Renter\u00eda, Rafael Robayo, Sebasti\u00e1n Villa; Yoandry Orozco y \u00c1ngelo Roddr\u00edguez.<\/p>\n<p class=\"m_-6232397483373528820ydpa3f7247aMsoNormal\" style=\"text-align: justify;\"><b>Millonarios:<\/b>\u00a0Wilker Far\u00ed\u00f1ez; Jair Palacios, Mat\u00edas de los Santos, Andr\u00e9s Cadavid, Felipe Banguero; John Duque, Juan Guillermo Dom\u00ednguez, David Macalister Silva, Eliser Qu\u00f1ones; Cristian Hu\u00e9rfano y Ayron del Valle.<\/p>\n<table style=\"width: 557px;\">\n<tbody>\n<tr>\n<td style=\"width: 10px;\"><b>TABLA HIST\u00d3RICA\u00a0 <span style=\"font-size: 10pt;\">\u00a0\u00a01955-2017.<\/span><\/b><\/td>\n<td style=\"width: 24px;\"><\/td>\n<td style=\"width: 26px;\"><\/td>\n<td style=\"width: 37px;\"><\/td>\n<td style=\"width: 40px;\"><\/td>\n<td style=\"width: 34px;\"><\/td>\n<td style=\"width: 25px;\"><\/td>\n<td style=\"width: 214px;\"><\/td>\n<td style=\"width: 41px;\"><\/td>\n<td style=\"width: 10px;\"><\/td>\n<\/tr>\n<tr>\n<td style=\"width: 10px;\">EQUIPOS<\/td>\n<td style=\"width: 24px;\">PJ<\/td>\n<td style=\"width: 26px;\">PG<\/td>\n<td style=\"width: 37px;\">PE<\/td>\n<td style=\"width: 40px;\">PP<\/td>\n<td style=\"width: 34px;\">GF<\/td>\n<td style=\"width: 25px;\">GC<\/td>\n<td style=\"width: 214px;\"><\/td>\n<td style=\"width: 41px;\"><\/td>\n<td style=\"width: 10px;\"><\/td>\n<\/tr>\n<tr>\n<td style=\"width: 10px;\">1.Millos<\/td>\n<td style=\"width: 24px;\">205<\/td>\n<td style=\"width: 26px;\">104<\/td>\n<td style=\"width: 37px;\">60<\/td>\n<td style=\"width: 40px;\">41<\/td>\n<td style=\"width: 34px;\">345<\/td>\n<td style=\"width: 25px;\">200<\/td>\n<td style=\"width: 265px;\" colspan=\"3\">Se han marcado 545 goles<\/td>\n<\/tr>\n<tr>\n<td style=\"width: 10px;\">2.Tolima<\/td>\n<td style=\"width: 24px;\">205<\/td>\n<td style=\"width: 26px;\">41<\/td>\n<td style=\"width: 37px;\">60<\/td>\n<td style=\"width: 40px;\">104<\/td>\n<td style=\"width: 34px;\">200<\/td>\n<td style=\"width: 25px;\">345<\/td>\n<td style=\"width: 214px;\"><\/td>\n<td style=\"width: 41px;\"><\/td>\n<td style=\"width: 10px;\"><\/td>\n<\/tr>\n<\/tbody>\n<\/table>\n<table style=\"width: 556px;\">\n<tbody>\n<tr>\n<td style=\"width: 99px;\"><b>TABLA HIST\u00d3RICA\u00a0 TOLIMA (L).<\/b><\/td>\n<td style=\"width: 30px;\"><\/td>\n<td style=\"width: 26px;\"><\/td>\n<td style=\"width: 22px;\"><\/td>\n<td style=\"width: 22px;\"><\/td>\n<td style=\"width: 26px;\"><\/td>\n<td style=\"width: 40px;\"><\/td>\n<td style=\"width: 147px;\"><\/td>\n<td style=\"width: 40px;\"><\/td>\n<td style=\"width: 10px;\"><\/td>\n<\/tr>\n<tr>\n<td style=\"width: 99px;\">EQUIPOS<\/td>\n<td style=\"width: 30px;\">PJ<\/td>\n<td style=\"width: 26px;\">PG<\/td>\n<td style=\"width: 22px;\">PE<\/td>\n<td style=\"width: 22px;\">PP<\/td>\n<td style=\"width: 26px;\">GF<\/td>\n<td style=\"width: 40px;\">GC<\/td>\n<td style=\"width: 147px;\"><\/td>\n<td style=\"width: 40px;\"><\/td>\n<td style=\"width: 10px;\"><\/td>\n<\/tr>\n<tr>\n<td style=\"width: 99px;\">1.Millos<\/td>\n<td style=\"width: 30px;\">105<\/td>\n<td style=\"width: 26px;\">34<\/td>\n<td style=\"width: 22px;\">40<\/td>\n<td style=\"width: 22px;\">31<\/td>\n<td style=\"width: 26px;\">135<\/td>\n<td style=\"width: 40px;\">115<\/td>\n<td style=\"width: 197px;\" colspan=\"3\">Se han marcado 250 goles<\/td>\n<\/tr>\n<tr>\n<td style=\"width: 99px;\">2.Tolima<\/td>\n<td style=\"width: 30px;\">105<\/td>\n<td style=\"width: 26px;\">31<\/td>\n<td style=\"width: 22px;\">40<\/td>\n<td style=\"width: 22px;\">34<\/td>\n<td style=\"width: 26px;\">115<\/td>\n<td style=\"width: 40px;\">135<\/td>\n<td style=\"width: 147px;\"><\/td>\n<td style=\"width: 40px;\"><\/td>\n<td style=\"width: 10px;\"><\/td>\n<\/tr>\n<\/tbody>\n<\/table>\n<p>&nbsp;<\/p>\n<table style=\"width: 266px;\">\n<tbody>\n<tr style=\"height: 26px;\">\n<td style=\"height: 26px; width: 189px;\"><strong>GOLEADORES<\/strong><\/td>\n<td style=\"height: 26px; width: 37px;\"><\/td>\n<\/tr>\n<tr style=\"height: 26px;\">\n<td style=\"height: 26px; width: 189px;\">Silvio Faria (Millos)<\/td>\n<td style=\"height: 26px; width: 37px;\">10<\/td>\n<\/tr>\n<tr>\n<td style=\"width: 189px;\">Arnoldo Iguar\u00e1n (Millos)<\/td>\n<td style=\"width: 37px;\">10<\/td>\n<\/tr>\n<tr style=\"height: 26px;\">\n<td style=\"height: 26px; width: 189px;\">Oscar Jamardo (Tolima)<\/td>\n<td style=\"height: 26px; width: 37px;\">9<\/td>\n<\/tr>\n<\/tbody>\n<\/table>\n","protected":false},"excerpt":{"rendered":"<p>Deportes Tolima\u00a0buscar\u00e1 su quinta victoria en l\u00ednea en la\u00a0Liga \u00c1guila\u00a0del f\u00fatbol colombiano cuando reciba este s\u00e1bado a las 5.30 de la tarde a Millonarios, en partido que le puede entregar la clasificaci\u00f3n a los cuartos de final al equipo que dirige\u00a0Alberto Gamero. El defensa central\u00a0Juli\u00e1n Qui\u00f1ones\u00a0por acumulaci\u00f3n de tarjetas amarillas se perder\u00e1 el juego y [&hellip;]<\/p>\n","protected":false},"author":5,"featured_media":15694,"comment_status":"open","ping_status":"open","sticky":false,"template":"","format":"standard","meta":{"_acf_changed":false,"footnotes":""},"categories":[7],"tags":[171,145,148],"class_list":{"0":"post-16324","1":"post","2":"type-post","3":"status-publish","4":"format-standard","5":"has-post-thumbnail","7":"category-liga-betplay","8":"tag-deportes-tolima","9":"tag-liga-aguila","10":"tag-millonarios"},"acf":[],"yoast_head":"<!-- This site is optimized with the Yoast SEO plugin v26.8 - https:\/\/yoast.com\/product\/yoast-seo-wordpress\/ -->\n<title>Tolima a ratificarse ante el campe\u00f3n -<\/title>\n<meta name=\"robots\" content=\"index, follow, max-snippet:-1, max-image-preview:large, max-video-preview:-1\" \/>\n<link rel=\"canonical\" href=\"https:\/\/futbolhoy.co\/index.php\/2018\/04\/21\/tolima-a-ratificarse-ante-el-campeon\/\" \/>\n<meta property=\"og:locale\" content=\"es_ES\" \/>\n<meta property=\"og:type\" content=\"article\" \/>\n<meta property=\"og:title\" content=\"Tolima a ratificarse ante el campe\u00f3n -\" \/>\n<meta property=\"og:description\" content=\"Deportes Tolima\u00a0buscar\u00e1 su quinta victoria en l\u00ednea en la\u00a0Liga \u00c1guila\u00a0del f\u00fatbol colombiano cuando reciba este s\u00e1bado a las 5.30 de la tarde a Millonarios, en partido que le puede entregar la clasificaci\u00f3n a los cuartos de final al equipo que dirige\u00a0Alberto Gamero. El defensa central\u00a0Juli\u00e1n Qui\u00f1ones\u00a0por acumulaci\u00f3n de tarjetas amarillas se perder\u00e1 el juego y [&hellip;]\" \/>\n<meta property=\"og:url\" content=\"https:\/\/futbolhoy.co\/index.php\/2018\/04\/21\/tolima-a-ratificarse-ante-el-campeon\/\" \/>\n<meta property=\"article:publisher\" content=\"https:\/\/www.facebook.com\/FutbolHoyCol\/\" \/>\n<meta property=\"article:published_time\" content=\"2018-04-21T18:12:14+00:00\" \/>\n<meta property=\"article:modified_time\" content=\"2018-04-22T02:13:47+00:00\" \/>\n<meta property=\"og:image\" content=\"https:\/\/futbolhoy.co\/wp-content\/uploads\/2018\/04\/DZsyj1kWkAAZlCX.jpg\" \/>\n\t<meta property=\"og:image:width\" content=\"1024\" \/>\n\t<meta property=\"og:image:height\" content=\"732\" \/>\n\t<meta property=\"og:image:type\" content=\"image\/jpeg\" \/>\n<meta name=\"author\" content=\"Laura Hern\u00e1ndez\" \/>\n<meta name=\"twitter:card\" content=\"summary_large_image\" \/>\n<meta name=\"twitter:creator\" content=\"@FutbolHoyCol\" \/>\n<meta name=\"twitter:site\" content=\"@FutbolHoyCol\" \/>\n<meta name=\"twitter:label1\" content=\"Escrito por\" \/>\n\t<meta name=\"twitter:data1\" content=\"Laura Hern\u00e1ndez\" \/>\n\t<meta name=\"twitter:label2\" content=\"Tiempo de lectura\" \/>\n\t<meta name=\"twitter:data2\" content=\"1 minuto\" \/>\n<script type=\"application\/ld+json\" class=\"yoast-schema-graph\">{\"@context\":\"https:\/\/schema.org\",\"@graph\":[{\"@type\":\"Article\",\"@id\":\"https:\/\/futbolhoy.co\/index.php\/2018\/04\/21\/tolima-a-ratificarse-ante-el-campeon\/#article\",\"isPartOf\":{\"@id\":\"https:\/\/futbolhoy.co\/index.php\/2018\/04\/21\/tolima-a-ratificarse-ante-el-campeon\/\"},\"author\":{\"name\":\"Laura Hern\u00e1ndez\",\"@id\":\"https:\/\/futbolhoy.co\/#\/schema\/person\/c4a353a512b127643723a34bb1812f7d\"},\"headline\":\"Tolima a ratificarse ante el campe\u00f3n\",\"datePublished\":\"2018-04-21T18:12:14+00:00\",\"dateModified\":\"2018-04-22T02:13:47+00:00\",\"mainEntityOfPage\":{\"@id\":\"https:\/\/futbolhoy.co\/index.php\/2018\/04\/21\/tolima-a-ratificarse-ante-el-campeon\/\"},\"wordCount\":224,\"commentCount\":0,\"publisher\":{\"@id\":\"https:\/\/futbolhoy.co\/#organization\"},\"image\":{\"@id\":\"https:\/\/futbolhoy.co\/index.php\/2018\/04\/21\/tolima-a-ratificarse-ante-el-campeon\/#primaryimage\"},\"thumbnailUrl\":\"https:\/\/futbolhoy.co\/wp-content\/uploads\/2018\/04\/DZsyj1kWkAAZlCX.jpg\",\"keywords\":[\"Deportes Tolima\",\"Liga Aguila\",\"Millonarios\"],\"articleSection\":[\"Liga BetPlay\"],\"inLanguage\":\"es\",\"potentialAction\":[{\"@type\":\"CommentAction\",\"name\":\"Comment\",\"target\":[\"https:\/\/futbolhoy.co\/index.php\/2018\/04\/21\/tolima-a-ratificarse-ante-el-campeon\/#respond\"]}]},{\"@type\":\"WebPage\",\"@id\":\"https:\/\/futbolhoy.co\/index.php\/2018\/04\/21\/tolima-a-ratificarse-ante-el-campeon\/\",\"url\":\"https:\/\/futbolhoy.co\/index.php\/2018\/04\/21\/tolima-a-ratificarse-ante-el-campeon\/\",\"name\":\"Tolima a ratificarse ante el campe\u00f3n -\",\"isPartOf\":{\"@id\":\"https:\/\/futbolhoy.co\/#website\"},\"primaryImageOfPage\":{\"@id\":\"https:\/\/futbolhoy.co\/index.php\/2018\/04\/21\/tolima-a-ratificarse-ante-el-campeon\/#primaryimage\"},\"image\":{\"@id\":\"https:\/\/futbolhoy.co\/index.php\/2018\/04\/21\/tolima-a-ratificarse-ante-el-campeon\/#primaryimage\"},\"thumbnailUrl\":\"https:\/\/futbolhoy.co\/wp-content\/uploads\/2018\/04\/DZsyj1kWkAAZlCX.jpg\",\"datePublished\":\"2018-04-21T18:12:14+00:00\",\"dateModified\":\"2018-04-22T02:13:47+00:00\",\"breadcrumb\":{\"@id\":\"https:\/\/futbolhoy.co\/index.php\/2018\/04\/21\/tolima-a-ratificarse-ante-el-campeon\/#breadcrumb\"},\"inLanguage\":\"es\",\"potentialAction\":[{\"@type\":\"ReadAction\",\"target\":[\"https:\/\/futbolhoy.co\/index.php\/2018\/04\/21\/tolima-a-ratificarse-ante-el-campeon\/\"]}]},{\"@type\":\"ImageObject\",\"inLanguage\":\"es\",\"@id\":\"https:\/\/futbolhoy.co\/index.php\/2018\/04\/21\/tolima-a-ratificarse-ante-el-campeon\/#primaryimage\",\"url\":\"https:\/\/futbolhoy.co\/wp-content\/uploads\/2018\/04\/DZsyj1kWkAAZlCX.jpg\",\"contentUrl\":\"https:\/\/futbolhoy.co\/wp-content\/uploads\/2018\/04\/DZsyj1kWkAAZlCX.jpg\",\"width\":1024,\"height\":732,\"caption\":\"Twitter @CDTolima\"},{\"@type\":\"BreadcrumbList\",\"@id\":\"https:\/\/futbolhoy.co\/index.php\/2018\/04\/21\/tolima-a-ratificarse-ante-el-campeon\/#breadcrumb\",\"itemListElement\":[{\"@type\":\"ListItem\",\"position\":1,\"name\":\"Portada\",\"item\":\"https:\/\/futbolhoy.co\/\"},{\"@type\":\"ListItem\",\"position\":2,\"name\":\"Tolima a ratificarse ante el campe\u00f3n\"}]},{\"@type\":\"WebSite\",\"@id\":\"https:\/\/futbolhoy.co\/#website\",\"url\":\"https:\/\/futbolhoy.co\/\",\"name\":\"FutbolHoy\",\"description\":\"\",\"publisher\":{\"@id\":\"https:\/\/futbolhoy.co\/#organization\"},\"potentialAction\":[{\"@type\":\"SearchAction\",\"target\":{\"@type\":\"EntryPoint\",\"urlTemplate\":\"https:\/\/futbolhoy.co\/?s={search_term_string}\"},\"query-input\":{\"@type\":\"PropertyValueSpecification\",\"valueRequired\":true,\"valueName\":\"search_term_string\"}}],\"inLanguage\":\"es\"},{\"@type\":\"Organization\",\"@id\":\"https:\/\/futbolhoy.co\/#organization\",\"name\":\"Futbolhoy.co\",\"url\":\"https:\/\/futbolhoy.co\/\",\"logo\":{\"@type\":\"ImageObject\",\"inLanguage\":\"es\",\"@id\":\"https:\/\/futbolhoy.co\/#\/schema\/logo\/image\/\",\"url\":\"https:\/\/futbolhoy.co\/wp-content\/uploads\/2018\/08\/17426380_1906371736249227_6326180412931521141_n.jpg\",\"contentUrl\":\"https:\/\/futbolhoy.co\/wp-content\/uploads\/2018\/08\/17426380_1906371736249227_6326180412931521141_n.jpg\",\"width\":960,\"height\":960,\"caption\":\"Futbolhoy.co\"},\"image\":{\"@id\":\"https:\/\/futbolhoy.co\/#\/schema\/logo\/image\/\"},\"sameAs\":[\"https:\/\/www.facebook.com\/FutbolHoyCol\/\",\"https:\/\/x.com\/FutbolHoyCol\",\"https:\/\/www.instagram.com\/futbolhoycol\/\"]},{\"@type\":\"Person\",\"@id\":\"https:\/\/futbolhoy.co\/#\/schema\/person\/c4a353a512b127643723a34bb1812f7d\",\"name\":\"Laura Hern\u00e1ndez\",\"image\":{\"@type\":\"ImageObject\",\"inLanguage\":\"es\",\"@id\":\"https:\/\/futbolhoy.co\/#\/schema\/person\/image\/\",\"url\":\"https:\/\/secure.gravatar.com\/avatar\/d25959a15b9b293a743f99181c7cfd01?s=96&d=mm&r=g\",\"contentUrl\":\"https:\/\/secure.gravatar.com\/avatar\/d25959a15b9b293a743f99181c7cfd01?s=96&d=mm&r=g\",\"caption\":\"Laura Hern\u00e1ndez\"}}]}<\/script>\n<!-- \/ Yoast SEO plugin. -->","yoast_head_json":{"title":"Tolima a ratificarse ante el campe\u00f3n -","robots":{"index":"index","follow":"follow","max-snippet":"max-snippet:-1","max-image-preview":"max-image-preview:large","max-video-preview":"max-video-preview:-1"},"canonical":"https:\/\/futbolhoy.co\/index.php\/2018\/04\/21\/tolima-a-ratificarse-ante-el-campeon\/","og_locale":"es_ES","og_type":"article","og_title":"Tolima a ratificarse ante el campe\u00f3n -","og_description":"Deportes Tolima\u00a0buscar\u00e1 su quinta victoria en l\u00ednea en la\u00a0Liga \u00c1guila\u00a0del f\u00fatbol colombiano cuando reciba este s\u00e1bado a las 5.30 de la tarde a Millonarios, en partido que le puede entregar la clasificaci\u00f3n a los cuartos de final al equipo que dirige\u00a0Alberto Gamero. El defensa central\u00a0Juli\u00e1n Qui\u00f1ones\u00a0por acumulaci\u00f3n de tarjetas amarillas se perder\u00e1 el juego y [&hellip;]","og_url":"https:\/\/futbolhoy.co\/index.php\/2018\/04\/21\/tolima-a-ratificarse-ante-el-campeon\/","article_publisher":"https:\/\/www.facebook.com\/FutbolHoyCol\/","article_published_time":"2018-04-21T18:12:14+00:00","article_modified_time":"2018-04-22T02:13:47+00:00","og_image":[{"width":1024,"height":732,"url":"https:\/\/futbolhoy.co\/wp-content\/uploads\/2018\/04\/DZsyj1kWkAAZlCX.jpg","type":"image\/jpeg"}],"author":"Laura Hern\u00e1ndez","twitter_card":"summary_large_image","twitter_creator":"@FutbolHoyCol","twitter_site":"@FutbolHoyCol","twitter_misc":{"Escrito por":"Laura Hern\u00e1ndez","Tiempo de lectura":"1 minuto"},"schema":{"@context":"https:\/\/schema.org","@graph":[{"@type":"Article","@id":"https:\/\/futbolhoy.co\/index.php\/2018\/04\/21\/tolima-a-ratificarse-ante-el-campeon\/#article","isPartOf":{"@id":"https:\/\/futbolhoy.co\/index.php\/2018\/04\/21\/tolima-a-ratificarse-ante-el-campeon\/"},"author":{"name":"Laura Hern\u00e1ndez","@id":"https:\/\/futbolhoy.co\/#\/schema\/person\/c4a353a512b127643723a34bb1812f7d"},"headline":"Tolima a ratificarse ante el campe\u00f3n","datePublished":"2018-04-21T18:12:14+00:00","dateModified":"2018-04-22T02:13:47+00:00","mainEntityOfPage":{"@id":"https:\/\/futbolhoy.co\/index.php\/2018\/04\/21\/tolima-a-ratificarse-ante-el-campeon\/"},"wordCount":224,"commentCount":0,"publisher":{"@id":"https:\/\/futbolhoy.co\/#organization"},"image":{"@id":"https:\/\/futbolhoy.co\/index.php\/2018\/04\/21\/tolima-a-ratificarse-ante-el-campeon\/#primaryimage"},"thumbnailUrl":"https:\/\/futbolhoy.co\/wp-content\/uploads\/2018\/04\/DZsyj1kWkAAZlCX.jpg","keywords":["Deportes Tolima","Liga Aguila","Millonarios"],"articleSection":["Liga BetPlay"],"inLanguage":"es","potentialAction":[{"@type":"CommentAction","name":"Comment","target":["https:\/\/futbolhoy.co\/index.php\/2018\/04\/21\/tolima-a-ratificarse-ante-el-campeon\/#respond"]}]},{"@type":"WebPage","@id":"https:\/\/futbolhoy.co\/index.php\/2018\/04\/21\/tolima-a-ratificarse-ante-el-campeon\/","url":"https:\/\/futbolhoy.co\/index.php\/2018\/04\/21\/tolima-a-ratificarse-ante-el-campeon\/","name":"Tolima a ratificarse ante el campe\u00f3n -","isPartOf":{"@id":"https:\/\/futbolhoy.co\/#website"},"primaryImageOfPage":{"@id":"https:\/\/futbolhoy.co\/index.php\/2018\/04\/21\/tolima-a-ratificarse-ante-el-campeon\/#primaryimage"},"image":{"@id":"https:\/\/futbolhoy.co\/index.php\/2018\/04\/21\/tolima-a-ratificarse-ante-el-campeon\/#primaryimage"},"thumbnailUrl":"https:\/\/futbolhoy.co\/wp-content\/uploads\/2018\/04\/DZsyj1kWkAAZlCX.jpg","datePublished":"2018-04-21T18:12:14+00:00","dateModified":"2018-04-22T02:13:47+00:00","breadcrumb":{"@id":"https:\/\/futbolhoy.co\/index.php\/2018\/04\/21\/tolima-a-ratificarse-ante-el-campeon\/#breadcrumb"},"inLanguage":"es","potentialAction":[{"@type":"ReadAction","target":["https:\/\/futbolhoy.co\/index.php\/2018\/04\/21\/tolima-a-ratificarse-ante-el-campeon\/"]}]},{"@type":"ImageObject","inLanguage":"es","@id":"https:\/\/futbolhoy.co\/index.php\/2018\/04\/21\/tolima-a-ratificarse-ante-el-campeon\/#primaryimage","url":"https:\/\/futbolhoy.co\/wp-content\/uploads\/2018\/04\/DZsyj1kWkAAZlCX.jpg","contentUrl":"https:\/\/futbolhoy.co\/wp-content\/uploads\/2018\/04\/DZsyj1kWkAAZlCX.jpg","width":1024,"height":732,"caption":"Twitter @CDTolima"},{"@type":"BreadcrumbList","@id":"https:\/\/futbolhoy.co\/index.php\/2018\/04\/21\/tolima-a-ratificarse-ante-el-campeon\/#breadcrumb","itemListElement":[{"@type":"ListItem","position":1,"name":"Portada","item":"https:\/\/futbolhoy.co\/"},{"@type":"ListItem","position":2,"name":"Tolima a ratificarse ante el campe\u00f3n"}]},{"@type":"WebSite","@id":"https:\/\/futbolhoy.co\/#website","url":"https:\/\/futbolhoy.co\/","name":"FutbolHoy","description":"","publisher":{"@id":"https:\/\/futbolhoy.co\/#organization"},"potentialAction":[{"@type":"SearchAction","target":{"@type":"EntryPoint","urlTemplate":"https:\/\/futbolhoy.co\/?s={search_term_string}"},"query-input":{"@type":"PropertyValueSpecification","valueRequired":true,"valueName":"search_term_string"}}],"inLanguage":"es"},{"@type":"Organization","@id":"https:\/\/futbolhoy.co\/#organization","name":"Futbolhoy.co","url":"https:\/\/futbolhoy.co\/","logo":{"@type":"ImageObject","inLanguage":"es","@id":"https:\/\/futbolhoy.co\/#\/schema\/logo\/image\/","url":"https:\/\/futbolhoy.co\/wp-content\/uploads\/2018\/08\/17426380_1906371736249227_6326180412931521141_n.jpg","contentUrl":"https:\/\/futbolhoy.co\/wp-content\/uploads\/2018\/08\/17426380_1906371736249227_6326180412931521141_n.jpg","width":960,"height":960,"caption":"Futbolhoy.co"},"image":{"@id":"https:\/\/futbolhoy.co\/#\/schema\/logo\/image\/"},"sameAs":["https:\/\/www.facebook.com\/FutbolHoyCol\/","https:\/\/x.com\/FutbolHoyCol","https:\/\/www.instagram.com\/futbolhoycol\/"]},{"@type":"Person","@id":"https:\/\/futbolhoy.co\/#\/schema\/person\/c4a353a512b127643723a34bb1812f7d","name":"Laura Hern\u00e1ndez","image":{"@type":"ImageObject","inLanguage":"es","@id":"https:\/\/futbolhoy.co\/#\/schema\/person\/image\/","url":"https:\/\/secure.gravatar.com\/avatar\/d25959a15b9b293a743f99181c7cfd01?s=96&d=mm&r=g","contentUrl":"https:\/\/secure.gravatar.com\/avatar\/d25959a15b9b293a743f99181c7cfd01?s=96&d=mm&r=g","caption":"Laura Hern\u00e1ndez"}}]}},"publishpress_future_action":{"enabled":false,"date":"2026-05-04 20:37:20","action":"change-status","newStatus":"draft","terms":[],"taxonomy":"category","extraData":[]},"publishpress_future_workflow_manual_trigger":{"enabledWorkflows":[]},"_links":{"self":[{"href":"https:\/\/futbolhoy.co\/index.php\/wp-json\/wp\/v2\/posts\/16324","targetHints":{"allow":["GET"]}}],"collection":[{"href":"https:\/\/futbolhoy.co\/index.php\/wp-json\/wp\/v2\/posts"}],"about":[{"href":"https:\/\/futbolhoy.co\/index.php\/wp-json\/wp\/v2\/types\/post"}],"author":[{"embeddable":true,"href":"https:\/\/futbolhoy.co\/index.php\/wp-json\/wp\/v2\/users\/5"}],"replies":[{"embeddable":true,"href":"https:\/\/futbolhoy.co\/index.php\/wp-json\/wp\/v2\/comments?post=16324"}],"version-history":[{"count":1,"href":"https:\/\/futbolhoy.co\/index.php\/wp-json\/wp\/v2\/posts\/16324\/revisions"}],"predecessor-version":[{"id":16326,"href":"https:\/\/futbolhoy.co\/index.php\/wp-json\/wp\/v2\/posts\/16324\/revisions\/16326"}],"wp:featuredmedia":[{"embeddable":true,"href":"https:\/\/futbolhoy.co\/index.php\/wp-json\/wp\/v2\/media\/15694"}],"wp:attachment":[{"href":"https:\/\/futbolhoy.co\/index.php\/wp-json\/wp\/v2\/media?parent=16324"}],"wp:term":[{"taxonomy":"category","embeddable":true,"href":"https:\/\/futbolhoy.co\/index.php\/wp-json\/wp\/v2\/categories?post=16324"},{"taxonomy":"post_tag","embeddable":true,"href":"https:\/\/futbolhoy.co\/index.php\/wp-json\/wp\/v2\/tags?post=16324"}],"curies":[{"name":"wp","href":"https:\/\/api.w.org\/{rel}","templated":true}]}}