{"id":16328,"date":"2018-04-20T13:10:20","date_gmt":"2018-04-20T18:10:20","guid":{"rendered":"http:\/\/futbolhoy.co\/?p=16328"},"modified":"2018-04-21T11:42:08","modified_gmt":"2018-04-21T16:42:08","slug":"ivan-ramiro-cordoba-inaugura-sede-de-la-seleccion-en-rusia","status":"publish","type":"post","link":"https:\/\/futbolhoy.co\/index.php\/2018\/04\/20\/ivan-ramiro-cordoba-inaugura-sede-de-la-seleccion-en-rusia\/","title":{"rendered":"Iv\u00e1n Ramiro C\u00f3rdoba inaugura sede de la Selecci\u00f3n en Rusia"},"content":{"rendered":"\r\n                <style type=\"text\/css\">\r\n                    \r\n                    #tdi_1  .td-doubleSlider-2 .td-item1 {\r\n                        background: url(https:\/\/futbolhoy.co\/wp-content\/uploads\/2018\/04\/IMG_20180421_112115-80x60.jpg) 0 0 no-repeat;\r\n                    }\r\n                    #tdi_1  .td-doubleSlider-2 .td-item2 {\r\n                        background: url(https:\/\/futbolhoy.co\/wp-content\/uploads\/2018\/04\/IMG_20180421_112056-80x60.jpg) 0 0 no-repeat;\r\n                    }\r\n                    #tdi_1  .td-doubleSlider-2 .td-item3 {\r\n                        background: url(https:\/\/futbolhoy.co\/wp-content\/uploads\/2018\/04\/IMG_20180421_112100-80x60.jpg) 0 0 no-repeat;\r\n                    }\r\n                    #tdi_1  .td-doubleSlider-2 .td-item4 {\r\n                        background: url(https:\/\/futbolhoy.co\/wp-content\/uploads\/2018\/04\/IMG_20180421_111647-80x60.jpg) 0 0 no-repeat;\r\n                    }\r\n                    #tdi_1  .td-doubleSlider-2 .td-item5 {\r\n                        background: url(https:\/\/futbolhoy.co\/wp-content\/uploads\/2018\/04\/IMG_20180421_111704-80x60.jpg) 0 0 no-repeat;\r\n                    }\r\n                    #tdi_1  .td-doubleSlider-2 .td-item6 {\r\n                        background: url(https:\/\/futbolhoy.co\/wp-content\/uploads\/2018\/04\/IMG_20180421_111717-80x60.jpg) 0 0 no-repeat;\r\n                    }\r\n                    #tdi_1  .td-doubleSlider-2 .td-item7 {\r\n                        background: url(https:\/\/futbolhoy.co\/wp-content\/uploads\/2018\/04\/IMG_20180421_111739-80x60.jpg) 0 0 no-repeat;\r\n                    }\r\n                    #tdi_1  .td-doubleSlider-2 .td-item8 {\r\n                        background: url(https:\/\/futbolhoy.co\/wp-content\/uploads\/2018\/04\/IMG_20180421_111708-80x60.jpg) 0 0 no-repeat;\r\n                    }\r\n                    #tdi_1  .td-doubleSlider-2 .td-item9 {\r\n                        background: url(https:\/\/futbolhoy.co\/wp-content\/uploads\/2018\/04\/IMG_20180421_111706-80x60.jpg) 0 0 no-repeat;\r\n                    }\r\n                <\/style>\r\n\r\n                <div id=\"tdi_1\" class=\"td-gallery td-slide-on-2-columns\">\r\n                    <div class=\"post_td_gallery\">\r\n                        <div class=\"td-gallery-slide-top\">\r\n                           <div class=\"td-gallery-title\"><\/div>\r\n\r\n                            <div class=\"td-gallery-controls-wrapper\">\r\n                                <div class=\"td-gallery-slide-count\"><span class=\"td-gallery-slide-item-focus\">1<\/span> de 9<\/div>\r\n                                <div class=\"td-gallery-slide-prev-next-but\">\r\n                                    <i class = \"td-icon-left doubleSliderPrevButton\"><\/i>\r\n                                    <i class = \"td-icon-right doubleSliderNextButton\"><\/i>\r\n                                <\/div>\r\n                            <\/div>\r\n                        <\/div>\r\n\r\n                        <div class = \"td-doubleSlider-1 \">\r\n                            <div class = \"td-slider\">\r\n                                \r\n                    <div class = \"td-slide-item td-item1\">\r\n                        <figure class=\"td-slide-galery-figure td-slide-popup-gallery\">\r\n                            <a class=\"slide-gallery-image-link\" href=\"https:\/\/futbolhoy.co\/wp-content\/uploads\/2018\/04\/IMG_20180421_112115.jpg\" title=\"IMG_20180421_112115\"  data-caption=\"Twitter @Ivanramiroc\"  data-description=\"\">\r\n                                <img decoding=\"async\" src=\"https:\/\/futbolhoy.co\/wp-content\/uploads\/2018\/04\/IMG_20180421_112115-424x420.jpg\" srcset=\"https:\/\/futbolhoy.co\/wp-content\/uploads\/2018\/04\/IMG_20180421_112115-424x420.jpg 424w, https:\/\/futbolhoy.co\/wp-content\/uploads\/2018\/04\/IMG_20180421_112115-150x150.jpg 150w, https:\/\/futbolhoy.co\/wp-content\/uploads\/2018\/04\/IMG_20180421_112115-300x297.jpg 300w, https:\/\/futbolhoy.co\/wp-content\/uploads\/2018\/04\/IMG_20180421_112115-696x689.jpg 696w, https:\/\/futbolhoy.co\/wp-content\/uploads\/2018\/04\/IMG_20180421_112115-128x128.jpg 128w, https:\/\/futbolhoy.co\/wp-content\/uploads\/2018\/04\/IMG_20180421_112115-32x32.jpg 32w, https:\/\/futbolhoy.co\/wp-content\/uploads\/2018\/04\/IMG_20180421_112115.jpg 758w\" sizes=\"(max-width: 424px) 100vw, 424px\" alt=\"\">\r\n                            <\/a>\r\n                            <figcaption class = \"td-slide-caption td-gallery-slide-content\"><div class = \"td-gallery-slide-copywrite\">Twitter @Ivanramiroc<\/div><\/figcaption>\r\n                        <\/figure>\r\n                    <\/div>\r\n                    <div class = \"td-slide-item td-item2\">\r\n                        <figure class=\"td-slide-galery-figure td-slide-popup-gallery\">\r\n                            <a class=\"slide-gallery-image-link\" href=\"https:\/\/futbolhoy.co\/wp-content\/uploads\/2018\/04\/IMG_20180421_112056.jpg\" title=\"IMG_20180421_112056\"  data-caption=\"Twitter @fifaworldcup_ru\"  data-description=\"\">\r\n                                <img decoding=\"async\" src=\"https:\/\/futbolhoy.co\/wp-content\/uploads\/2018\/04\/IMG_20180421_112056-630x420.jpg\" srcset=\"https:\/\/futbolhoy.co\/wp-content\/uploads\/2018\/04\/IMG_20180421_112056-630x420.jpg 630w, https:\/\/futbolhoy.co\/wp-content\/uploads\/2018\/04\/IMG_20180421_112056-300x200.jpg 300w, https:\/\/futbolhoy.co\/wp-content\/uploads\/2018\/04\/IMG_20180421_112056-768x512.jpg 768w, https:\/\/futbolhoy.co\/wp-content\/uploads\/2018\/04\/IMG_20180421_112056-1024x683.jpg 1024w, https:\/\/futbolhoy.co\/wp-content\/uploads\/2018\/04\/IMG_20180421_112056-696x464.jpg 696w, https:\/\/futbolhoy.co\/wp-content\/uploads\/2018\/04\/IMG_20180421_112056-1068x712.jpg 1068w, https:\/\/futbolhoy.co\/wp-content\/uploads\/2018\/04\/IMG_20180421_112056-128x85.jpg 128w, https:\/\/futbolhoy.co\/wp-content\/uploads\/2018\/04\/IMG_20180421_112056-32x21.jpg 32w, https:\/\/futbolhoy.co\/wp-content\/uploads\/2018\/04\/IMG_20180421_112056.jpg 1920w\" sizes=\"(max-width: 630px) 100vw, 630px\" alt=\"\">\r\n                            <\/a>\r\n                            <figcaption class = \"td-slide-caption td-gallery-slide-content\"><div class = \"td-gallery-slide-copywrite\">Twitter @fifaworldcup_ru<\/div><\/figcaption>\r\n                        <\/figure>\r\n                    <\/div>\r\n                    <div class = \"td-slide-item td-item3\">\r\n                        <figure class=\"td-slide-galery-figure td-slide-popup-gallery\">\r\n                            <a class=\"slide-gallery-image-link\" href=\"https:\/\/futbolhoy.co\/wp-content\/uploads\/2018\/04\/IMG_20180421_112100.jpg\" title=\"IMG_20180421_112100\"  data-caption=\"Twitter @FifaWorldCup\"  data-description=\"\">\r\n                                <img decoding=\"async\" src=\"https:\/\/futbolhoy.co\/wp-content\/uploads\/2018\/04\/IMG_20180421_112100-630x420.jpg\" srcset=\"https:\/\/futbolhoy.co\/wp-content\/uploads\/2018\/04\/IMG_20180421_112100-630x420.jpg 630w, https:\/\/futbolhoy.co\/wp-content\/uploads\/2018\/04\/IMG_20180421_112100-300x200.jpg 300w, https:\/\/futbolhoy.co\/wp-content\/uploads\/2018\/04\/IMG_20180421_112100-768x512.jpg 768w, https:\/\/futbolhoy.co\/wp-content\/uploads\/2018\/04\/IMG_20180421_112100-1024x683.jpg 1024w, https:\/\/futbolhoy.co\/wp-content\/uploads\/2018\/04\/IMG_20180421_112100-696x464.jpg 696w, https:\/\/futbolhoy.co\/wp-content\/uploads\/2018\/04\/IMG_20180421_112100-1068x712.jpg 1068w, https:\/\/futbolhoy.co\/wp-content\/uploads\/2018\/04\/IMG_20180421_112100-128x85.jpg 128w, https:\/\/futbolhoy.co\/wp-content\/uploads\/2018\/04\/IMG_20180421_112100-32x21.jpg 32w, https:\/\/futbolhoy.co\/wp-content\/uploads\/2018\/04\/IMG_20180421_112100.jpg 1920w\" sizes=\"(max-width: 630px) 100vw, 630px\" alt=\"\">\r\n                            <\/a>\r\n                            <figcaption class = \"td-slide-caption td-gallery-slide-content\"><div class = \"td-gallery-slide-copywrite\">Twitter @FifaWorldCup<\/div><\/figcaption>\r\n                        <\/figure>\r\n                    <\/div>\r\n                    <div class = \"td-slide-item td-item4\">\r\n                        <figure class=\"td-slide-galery-figure td-slide-popup-gallery\">\r\n                            <a class=\"slide-gallery-image-link\" href=\"https:\/\/futbolhoy.co\/wp-content\/uploads\/2018\/04\/IMG_20180421_111647.jpg\" title=\"IMG_20180421_111647\"  data-caption=\"Twitter @FifaWorldCup\"  data-description=\"\">\r\n                                <img decoding=\"async\" src=\"https:\/\/futbolhoy.co\/wp-content\/uploads\/2018\/04\/IMG_20180421_111647-630x420.jpg\" srcset=\"https:\/\/futbolhoy.co\/wp-content\/uploads\/2018\/04\/IMG_20180421_111647-630x420.jpg 630w, https:\/\/futbolhoy.co\/wp-content\/uploads\/2018\/04\/IMG_20180421_111647-300x200.jpg 300w, https:\/\/futbolhoy.co\/wp-content\/uploads\/2018\/04\/IMG_20180421_111647-768x512.jpg 768w, https:\/\/futbolhoy.co\/wp-content\/uploads\/2018\/04\/IMG_20180421_111647-1024x683.jpg 1024w, https:\/\/futbolhoy.co\/wp-content\/uploads\/2018\/04\/IMG_20180421_111647-696x464.jpg 696w, https:\/\/futbolhoy.co\/wp-content\/uploads\/2018\/04\/IMG_20180421_111647-1068x712.jpg 1068w, https:\/\/futbolhoy.co\/wp-content\/uploads\/2018\/04\/IMG_20180421_111647-128x85.jpg 128w, https:\/\/futbolhoy.co\/wp-content\/uploads\/2018\/04\/IMG_20180421_111647-32x21.jpg 32w, https:\/\/futbolhoy.co\/wp-content\/uploads\/2018\/04\/IMG_20180421_111647.jpg 1200w\" sizes=\"(max-width: 630px) 100vw, 630px\" alt=\"\">\r\n                            <\/a>\r\n                            <figcaption class = \"td-slide-caption td-gallery-slide-content\"><div class = \"td-gallery-slide-copywrite\">Twitter @FifaWorldCup<\/div><\/figcaption>\r\n                        <\/figure>\r\n                    <\/div>\r\n                    <div class = \"td-slide-item td-item5\">\r\n                        <figure class=\"td-slide-galery-figure td-slide-popup-gallery\">\r\n                            <a class=\"slide-gallery-image-link\" href=\"https:\/\/futbolhoy.co\/wp-content\/uploads\/2018\/04\/IMG_20180421_111704.jpg\" title=\"IMG_20180421_111704\"  data-caption=\"Twitter @fifaworldcup_ru\"  data-description=\"\">\r\n                                <img decoding=\"async\" src=\"https:\/\/futbolhoy.co\/wp-content\/uploads\/2018\/04\/IMG_20180421_111704-630x420.jpg\" srcset=\"https:\/\/futbolhoy.co\/wp-content\/uploads\/2018\/04\/IMG_20180421_111704-630x420.jpg 630w, https:\/\/futbolhoy.co\/wp-content\/uploads\/2018\/04\/IMG_20180421_111704-300x200.jpg 300w, https:\/\/futbolhoy.co\/wp-content\/uploads\/2018\/04\/IMG_20180421_111704-768x512.jpg 768w, https:\/\/futbolhoy.co\/wp-content\/uploads\/2018\/04\/IMG_20180421_111704-1024x683.jpg 1024w, https:\/\/futbolhoy.co\/wp-content\/uploads\/2018\/04\/IMG_20180421_111704-696x464.jpg 696w, https:\/\/futbolhoy.co\/wp-content\/uploads\/2018\/04\/IMG_20180421_111704-1068x712.jpg 1068w, https:\/\/futbolhoy.co\/wp-content\/uploads\/2018\/04\/IMG_20180421_111704-128x85.jpg 128w, https:\/\/futbolhoy.co\/wp-content\/uploads\/2018\/04\/IMG_20180421_111704-32x21.jpg 32w, https:\/\/futbolhoy.co\/wp-content\/uploads\/2018\/04\/IMG_20180421_111704.jpg 1920w\" sizes=\"(max-width: 630px) 100vw, 630px\" alt=\"\">\r\n                            <\/a>\r\n                            <figcaption class = \"td-slide-caption td-gallery-slide-content\"><div class = \"td-gallery-slide-copywrite\">Twitter @fifaworldcup_ru<\/div><\/figcaption>\r\n                        <\/figure>\r\n                    <\/div>\r\n                    <div class = \"td-slide-item td-item6\">\r\n                        <figure class=\"td-slide-galery-figure td-slide-popup-gallery\">\r\n                            <a class=\"slide-gallery-image-link\" href=\"https:\/\/futbolhoy.co\/wp-content\/uploads\/2018\/04\/IMG_20180421_111717.jpg\" title=\"IMG_20180421_111717\"  data-caption=\"Twitter @FifaWorldCup\"  data-description=\"\">\r\n                                <img decoding=\"async\" src=\"https:\/\/futbolhoy.co\/wp-content\/uploads\/2018\/04\/IMG_20180421_111717-630x420.jpg\" srcset=\"https:\/\/futbolhoy.co\/wp-content\/uploads\/2018\/04\/IMG_20180421_111717-630x420.jpg 630w, https:\/\/futbolhoy.co\/wp-content\/uploads\/2018\/04\/IMG_20180421_111717-300x200.jpg 300w, https:\/\/futbolhoy.co\/wp-content\/uploads\/2018\/04\/IMG_20180421_111717-768x512.jpg 768w, https:\/\/futbolhoy.co\/wp-content\/uploads\/2018\/04\/IMG_20180421_111717-1024x683.jpg 1024w, https:\/\/futbolhoy.co\/wp-content\/uploads\/2018\/04\/IMG_20180421_111717-696x464.jpg 696w, https:\/\/futbolhoy.co\/wp-content\/uploads\/2018\/04\/IMG_20180421_111717-1068x712.jpg 1068w, https:\/\/futbolhoy.co\/wp-content\/uploads\/2018\/04\/IMG_20180421_111717-128x85.jpg 128w, https:\/\/futbolhoy.co\/wp-content\/uploads\/2018\/04\/IMG_20180421_111717-32x21.jpg 32w, https:\/\/futbolhoy.co\/wp-content\/uploads\/2018\/04\/IMG_20180421_111717.jpg 1920w\" sizes=\"(max-width: 630px) 100vw, 630px\" alt=\"\">\r\n                            <\/a>\r\n                            <figcaption class = \"td-slide-caption td-gallery-slide-content\"><div class = \"td-gallery-slide-copywrite\">Twitter @FifaWorldCup<\/div><\/figcaption>\r\n                        <\/figure>\r\n                    <\/div>\r\n                    <div class = \"td-slide-item td-item7\">\r\n                        <figure class=\"td-slide-galery-figure td-slide-popup-gallery\">\r\n                            <a class=\"slide-gallery-image-link\" href=\"https:\/\/futbolhoy.co\/wp-content\/uploads\/2018\/04\/IMG_20180421_111739.jpg\" title=\"IMG_20180421_111739\"  data-caption=\"Twitter @Ivanramiroc\"  data-description=\"\">\r\n                                <img decoding=\"async\" src=\"https:\/\/futbolhoy.co\/wp-content\/uploads\/2018\/04\/IMG_20180421_111739-420x420.jpg\" srcset=\"https:\/\/futbolhoy.co\/wp-content\/uploads\/2018\/04\/IMG_20180421_111739-420x420.jpg 420w, https:\/\/futbolhoy.co\/wp-content\/uploads\/2018\/04\/IMG_20180421_111739-150x150.jpg 150w, https:\/\/futbolhoy.co\/wp-content\/uploads\/2018\/04\/IMG_20180421_111739-300x300.jpg 300w, https:\/\/futbolhoy.co\/wp-content\/uploads\/2018\/04\/IMG_20180421_111739-768x768.jpg 768w, https:\/\/futbolhoy.co\/wp-content\/uploads\/2018\/04\/IMG_20180421_111739-696x696.jpg 696w, https:\/\/futbolhoy.co\/wp-content\/uploads\/2018\/04\/IMG_20180421_111739-128x128.jpg 128w, https:\/\/futbolhoy.co\/wp-content\/uploads\/2018\/04\/IMG_20180421_111739-32x32.jpg 32w, https:\/\/futbolhoy.co\/wp-content\/uploads\/2018\/04\/IMG_20180421_111739.jpg 962w\" sizes=\"(max-width: 420px) 100vw, 420px\" alt=\"\">\r\n                            <\/a>\r\n                            <figcaption class = \"td-slide-caption td-gallery-slide-content\"><div class = \"td-gallery-slide-copywrite\">Twitter @Ivanramiroc<\/div><\/figcaption>\r\n                        <\/figure>\r\n                    <\/div>\r\n                    <div class = \"td-slide-item td-item8\">\r\n                        <figure class=\"td-slide-galery-figure td-slide-popup-gallery\">\r\n                            <a class=\"slide-gallery-image-link\" href=\"https:\/\/futbolhoy.co\/wp-content\/uploads\/2018\/04\/IMG_20180421_111708.jpg\" title=\"IMG_20180421_111708\"  data-caption=\"Twitter @fifaworldcup_ru\"  data-description=\"\">\r\n                                <img decoding=\"async\" src=\"https:\/\/futbolhoy.co\/wp-content\/uploads\/2018\/04\/IMG_20180421_111708-630x420.jpg\" srcset=\"https:\/\/futbolhoy.co\/wp-content\/uploads\/2018\/04\/IMG_20180421_111708-630x420.jpg 630w, https:\/\/futbolhoy.co\/wp-content\/uploads\/2018\/04\/IMG_20180421_111708-300x200.jpg 300w, https:\/\/futbolhoy.co\/wp-content\/uploads\/2018\/04\/IMG_20180421_111708-768x512.jpg 768w, https:\/\/futbolhoy.co\/wp-content\/uploads\/2018\/04\/IMG_20180421_111708-1024x683.jpg 1024w, https:\/\/futbolhoy.co\/wp-content\/uploads\/2018\/04\/IMG_20180421_111708-696x464.jpg 696w, https:\/\/futbolhoy.co\/wp-content\/uploads\/2018\/04\/IMG_20180421_111708-1068x712.jpg 1068w, https:\/\/futbolhoy.co\/wp-content\/uploads\/2018\/04\/IMG_20180421_111708-128x85.jpg 128w, https:\/\/futbolhoy.co\/wp-content\/uploads\/2018\/04\/IMG_20180421_111708-32x21.jpg 32w, https:\/\/futbolhoy.co\/wp-content\/uploads\/2018\/04\/IMG_20180421_111708.jpg 1920w\" sizes=\"(max-width: 630px) 100vw, 630px\" alt=\"\">\r\n                            <\/a>\r\n                            <figcaption class = \"td-slide-caption td-gallery-slide-content\"><div class = \"td-gallery-slide-copywrite\">Twitter @fifaworldcup_ru<\/div><\/figcaption>\r\n                        <\/figure>\r\n                    <\/div>\r\n                    <div class = \"td-slide-item td-item9\">\r\n                        <figure class=\"td-slide-galery-figure td-slide-popup-gallery\">\r\n                            <a class=\"slide-gallery-image-link\" href=\"https:\/\/futbolhoy.co\/wp-content\/uploads\/2018\/04\/IMG_20180421_111706.jpg\" title=\"IMG_20180421_111706\"  data-caption=\"Twitter @FifaWorldCup\"  data-description=\"\">\r\n                                <img decoding=\"async\" src=\"https:\/\/futbolhoy.co\/wp-content\/uploads\/2018\/04\/IMG_20180421_111706-630x420.jpg\" srcset=\"https:\/\/futbolhoy.co\/wp-content\/uploads\/2018\/04\/IMG_20180421_111706-630x420.jpg 630w, https:\/\/futbolhoy.co\/wp-content\/uploads\/2018\/04\/IMG_20180421_111706-300x200.jpg 300w, https:\/\/futbolhoy.co\/wp-content\/uploads\/2018\/04\/IMG_20180421_111706-768x512.jpg 768w, https:\/\/futbolhoy.co\/wp-content\/uploads\/2018\/04\/IMG_20180421_111706-1024x683.jpg 1024w, https:\/\/futbolhoy.co\/wp-content\/uploads\/2018\/04\/IMG_20180421_111706-696x464.jpg 696w, https:\/\/futbolhoy.co\/wp-content\/uploads\/2018\/04\/IMG_20180421_111706-1068x712.jpg 1068w, https:\/\/futbolhoy.co\/wp-content\/uploads\/2018\/04\/IMG_20180421_111706-128x85.jpg 128w, https:\/\/futbolhoy.co\/wp-content\/uploads\/2018\/04\/IMG_20180421_111706-32x21.jpg 32w, https:\/\/futbolhoy.co\/wp-content\/uploads\/2018\/04\/IMG_20180421_111706.jpg 1920w\" sizes=\"(max-width: 630px) 100vw, 630px\" alt=\"\">\r\n                            <\/a>\r\n                            <figcaption class = \"td-slide-caption td-gallery-slide-content\"><div class = \"td-gallery-slide-copywrite\">Twitter @FifaWorldCup<\/div><\/figcaption>\r\n                        <\/figure>\r\n                    <\/div>\r\n                            <\/div>\r\n                        <\/div>\r\n\r\n                        <div class = \"td-doubleSlider-2\">\r\n                            <div class = \"td-slider\">\r\n                                \r\n                    <div class = \"td-button td-item1\">\r\n                        <div class = \"td-border\"><\/div>\r\n                    <\/div>\r\n                    <div class = \"td-button td-item2\">\r\n                        <div class = \"td-border\"><\/div>\r\n                    <\/div>\r\n                    <div class = \"td-button td-item3\">\r\n                        <div class = \"td-border\"><\/div>\r\n                    <\/div>\r\n                    <div class = \"td-button td-item4\">\r\n                        <div class = \"td-border\"><\/div>\r\n                    <\/div>\r\n                    <div class = \"td-button td-item5\">\r\n                        <div class = \"td-border\"><\/div>\r\n                    <\/div>\r\n                    <div class = \"td-button td-item6\">\r\n                        <div class = \"td-border\"><\/div>\r\n                    <\/div>\r\n                    <div class = \"td-button td-item7\">\r\n                        <div class = \"td-border\"><\/div>\r\n                    <\/div>\r\n                    <div class = \"td-button td-item8\">\r\n                        <div class = \"td-border\"><\/div>\r\n                    <\/div>\r\n                    <div class = \"td-button td-item9\">\r\n                        <div class = \"td-border\"><\/div>\r\n                    <\/div>\r\n                            <\/div>\r\n                        <\/div>\r\n\r\n                    <\/div>\r\n\r\n                <\/div>\r\n                \n<p>&nbsp;<\/p>\n<blockquote class=\"twitter-tweet\" data-width=\"550\">\n<p lang=\"es\" dir=\"ltr\">Orgulloso de ser parte del <a href=\"https:\/\/twitter.com\/hashtag\/ProgramaLeyendas?src=hash&amp;ref_src=twsrc%5Etfw\">#ProgramaLeyendas<\/a> de la <a href=\"https:\/\/twitter.com\/fifacom_es?ref_src=twsrc%5Etfw\">@fifacom_es<\/a> , as\u00ed como poder representar a Colombia \ud83c\udde8\ud83c\uddf4.<br \/>Hoy estamos en la ciudad de Samara, donde la Sele jugar\u00e1 contra Senegal \ud83c\uddf8\ud83c\uddf3 <a href=\"https:\/\/t.co\/JoTCFsd87s\">pic.twitter.com\/JoTCFsd87s<\/a><\/p>\n<p>&mdash; Iv\u00e1n Ramiro C\u00f3rdoba (@ivanramiroc) <a href=\"https:\/\/twitter.com\/ivanramiroc\/status\/987711682259636224?ref_src=twsrc%5Etfw\">April 21, 2018<\/a><\/p><\/blockquote>\n<p><script async src=\"https:\/\/platform.twitter.com\/widgets.js\" charset=\"utf-8\"><\/script><\/p>\n","protected":false},"excerpt":{"rendered":"<p>&nbsp; Orgulloso de ser parte del #ProgramaLeyendas de la @fifacom_es , as\u00ed como poder representar a Colombia \ud83c\udde8\ud83c\uddf4.Hoy estamos en la ciudad de Samara, donde la Sele jugar\u00e1 contra Senegal \ud83c\uddf8\ud83c\uddf3 pic.twitter.com\/JoTCFsd87s &mdash; Iv\u00e1n Ramiro C\u00f3rdoba (@ivanramiroc) April 21, 2018<\/p>\n","protected":false},"author":5,"featured_media":16339,"comment_status":"open","ping_status":"open","sticky":false,"template":"","format":"video","meta":{"_acf_changed":false,"footnotes":""},"categories":[5,367,6,153],"tags":[],"class_list":{"0":"post-16328","1":"post","2":"type-post","3":"status-publish","4":"format-video","5":"has-post-thumbnail","7":"category-destacados","8":"category-foto-galeria","9":"category-mundial","10":"category-selecion-colombia","11":"post_format-post-format-video"},"acf":[],"yoast_head":"<!-- This site is optimized with the Yoast SEO plugin v26.8 - https:\/\/yoast.com\/product\/yoast-seo-wordpress\/ -->\n<title>Iv\u00e1n Ramiro C\u00f3rdoba inaugura sede de la Selecci\u00f3n en Rusia -<\/title>\n<meta name=\"robots\" content=\"index, follow, max-snippet:-1, max-image-preview:large, max-video-preview:-1\" \/>\n<link rel=\"canonical\" href=\"https:\/\/futbolhoy.co\/index.php\/2018\/04\/20\/ivan-ramiro-cordoba-inaugura-sede-de-la-seleccion-en-rusia\/\" \/>\n<meta property=\"og:locale\" content=\"es_ES\" \/>\n<meta property=\"og:type\" content=\"article\" \/>\n<meta property=\"og:title\" content=\"Iv\u00e1n Ramiro C\u00f3rdoba inaugura sede de la Selecci\u00f3n en Rusia -\" \/>\n<meta property=\"og:description\" content=\"&nbsp; Orgulloso de ser parte del #ProgramaLeyendas de la @fifacom_es , as\u00ed como poder representar a Colombia \ud83c\udde8\ud83c\uddf4.Hoy estamos en la ciudad de Samara, donde la Sele jugar\u00e1 contra Senegal \ud83c\uddf8\ud83c\uddf3 pic.twitter.com\/JoTCFsd87s &mdash; Iv\u00e1n Ramiro C\u00f3rdoba (@ivanramiroc) April 21, 2018\" \/>\n<meta property=\"og:url\" content=\"https:\/\/futbolhoy.co\/index.php\/2018\/04\/20\/ivan-ramiro-cordoba-inaugura-sede-de-la-seleccion-en-rusia\/\" \/>\n<meta property=\"article:publisher\" content=\"https:\/\/www.facebook.com\/FutbolHoyCol\/\" \/>\n<meta property=\"article:published_time\" content=\"2018-04-20T18:10:20+00:00\" \/>\n<meta property=\"article:modified_time\" content=\"2018-04-21T16:42:08+00:00\" \/>\n<meta property=\"og:image\" content=\"https:\/\/futbolhoy.co\/wp-content\/uploads\/2018\/04\/IMG_20180421_112003.jpg\" \/>\n\t<meta property=\"og:image:width\" content=\"1200\" \/>\n\t<meta property=\"og:image:height\" content=\"800\" \/>\n\t<meta property=\"og:image:type\" content=\"image\/jpeg\" \/>\n<meta name=\"author\" content=\"Laura Hern\u00e1ndez\" \/>\n<meta name=\"twitter:card\" content=\"summary_large_image\" \/>\n<meta name=\"twitter:creator\" content=\"@FutbolHoyCol\" \/>\n<meta name=\"twitter:site\" content=\"@FutbolHoyCol\" \/>\n<meta name=\"twitter:label1\" content=\"Escrito por\" \/>\n\t<meta name=\"twitter:data1\" content=\"Laura Hern\u00e1ndez\" \/>\n<script type=\"application\/ld+json\" class=\"yoast-schema-graph\">{\"@context\":\"https:\/\/schema.org\",\"@graph\":[{\"@type\":\"Article\",\"@id\":\"https:\/\/futbolhoy.co\/index.php\/2018\/04\/20\/ivan-ramiro-cordoba-inaugura-sede-de-la-seleccion-en-rusia\/#article\",\"isPartOf\":{\"@id\":\"https:\/\/futbolhoy.co\/index.php\/2018\/04\/20\/ivan-ramiro-cordoba-inaugura-sede-de-la-seleccion-en-rusia\/\"},\"author\":{\"name\":\"Laura Hern\u00e1ndez\",\"@id\":\"https:\/\/futbolhoy.co\/#\/schema\/person\/c4a353a512b127643723a34bb1812f7d\"},\"headline\":\"Iv\u00e1n Ramiro C\u00f3rdoba inaugura sede de la Selecci\u00f3n en Rusia\",\"datePublished\":\"2018-04-20T18:10:20+00:00\",\"dateModified\":\"2018-04-21T16:42:08+00:00\",\"mainEntityOfPage\":{\"@id\":\"https:\/\/futbolhoy.co\/index.php\/2018\/04\/20\/ivan-ramiro-cordoba-inaugura-sede-de-la-seleccion-en-rusia\/\"},\"wordCount\":32,\"commentCount\":0,\"publisher\":{\"@id\":\"https:\/\/futbolhoy.co\/#organization\"},\"image\":{\"@id\":\"https:\/\/futbolhoy.co\/index.php\/2018\/04\/20\/ivan-ramiro-cordoba-inaugura-sede-de-la-seleccion-en-rusia\/#primaryimage\"},\"thumbnailUrl\":\"https:\/\/futbolhoy.co\/wp-content\/uploads\/2018\/04\/IMG_20180421_112003.jpg\",\"articleSection\":[\"Destacados\",\"Foto Galeria\",\"Mundial\",\"Selecci\u00f3n Colombia\"],\"inLanguage\":\"es\",\"potentialAction\":[{\"@type\":\"CommentAction\",\"name\":\"Comment\",\"target\":[\"https:\/\/futbolhoy.co\/index.php\/2018\/04\/20\/ivan-ramiro-cordoba-inaugura-sede-de-la-seleccion-en-rusia\/#respond\"]}]},{\"@type\":\"WebPage\",\"@id\":\"https:\/\/futbolhoy.co\/index.php\/2018\/04\/20\/ivan-ramiro-cordoba-inaugura-sede-de-la-seleccion-en-rusia\/\",\"url\":\"https:\/\/futbolhoy.co\/index.php\/2018\/04\/20\/ivan-ramiro-cordoba-inaugura-sede-de-la-seleccion-en-rusia\/\",\"name\":\"Iv\u00e1n Ramiro C\u00f3rdoba inaugura sede de la Selecci\u00f3n en Rusia -\",\"isPartOf\":{\"@id\":\"https:\/\/futbolhoy.co\/#website\"},\"primaryImageOfPage\":{\"@id\":\"https:\/\/futbolhoy.co\/index.php\/2018\/04\/20\/ivan-ramiro-cordoba-inaugura-sede-de-la-seleccion-en-rusia\/#primaryimage\"},\"image\":{\"@id\":\"https:\/\/futbolhoy.co\/index.php\/2018\/04\/20\/ivan-ramiro-cordoba-inaugura-sede-de-la-seleccion-en-rusia\/#primaryimage\"},\"thumbnailUrl\":\"https:\/\/futbolhoy.co\/wp-content\/uploads\/2018\/04\/IMG_20180421_112003.jpg\",\"datePublished\":\"2018-04-20T18:10:20+00:00\",\"dateModified\":\"2018-04-21T16:42:08+00:00\",\"breadcrumb\":{\"@id\":\"https:\/\/futbolhoy.co\/index.php\/2018\/04\/20\/ivan-ramiro-cordoba-inaugura-sede-de-la-seleccion-en-rusia\/#breadcrumb\"},\"inLanguage\":\"es\",\"potentialAction\":[{\"@type\":\"ReadAction\",\"target\":[\"https:\/\/futbolhoy.co\/index.php\/2018\/04\/20\/ivan-ramiro-cordoba-inaugura-sede-de-la-seleccion-en-rusia\/\"]}]},{\"@type\":\"ImageObject\",\"inLanguage\":\"es\",\"@id\":\"https:\/\/futbolhoy.co\/index.php\/2018\/04\/20\/ivan-ramiro-cordoba-inaugura-sede-de-la-seleccion-en-rusia\/#primaryimage\",\"url\":\"https:\/\/futbolhoy.co\/wp-content\/uploads\/2018\/04\/IMG_20180421_112003.jpg\",\"contentUrl\":\"https:\/\/futbolhoy.co\/wp-content\/uploads\/2018\/04\/IMG_20180421_112003.jpg\",\"width\":1200,\"height\":800},{\"@type\":\"BreadcrumbList\",\"@id\":\"https:\/\/futbolhoy.co\/index.php\/2018\/04\/20\/ivan-ramiro-cordoba-inaugura-sede-de-la-seleccion-en-rusia\/#breadcrumb\",\"itemListElement\":[{\"@type\":\"ListItem\",\"position\":1,\"name\":\"Portada\",\"item\":\"https:\/\/futbolhoy.co\/\"},{\"@type\":\"ListItem\",\"position\":2,\"name\":\"Iv\u00e1n Ramiro C\u00f3rdoba inaugura sede de la Selecci\u00f3n en Rusia\"}]},{\"@type\":\"WebSite\",\"@id\":\"https:\/\/futbolhoy.co\/#website\",\"url\":\"https:\/\/futbolhoy.co\/\",\"name\":\"FutbolHoy\",\"description\":\"\",\"publisher\":{\"@id\":\"https:\/\/futbolhoy.co\/#organization\"},\"potentialAction\":[{\"@type\":\"SearchAction\",\"target\":{\"@type\":\"EntryPoint\",\"urlTemplate\":\"https:\/\/futbolhoy.co\/?s={search_term_string}\"},\"query-input\":{\"@type\":\"PropertyValueSpecification\",\"valueRequired\":true,\"valueName\":\"search_term_string\"}}],\"inLanguage\":\"es\"},{\"@type\":\"Organization\",\"@id\":\"https:\/\/futbolhoy.co\/#organization\",\"name\":\"Futbolhoy.co\",\"url\":\"https:\/\/futbolhoy.co\/\",\"logo\":{\"@type\":\"ImageObject\",\"inLanguage\":\"es\",\"@id\":\"https:\/\/futbolhoy.co\/#\/schema\/logo\/image\/\",\"url\":\"https:\/\/futbolhoy.co\/wp-content\/uploads\/2018\/08\/17426380_1906371736249227_6326180412931521141_n.jpg\",\"contentUrl\":\"https:\/\/futbolhoy.co\/wp-content\/uploads\/2018\/08\/17426380_1906371736249227_6326180412931521141_n.jpg\",\"width\":960,\"height\":960,\"caption\":\"Futbolhoy.co\"},\"image\":{\"@id\":\"https:\/\/futbolhoy.co\/#\/schema\/logo\/image\/\"},\"sameAs\":[\"https:\/\/www.facebook.com\/FutbolHoyCol\/\",\"https:\/\/x.com\/FutbolHoyCol\",\"https:\/\/www.instagram.com\/futbolhoycol\/\"]},{\"@type\":\"Person\",\"@id\":\"https:\/\/futbolhoy.co\/#\/schema\/person\/c4a353a512b127643723a34bb1812f7d\",\"name\":\"Laura Hern\u00e1ndez\",\"image\":{\"@type\":\"ImageObject\",\"inLanguage\":\"es\",\"@id\":\"https:\/\/futbolhoy.co\/#\/schema\/person\/image\/\",\"url\":\"https:\/\/secure.gravatar.com\/avatar\/d25959a15b9b293a743f99181c7cfd01?s=96&d=mm&r=g\",\"contentUrl\":\"https:\/\/secure.gravatar.com\/avatar\/d25959a15b9b293a743f99181c7cfd01?s=96&d=mm&r=g\",\"caption\":\"Laura Hern\u00e1ndez\"}}]}<\/script>\n<!-- \/ Yoast SEO plugin. -->","yoast_head_json":{"title":"Iv\u00e1n Ramiro C\u00f3rdoba inaugura sede de la Selecci\u00f3n en Rusia -","robots":{"index":"index","follow":"follow","max-snippet":"max-snippet:-1","max-image-preview":"max-image-preview:large","max-video-preview":"max-video-preview:-1"},"canonical":"https:\/\/futbolhoy.co\/index.php\/2018\/04\/20\/ivan-ramiro-cordoba-inaugura-sede-de-la-seleccion-en-rusia\/","og_locale":"es_ES","og_type":"article","og_title":"Iv\u00e1n Ramiro C\u00f3rdoba inaugura sede de la Selecci\u00f3n en Rusia -","og_description":"&nbsp; Orgulloso de ser parte del #ProgramaLeyendas de la @fifacom_es , as\u00ed como poder representar a Colombia \ud83c\udde8\ud83c\uddf4.Hoy estamos en la ciudad de Samara, donde la Sele jugar\u00e1 contra Senegal \ud83c\uddf8\ud83c\uddf3 pic.twitter.com\/JoTCFsd87s &mdash; Iv\u00e1n Ramiro C\u00f3rdoba (@ivanramiroc) April 21, 2018","og_url":"https:\/\/futbolhoy.co\/index.php\/2018\/04\/20\/ivan-ramiro-cordoba-inaugura-sede-de-la-seleccion-en-rusia\/","article_publisher":"https:\/\/www.facebook.com\/FutbolHoyCol\/","article_published_time":"2018-04-20T18:10:20+00:00","article_modified_time":"2018-04-21T16:42:08+00:00","og_image":[{"width":1200,"height":800,"url":"https:\/\/futbolhoy.co\/wp-content\/uploads\/2018\/04\/IMG_20180421_112003.jpg","type":"image\/jpeg"}],"author":"Laura Hern\u00e1ndez","twitter_card":"summary_large_image","twitter_creator":"@FutbolHoyCol","twitter_site":"@FutbolHoyCol","twitter_misc":{"Escrito por":"Laura Hern\u00e1ndez"},"schema":{"@context":"https:\/\/schema.org","@graph":[{"@type":"Article","@id":"https:\/\/futbolhoy.co\/index.php\/2018\/04\/20\/ivan-ramiro-cordoba-inaugura-sede-de-la-seleccion-en-rusia\/#article","isPartOf":{"@id":"https:\/\/futbolhoy.co\/index.php\/2018\/04\/20\/ivan-ramiro-cordoba-inaugura-sede-de-la-seleccion-en-rusia\/"},"author":{"name":"Laura Hern\u00e1ndez","@id":"https:\/\/futbolhoy.co\/#\/schema\/person\/c4a353a512b127643723a34bb1812f7d"},"headline":"Iv\u00e1n Ramiro C\u00f3rdoba inaugura sede de la Selecci\u00f3n en Rusia","datePublished":"2018-04-20T18:10:20+00:00","dateModified":"2018-04-21T16:42:08+00:00","mainEntityOfPage":{"@id":"https:\/\/futbolhoy.co\/index.php\/2018\/04\/20\/ivan-ramiro-cordoba-inaugura-sede-de-la-seleccion-en-rusia\/"},"wordCount":32,"commentCount":0,"publisher":{"@id":"https:\/\/futbolhoy.co\/#organization"},"image":{"@id":"https:\/\/futbolhoy.co\/index.php\/2018\/04\/20\/ivan-ramiro-cordoba-inaugura-sede-de-la-seleccion-en-rusia\/#primaryimage"},"thumbnailUrl":"https:\/\/futbolhoy.co\/wp-content\/uploads\/2018\/04\/IMG_20180421_112003.jpg","articleSection":["Destacados","Foto Galeria","Mundial","Selecci\u00f3n Colombia"],"inLanguage":"es","potentialAction":[{"@type":"CommentAction","name":"Comment","target":["https:\/\/futbolhoy.co\/index.php\/2018\/04\/20\/ivan-ramiro-cordoba-inaugura-sede-de-la-seleccion-en-rusia\/#respond"]}]},{"@type":"WebPage","@id":"https:\/\/futbolhoy.co\/index.php\/2018\/04\/20\/ivan-ramiro-cordoba-inaugura-sede-de-la-seleccion-en-rusia\/","url":"https:\/\/futbolhoy.co\/index.php\/2018\/04\/20\/ivan-ramiro-cordoba-inaugura-sede-de-la-seleccion-en-rusia\/","name":"Iv\u00e1n Ramiro C\u00f3rdoba inaugura sede de la Selecci\u00f3n en Rusia -","isPartOf":{"@id":"https:\/\/futbolhoy.co\/#website"},"primaryImageOfPage":{"@id":"https:\/\/futbolhoy.co\/index.php\/2018\/04\/20\/ivan-ramiro-cordoba-inaugura-sede-de-la-seleccion-en-rusia\/#primaryimage"},"image":{"@id":"https:\/\/futbolhoy.co\/index.php\/2018\/04\/20\/ivan-ramiro-cordoba-inaugura-sede-de-la-seleccion-en-rusia\/#primaryimage"},"thumbnailUrl":"https:\/\/futbolhoy.co\/wp-content\/uploads\/2018\/04\/IMG_20180421_112003.jpg","datePublished":"2018-04-20T18:10:20+00:00","dateModified":"2018-04-21T16:42:08+00:00","breadcrumb":{"@id":"https:\/\/futbolhoy.co\/index.php\/2018\/04\/20\/ivan-ramiro-cordoba-inaugura-sede-de-la-seleccion-en-rusia\/#breadcrumb"},"inLanguage":"es","potentialAction":[{"@type":"ReadAction","target":["https:\/\/futbolhoy.co\/index.php\/2018\/04\/20\/ivan-ramiro-cordoba-inaugura-sede-de-la-seleccion-en-rusia\/"]}]},{"@type":"ImageObject","inLanguage":"es","@id":"https:\/\/futbolhoy.co\/index.php\/2018\/04\/20\/ivan-ramiro-cordoba-inaugura-sede-de-la-seleccion-en-rusia\/#primaryimage","url":"https:\/\/futbolhoy.co\/wp-content\/uploads\/2018\/04\/IMG_20180421_112003.jpg","contentUrl":"https:\/\/futbolhoy.co\/wp-content\/uploads\/2018\/04\/IMG_20180421_112003.jpg","width":1200,"height":800},{"@type":"BreadcrumbList","@id":"https:\/\/futbolhoy.co\/index.php\/2018\/04\/20\/ivan-ramiro-cordoba-inaugura-sede-de-la-seleccion-en-rusia\/#breadcrumb","itemListElement":[{"@type":"ListItem","position":1,"name":"Portada","item":"https:\/\/futbolhoy.co\/"},{"@type":"ListItem","position":2,"name":"Iv\u00e1n Ramiro C\u00f3rdoba inaugura sede de la Selecci\u00f3n en Rusia"}]},{"@type":"WebSite","@id":"https:\/\/futbolhoy.co\/#website","url":"https:\/\/futbolhoy.co\/","name":"FutbolHoy","description":"","publisher":{"@id":"https:\/\/futbolhoy.co\/#organization"},"potentialAction":[{"@type":"SearchAction","target":{"@type":"EntryPoint","urlTemplate":"https:\/\/futbolhoy.co\/?s={search_term_string}"},"query-input":{"@type":"PropertyValueSpecification","valueRequired":true,"valueName":"search_term_string"}}],"inLanguage":"es"},{"@type":"Organization","@id":"https:\/\/futbolhoy.co\/#organization","name":"Futbolhoy.co","url":"https:\/\/futbolhoy.co\/","logo":{"@type":"ImageObject","inLanguage":"es","@id":"https:\/\/futbolhoy.co\/#\/schema\/logo\/image\/","url":"https:\/\/futbolhoy.co\/wp-content\/uploads\/2018\/08\/17426380_1906371736249227_6326180412931521141_n.jpg","contentUrl":"https:\/\/futbolhoy.co\/wp-content\/uploads\/2018\/08\/17426380_1906371736249227_6326180412931521141_n.jpg","width":960,"height":960,"caption":"Futbolhoy.co"},"image":{"@id":"https:\/\/futbolhoy.co\/#\/schema\/logo\/image\/"},"sameAs":["https:\/\/www.facebook.com\/FutbolHoyCol\/","https:\/\/x.com\/FutbolHoyCol","https:\/\/www.instagram.com\/futbolhoycol\/"]},{"@type":"Person","@id":"https:\/\/futbolhoy.co\/#\/schema\/person\/c4a353a512b127643723a34bb1812f7d","name":"Laura Hern\u00e1ndez","image":{"@type":"ImageObject","inLanguage":"es","@id":"https:\/\/futbolhoy.co\/#\/schema\/person\/image\/","url":"https:\/\/secure.gravatar.com\/avatar\/d25959a15b9b293a743f99181c7cfd01?s=96&d=mm&r=g","contentUrl":"https:\/\/secure.gravatar.com\/avatar\/d25959a15b9b293a743f99181c7cfd01?s=96&d=mm&r=g","caption":"Laura Hern\u00e1ndez"}}]}},"publishpress_future_action":{"enabled":false,"date":"2026-05-04 04:44:07","action":"change-status","newStatus":"draft","terms":[],"taxonomy":"category","extraData":[]},"publishpress_future_workflow_manual_trigger":{"enabledWorkflows":[]},"_links":{"self":[{"href":"https:\/\/futbolhoy.co\/index.php\/wp-json\/wp\/v2\/posts\/16328","targetHints":{"allow":["GET"]}}],"collection":[{"href":"https:\/\/futbolhoy.co\/index.php\/wp-json\/wp\/v2\/posts"}],"about":[{"href":"https:\/\/futbolhoy.co\/index.php\/wp-json\/wp\/v2\/types\/post"}],"author":[{"embeddable":true,"href":"https:\/\/futbolhoy.co\/index.php\/wp-json\/wp\/v2\/users\/5"}],"replies":[{"embeddable":true,"href":"https:\/\/futbolhoy.co\/index.php\/wp-json\/wp\/v2\/comments?post=16328"}],"version-history":[{"count":3,"href":"https:\/\/futbolhoy.co\/index.php\/wp-json\/wp\/v2\/posts\/16328\/revisions"}],"predecessor-version":[{"id":16341,"href":"https:\/\/futbolhoy.co\/index.php\/wp-json\/wp\/v2\/posts\/16328\/revisions\/16341"}],"wp:featuredmedia":[{"embeddable":true,"href":"https:\/\/futbolhoy.co\/index.php\/wp-json\/wp\/v2\/media\/16339"}],"wp:attachment":[{"href":"https:\/\/futbolhoy.co\/index.php\/wp-json\/wp\/v2\/media?parent=16328"}],"wp:term":[{"taxonomy":"category","embeddable":true,"href":"https:\/\/futbolhoy.co\/index.php\/wp-json\/wp\/v2\/categories?post=16328"},{"taxonomy":"post_tag","embeddable":true,"href":"https:\/\/futbolhoy.co\/index.php\/wp-json\/wp\/v2\/tags?post=16328"}],"curies":[{"name":"wp","href":"https:\/\/api.w.org\/{rel}","templated":true}]}}