{"id":16351,"date":"2018-04-21T16:41:11","date_gmt":"2018-04-21T21:41:11","guid":{"rendered":"http:\/\/futbolhoy.co\/?p=16351"},"modified":"2018-04-21T16:47:17","modified_gmt":"2018-04-21T21:47:17","slug":"barcelona-rey-de-la-copa","status":"publish","type":"post","link":"https:\/\/futbolhoy.co\/index.php\/2018\/04\/21\/barcelona-rey-de-la-copa\/","title":{"rendered":"Barcelona rey de la Copa"},"content":{"rendered":"<p style=\"text-align: justify;\"><b>Barcelona<\/b>, sin el defensa colombiano\u00a0<b>Yerry Mina<\/b>, quien fue a la tribuna del\u00a0<b>Wanda Metropolitano<\/b>\u00a0de Madrid, se dio un banquete de goles, rendimiento y f\u00fatbol y gole\u00f3 0-5 al Sevilla en la final de la\u00a0<b>Copa del Rey<\/b>, alcanzando su t\u00edtulo 30 y ampliando su margen como el m\u00e1s veces campe\u00f3n de este torneo en\u00a0<b>Espa\u00f1a<\/b>.<\/p>\n<p class=\"m_-677744218761711805ydpd5d73a59MsoNormal\" style=\"text-align: justify;\">El conjunto catal\u00e1n domino de principio a fin el partido y marc\u00f3 a trav\u00e9s de\u00a0<b>Luis Su\u00e1rez<\/b>\u00a0en dos oportunidades (14\u2019 y 40\u2019),\u00a0<b>Lionel Messi<\/b>\u00a0(31\u2019), y el capit\u00e1n\u00a0<b>Andr\u00e9s Iniesta<\/b>\u00a0(52\u2019), de superlativo rendimiento en la que seguramente ser\u00e1 su \u00faltima final con el \u2018blaugrana\u2019 y\u00a0<b>Philippe Coutinho<\/b>\u00a0de pena m\u00e1xima (69\u2019).<\/p>\n<p class=\"m_-677744218761711805ydpd5d73a59MsoNormal\" style=\"text-align: justify;\">En el\u00a0<b>Sevilla\u00a0<\/b>jug\u00f3 todo el partido el delantero de\u00a0selecci\u00f3n<b> Colombia<\/b>,\u00a0<b>Luis Fernando Muriel<\/b>; mientras que Mina hizo parte del campe\u00f3n al disputar siete minutos del partido de visitante en semifinales ante el\u00a0<b>Valencia<\/b>\u00a0(0-2) cuando ingres\u00f3 por\u00a0<b>Gerard Piqu\u00e9<\/b>.<\/p>\n<p class=\"m_-677744218761711805ydpd5d73a59MsoNormal\" style=\"text-align: justify;\">El uruguayo Su\u00e1rez complet\u00f3 145 goles con la camiseta del Barcelona, club que encaden\u00f3 4 t\u00edtulos de manera consecutiva en esta competici\u00f3n, igualando lo hecho por el\u00a0<b>Real Madrid<\/b>\u00a0entre 1905 y 1908 y el\u00a0<b>Athletic de Bilbao\u00a0<\/b>de 1930 a 1933.<\/p>\n<p class=\"m_-677744218761711805ydpd5d73a59MsoNormal\" style=\"text-align: justify;\">El contundente triunfo permite al Barcelona empezar a limpiar las heridas que dej\u00f3 la eliminaci\u00f3n en cuartos de final de la\u00a0<b>Champions\u00a0<\/b>ante la\u00a0<b>Roma<\/b>\u00a0y le entrega el primer t\u00edtulo de la temporada, ya que el segundo podr\u00eda llegar el pr\u00f3ximo fin de semana en la Liga.<\/p>\n<p class=\"m_-677744218761711805ydpd5d73a59MsoNormal\"><b>Formaciones:<\/b><\/p>\n<p class=\"m_-677744218761711805ydpd5d73a59MsoNormal\" style=\"text-align: justify;\"><b>Sevilla:<\/b>\u00a0David Soria; Jes\u00fas Navas, Gabriel Mercado, Cl\u00e9ment Lenglet, Sergio Escudero; Steven Nzonzi, Ever Banega; Pablo Sarabia (Miguel Lay\u00fan 83\u2019), Franco V\u00e1zquez (Manuel Nolito 86\u2019), Joaqu\u00edn Correa (Sandro Ram\u00edrez 46\u2019); y Luis Fernando Muriel.<\/p>\n<p><b>Barcelona:<\/b>\u00a0Jasper Cillessen; Sergi Roberto, Gerard Piqu\u00e9, Samuel Umtiti, Jordi Alba; Iv\u00e1n Rakitic, Sergio Busquets (Paulinho 76\u2019), Andr\u00e9s Iniesta (Denis Su\u00e1rez 87\u2019), Philippe Coutinho (Ousmane Demb\u00e9l\u00e9 82\u00b4); Luis Su\u00e1rez y Lionel Messi.<\/p>\n<p><b>\u00c1rbitro:<\/b>\u00a0Jes\u00fas Gil Manzano<\/p>\n<p>&nbsp;<\/p>\n<blockquote class=\"twitter-tweet\" data-width=\"550\">\n<p lang=\"es\" dir=\"ltr\">Campeones, campeones ...oe oe oe<br \/> \ud83c\udfc6 <a href=\"https:\/\/twitter.com\/hashtag\/Copa30?src=hash&amp;ref_src=twsrc%5Etfw\">#Copa30<\/a><br \/>\ud83d\udd35\ud83d\udd34 <a href=\"https:\/\/t.co\/OlVuYxeF7q\">pic.twitter.com\/OlVuYxeF7q<\/a><\/p>\n<p>&mdash; FC Barcelona (@FCBarcelona_es) <a href=\"https:\/\/twitter.com\/FCBarcelona_es\/status\/987806558502338560?ref_src=twsrc%5Etfw\">April 21, 2018<\/a><\/p><\/blockquote>\n<p><script async src=\"https:\/\/platform.twitter.com\/widgets.js\" charset=\"utf-8\"><\/script><\/p>\n","protected":false},"excerpt":{"rendered":"<p>Barcelona, sin el defensa colombiano\u00a0Yerry Mina, quien fue a la tribuna del\u00a0Wanda Metropolitano\u00a0de Madrid, se dio un banquete de goles, rendimiento y f\u00fatbol y gole\u00f3 0-5 al Sevilla en la final de la\u00a0Copa del Rey, alcanzando su t\u00edtulo 30 y ampliando su margen como el m\u00e1s veces campe\u00f3n de este torneo en\u00a0Espa\u00f1a. El conjunto catal\u00e1n [&hellip;]<\/p>\n","protected":false},"author":5,"featured_media":16354,"comment_status":"open","ping_status":"open","sticky":false,"template":"","format":"standard","meta":{"_acf_changed":false,"footnotes":""},"categories":[5,152],"tags":[722,257,269],"class_list":{"0":"post-16351","1":"post","2":"type-post","3":"status-publish","4":"format-standard","5":"has-post-thumbnail","7":"category-destacados","8":"category-mundo-futbol","9":"tag-barcelona","10":"tag-copa-del-rey","11":"tag-yerry-mina"},"acf":[],"yoast_head":"<!-- This site is optimized with the Yoast SEO plugin v26.8 - https:\/\/yoast.com\/product\/yoast-seo-wordpress\/ -->\n<title>Barcelona rey de la Copa -<\/title>\n<meta name=\"robots\" content=\"index, follow, max-snippet:-1, max-image-preview:large, max-video-preview:-1\" \/>\n<link rel=\"canonical\" href=\"https:\/\/futbolhoy.co\/index.php\/2018\/04\/21\/barcelona-rey-de-la-copa\/\" \/>\n<meta property=\"og:locale\" content=\"es_ES\" \/>\n<meta property=\"og:type\" content=\"article\" \/>\n<meta property=\"og:title\" content=\"Barcelona rey de la Copa -\" \/>\n<meta property=\"og:description\" content=\"Barcelona, sin el defensa colombiano\u00a0Yerry Mina, quien fue a la tribuna del\u00a0Wanda Metropolitano\u00a0de Madrid, se dio un banquete de goles, rendimiento y f\u00fatbol y gole\u00f3 0-5 al Sevilla en la final de la\u00a0Copa del Rey, alcanzando su t\u00edtulo 30 y ampliando su margen como el m\u00e1s veces campe\u00f3n de este torneo en\u00a0Espa\u00f1a. El conjunto catal\u00e1n [&hellip;]\" \/>\n<meta property=\"og:url\" content=\"https:\/\/futbolhoy.co\/index.php\/2018\/04\/21\/barcelona-rey-de-la-copa\/\" \/>\n<meta property=\"article:publisher\" content=\"https:\/\/www.facebook.com\/FutbolHoyCol\/\" \/>\n<meta property=\"article:published_time\" content=\"2018-04-21T21:41:11+00:00\" \/>\n<meta property=\"article:modified_time\" content=\"2018-04-21T21:47:17+00:00\" \/>\n<meta property=\"og:image\" content=\"https:\/\/futbolhoy.co\/wp-content\/uploads\/2018\/04\/DbVmOpTW0AAwAy3.jpeg\" \/>\n\t<meta property=\"og:image:width\" content=\"1199\" \/>\n\t<meta property=\"og:image:height\" content=\"540\" \/>\n\t<meta property=\"og:image:type\" content=\"image\/jpeg\" \/>\n<meta name=\"author\" content=\"Laura Hern\u00e1ndez\" \/>\n<meta name=\"twitter:card\" content=\"summary_large_image\" \/>\n<meta name=\"twitter:creator\" content=\"@FutbolHoyCol\" \/>\n<meta name=\"twitter:site\" content=\"@FutbolHoyCol\" \/>\n<meta name=\"twitter:label1\" content=\"Escrito por\" \/>\n\t<meta name=\"twitter:data1\" content=\"Laura Hern\u00e1ndez\" \/>\n\t<meta name=\"twitter:label2\" content=\"Tiempo de lectura\" \/>\n\t<meta name=\"twitter:data2\" content=\"2 minutos\" \/>\n<script type=\"application\/ld+json\" class=\"yoast-schema-graph\">{\"@context\":\"https:\/\/schema.org\",\"@graph\":[{\"@type\":\"Article\",\"@id\":\"https:\/\/futbolhoy.co\/index.php\/2018\/04\/21\/barcelona-rey-de-la-copa\/#article\",\"isPartOf\":{\"@id\":\"https:\/\/futbolhoy.co\/index.php\/2018\/04\/21\/barcelona-rey-de-la-copa\/\"},\"author\":{\"name\":\"Laura Hern\u00e1ndez\",\"@id\":\"https:\/\/futbolhoy.co\/#\/schema\/person\/c4a353a512b127643723a34bb1812f7d\"},\"headline\":\"Barcelona rey de la Copa\",\"datePublished\":\"2018-04-21T21:41:11+00:00\",\"dateModified\":\"2018-04-21T21:47:17+00:00\",\"mainEntityOfPage\":{\"@id\":\"https:\/\/futbolhoy.co\/index.php\/2018\/04\/21\/barcelona-rey-de-la-copa\/\"},\"wordCount\":339,\"commentCount\":0,\"publisher\":{\"@id\":\"https:\/\/futbolhoy.co\/#organization\"},\"image\":{\"@id\":\"https:\/\/futbolhoy.co\/index.php\/2018\/04\/21\/barcelona-rey-de-la-copa\/#primaryimage\"},\"thumbnailUrl\":\"https:\/\/futbolhoy.co\/wp-content\/uploads\/2018\/04\/DbVmOpTW0AAwAy3.jpeg\",\"keywords\":[\"Barcelona\",\"Copa del Rey\",\"Yerry Mina\"],\"articleSection\":[\"Destacados\",\"Mundo Futbol\"],\"inLanguage\":\"es\",\"potentialAction\":[{\"@type\":\"CommentAction\",\"name\":\"Comment\",\"target\":[\"https:\/\/futbolhoy.co\/index.php\/2018\/04\/21\/barcelona-rey-de-la-copa\/#respond\"]}]},{\"@type\":\"WebPage\",\"@id\":\"https:\/\/futbolhoy.co\/index.php\/2018\/04\/21\/barcelona-rey-de-la-copa\/\",\"url\":\"https:\/\/futbolhoy.co\/index.php\/2018\/04\/21\/barcelona-rey-de-la-copa\/\",\"name\":\"Barcelona rey de la Copa -\",\"isPartOf\":{\"@id\":\"https:\/\/futbolhoy.co\/#website\"},\"primaryImageOfPage\":{\"@id\":\"https:\/\/futbolhoy.co\/index.php\/2018\/04\/21\/barcelona-rey-de-la-copa\/#primaryimage\"},\"image\":{\"@id\":\"https:\/\/futbolhoy.co\/index.php\/2018\/04\/21\/barcelona-rey-de-la-copa\/#primaryimage\"},\"thumbnailUrl\":\"https:\/\/futbolhoy.co\/wp-content\/uploads\/2018\/04\/DbVmOpTW0AAwAy3.jpeg\",\"datePublished\":\"2018-04-21T21:41:11+00:00\",\"dateModified\":\"2018-04-21T21:47:17+00:00\",\"breadcrumb\":{\"@id\":\"https:\/\/futbolhoy.co\/index.php\/2018\/04\/21\/barcelona-rey-de-la-copa\/#breadcrumb\"},\"inLanguage\":\"es\",\"potentialAction\":[{\"@type\":\"ReadAction\",\"target\":[\"https:\/\/futbolhoy.co\/index.php\/2018\/04\/21\/barcelona-rey-de-la-copa\/\"]}]},{\"@type\":\"ImageObject\",\"inLanguage\":\"es\",\"@id\":\"https:\/\/futbolhoy.co\/index.php\/2018\/04\/21\/barcelona-rey-de-la-copa\/#primaryimage\",\"url\":\"https:\/\/futbolhoy.co\/wp-content\/uploads\/2018\/04\/DbVmOpTW0AAwAy3.jpeg\",\"contentUrl\":\"https:\/\/futbolhoy.co\/wp-content\/uploads\/2018\/04\/DbVmOpTW0AAwAy3.jpeg\",\"width\":1199,\"height\":540},{\"@type\":\"BreadcrumbList\",\"@id\":\"https:\/\/futbolhoy.co\/index.php\/2018\/04\/21\/barcelona-rey-de-la-copa\/#breadcrumb\",\"itemListElement\":[{\"@type\":\"ListItem\",\"position\":1,\"name\":\"Portada\",\"item\":\"https:\/\/futbolhoy.co\/\"},{\"@type\":\"ListItem\",\"position\":2,\"name\":\"Barcelona rey de la Copa\"}]},{\"@type\":\"WebSite\",\"@id\":\"https:\/\/futbolhoy.co\/#website\",\"url\":\"https:\/\/futbolhoy.co\/\",\"name\":\"FutbolHoy\",\"description\":\"\",\"publisher\":{\"@id\":\"https:\/\/futbolhoy.co\/#organization\"},\"potentialAction\":[{\"@type\":\"SearchAction\",\"target\":{\"@type\":\"EntryPoint\",\"urlTemplate\":\"https:\/\/futbolhoy.co\/?s={search_term_string}\"},\"query-input\":{\"@type\":\"PropertyValueSpecification\",\"valueRequired\":true,\"valueName\":\"search_term_string\"}}],\"inLanguage\":\"es\"},{\"@type\":\"Organization\",\"@id\":\"https:\/\/futbolhoy.co\/#organization\",\"name\":\"Futbolhoy.co\",\"url\":\"https:\/\/futbolhoy.co\/\",\"logo\":{\"@type\":\"ImageObject\",\"inLanguage\":\"es\",\"@id\":\"https:\/\/futbolhoy.co\/#\/schema\/logo\/image\/\",\"url\":\"https:\/\/futbolhoy.co\/wp-content\/uploads\/2018\/08\/17426380_1906371736249227_6326180412931521141_n.jpg\",\"contentUrl\":\"https:\/\/futbolhoy.co\/wp-content\/uploads\/2018\/08\/17426380_1906371736249227_6326180412931521141_n.jpg\",\"width\":960,\"height\":960,\"caption\":\"Futbolhoy.co\"},\"image\":{\"@id\":\"https:\/\/futbolhoy.co\/#\/schema\/logo\/image\/\"},\"sameAs\":[\"https:\/\/www.facebook.com\/FutbolHoyCol\/\",\"https:\/\/x.com\/FutbolHoyCol\",\"https:\/\/www.instagram.com\/futbolhoycol\/\"]},{\"@type\":\"Person\",\"@id\":\"https:\/\/futbolhoy.co\/#\/schema\/person\/c4a353a512b127643723a34bb1812f7d\",\"name\":\"Laura Hern\u00e1ndez\",\"image\":{\"@type\":\"ImageObject\",\"inLanguage\":\"es\",\"@id\":\"https:\/\/futbolhoy.co\/#\/schema\/person\/image\/\",\"url\":\"https:\/\/secure.gravatar.com\/avatar\/d25959a15b9b293a743f99181c7cfd01?s=96&d=mm&r=g\",\"contentUrl\":\"https:\/\/secure.gravatar.com\/avatar\/d25959a15b9b293a743f99181c7cfd01?s=96&d=mm&r=g\",\"caption\":\"Laura Hern\u00e1ndez\"}}]}<\/script>\n<!-- \/ Yoast SEO plugin. -->","yoast_head_json":{"title":"Barcelona rey de la Copa -","robots":{"index":"index","follow":"follow","max-snippet":"max-snippet:-1","max-image-preview":"max-image-preview:large","max-video-preview":"max-video-preview:-1"},"canonical":"https:\/\/futbolhoy.co\/index.php\/2018\/04\/21\/barcelona-rey-de-la-copa\/","og_locale":"es_ES","og_type":"article","og_title":"Barcelona rey de la Copa -","og_description":"Barcelona, sin el defensa colombiano\u00a0Yerry Mina, quien fue a la tribuna del\u00a0Wanda Metropolitano\u00a0de Madrid, se dio un banquete de goles, rendimiento y f\u00fatbol y gole\u00f3 0-5 al Sevilla en la final de la\u00a0Copa del Rey, alcanzando su t\u00edtulo 30 y ampliando su margen como el m\u00e1s veces campe\u00f3n de este torneo en\u00a0Espa\u00f1a. El conjunto catal\u00e1n [&hellip;]","og_url":"https:\/\/futbolhoy.co\/index.php\/2018\/04\/21\/barcelona-rey-de-la-copa\/","article_publisher":"https:\/\/www.facebook.com\/FutbolHoyCol\/","article_published_time":"2018-04-21T21:41:11+00:00","article_modified_time":"2018-04-21T21:47:17+00:00","og_image":[{"width":1199,"height":540,"url":"https:\/\/futbolhoy.co\/wp-content\/uploads\/2018\/04\/DbVmOpTW0AAwAy3.jpeg","type":"image\/jpeg"}],"author":"Laura Hern\u00e1ndez","twitter_card":"summary_large_image","twitter_creator":"@FutbolHoyCol","twitter_site":"@FutbolHoyCol","twitter_misc":{"Escrito por":"Laura Hern\u00e1ndez","Tiempo de lectura":"2 minutos"},"schema":{"@context":"https:\/\/schema.org","@graph":[{"@type":"Article","@id":"https:\/\/futbolhoy.co\/index.php\/2018\/04\/21\/barcelona-rey-de-la-copa\/#article","isPartOf":{"@id":"https:\/\/futbolhoy.co\/index.php\/2018\/04\/21\/barcelona-rey-de-la-copa\/"},"author":{"name":"Laura Hern\u00e1ndez","@id":"https:\/\/futbolhoy.co\/#\/schema\/person\/c4a353a512b127643723a34bb1812f7d"},"headline":"Barcelona rey de la Copa","datePublished":"2018-04-21T21:41:11+00:00","dateModified":"2018-04-21T21:47:17+00:00","mainEntityOfPage":{"@id":"https:\/\/futbolhoy.co\/index.php\/2018\/04\/21\/barcelona-rey-de-la-copa\/"},"wordCount":339,"commentCount":0,"publisher":{"@id":"https:\/\/futbolhoy.co\/#organization"},"image":{"@id":"https:\/\/futbolhoy.co\/index.php\/2018\/04\/21\/barcelona-rey-de-la-copa\/#primaryimage"},"thumbnailUrl":"https:\/\/futbolhoy.co\/wp-content\/uploads\/2018\/04\/DbVmOpTW0AAwAy3.jpeg","keywords":["Barcelona","Copa del Rey","Yerry Mina"],"articleSection":["Destacados","Mundo Futbol"],"inLanguage":"es","potentialAction":[{"@type":"CommentAction","name":"Comment","target":["https:\/\/futbolhoy.co\/index.php\/2018\/04\/21\/barcelona-rey-de-la-copa\/#respond"]}]},{"@type":"WebPage","@id":"https:\/\/futbolhoy.co\/index.php\/2018\/04\/21\/barcelona-rey-de-la-copa\/","url":"https:\/\/futbolhoy.co\/index.php\/2018\/04\/21\/barcelona-rey-de-la-copa\/","name":"Barcelona rey de la Copa -","isPartOf":{"@id":"https:\/\/futbolhoy.co\/#website"},"primaryImageOfPage":{"@id":"https:\/\/futbolhoy.co\/index.php\/2018\/04\/21\/barcelona-rey-de-la-copa\/#primaryimage"},"image":{"@id":"https:\/\/futbolhoy.co\/index.php\/2018\/04\/21\/barcelona-rey-de-la-copa\/#primaryimage"},"thumbnailUrl":"https:\/\/futbolhoy.co\/wp-content\/uploads\/2018\/04\/DbVmOpTW0AAwAy3.jpeg","datePublished":"2018-04-21T21:41:11+00:00","dateModified":"2018-04-21T21:47:17+00:00","breadcrumb":{"@id":"https:\/\/futbolhoy.co\/index.php\/2018\/04\/21\/barcelona-rey-de-la-copa\/#breadcrumb"},"inLanguage":"es","potentialAction":[{"@type":"ReadAction","target":["https:\/\/futbolhoy.co\/index.php\/2018\/04\/21\/barcelona-rey-de-la-copa\/"]}]},{"@type":"ImageObject","inLanguage":"es","@id":"https:\/\/futbolhoy.co\/index.php\/2018\/04\/21\/barcelona-rey-de-la-copa\/#primaryimage","url":"https:\/\/futbolhoy.co\/wp-content\/uploads\/2018\/04\/DbVmOpTW0AAwAy3.jpeg","contentUrl":"https:\/\/futbolhoy.co\/wp-content\/uploads\/2018\/04\/DbVmOpTW0AAwAy3.jpeg","width":1199,"height":540},{"@type":"BreadcrumbList","@id":"https:\/\/futbolhoy.co\/index.php\/2018\/04\/21\/barcelona-rey-de-la-copa\/#breadcrumb","itemListElement":[{"@type":"ListItem","position":1,"name":"Portada","item":"https:\/\/futbolhoy.co\/"},{"@type":"ListItem","position":2,"name":"Barcelona rey de la Copa"}]},{"@type":"WebSite","@id":"https:\/\/futbolhoy.co\/#website","url":"https:\/\/futbolhoy.co\/","name":"FutbolHoy","description":"","publisher":{"@id":"https:\/\/futbolhoy.co\/#organization"},"potentialAction":[{"@type":"SearchAction","target":{"@type":"EntryPoint","urlTemplate":"https:\/\/futbolhoy.co\/?s={search_term_string}"},"query-input":{"@type":"PropertyValueSpecification","valueRequired":true,"valueName":"search_term_string"}}],"inLanguage":"es"},{"@type":"Organization","@id":"https:\/\/futbolhoy.co\/#organization","name":"Futbolhoy.co","url":"https:\/\/futbolhoy.co\/","logo":{"@type":"ImageObject","inLanguage":"es","@id":"https:\/\/futbolhoy.co\/#\/schema\/logo\/image\/","url":"https:\/\/futbolhoy.co\/wp-content\/uploads\/2018\/08\/17426380_1906371736249227_6326180412931521141_n.jpg","contentUrl":"https:\/\/futbolhoy.co\/wp-content\/uploads\/2018\/08\/17426380_1906371736249227_6326180412931521141_n.jpg","width":960,"height":960,"caption":"Futbolhoy.co"},"image":{"@id":"https:\/\/futbolhoy.co\/#\/schema\/logo\/image\/"},"sameAs":["https:\/\/www.facebook.com\/FutbolHoyCol\/","https:\/\/x.com\/FutbolHoyCol","https:\/\/www.instagram.com\/futbolhoycol\/"]},{"@type":"Person","@id":"https:\/\/futbolhoy.co\/#\/schema\/person\/c4a353a512b127643723a34bb1812f7d","name":"Laura Hern\u00e1ndez","image":{"@type":"ImageObject","inLanguage":"es","@id":"https:\/\/futbolhoy.co\/#\/schema\/person\/image\/","url":"https:\/\/secure.gravatar.com\/avatar\/d25959a15b9b293a743f99181c7cfd01?s=96&d=mm&r=g","contentUrl":"https:\/\/secure.gravatar.com\/avatar\/d25959a15b9b293a743f99181c7cfd01?s=96&d=mm&r=g","caption":"Laura Hern\u00e1ndez"}}]}},"publishpress_future_action":{"enabled":false,"date":"2026-05-05 00:01:45","action":"change-status","newStatus":"draft","terms":[],"taxonomy":"category","extraData":[]},"publishpress_future_workflow_manual_trigger":{"enabledWorkflows":[]},"_links":{"self":[{"href":"https:\/\/futbolhoy.co\/index.php\/wp-json\/wp\/v2\/posts\/16351","targetHints":{"allow":["GET"]}}],"collection":[{"href":"https:\/\/futbolhoy.co\/index.php\/wp-json\/wp\/v2\/posts"}],"about":[{"href":"https:\/\/futbolhoy.co\/index.php\/wp-json\/wp\/v2\/types\/post"}],"author":[{"embeddable":true,"href":"https:\/\/futbolhoy.co\/index.php\/wp-json\/wp\/v2\/users\/5"}],"replies":[{"embeddable":true,"href":"https:\/\/futbolhoy.co\/index.php\/wp-json\/wp\/v2\/comments?post=16351"}],"version-history":[{"count":2,"href":"https:\/\/futbolhoy.co\/index.php\/wp-json\/wp\/v2\/posts\/16351\/revisions"}],"predecessor-version":[{"id":16355,"href":"https:\/\/futbolhoy.co\/index.php\/wp-json\/wp\/v2\/posts\/16351\/revisions\/16355"}],"wp:featuredmedia":[{"embeddable":true,"href":"https:\/\/futbolhoy.co\/index.php\/wp-json\/wp\/v2\/media\/16354"}],"wp:attachment":[{"href":"https:\/\/futbolhoy.co\/index.php\/wp-json\/wp\/v2\/media?parent=16351"}],"wp:term":[{"taxonomy":"category","embeddable":true,"href":"https:\/\/futbolhoy.co\/index.php\/wp-json\/wp\/v2\/categories?post=16351"},{"taxonomy":"post_tag","embeddable":true,"href":"https:\/\/futbolhoy.co\/index.php\/wp-json\/wp\/v2\/tags?post=16351"}],"curies":[{"name":"wp","href":"https:\/\/api.w.org\/{rel}","templated":true}]}}