{"id":16364,"date":"2018-04-21T21:00:06","date_gmt":"2018-04-22T02:00:06","guid":{"rendered":"http:\/\/futbolhoy.co\/?p=16364"},"modified":"2018-04-22T22:18:00","modified_gmt":"2018-04-23T03:18:00","slug":"el-tiburon-visita-la-caldera","status":"publish","type":"post","link":"https:\/\/futbolhoy.co\/index.php\/2018\/04\/21\/el-tiburon-visita-la-caldera\/","title":{"rendered":"El tibur\u00f3n visita la caldera"},"content":{"rendered":"<p class=\"m_4256079158868276956ydp3cc25103MsoNormal\" style=\"text-align: justify;\"><b>Atl\u00e9tico Junior<\/b>\u00a0buscar\u00e1 dar un paso firme hacia su clasificaci\u00f3n a los cuartos de final de la\u00a0<b>Liga \u00c1guila<\/b>\u00a0y recomponer su camino visitando a un irregular y virtual eliminado\u00a0<b>Am\u00e9rica<\/b>\u00a0en el\u00a0<b>Pascual Guerrero<\/b>\u00a0a las 5.15 de la tarde, en el marco de la decimos\u00e9ptima fecha.<\/p>\n<p class=\"m_4256079158868276956ydp3cc25103MsoNormal\" style=\"text-align: justify;\">El conjunto \u2018tibur\u00f3n\u2019 desplaz\u00f3 19 jugadores a Cali, con la principal ausencia de\u00a0<b>Te\u00f3filo Guti\u00e9rrez<\/b>, lesionado y atravesando una dif\u00edcil situaci\u00f3n familiar, tras la muerte por una bala perdida en\u00a0<b>Barranquilla<\/b>\u00a0de una sobrina de 2 a\u00f1os; adem\u00e1s de la no presencia de\u00a0<b>Rafael P\u00e9rez<\/b>.<\/p>\n<p class=\"m_4256079158868276956ydp3cc25103MsoNormal\" style=\"text-align: justify;\">Am\u00e9rica, que cerr\u00f3 las puertas a la prensa luego de su derrota en\u00a0<b>Rionegro<\/b>, tendr\u00e1 la ausencia obligada de\u00a0<b>Alejandro Bernal<\/b>\u00a0por expulsi\u00f3n y su lugar ser\u00eda ocupado por Jonny Mosquera; mientras que\u00a0<b>Avimiled Rivas<\/b>\u00a0est\u00e1 en duda y podr\u00eda actuar Gustavo Carvajal en la zona de volantes. Tampoco contar\u00e1 con Kevin Viveros, suspendido.<\/p>\n<p class=\"m_4256079158868276956ydp3cc25103MsoNormal\" style=\"text-align: justify;\">Junior presentar\u00eda lo mejor de su n\u00f3mina, a pesar de tener doble confrontaci\u00f3n entre semana, el mi\u00e9rcoles ante\u00a0<b>Nacional\u00a0<\/b>por la Liga y por la\u00a0<b>Copa Libertadores<\/b>\u00a0el jueves recibiendo a\u00a0<b>Alianza Lima<\/b>.<\/p>\n<p class=\"m_4256079158868276956ydp3cc25103MsoNormal\" style=\"text-align: justify;\"><b>Probables formaciones:<\/b><\/p>\n<p class=\"m_4256079158868276956ydp3cc25103MsoNormal\" style=\"text-align: justify;\"><b>Am\u00e9rica:<\/b>\u00a0Carlos Bejarano; Iv\u00e1n V\u00e9lez, Danilo Arboleda, Anderson Zapata, Pablo Armero; Jonny Mosquera, Avimiled Rivas, Juan Camilo Angulo, Carlos Lizarazo; Cristian D\u00e1jome y Cristian Mart\u00ednez Borja.<\/p>\n<p class=\"m_4256079158868276956ydp3cc25103MsoNormal\" style=\"text-align: justify;\"><b>Junior:<\/b>\u00a0Sebasti\u00e1n Viera; Marlon Piedrahita, Luis Narv\u00e1ez, Jorge Arias, Germ\u00e1n Guti\u00e9rrez; Leonardo Pico, V\u00edctor Cantillo; Yimmi Char\u00e1, Sebasti\u00e1n Hern\u00e1ndez; Jonatan Alvez y Luis Carlos Ru\u00edz.<\/p>\n<table style=\"width: 502px;\">\n<tbody>\n<tr>\n<td style=\"width: 97px;\"><strong>TABLA HIST\u00d3RICA <span style=\"font-size: 10pt;\">1948-2017.<\/span><\/strong><\/td>\n<td style=\"width: 10px;\"><\/td>\n<td style=\"width: 10px;\"><\/td>\n<td style=\"width: 27px;\"><\/td>\n<td style=\"width: 29px;\"><\/td>\n<td style=\"width: 38px;\"><\/td>\n<td style=\"width: 11px;\"><\/td>\n<td style=\"width: 161px;\"><\/td>\n<td style=\"width: 54px;\"><\/td>\n<td style=\"width: 10px;\"><\/td>\n<\/tr>\n<tr>\n<td style=\"width: 97px;\">EQUIPOS<\/td>\n<td style=\"width: 10px;\">PJ<\/td>\n<td style=\"width: 10px;\">PG<\/td>\n<td style=\"width: 27px;\">PE<\/td>\n<td style=\"width: 29px;\">PP<\/td>\n<td style=\"width: 38px;\">GF<\/td>\n<td style=\"width: 11px;\">GC<\/td>\n<td style=\"width: 161px;\"><\/td>\n<td style=\"width: 54px;\"><\/td>\n<td style=\"width: 10px;\"><\/td>\n<\/tr>\n<tr>\n<td style=\"width: 97px;\">1.America<\/td>\n<td style=\"width: 10px;\">195<\/td>\n<td style=\"width: 10px;\">78<\/td>\n<td style=\"width: 27px;\">58<\/td>\n<td style=\"width: 29px;\">59<\/td>\n<td style=\"width: 38px;\">299<\/td>\n<td style=\"width: 11px;\">253<\/td>\n<td style=\"width: 225px;\" colspan=\"3\">Se han marcado 552 goles<\/td>\n<\/tr>\n<tr>\n<td style=\"width: 97px;\">2.Junior<\/td>\n<td style=\"width: 10px;\">195<\/td>\n<td style=\"width: 10px;\">59<\/td>\n<td style=\"width: 27px;\">58<\/td>\n<td style=\"width: 29px;\">78<\/td>\n<td style=\"width: 38px;\">253<\/td>\n<td style=\"width: 11px;\">299<\/td>\n<td style=\"width: 161px;\"><\/td>\n<td style=\"width: 54px;\"><\/td>\n<td style=\"width: 10px;\"><\/td>\n<\/tr>\n<tr>\n<td style=\"width: 97px;\"><\/td>\n<td style=\"width: 10px;\"><\/td>\n<td style=\"width: 10px;\"><\/td>\n<td style=\"width: 27px;\"><\/td>\n<td style=\"width: 29px;\"><\/td>\n<td style=\"width: 38px;\"><\/td>\n<td style=\"width: 11px;\"><\/td>\n<td style=\"width: 161px;\"><\/td>\n<td style=\"width: 54px;\"><\/td>\n<td style=\"width: 10px;\"><\/td>\n<\/tr>\n<tr>\n<td style=\"width: 97px;\"><strong>TABLA HIST\u00d3RICA AM\u00c9RICA (L).<\/strong><\/td>\n<td style=\"width: 10px;\"><\/td>\n<td style=\"width: 10px;\"><\/td>\n<td style=\"width: 27px;\"><\/td>\n<td style=\"width: 29px;\"><\/td>\n<td style=\"width: 38px;\"><\/td>\n<td style=\"width: 11px;\"><\/td>\n<td style=\"width: 161px;\"><\/td>\n<td style=\"width: 54px;\"><\/td>\n<td style=\"width: 10px;\"><\/td>\n<\/tr>\n<tr>\n<td style=\"width: 97px;\">EQUIPOS<\/td>\n<td style=\"width: 10px;\">PJ<\/td>\n<td style=\"width: 10px;\">PG<\/td>\n<td style=\"width: 27px;\">PE<\/td>\n<td style=\"width: 29px;\">PP<\/td>\n<td style=\"width: 38px;\">GF<\/td>\n<td style=\"width: 11px;\">GC<\/td>\n<td style=\"width: 161px;\"><\/td>\n<td style=\"width: 54px;\"><\/td>\n<td style=\"width: 10px;\"><\/td>\n<\/tr>\n<tr>\n<td style=\"width: 97px;\">1.America<\/td>\n<td style=\"width: 10px;\">98<\/td>\n<td style=\"width: 10px;\">55<\/td>\n<td style=\"width: 27px;\">30<\/td>\n<td style=\"width: 29px;\">13<\/td>\n<td style=\"width: 38px;\">181<\/td>\n<td style=\"width: 11px;\">87<\/td>\n<td style=\"width: 225px;\" colspan=\"3\">Se han marcado 268 goles<\/td>\n<\/tr>\n<tr>\n<td style=\"width: 97px;\">2.Junior<\/td>\n<td style=\"width: 10px;\">98<\/td>\n<td style=\"width: 10px;\">13<\/td>\n<td style=\"width: 27px;\">30<\/td>\n<td style=\"width: 29px;\">55<\/td>\n<td style=\"width: 38px;\">87<\/td>\n<td style=\"width: 11px;\">181<\/td>\n<td style=\"width: 161px;\"><\/td>\n<td style=\"width: 54px;\"><\/td>\n<td style=\"width: 10px;\"><\/td>\n<\/tr>\n<\/tbody>\n<\/table>\n<p>&nbsp;<\/p>\n<table style=\"width: 266px;\">\n<tbody>\n<tr style=\"height: 25px;\">\n<td style=\"width: 221px; height: 25px;\">GOLEADORES.<\/td>\n<td style=\"width: 10px; height: 25px;\"><\/td>\n<\/tr>\n<tr style=\"height: 52px;\">\n<td style=\"width: 221px; height: 52px;\">Anthony De \u00c1vila (Am\u00e9rica)<\/td>\n<td style=\"width: 10px; height: 52px;\">17<\/td>\n<\/tr>\n<tr style=\"height: 52px;\">\n<td style=\"width: 221px; height: 52px;\">Juan M.Battaglia (Am\u00e9rica)<\/td>\n<td style=\"width: 10px; height: 52px;\">12<\/td>\n<\/tr>\n<tr style=\"height: 26px;\">\n<td style=\"width: 221px; height: 26px;\">Iv\u00e1n R.Valenciano (Junior)<\/td>\n<td style=\"width: 10px; height: 26px;\">11<\/td>\n<\/tr>\n<\/tbody>\n<\/table>\n","protected":false},"excerpt":{"rendered":"<p>Atl\u00e9tico Junior\u00a0buscar\u00e1 dar un paso firme hacia su clasificaci\u00f3n a los cuartos de final de la\u00a0Liga \u00c1guila\u00a0y recomponer su camino visitando a un irregular y virtual eliminado\u00a0Am\u00e9rica\u00a0en el\u00a0Pascual Guerrero\u00a0a las 5.15 de la tarde, en el marco de la decimos\u00e9ptima fecha. El conjunto \u2018tibur\u00f3n\u2019 desplaz\u00f3 19 jugadores a Cali, con la principal ausencia de\u00a0Te\u00f3filo Guti\u00e9rrez, [&hellip;]<\/p>\n","protected":false},"author":5,"featured_media":16365,"comment_status":"open","ping_status":"open","sticky":false,"template":"","format":"standard","meta":{"_acf_changed":false,"footnotes":""},"categories":[7],"tags":[162,688,145],"class_list":{"0":"post-16364","1":"post","2":"type-post","3":"status-publish","4":"format-standard","5":"has-post-thumbnail","7":"category-liga-betplay","8":"tag-america-de-cali","9":"tag-atletico-junior","10":"tag-liga-aguila"},"acf":[],"yoast_head":"<!-- This site is optimized with the Yoast SEO plugin v26.8 - https:\/\/yoast.com\/product\/yoast-seo-wordpress\/ -->\n<title>El tibur\u00f3n visita la caldera -<\/title>\n<meta name=\"robots\" content=\"index, follow, max-snippet:-1, max-image-preview:large, max-video-preview:-1\" \/>\n<link rel=\"canonical\" href=\"https:\/\/futbolhoy.co\/index.php\/2018\/04\/21\/el-tiburon-visita-la-caldera\/\" \/>\n<meta property=\"og:locale\" content=\"es_ES\" \/>\n<meta property=\"og:type\" content=\"article\" \/>\n<meta property=\"og:title\" content=\"El tibur\u00f3n visita la caldera -\" \/>\n<meta property=\"og:description\" content=\"Atl\u00e9tico Junior\u00a0buscar\u00e1 dar un paso firme hacia su clasificaci\u00f3n a los cuartos de final de la\u00a0Liga \u00c1guila\u00a0y recomponer su camino visitando a un irregular y virtual eliminado\u00a0Am\u00e9rica\u00a0en el\u00a0Pascual Guerrero\u00a0a las 5.15 de la tarde, en el marco de la decimos\u00e9ptima fecha. El conjunto \u2018tibur\u00f3n\u2019 desplaz\u00f3 19 jugadores a Cali, con la principal ausencia de\u00a0Te\u00f3filo Guti\u00e9rrez, [&hellip;]\" \/>\n<meta property=\"og:url\" content=\"https:\/\/futbolhoy.co\/index.php\/2018\/04\/21\/el-tiburon-visita-la-caldera\/\" \/>\n<meta property=\"article:publisher\" content=\"https:\/\/www.facebook.com\/FutbolHoyCol\/\" \/>\n<meta property=\"article:published_time\" content=\"2018-04-22T02:00:06+00:00\" \/>\n<meta property=\"article:modified_time\" content=\"2018-04-23T03:18:00+00:00\" \/>\n<meta property=\"og:image\" content=\"https:\/\/futbolhoy.co\/wp-content\/uploads\/2018\/04\/DbWi4nmWkAEavuP.jpg\" \/>\n\t<meta property=\"og:image:width\" content=\"1200\" \/>\n\t<meta property=\"og:image:height\" content=\"799\" \/>\n\t<meta property=\"og:image:type\" content=\"image\/jpeg\" \/>\n<meta name=\"author\" content=\"Laura Hern\u00e1ndez\" \/>\n<meta name=\"twitter:card\" content=\"summary_large_image\" \/>\n<meta name=\"twitter:creator\" content=\"@FutbolHoyCol\" \/>\n<meta name=\"twitter:site\" content=\"@FutbolHoyCol\" \/>\n<meta name=\"twitter:label1\" content=\"Escrito por\" \/>\n\t<meta name=\"twitter:data1\" content=\"Laura Hern\u00e1ndez\" \/>\n\t<meta name=\"twitter:label2\" content=\"Tiempo de lectura\" \/>\n\t<meta name=\"twitter:data2\" content=\"2 minutos\" \/>\n<script type=\"application\/ld+json\" class=\"yoast-schema-graph\">{\"@context\":\"https:\/\/schema.org\",\"@graph\":[{\"@type\":\"Article\",\"@id\":\"https:\/\/futbolhoy.co\/index.php\/2018\/04\/21\/el-tiburon-visita-la-caldera\/#article\",\"isPartOf\":{\"@id\":\"https:\/\/futbolhoy.co\/index.php\/2018\/04\/21\/el-tiburon-visita-la-caldera\/\"},\"author\":{\"name\":\"Laura Hern\u00e1ndez\",\"@id\":\"https:\/\/futbolhoy.co\/#\/schema\/person\/c4a353a512b127643723a34bb1812f7d\"},\"headline\":\"El tibur\u00f3n visita la caldera\",\"datePublished\":\"2018-04-22T02:00:06+00:00\",\"dateModified\":\"2018-04-23T03:18:00+00:00\",\"mainEntityOfPage\":{\"@id\":\"https:\/\/futbolhoy.co\/index.php\/2018\/04\/21\/el-tiburon-visita-la-caldera\/\"},\"wordCount\":322,\"commentCount\":0,\"publisher\":{\"@id\":\"https:\/\/futbolhoy.co\/#organization\"},\"image\":{\"@id\":\"https:\/\/futbolhoy.co\/index.php\/2018\/04\/21\/el-tiburon-visita-la-caldera\/#primaryimage\"},\"thumbnailUrl\":\"https:\/\/futbolhoy.co\/wp-content\/uploads\/2018\/04\/DbWi4nmWkAEavuP.jpg\",\"keywords\":[\"Am\u00e9rica de Cali\",\"Atl\u00e9tico Junior\",\"Liga Aguila\"],\"articleSection\":[\"Liga BetPlay\"],\"inLanguage\":\"es\",\"potentialAction\":[{\"@type\":\"CommentAction\",\"name\":\"Comment\",\"target\":[\"https:\/\/futbolhoy.co\/index.php\/2018\/04\/21\/el-tiburon-visita-la-caldera\/#respond\"]}]},{\"@type\":\"WebPage\",\"@id\":\"https:\/\/futbolhoy.co\/index.php\/2018\/04\/21\/el-tiburon-visita-la-caldera\/\",\"url\":\"https:\/\/futbolhoy.co\/index.php\/2018\/04\/21\/el-tiburon-visita-la-caldera\/\",\"name\":\"El tibur\u00f3n visita la caldera -\",\"isPartOf\":{\"@id\":\"https:\/\/futbolhoy.co\/#website\"},\"primaryImageOfPage\":{\"@id\":\"https:\/\/futbolhoy.co\/index.php\/2018\/04\/21\/el-tiburon-visita-la-caldera\/#primaryimage\"},\"image\":{\"@id\":\"https:\/\/futbolhoy.co\/index.php\/2018\/04\/21\/el-tiburon-visita-la-caldera\/#primaryimage\"},\"thumbnailUrl\":\"https:\/\/futbolhoy.co\/wp-content\/uploads\/2018\/04\/DbWi4nmWkAEavuP.jpg\",\"datePublished\":\"2018-04-22T02:00:06+00:00\",\"dateModified\":\"2018-04-23T03:18:00+00:00\",\"breadcrumb\":{\"@id\":\"https:\/\/futbolhoy.co\/index.php\/2018\/04\/21\/el-tiburon-visita-la-caldera\/#breadcrumb\"},\"inLanguage\":\"es\",\"potentialAction\":[{\"@type\":\"ReadAction\",\"target\":[\"https:\/\/futbolhoy.co\/index.php\/2018\/04\/21\/el-tiburon-visita-la-caldera\/\"]}]},{\"@type\":\"ImageObject\",\"inLanguage\":\"es\",\"@id\":\"https:\/\/futbolhoy.co\/index.php\/2018\/04\/21\/el-tiburon-visita-la-caldera\/#primaryimage\",\"url\":\"https:\/\/futbolhoy.co\/wp-content\/uploads\/2018\/04\/DbWi4nmWkAEavuP.jpg\",\"contentUrl\":\"https:\/\/futbolhoy.co\/wp-content\/uploads\/2018\/04\/DbWi4nmWkAEavuP.jpg\",\"width\":1200,\"height\":799,\"caption\":\"Twitter @JuniorClubSa\"},{\"@type\":\"BreadcrumbList\",\"@id\":\"https:\/\/futbolhoy.co\/index.php\/2018\/04\/21\/el-tiburon-visita-la-caldera\/#breadcrumb\",\"itemListElement\":[{\"@type\":\"ListItem\",\"position\":1,\"name\":\"Portada\",\"item\":\"https:\/\/futbolhoy.co\/\"},{\"@type\":\"ListItem\",\"position\":2,\"name\":\"El tibur\u00f3n visita la caldera\"}]},{\"@type\":\"WebSite\",\"@id\":\"https:\/\/futbolhoy.co\/#website\",\"url\":\"https:\/\/futbolhoy.co\/\",\"name\":\"FutbolHoy\",\"description\":\"\",\"publisher\":{\"@id\":\"https:\/\/futbolhoy.co\/#organization\"},\"potentialAction\":[{\"@type\":\"SearchAction\",\"target\":{\"@type\":\"EntryPoint\",\"urlTemplate\":\"https:\/\/futbolhoy.co\/?s={search_term_string}\"},\"query-input\":{\"@type\":\"PropertyValueSpecification\",\"valueRequired\":true,\"valueName\":\"search_term_string\"}}],\"inLanguage\":\"es\"},{\"@type\":\"Organization\",\"@id\":\"https:\/\/futbolhoy.co\/#organization\",\"name\":\"Futbolhoy.co\",\"url\":\"https:\/\/futbolhoy.co\/\",\"logo\":{\"@type\":\"ImageObject\",\"inLanguage\":\"es\",\"@id\":\"https:\/\/futbolhoy.co\/#\/schema\/logo\/image\/\",\"url\":\"https:\/\/futbolhoy.co\/wp-content\/uploads\/2018\/08\/17426380_1906371736249227_6326180412931521141_n.jpg\",\"contentUrl\":\"https:\/\/futbolhoy.co\/wp-content\/uploads\/2018\/08\/17426380_1906371736249227_6326180412931521141_n.jpg\",\"width\":960,\"height\":960,\"caption\":\"Futbolhoy.co\"},\"image\":{\"@id\":\"https:\/\/futbolhoy.co\/#\/schema\/logo\/image\/\"},\"sameAs\":[\"https:\/\/www.facebook.com\/FutbolHoyCol\/\",\"https:\/\/x.com\/FutbolHoyCol\",\"https:\/\/www.instagram.com\/futbolhoycol\/\"]},{\"@type\":\"Person\",\"@id\":\"https:\/\/futbolhoy.co\/#\/schema\/person\/c4a353a512b127643723a34bb1812f7d\",\"name\":\"Laura Hern\u00e1ndez\",\"image\":{\"@type\":\"ImageObject\",\"inLanguage\":\"es\",\"@id\":\"https:\/\/futbolhoy.co\/#\/schema\/person\/image\/\",\"url\":\"https:\/\/secure.gravatar.com\/avatar\/d25959a15b9b293a743f99181c7cfd01?s=96&d=mm&r=g\",\"contentUrl\":\"https:\/\/secure.gravatar.com\/avatar\/d25959a15b9b293a743f99181c7cfd01?s=96&d=mm&r=g\",\"caption\":\"Laura Hern\u00e1ndez\"}}]}<\/script>\n<!-- \/ Yoast SEO plugin. -->","yoast_head_json":{"title":"El tibur\u00f3n visita la caldera -","robots":{"index":"index","follow":"follow","max-snippet":"max-snippet:-1","max-image-preview":"max-image-preview:large","max-video-preview":"max-video-preview:-1"},"canonical":"https:\/\/futbolhoy.co\/index.php\/2018\/04\/21\/el-tiburon-visita-la-caldera\/","og_locale":"es_ES","og_type":"article","og_title":"El tibur\u00f3n visita la caldera -","og_description":"Atl\u00e9tico Junior\u00a0buscar\u00e1 dar un paso firme hacia su clasificaci\u00f3n a los cuartos de final de la\u00a0Liga \u00c1guila\u00a0y recomponer su camino visitando a un irregular y virtual eliminado\u00a0Am\u00e9rica\u00a0en el\u00a0Pascual Guerrero\u00a0a las 5.15 de la tarde, en el marco de la decimos\u00e9ptima fecha. El conjunto \u2018tibur\u00f3n\u2019 desplaz\u00f3 19 jugadores a Cali, con la principal ausencia de\u00a0Te\u00f3filo Guti\u00e9rrez, [&hellip;]","og_url":"https:\/\/futbolhoy.co\/index.php\/2018\/04\/21\/el-tiburon-visita-la-caldera\/","article_publisher":"https:\/\/www.facebook.com\/FutbolHoyCol\/","article_published_time":"2018-04-22T02:00:06+00:00","article_modified_time":"2018-04-23T03:18:00+00:00","og_image":[{"width":1200,"height":799,"url":"https:\/\/futbolhoy.co\/wp-content\/uploads\/2018\/04\/DbWi4nmWkAEavuP.jpg","type":"image\/jpeg"}],"author":"Laura Hern\u00e1ndez","twitter_card":"summary_large_image","twitter_creator":"@FutbolHoyCol","twitter_site":"@FutbolHoyCol","twitter_misc":{"Escrito por":"Laura Hern\u00e1ndez","Tiempo de lectura":"2 minutos"},"schema":{"@context":"https:\/\/schema.org","@graph":[{"@type":"Article","@id":"https:\/\/futbolhoy.co\/index.php\/2018\/04\/21\/el-tiburon-visita-la-caldera\/#article","isPartOf":{"@id":"https:\/\/futbolhoy.co\/index.php\/2018\/04\/21\/el-tiburon-visita-la-caldera\/"},"author":{"name":"Laura Hern\u00e1ndez","@id":"https:\/\/futbolhoy.co\/#\/schema\/person\/c4a353a512b127643723a34bb1812f7d"},"headline":"El tibur\u00f3n visita la caldera","datePublished":"2018-04-22T02:00:06+00:00","dateModified":"2018-04-23T03:18:00+00:00","mainEntityOfPage":{"@id":"https:\/\/futbolhoy.co\/index.php\/2018\/04\/21\/el-tiburon-visita-la-caldera\/"},"wordCount":322,"commentCount":0,"publisher":{"@id":"https:\/\/futbolhoy.co\/#organization"},"image":{"@id":"https:\/\/futbolhoy.co\/index.php\/2018\/04\/21\/el-tiburon-visita-la-caldera\/#primaryimage"},"thumbnailUrl":"https:\/\/futbolhoy.co\/wp-content\/uploads\/2018\/04\/DbWi4nmWkAEavuP.jpg","keywords":["Am\u00e9rica de Cali","Atl\u00e9tico Junior","Liga Aguila"],"articleSection":["Liga BetPlay"],"inLanguage":"es","potentialAction":[{"@type":"CommentAction","name":"Comment","target":["https:\/\/futbolhoy.co\/index.php\/2018\/04\/21\/el-tiburon-visita-la-caldera\/#respond"]}]},{"@type":"WebPage","@id":"https:\/\/futbolhoy.co\/index.php\/2018\/04\/21\/el-tiburon-visita-la-caldera\/","url":"https:\/\/futbolhoy.co\/index.php\/2018\/04\/21\/el-tiburon-visita-la-caldera\/","name":"El tibur\u00f3n visita la caldera -","isPartOf":{"@id":"https:\/\/futbolhoy.co\/#website"},"primaryImageOfPage":{"@id":"https:\/\/futbolhoy.co\/index.php\/2018\/04\/21\/el-tiburon-visita-la-caldera\/#primaryimage"},"image":{"@id":"https:\/\/futbolhoy.co\/index.php\/2018\/04\/21\/el-tiburon-visita-la-caldera\/#primaryimage"},"thumbnailUrl":"https:\/\/futbolhoy.co\/wp-content\/uploads\/2018\/04\/DbWi4nmWkAEavuP.jpg","datePublished":"2018-04-22T02:00:06+00:00","dateModified":"2018-04-23T03:18:00+00:00","breadcrumb":{"@id":"https:\/\/futbolhoy.co\/index.php\/2018\/04\/21\/el-tiburon-visita-la-caldera\/#breadcrumb"},"inLanguage":"es","potentialAction":[{"@type":"ReadAction","target":["https:\/\/futbolhoy.co\/index.php\/2018\/04\/21\/el-tiburon-visita-la-caldera\/"]}]},{"@type":"ImageObject","inLanguage":"es","@id":"https:\/\/futbolhoy.co\/index.php\/2018\/04\/21\/el-tiburon-visita-la-caldera\/#primaryimage","url":"https:\/\/futbolhoy.co\/wp-content\/uploads\/2018\/04\/DbWi4nmWkAEavuP.jpg","contentUrl":"https:\/\/futbolhoy.co\/wp-content\/uploads\/2018\/04\/DbWi4nmWkAEavuP.jpg","width":1200,"height":799,"caption":"Twitter @JuniorClubSa"},{"@type":"BreadcrumbList","@id":"https:\/\/futbolhoy.co\/index.php\/2018\/04\/21\/el-tiburon-visita-la-caldera\/#breadcrumb","itemListElement":[{"@type":"ListItem","position":1,"name":"Portada","item":"https:\/\/futbolhoy.co\/"},{"@type":"ListItem","position":2,"name":"El tibur\u00f3n visita la caldera"}]},{"@type":"WebSite","@id":"https:\/\/futbolhoy.co\/#website","url":"https:\/\/futbolhoy.co\/","name":"FutbolHoy","description":"","publisher":{"@id":"https:\/\/futbolhoy.co\/#organization"},"potentialAction":[{"@type":"SearchAction","target":{"@type":"EntryPoint","urlTemplate":"https:\/\/futbolhoy.co\/?s={search_term_string}"},"query-input":{"@type":"PropertyValueSpecification","valueRequired":true,"valueName":"search_term_string"}}],"inLanguage":"es"},{"@type":"Organization","@id":"https:\/\/futbolhoy.co\/#organization","name":"Futbolhoy.co","url":"https:\/\/futbolhoy.co\/","logo":{"@type":"ImageObject","inLanguage":"es","@id":"https:\/\/futbolhoy.co\/#\/schema\/logo\/image\/","url":"https:\/\/futbolhoy.co\/wp-content\/uploads\/2018\/08\/17426380_1906371736249227_6326180412931521141_n.jpg","contentUrl":"https:\/\/futbolhoy.co\/wp-content\/uploads\/2018\/08\/17426380_1906371736249227_6326180412931521141_n.jpg","width":960,"height":960,"caption":"Futbolhoy.co"},"image":{"@id":"https:\/\/futbolhoy.co\/#\/schema\/logo\/image\/"},"sameAs":["https:\/\/www.facebook.com\/FutbolHoyCol\/","https:\/\/x.com\/FutbolHoyCol","https:\/\/www.instagram.com\/futbolhoycol\/"]},{"@type":"Person","@id":"https:\/\/futbolhoy.co\/#\/schema\/person\/c4a353a512b127643723a34bb1812f7d","name":"Laura Hern\u00e1ndez","image":{"@type":"ImageObject","inLanguage":"es","@id":"https:\/\/futbolhoy.co\/#\/schema\/person\/image\/","url":"https:\/\/secure.gravatar.com\/avatar\/d25959a15b9b293a743f99181c7cfd01?s=96&d=mm&r=g","contentUrl":"https:\/\/secure.gravatar.com\/avatar\/d25959a15b9b293a743f99181c7cfd01?s=96&d=mm&r=g","caption":"Laura Hern\u00e1ndez"}}]}},"publishpress_future_action":{"enabled":false,"date":"2026-05-05 03:07:20","action":"change-status","newStatus":"draft","terms":[],"taxonomy":"category","extraData":[]},"publishpress_future_workflow_manual_trigger":{"enabledWorkflows":[]},"_links":{"self":[{"href":"https:\/\/futbolhoy.co\/index.php\/wp-json\/wp\/v2\/posts\/16364","targetHints":{"allow":["GET"]}}],"collection":[{"href":"https:\/\/futbolhoy.co\/index.php\/wp-json\/wp\/v2\/posts"}],"about":[{"href":"https:\/\/futbolhoy.co\/index.php\/wp-json\/wp\/v2\/types\/post"}],"author":[{"embeddable":true,"href":"https:\/\/futbolhoy.co\/index.php\/wp-json\/wp\/v2\/users\/5"}],"replies":[{"embeddable":true,"href":"https:\/\/futbolhoy.co\/index.php\/wp-json\/wp\/v2\/comments?post=16364"}],"version-history":[{"count":1,"href":"https:\/\/futbolhoy.co\/index.php\/wp-json\/wp\/v2\/posts\/16364\/revisions"}],"predecessor-version":[{"id":16366,"href":"https:\/\/futbolhoy.co\/index.php\/wp-json\/wp\/v2\/posts\/16364\/revisions\/16366"}],"wp:featuredmedia":[{"embeddable":true,"href":"https:\/\/futbolhoy.co\/index.php\/wp-json\/wp\/v2\/media\/16365"}],"wp:attachment":[{"href":"https:\/\/futbolhoy.co\/index.php\/wp-json\/wp\/v2\/media?parent=16364"}],"wp:term":[{"taxonomy":"category","embeddable":true,"href":"https:\/\/futbolhoy.co\/index.php\/wp-json\/wp\/v2\/categories?post=16364"},{"taxonomy":"post_tag","embeddable":true,"href":"https:\/\/futbolhoy.co\/index.php\/wp-json\/wp\/v2\/tags?post=16364"}],"curies":[{"name":"wp","href":"https:\/\/api.w.org\/{rel}","templated":true}]}}