{"id":16374,"date":"2018-04-21T20:00:17","date_gmt":"2018-04-22T01:00:17","guid":{"rendered":"http:\/\/futbolhoy.co\/?p=16374"},"modified":"2018-04-22T10:03:36","modified_gmt":"2018-04-22T15:03:36","slug":"keylor-va-a-estar-muchos-anos-en-el-real-florentino","status":"publish","type":"post","link":"https:\/\/futbolhoy.co\/index.php\/2018\/04\/21\/keylor-va-a-estar-muchos-anos-en-el-real-florentino\/","title":{"rendered":"Keylor va a estar muchos a\u00f1os en el Real: Florentino"},"content":{"rendered":"<p class=\"m_-7989322064173281873ydp8f7d006cMsoNormal\" style=\"text-align: justify;\">El presidente del <strong>Real Madrid<\/strong>, <strong>Florentino P\u00e9rez<\/strong>, anunci\u00f3 en el trig\u00e9simo aniversario de la <strong>Pe\u00f1a Ram\u00f3n Mendoza,<\/strong> que el portero costarricense <strong>Keylor Navas<\/strong>, homenajeado en el acto, va a estar \"muchos a\u00f1os\" en el club.<\/p>\n<p class=\"m_-7989322064173281873ydp8f7d006cMsoNormal\" style=\"text-align: justify;\">\"La Pe\u00f1a Ram\u00f3n Mendoza contribuye a expandir los valores Del Real Madrid. Nombrar socio de honor a Keylor es un detalle porque \u00e9l se lo ha ganado con su talento, su calidad, su comportamiento y por eso vas a estar con nosotros muchos a\u00f1os\", coment\u00f3 el dirigente.<\/p>\n<p class=\"m_-7989322064173281873ydp8f7d006cMsoNormal\" style=\"text-align: justify;\">Al evento asistieron adem\u00e1s los ex jugadores Ra\u00fal Gonz\u00e1lez, Manuel Sanch\u00eds y Jos\u00e9 Antonio Salguero.<\/p>\n","protected":false},"excerpt":{"rendered":"<p>El presidente del Real Madrid, Florentino P\u00e9rez, anunci\u00f3 en el trig\u00e9simo aniversario de la Pe\u00f1a Ram\u00f3n Mendoza, que el portero costarricense Keylor Navas, homenajeado en el acto, va a estar \"muchos a\u00f1os\" en el club. \"La Pe\u00f1a Ram\u00f3n Mendoza contribuye a expandir los valores Del Real Madrid. Nombrar socio de honor a Keylor es un [&hellip;]<\/p>\n","protected":false},"author":5,"featured_media":16375,"comment_status":"open","ping_status":"open","sticky":false,"template":"","format":"standard","meta":{"_acf_changed":false,"footnotes":""},"categories":[5,152],"tags":[110],"class_list":{"0":"post-16374","1":"post","2":"type-post","3":"status-publish","4":"format-standard","5":"has-post-thumbnail","7":"category-destacados","8":"category-mundo-futbol","9":"tag-real-madrid"},"acf":[],"yoast_head":"<!-- This site is optimized with the Yoast SEO plugin v26.8 - https:\/\/yoast.com\/product\/yoast-seo-wordpress\/ -->\n<title>Keylor va a estar muchos a\u00f1os en el Real: Florentino -<\/title>\n<meta name=\"robots\" content=\"index, follow, max-snippet:-1, max-image-preview:large, max-video-preview:-1\" \/>\n<link rel=\"canonical\" href=\"https:\/\/futbolhoy.co\/index.php\/2018\/04\/21\/keylor-va-a-estar-muchos-anos-en-el-real-florentino\/\" \/>\n<meta property=\"og:locale\" content=\"es_ES\" \/>\n<meta property=\"og:type\" content=\"article\" \/>\n<meta property=\"og:title\" content=\"Keylor va a estar muchos a\u00f1os en el Real: Florentino -\" \/>\n<meta property=\"og:description\" content=\"El presidente del Real Madrid, Florentino P\u00e9rez, anunci\u00f3 en el trig\u00e9simo aniversario de la Pe\u00f1a Ram\u00f3n Mendoza, que el portero costarricense Keylor Navas, homenajeado en el acto, va a estar &quot;muchos a\u00f1os&quot; en el club. &quot;La Pe\u00f1a Ram\u00f3n Mendoza contribuye a expandir los valores Del Real Madrid. Nombrar socio de honor a Keylor es un [&hellip;]\" \/>\n<meta property=\"og:url\" content=\"https:\/\/futbolhoy.co\/index.php\/2018\/04\/21\/keylor-va-a-estar-muchos-anos-en-el-real-florentino\/\" \/>\n<meta property=\"article:publisher\" content=\"https:\/\/www.facebook.com\/FutbolHoyCol\/\" \/>\n<meta property=\"article:published_time\" content=\"2018-04-22T01:00:17+00:00\" \/>\n<meta property=\"article:modified_time\" content=\"2018-04-22T15:03:36+00:00\" \/>\n<meta property=\"og:image\" content=\"https:\/\/futbolhoy.co\/wp-content\/uploads\/2018\/04\/IMG_20180422_093441.jpg\" \/>\n\t<meta property=\"og:image:width\" content=\"1060\" \/>\n\t<meta property=\"og:image:height\" content=\"545\" \/>\n\t<meta property=\"og:image:type\" content=\"image\/jpeg\" \/>\n<meta name=\"author\" content=\"Laura Hern\u00e1ndez\" \/>\n<meta name=\"twitter:card\" content=\"summary_large_image\" \/>\n<meta name=\"twitter:creator\" content=\"@FutbolHoyCol\" \/>\n<meta name=\"twitter:site\" content=\"@FutbolHoyCol\" \/>\n<meta name=\"twitter:label1\" content=\"Escrito por\" \/>\n\t<meta name=\"twitter:data1\" content=\"Laura Hern\u00e1ndez\" \/>\n\t<meta name=\"twitter:label2\" content=\"Tiempo de lectura\" \/>\n\t<meta name=\"twitter:data2\" content=\"1 minuto\" \/>\n<script type=\"application\/ld+json\" class=\"yoast-schema-graph\">{\"@context\":\"https:\/\/schema.org\",\"@graph\":[{\"@type\":\"Article\",\"@id\":\"https:\/\/futbolhoy.co\/index.php\/2018\/04\/21\/keylor-va-a-estar-muchos-anos-en-el-real-florentino\/#article\",\"isPartOf\":{\"@id\":\"https:\/\/futbolhoy.co\/index.php\/2018\/04\/21\/keylor-va-a-estar-muchos-anos-en-el-real-florentino\/\"},\"author\":{\"name\":\"Laura Hern\u00e1ndez\",\"@id\":\"https:\/\/futbolhoy.co\/#\/schema\/person\/c4a353a512b127643723a34bb1812f7d\"},\"headline\":\"Keylor va a estar muchos a\u00f1os en el Real: Florentino\",\"datePublished\":\"2018-04-22T01:00:17+00:00\",\"dateModified\":\"2018-04-22T15:03:36+00:00\",\"mainEntityOfPage\":{\"@id\":\"https:\/\/futbolhoy.co\/index.php\/2018\/04\/21\/keylor-va-a-estar-muchos-anos-en-el-real-florentino\/\"},\"wordCount\":120,\"commentCount\":0,\"publisher\":{\"@id\":\"https:\/\/futbolhoy.co\/#organization\"},\"image\":{\"@id\":\"https:\/\/futbolhoy.co\/index.php\/2018\/04\/21\/keylor-va-a-estar-muchos-anos-en-el-real-florentino\/#primaryimage\"},\"thumbnailUrl\":\"https:\/\/futbolhoy.co\/wp-content\/uploads\/2018\/04\/IMG_20180422_093441.jpg\",\"keywords\":[\"Real Madrid\"],\"articleSection\":[\"Destacados\",\"Mundo Futbol\"],\"inLanguage\":\"es\",\"potentialAction\":[{\"@type\":\"CommentAction\",\"name\":\"Comment\",\"target\":[\"https:\/\/futbolhoy.co\/index.php\/2018\/04\/21\/keylor-va-a-estar-muchos-anos-en-el-real-florentino\/#respond\"]}]},{\"@type\":\"WebPage\",\"@id\":\"https:\/\/futbolhoy.co\/index.php\/2018\/04\/21\/keylor-va-a-estar-muchos-anos-en-el-real-florentino\/\",\"url\":\"https:\/\/futbolhoy.co\/index.php\/2018\/04\/21\/keylor-va-a-estar-muchos-anos-en-el-real-florentino\/\",\"name\":\"Keylor va a estar muchos a\u00f1os en el Real: Florentino -\",\"isPartOf\":{\"@id\":\"https:\/\/futbolhoy.co\/#website\"},\"primaryImageOfPage\":{\"@id\":\"https:\/\/futbolhoy.co\/index.php\/2018\/04\/21\/keylor-va-a-estar-muchos-anos-en-el-real-florentino\/#primaryimage\"},\"image\":{\"@id\":\"https:\/\/futbolhoy.co\/index.php\/2018\/04\/21\/keylor-va-a-estar-muchos-anos-en-el-real-florentino\/#primaryimage\"},\"thumbnailUrl\":\"https:\/\/futbolhoy.co\/wp-content\/uploads\/2018\/04\/IMG_20180422_093441.jpg\",\"datePublished\":\"2018-04-22T01:00:17+00:00\",\"dateModified\":\"2018-04-22T15:03:36+00:00\",\"breadcrumb\":{\"@id\":\"https:\/\/futbolhoy.co\/index.php\/2018\/04\/21\/keylor-va-a-estar-muchos-anos-en-el-real-florentino\/#breadcrumb\"},\"inLanguage\":\"es\",\"potentialAction\":[{\"@type\":\"ReadAction\",\"target\":[\"https:\/\/futbolhoy.co\/index.php\/2018\/04\/21\/keylor-va-a-estar-muchos-anos-en-el-real-florentino\/\"]}]},{\"@type\":\"ImageObject\",\"inLanguage\":\"es\",\"@id\":\"https:\/\/futbolhoy.co\/index.php\/2018\/04\/21\/keylor-va-a-estar-muchos-anos-en-el-real-florentino\/#primaryimage\",\"url\":\"https:\/\/futbolhoy.co\/wp-content\/uploads\/2018\/04\/IMG_20180422_093441.jpg\",\"contentUrl\":\"https:\/\/futbolhoy.co\/wp-content\/uploads\/2018\/04\/IMG_20180422_093441.jpg\",\"width\":1060,\"height\":545},{\"@type\":\"BreadcrumbList\",\"@id\":\"https:\/\/futbolhoy.co\/index.php\/2018\/04\/21\/keylor-va-a-estar-muchos-anos-en-el-real-florentino\/#breadcrumb\",\"itemListElement\":[{\"@type\":\"ListItem\",\"position\":1,\"name\":\"Portada\",\"item\":\"https:\/\/futbolhoy.co\/\"},{\"@type\":\"ListItem\",\"position\":2,\"name\":\"Keylor va a estar muchos a\u00f1os en el Real: Florentino\"}]},{\"@type\":\"WebSite\",\"@id\":\"https:\/\/futbolhoy.co\/#website\",\"url\":\"https:\/\/futbolhoy.co\/\",\"name\":\"FutbolHoy\",\"description\":\"\",\"publisher\":{\"@id\":\"https:\/\/futbolhoy.co\/#organization\"},\"potentialAction\":[{\"@type\":\"SearchAction\",\"target\":{\"@type\":\"EntryPoint\",\"urlTemplate\":\"https:\/\/futbolhoy.co\/?s={search_term_string}\"},\"query-input\":{\"@type\":\"PropertyValueSpecification\",\"valueRequired\":true,\"valueName\":\"search_term_string\"}}],\"inLanguage\":\"es\"},{\"@type\":\"Organization\",\"@id\":\"https:\/\/futbolhoy.co\/#organization\",\"name\":\"Futbolhoy.co\",\"url\":\"https:\/\/futbolhoy.co\/\",\"logo\":{\"@type\":\"ImageObject\",\"inLanguage\":\"es\",\"@id\":\"https:\/\/futbolhoy.co\/#\/schema\/logo\/image\/\",\"url\":\"https:\/\/futbolhoy.co\/wp-content\/uploads\/2018\/08\/17426380_1906371736249227_6326180412931521141_n.jpg\",\"contentUrl\":\"https:\/\/futbolhoy.co\/wp-content\/uploads\/2018\/08\/17426380_1906371736249227_6326180412931521141_n.jpg\",\"width\":960,\"height\":960,\"caption\":\"Futbolhoy.co\"},\"image\":{\"@id\":\"https:\/\/futbolhoy.co\/#\/schema\/logo\/image\/\"},\"sameAs\":[\"https:\/\/www.facebook.com\/FutbolHoyCol\/\",\"https:\/\/x.com\/FutbolHoyCol\",\"https:\/\/www.instagram.com\/futbolhoycol\/\"]},{\"@type\":\"Person\",\"@id\":\"https:\/\/futbolhoy.co\/#\/schema\/person\/c4a353a512b127643723a34bb1812f7d\",\"name\":\"Laura Hern\u00e1ndez\",\"image\":{\"@type\":\"ImageObject\",\"inLanguage\":\"es\",\"@id\":\"https:\/\/futbolhoy.co\/#\/schema\/person\/image\/\",\"url\":\"https:\/\/secure.gravatar.com\/avatar\/d25959a15b9b293a743f99181c7cfd01?s=96&d=mm&r=g\",\"contentUrl\":\"https:\/\/secure.gravatar.com\/avatar\/d25959a15b9b293a743f99181c7cfd01?s=96&d=mm&r=g\",\"caption\":\"Laura Hern\u00e1ndez\"}}]}<\/script>\n<!-- \/ Yoast SEO plugin. -->","yoast_head_json":{"title":"Keylor va a estar muchos a\u00f1os en el Real: Florentino -","robots":{"index":"index","follow":"follow","max-snippet":"max-snippet:-1","max-image-preview":"max-image-preview:large","max-video-preview":"max-video-preview:-1"},"canonical":"https:\/\/futbolhoy.co\/index.php\/2018\/04\/21\/keylor-va-a-estar-muchos-anos-en-el-real-florentino\/","og_locale":"es_ES","og_type":"article","og_title":"Keylor va a estar muchos a\u00f1os en el Real: Florentino -","og_description":"El presidente del Real Madrid, Florentino P\u00e9rez, anunci\u00f3 en el trig\u00e9simo aniversario de la Pe\u00f1a Ram\u00f3n Mendoza, que el portero costarricense Keylor Navas, homenajeado en el acto, va a estar \"muchos a\u00f1os\" en el club. \"La Pe\u00f1a Ram\u00f3n Mendoza contribuye a expandir los valores Del Real Madrid. Nombrar socio de honor a Keylor es un [&hellip;]","og_url":"https:\/\/futbolhoy.co\/index.php\/2018\/04\/21\/keylor-va-a-estar-muchos-anos-en-el-real-florentino\/","article_publisher":"https:\/\/www.facebook.com\/FutbolHoyCol\/","article_published_time":"2018-04-22T01:00:17+00:00","article_modified_time":"2018-04-22T15:03:36+00:00","og_image":[{"width":1060,"height":545,"url":"https:\/\/futbolhoy.co\/wp-content\/uploads\/2018\/04\/IMG_20180422_093441.jpg","type":"image\/jpeg"}],"author":"Laura Hern\u00e1ndez","twitter_card":"summary_large_image","twitter_creator":"@FutbolHoyCol","twitter_site":"@FutbolHoyCol","twitter_misc":{"Escrito por":"Laura Hern\u00e1ndez","Tiempo de lectura":"1 minuto"},"schema":{"@context":"https:\/\/schema.org","@graph":[{"@type":"Article","@id":"https:\/\/futbolhoy.co\/index.php\/2018\/04\/21\/keylor-va-a-estar-muchos-anos-en-el-real-florentino\/#article","isPartOf":{"@id":"https:\/\/futbolhoy.co\/index.php\/2018\/04\/21\/keylor-va-a-estar-muchos-anos-en-el-real-florentino\/"},"author":{"name":"Laura Hern\u00e1ndez","@id":"https:\/\/futbolhoy.co\/#\/schema\/person\/c4a353a512b127643723a34bb1812f7d"},"headline":"Keylor va a estar muchos a\u00f1os en el Real: Florentino","datePublished":"2018-04-22T01:00:17+00:00","dateModified":"2018-04-22T15:03:36+00:00","mainEntityOfPage":{"@id":"https:\/\/futbolhoy.co\/index.php\/2018\/04\/21\/keylor-va-a-estar-muchos-anos-en-el-real-florentino\/"},"wordCount":120,"commentCount":0,"publisher":{"@id":"https:\/\/futbolhoy.co\/#organization"},"image":{"@id":"https:\/\/futbolhoy.co\/index.php\/2018\/04\/21\/keylor-va-a-estar-muchos-anos-en-el-real-florentino\/#primaryimage"},"thumbnailUrl":"https:\/\/futbolhoy.co\/wp-content\/uploads\/2018\/04\/IMG_20180422_093441.jpg","keywords":["Real Madrid"],"articleSection":["Destacados","Mundo Futbol"],"inLanguage":"es","potentialAction":[{"@type":"CommentAction","name":"Comment","target":["https:\/\/futbolhoy.co\/index.php\/2018\/04\/21\/keylor-va-a-estar-muchos-anos-en-el-real-florentino\/#respond"]}]},{"@type":"WebPage","@id":"https:\/\/futbolhoy.co\/index.php\/2018\/04\/21\/keylor-va-a-estar-muchos-anos-en-el-real-florentino\/","url":"https:\/\/futbolhoy.co\/index.php\/2018\/04\/21\/keylor-va-a-estar-muchos-anos-en-el-real-florentino\/","name":"Keylor va a estar muchos a\u00f1os en el Real: Florentino -","isPartOf":{"@id":"https:\/\/futbolhoy.co\/#website"},"primaryImageOfPage":{"@id":"https:\/\/futbolhoy.co\/index.php\/2018\/04\/21\/keylor-va-a-estar-muchos-anos-en-el-real-florentino\/#primaryimage"},"image":{"@id":"https:\/\/futbolhoy.co\/index.php\/2018\/04\/21\/keylor-va-a-estar-muchos-anos-en-el-real-florentino\/#primaryimage"},"thumbnailUrl":"https:\/\/futbolhoy.co\/wp-content\/uploads\/2018\/04\/IMG_20180422_093441.jpg","datePublished":"2018-04-22T01:00:17+00:00","dateModified":"2018-04-22T15:03:36+00:00","breadcrumb":{"@id":"https:\/\/futbolhoy.co\/index.php\/2018\/04\/21\/keylor-va-a-estar-muchos-anos-en-el-real-florentino\/#breadcrumb"},"inLanguage":"es","potentialAction":[{"@type":"ReadAction","target":["https:\/\/futbolhoy.co\/index.php\/2018\/04\/21\/keylor-va-a-estar-muchos-anos-en-el-real-florentino\/"]}]},{"@type":"ImageObject","inLanguage":"es","@id":"https:\/\/futbolhoy.co\/index.php\/2018\/04\/21\/keylor-va-a-estar-muchos-anos-en-el-real-florentino\/#primaryimage","url":"https:\/\/futbolhoy.co\/wp-content\/uploads\/2018\/04\/IMG_20180422_093441.jpg","contentUrl":"https:\/\/futbolhoy.co\/wp-content\/uploads\/2018\/04\/IMG_20180422_093441.jpg","width":1060,"height":545},{"@type":"BreadcrumbList","@id":"https:\/\/futbolhoy.co\/index.php\/2018\/04\/21\/keylor-va-a-estar-muchos-anos-en-el-real-florentino\/#breadcrumb","itemListElement":[{"@type":"ListItem","position":1,"name":"Portada","item":"https:\/\/futbolhoy.co\/"},{"@type":"ListItem","position":2,"name":"Keylor va a estar muchos a\u00f1os en el Real: Florentino"}]},{"@type":"WebSite","@id":"https:\/\/futbolhoy.co\/#website","url":"https:\/\/futbolhoy.co\/","name":"FutbolHoy","description":"","publisher":{"@id":"https:\/\/futbolhoy.co\/#organization"},"potentialAction":[{"@type":"SearchAction","target":{"@type":"EntryPoint","urlTemplate":"https:\/\/futbolhoy.co\/?s={search_term_string}"},"query-input":{"@type":"PropertyValueSpecification","valueRequired":true,"valueName":"search_term_string"}}],"inLanguage":"es"},{"@type":"Organization","@id":"https:\/\/futbolhoy.co\/#organization","name":"Futbolhoy.co","url":"https:\/\/futbolhoy.co\/","logo":{"@type":"ImageObject","inLanguage":"es","@id":"https:\/\/futbolhoy.co\/#\/schema\/logo\/image\/","url":"https:\/\/futbolhoy.co\/wp-content\/uploads\/2018\/08\/17426380_1906371736249227_6326180412931521141_n.jpg","contentUrl":"https:\/\/futbolhoy.co\/wp-content\/uploads\/2018\/08\/17426380_1906371736249227_6326180412931521141_n.jpg","width":960,"height":960,"caption":"Futbolhoy.co"},"image":{"@id":"https:\/\/futbolhoy.co\/#\/schema\/logo\/image\/"},"sameAs":["https:\/\/www.facebook.com\/FutbolHoyCol\/","https:\/\/x.com\/FutbolHoyCol","https:\/\/www.instagram.com\/futbolhoycol\/"]},{"@type":"Person","@id":"https:\/\/futbolhoy.co\/#\/schema\/person\/c4a353a512b127643723a34bb1812f7d","name":"Laura Hern\u00e1ndez","image":{"@type":"ImageObject","inLanguage":"es","@id":"https:\/\/futbolhoy.co\/#\/schema\/person\/image\/","url":"https:\/\/secure.gravatar.com\/avatar\/d25959a15b9b293a743f99181c7cfd01?s=96&d=mm&r=g","contentUrl":"https:\/\/secure.gravatar.com\/avatar\/d25959a15b9b293a743f99181c7cfd01?s=96&d=mm&r=g","caption":"Laura Hern\u00e1ndez"}}]}},"publishpress_future_action":{"enabled":false,"date":"2026-05-05 01:33:43","action":"change-status","newStatus":"draft","terms":[],"taxonomy":"category","extraData":[]},"publishpress_future_workflow_manual_trigger":{"enabledWorkflows":[]},"_links":{"self":[{"href":"https:\/\/futbolhoy.co\/index.php\/wp-json\/wp\/v2\/posts\/16374","targetHints":{"allow":["GET"]}}],"collection":[{"href":"https:\/\/futbolhoy.co\/index.php\/wp-json\/wp\/v2\/posts"}],"about":[{"href":"https:\/\/futbolhoy.co\/index.php\/wp-json\/wp\/v2\/types\/post"}],"author":[{"embeddable":true,"href":"https:\/\/futbolhoy.co\/index.php\/wp-json\/wp\/v2\/users\/5"}],"replies":[{"embeddable":true,"href":"https:\/\/futbolhoy.co\/index.php\/wp-json\/wp\/v2\/comments?post=16374"}],"version-history":[{"count":3,"href":"https:\/\/futbolhoy.co\/index.php\/wp-json\/wp\/v2\/posts\/16374\/revisions"}],"predecessor-version":[{"id":16379,"href":"https:\/\/futbolhoy.co\/index.php\/wp-json\/wp\/v2\/posts\/16374\/revisions\/16379"}],"wp:featuredmedia":[{"embeddable":true,"href":"https:\/\/futbolhoy.co\/index.php\/wp-json\/wp\/v2\/media\/16375"}],"wp:attachment":[{"href":"https:\/\/futbolhoy.co\/index.php\/wp-json\/wp\/v2\/media?parent=16374"}],"wp:term":[{"taxonomy":"category","embeddable":true,"href":"https:\/\/futbolhoy.co\/index.php\/wp-json\/wp\/v2\/categories?post=16374"},{"taxonomy":"post_tag","embeddable":true,"href":"https:\/\/futbolhoy.co\/index.php\/wp-json\/wp\/v2\/tags?post=16374"}],"curies":[{"name":"wp","href":"https:\/\/api.w.org\/{rel}","templated":true}]}}