{"id":17618,"date":"2018-05-12T09:00:12","date_gmt":"2018-05-12T14:00:12","guid":{"rendered":"http:\/\/futbolhoy.co\/?p=17618"},"modified":"2018-05-12T21:02:30","modified_gmt":"2018-05-13T02:02:30","slug":"cali-nacional-el-atractivo-en-inicio-de-cuartos-de-liga-aguila","status":"publish","type":"post","link":"https:\/\/futbolhoy.co\/index.php\/2018\/05\/12\/cali-nacional-el-atractivo-en-inicio-de-cuartos-de-liga-aguila\/","title":{"rendered":"Medell\u00edn - Junior, el atractivo de cuartos de Liga \u00c1guila"},"content":{"rendered":"<p class=\"m_-7736476798511064406ydp46b199a7MsoNormal\" style=\"text-align: justify;\"><strong>Atl\u00e9tico Nacional<\/strong>, <strong>Independiente Medell\u00edn<\/strong> y <strong>Deportivo Cali<\/strong> parten como favoritos para alcanzar el t\u00edtulo en la <strong>Liga \u00c1guila I<\/strong>, cuando se inicien este fin de semana los cuartos de final del torneo.<\/p>\n<p class=\"m_-7736476798511064406ydp46b199a7MsoNormal\" style=\"text-align: justify;\">Uno de los atractivos de la\u00a0jornada, ser\u00e1 la que enfrenten el domingo <strong>Atl\u00e9tico Junior<\/strong> e <strong>Independiente Medell\u00edn<\/strong>.<\/p>\n<p class=\"m_-7736476798511064406ydp46b199a7MsoNormal\" style=\"text-align: justify;\">Los \u201ctiburones\u201d, dirigidos por el colombo uruguayo <strong>Julio Comesa\u00f1a<\/strong>, lograron su clasificaci\u00f3n a expensas de <strong>Jaguares<\/strong>, al que vencieron 2-1, y buscar\u00e1n ratificar en casa su dominio ante 'el Poderoso', al que le ha ganado las \u00faltimas tres series de eliminaci\u00f3n directa.<\/p>\n<p class=\"m_-7736476798511064406ydp46b199a7MsoNormal\" style=\"text-align: justify;\">Los cuartos de final se abrir\u00e1n este s\u00e1bado con el duelo en <strong>Tunja<\/strong>, entre <strong>Patriotas<\/strong> y <strong>Atl\u00e9tico Huila<\/strong>, llave en la que ambos buscar\u00e1n dar la sorpresa; mientras que el domingo, en Manizales, cerraran la jornada <strong>Once Caldas<\/strong> y <strong>Deportes Tolima<\/strong>.<\/p>\n<p class=\"m_-7736476798511064406ydp46b199a7MsoNormal\" style=\"text-align: justify;\">El conjunto \u201calbo\u201d fue el \u00faltimo clasificado, mientras que los de Ibagu\u00e9 anticiparon su paso a la siguiente ronda.<\/p>\n<p class=\"m_-7736476798511064406ydp46b199a7MsoNormal\" style=\"text-align: justify;\">Los partidos de vuelta de esta ronda se disputar\u00e1n el 19 y el 20 de mayo.<\/p>\n<p class=\"m_-7736476798511064406ydp46b199a7MsoNormal\" style=\"text-align: justify;\"><strong><i>Programaci\u00f3n ida de cuartos de final:<\/i><\/strong><\/p>\n<p class=\"m_-7736476798511064406ydp46b199a7MsoNormal\" style=\"text-align: justify;\"><i>S\u00e1bado, 6pm:<\/i>\u00a0Patriotas-Atl\u00e9tico Huila<\/p>\n<p class=\"m_-7736476798511064406ydp46b199a7MsoNormal\" style=\"text-align: justify;\"><i>8pm:<\/i>\u00a0Deportivo Cali-Atl\u00e9tico Nacional<\/p>\n<p class=\"m_-7736476798511064406ydp46b199a7MsoNormal\" style=\"text-align: justify;\"><i>Domingo, 5.15pm:<\/i>\u00a0Atl\u00e9tico Junior-Independiente Medell\u00edn<\/p>\n<p class=\"m_-7736476798511064406ydp46b199a7MsoNormal\" style=\"text-align: justify;\"><i>7.30pm:<\/i>\u00a0Once Caldas-Tolima.<\/p>\n","protected":false},"excerpt":{"rendered":"<p>Atl\u00e9tico Nacional, Independiente Medell\u00edn y Deportivo Cali parten como favoritos para alcanzar el t\u00edtulo en la Liga \u00c1guila I, cuando se inicien este fin de semana los cuartos de final del torneo. Uno de los atractivos de la\u00a0jornada, ser\u00e1 la que enfrenten el domingo Atl\u00e9tico Junior e Independiente Medell\u00edn. Los \u201ctiburones\u201d, dirigidos por el colombo [&hellip;]<\/p>\n","protected":false},"author":5,"featured_media":17634,"comment_status":"open","ping_status":"open","sticky":false,"template":"","format":"standard","meta":{"_acf_changed":false,"footnotes":""},"categories":[7],"tags":[145,232,231],"class_list":{"0":"post-17618","1":"post","2":"type-post","3":"status-publish","4":"format-standard","5":"has-post-thumbnail","7":"category-liga-betplay","8":"tag-liga-aguila","9":"tag-once-caldas","10":"tag-tolima"},"acf":[],"yoast_head":"<!-- This site is optimized with the Yoast SEO plugin v26.8 - https:\/\/yoast.com\/product\/yoast-seo-wordpress\/ -->\n<title>Medell\u00edn - Junior, el atractivo de cuartos de Liga \u00c1guila -<\/title>\n<meta name=\"robots\" content=\"index, follow, max-snippet:-1, max-image-preview:large, max-video-preview:-1\" \/>\n<link rel=\"canonical\" href=\"https:\/\/futbolhoy.co\/index.php\/2018\/05\/12\/cali-nacional-el-atractivo-en-inicio-de-cuartos-de-liga-aguila\/\" \/>\n<meta property=\"og:locale\" content=\"es_ES\" \/>\n<meta property=\"og:type\" content=\"article\" \/>\n<meta property=\"og:title\" content=\"Medell\u00edn - Junior, el atractivo de cuartos de Liga \u00c1guila -\" \/>\n<meta property=\"og:description\" content=\"Atl\u00e9tico Nacional, Independiente Medell\u00edn y Deportivo Cali parten como favoritos para alcanzar el t\u00edtulo en la Liga \u00c1guila I, cuando se inicien este fin de semana los cuartos de final del torneo. Uno de los atractivos de la\u00a0jornada, ser\u00e1 la que enfrenten el domingo Atl\u00e9tico Junior e Independiente Medell\u00edn. Los \u201ctiburones\u201d, dirigidos por el colombo [&hellip;]\" \/>\n<meta property=\"og:url\" content=\"https:\/\/futbolhoy.co\/index.php\/2018\/05\/12\/cali-nacional-el-atractivo-en-inicio-de-cuartos-de-liga-aguila\/\" \/>\n<meta property=\"article:publisher\" content=\"https:\/\/www.facebook.com\/FutbolHoyCol\/\" \/>\n<meta property=\"article:published_time\" content=\"2018-05-12T14:00:12+00:00\" \/>\n<meta property=\"article:modified_time\" content=\"2018-05-13T02:02:30+00:00\" \/>\n<meta property=\"og:image\" content=\"https:\/\/futbolhoy.co\/wp-content\/uploads\/2018\/05\/DcYCDLcW0AAxiCk.jpg\" \/>\n\t<meta property=\"og:image:width\" content=\"1200\" \/>\n\t<meta property=\"og:image:height\" content=\"674\" \/>\n\t<meta property=\"og:image:type\" content=\"image\/jpeg\" \/>\n<meta name=\"author\" content=\"Laura Hern\u00e1ndez\" \/>\n<meta name=\"twitter:card\" content=\"summary_large_image\" \/>\n<meta name=\"twitter:creator\" content=\"@FutbolHoyCol\" \/>\n<meta name=\"twitter:site\" content=\"@FutbolHoyCol\" \/>\n<meta name=\"twitter:label1\" content=\"Escrito por\" \/>\n\t<meta name=\"twitter:data1\" content=\"Laura Hern\u00e1ndez\" \/>\n\t<meta name=\"twitter:label2\" content=\"Tiempo de lectura\" \/>\n\t<meta name=\"twitter:data2\" content=\"1 minuto\" \/>\n<script type=\"application\/ld+json\" class=\"yoast-schema-graph\">{\"@context\":\"https:\/\/schema.org\",\"@graph\":[{\"@type\":\"Article\",\"@id\":\"https:\/\/futbolhoy.co\/index.php\/2018\/05\/12\/cali-nacional-el-atractivo-en-inicio-de-cuartos-de-liga-aguila\/#article\",\"isPartOf\":{\"@id\":\"https:\/\/futbolhoy.co\/index.php\/2018\/05\/12\/cali-nacional-el-atractivo-en-inicio-de-cuartos-de-liga-aguila\/\"},\"author\":{\"name\":\"Laura Hern\u00e1ndez\",\"@id\":\"https:\/\/futbolhoy.co\/#\/schema\/person\/c4a353a512b127643723a34bb1812f7d\"},\"headline\":\"Medell\u00edn - Junior, el atractivo de cuartos de Liga \u00c1guila\",\"datePublished\":\"2018-05-12T14:00:12+00:00\",\"dateModified\":\"2018-05-13T02:02:30+00:00\",\"mainEntityOfPage\":{\"@id\":\"https:\/\/futbolhoy.co\/index.php\/2018\/05\/12\/cali-nacional-el-atractivo-en-inicio-de-cuartos-de-liga-aguila\/\"},\"wordCount\":219,\"commentCount\":0,\"publisher\":{\"@id\":\"https:\/\/futbolhoy.co\/#organization\"},\"image\":{\"@id\":\"https:\/\/futbolhoy.co\/index.php\/2018\/05\/12\/cali-nacional-el-atractivo-en-inicio-de-cuartos-de-liga-aguila\/#primaryimage\"},\"thumbnailUrl\":\"https:\/\/futbolhoy.co\/wp-content\/uploads\/2018\/05\/DcYCDLcW0AAxiCk.jpg\",\"keywords\":[\"Liga Aguila\",\"once caldas\",\"Tolima\"],\"articleSection\":[\"Liga BetPlay\"],\"inLanguage\":\"es\",\"potentialAction\":[{\"@type\":\"CommentAction\",\"name\":\"Comment\",\"target\":[\"https:\/\/futbolhoy.co\/index.php\/2018\/05\/12\/cali-nacional-el-atractivo-en-inicio-de-cuartos-de-liga-aguila\/#respond\"]}]},{\"@type\":\"WebPage\",\"@id\":\"https:\/\/futbolhoy.co\/index.php\/2018\/05\/12\/cali-nacional-el-atractivo-en-inicio-de-cuartos-de-liga-aguila\/\",\"url\":\"https:\/\/futbolhoy.co\/index.php\/2018\/05\/12\/cali-nacional-el-atractivo-en-inicio-de-cuartos-de-liga-aguila\/\",\"name\":\"Medell\u00edn - Junior, el atractivo de cuartos de Liga \u00c1guila -\",\"isPartOf\":{\"@id\":\"https:\/\/futbolhoy.co\/#website\"},\"primaryImageOfPage\":{\"@id\":\"https:\/\/futbolhoy.co\/index.php\/2018\/05\/12\/cali-nacional-el-atractivo-en-inicio-de-cuartos-de-liga-aguila\/#primaryimage\"},\"image\":{\"@id\":\"https:\/\/futbolhoy.co\/index.php\/2018\/05\/12\/cali-nacional-el-atractivo-en-inicio-de-cuartos-de-liga-aguila\/#primaryimage\"},\"thumbnailUrl\":\"https:\/\/futbolhoy.co\/wp-content\/uploads\/2018\/05\/DcYCDLcW0AAxiCk.jpg\",\"datePublished\":\"2018-05-12T14:00:12+00:00\",\"dateModified\":\"2018-05-13T02:02:30+00:00\",\"breadcrumb\":{\"@id\":\"https:\/\/futbolhoy.co\/index.php\/2018\/05\/12\/cali-nacional-el-atractivo-en-inicio-de-cuartos-de-liga-aguila\/#breadcrumb\"},\"inLanguage\":\"es\",\"potentialAction\":[{\"@type\":\"ReadAction\",\"target\":[\"https:\/\/futbolhoy.co\/index.php\/2018\/05\/12\/cali-nacional-el-atractivo-en-inicio-de-cuartos-de-liga-aguila\/\"]}]},{\"@type\":\"ImageObject\",\"inLanguage\":\"es\",\"@id\":\"https:\/\/futbolhoy.co\/index.php\/2018\/05\/12\/cali-nacional-el-atractivo-en-inicio-de-cuartos-de-liga-aguila\/#primaryimage\",\"url\":\"https:\/\/futbolhoy.co\/wp-content\/uploads\/2018\/05\/DcYCDLcW0AAxiCk.jpg\",\"contentUrl\":\"https:\/\/futbolhoy.co\/wp-content\/uploads\/2018\/05\/DcYCDLcW0AAxiCk.jpg\",\"width\":1200,\"height\":674,\"caption\":\"Twitter @DIM_Oficial\"},{\"@type\":\"BreadcrumbList\",\"@id\":\"https:\/\/futbolhoy.co\/index.php\/2018\/05\/12\/cali-nacional-el-atractivo-en-inicio-de-cuartos-de-liga-aguila\/#breadcrumb\",\"itemListElement\":[{\"@type\":\"ListItem\",\"position\":1,\"name\":\"Portada\",\"item\":\"https:\/\/futbolhoy.co\/\"},{\"@type\":\"ListItem\",\"position\":2,\"name\":\"Medell\u00edn &#8211; Junior, el atractivo de cuartos de Liga \u00c1guila\"}]},{\"@type\":\"WebSite\",\"@id\":\"https:\/\/futbolhoy.co\/#website\",\"url\":\"https:\/\/futbolhoy.co\/\",\"name\":\"FutbolHoy\",\"description\":\"\",\"publisher\":{\"@id\":\"https:\/\/futbolhoy.co\/#organization\"},\"potentialAction\":[{\"@type\":\"SearchAction\",\"target\":{\"@type\":\"EntryPoint\",\"urlTemplate\":\"https:\/\/futbolhoy.co\/?s={search_term_string}\"},\"query-input\":{\"@type\":\"PropertyValueSpecification\",\"valueRequired\":true,\"valueName\":\"search_term_string\"}}],\"inLanguage\":\"es\"},{\"@type\":\"Organization\",\"@id\":\"https:\/\/futbolhoy.co\/#organization\",\"name\":\"Futbolhoy.co\",\"url\":\"https:\/\/futbolhoy.co\/\",\"logo\":{\"@type\":\"ImageObject\",\"inLanguage\":\"es\",\"@id\":\"https:\/\/futbolhoy.co\/#\/schema\/logo\/image\/\",\"url\":\"https:\/\/futbolhoy.co\/wp-content\/uploads\/2018\/08\/17426380_1906371736249227_6326180412931521141_n.jpg\",\"contentUrl\":\"https:\/\/futbolhoy.co\/wp-content\/uploads\/2018\/08\/17426380_1906371736249227_6326180412931521141_n.jpg\",\"width\":960,\"height\":960,\"caption\":\"Futbolhoy.co\"},\"image\":{\"@id\":\"https:\/\/futbolhoy.co\/#\/schema\/logo\/image\/\"},\"sameAs\":[\"https:\/\/www.facebook.com\/FutbolHoyCol\/\",\"https:\/\/x.com\/FutbolHoyCol\",\"https:\/\/www.instagram.com\/futbolhoycol\/\"]},{\"@type\":\"Person\",\"@id\":\"https:\/\/futbolhoy.co\/#\/schema\/person\/c4a353a512b127643723a34bb1812f7d\",\"name\":\"Laura Hern\u00e1ndez\",\"image\":{\"@type\":\"ImageObject\",\"inLanguage\":\"es\",\"@id\":\"https:\/\/futbolhoy.co\/#\/schema\/person\/image\/\",\"url\":\"https:\/\/secure.gravatar.com\/avatar\/d25959a15b9b293a743f99181c7cfd01?s=96&d=mm&r=g\",\"contentUrl\":\"https:\/\/secure.gravatar.com\/avatar\/d25959a15b9b293a743f99181c7cfd01?s=96&d=mm&r=g\",\"caption\":\"Laura Hern\u00e1ndez\"}}]}<\/script>\n<!-- \/ Yoast SEO plugin. -->","yoast_head_json":{"title":"Medell\u00edn - Junior, el atractivo de cuartos de Liga \u00c1guila -","robots":{"index":"index","follow":"follow","max-snippet":"max-snippet:-1","max-image-preview":"max-image-preview:large","max-video-preview":"max-video-preview:-1"},"canonical":"https:\/\/futbolhoy.co\/index.php\/2018\/05\/12\/cali-nacional-el-atractivo-en-inicio-de-cuartos-de-liga-aguila\/","og_locale":"es_ES","og_type":"article","og_title":"Medell\u00edn - Junior, el atractivo de cuartos de Liga \u00c1guila -","og_description":"Atl\u00e9tico Nacional, Independiente Medell\u00edn y Deportivo Cali parten como favoritos para alcanzar el t\u00edtulo en la Liga \u00c1guila I, cuando se inicien este fin de semana los cuartos de final del torneo. Uno de los atractivos de la\u00a0jornada, ser\u00e1 la que enfrenten el domingo Atl\u00e9tico Junior e Independiente Medell\u00edn. Los \u201ctiburones\u201d, dirigidos por el colombo [&hellip;]","og_url":"https:\/\/futbolhoy.co\/index.php\/2018\/05\/12\/cali-nacional-el-atractivo-en-inicio-de-cuartos-de-liga-aguila\/","article_publisher":"https:\/\/www.facebook.com\/FutbolHoyCol\/","article_published_time":"2018-05-12T14:00:12+00:00","article_modified_time":"2018-05-13T02:02:30+00:00","og_image":[{"width":1200,"height":674,"url":"https:\/\/futbolhoy.co\/wp-content\/uploads\/2018\/05\/DcYCDLcW0AAxiCk.jpg","type":"image\/jpeg"}],"author":"Laura Hern\u00e1ndez","twitter_card":"summary_large_image","twitter_creator":"@FutbolHoyCol","twitter_site":"@FutbolHoyCol","twitter_misc":{"Escrito por":"Laura Hern\u00e1ndez","Tiempo de lectura":"1 minuto"},"schema":{"@context":"https:\/\/schema.org","@graph":[{"@type":"Article","@id":"https:\/\/futbolhoy.co\/index.php\/2018\/05\/12\/cali-nacional-el-atractivo-en-inicio-de-cuartos-de-liga-aguila\/#article","isPartOf":{"@id":"https:\/\/futbolhoy.co\/index.php\/2018\/05\/12\/cali-nacional-el-atractivo-en-inicio-de-cuartos-de-liga-aguila\/"},"author":{"name":"Laura Hern\u00e1ndez","@id":"https:\/\/futbolhoy.co\/#\/schema\/person\/c4a353a512b127643723a34bb1812f7d"},"headline":"Medell\u00edn - Junior, el atractivo de cuartos de Liga \u00c1guila","datePublished":"2018-05-12T14:00:12+00:00","dateModified":"2018-05-13T02:02:30+00:00","mainEntityOfPage":{"@id":"https:\/\/futbolhoy.co\/index.php\/2018\/05\/12\/cali-nacional-el-atractivo-en-inicio-de-cuartos-de-liga-aguila\/"},"wordCount":219,"commentCount":0,"publisher":{"@id":"https:\/\/futbolhoy.co\/#organization"},"image":{"@id":"https:\/\/futbolhoy.co\/index.php\/2018\/05\/12\/cali-nacional-el-atractivo-en-inicio-de-cuartos-de-liga-aguila\/#primaryimage"},"thumbnailUrl":"https:\/\/futbolhoy.co\/wp-content\/uploads\/2018\/05\/DcYCDLcW0AAxiCk.jpg","keywords":["Liga Aguila","once caldas","Tolima"],"articleSection":["Liga BetPlay"],"inLanguage":"es","potentialAction":[{"@type":"CommentAction","name":"Comment","target":["https:\/\/futbolhoy.co\/index.php\/2018\/05\/12\/cali-nacional-el-atractivo-en-inicio-de-cuartos-de-liga-aguila\/#respond"]}]},{"@type":"WebPage","@id":"https:\/\/futbolhoy.co\/index.php\/2018\/05\/12\/cali-nacional-el-atractivo-en-inicio-de-cuartos-de-liga-aguila\/","url":"https:\/\/futbolhoy.co\/index.php\/2018\/05\/12\/cali-nacional-el-atractivo-en-inicio-de-cuartos-de-liga-aguila\/","name":"Medell\u00edn - Junior, el atractivo de cuartos de Liga \u00c1guila -","isPartOf":{"@id":"https:\/\/futbolhoy.co\/#website"},"primaryImageOfPage":{"@id":"https:\/\/futbolhoy.co\/index.php\/2018\/05\/12\/cali-nacional-el-atractivo-en-inicio-de-cuartos-de-liga-aguila\/#primaryimage"},"image":{"@id":"https:\/\/futbolhoy.co\/index.php\/2018\/05\/12\/cali-nacional-el-atractivo-en-inicio-de-cuartos-de-liga-aguila\/#primaryimage"},"thumbnailUrl":"https:\/\/futbolhoy.co\/wp-content\/uploads\/2018\/05\/DcYCDLcW0AAxiCk.jpg","datePublished":"2018-05-12T14:00:12+00:00","dateModified":"2018-05-13T02:02:30+00:00","breadcrumb":{"@id":"https:\/\/futbolhoy.co\/index.php\/2018\/05\/12\/cali-nacional-el-atractivo-en-inicio-de-cuartos-de-liga-aguila\/#breadcrumb"},"inLanguage":"es","potentialAction":[{"@type":"ReadAction","target":["https:\/\/futbolhoy.co\/index.php\/2018\/05\/12\/cali-nacional-el-atractivo-en-inicio-de-cuartos-de-liga-aguila\/"]}]},{"@type":"ImageObject","inLanguage":"es","@id":"https:\/\/futbolhoy.co\/index.php\/2018\/05\/12\/cali-nacional-el-atractivo-en-inicio-de-cuartos-de-liga-aguila\/#primaryimage","url":"https:\/\/futbolhoy.co\/wp-content\/uploads\/2018\/05\/DcYCDLcW0AAxiCk.jpg","contentUrl":"https:\/\/futbolhoy.co\/wp-content\/uploads\/2018\/05\/DcYCDLcW0AAxiCk.jpg","width":1200,"height":674,"caption":"Twitter @DIM_Oficial"},{"@type":"BreadcrumbList","@id":"https:\/\/futbolhoy.co\/index.php\/2018\/05\/12\/cali-nacional-el-atractivo-en-inicio-de-cuartos-de-liga-aguila\/#breadcrumb","itemListElement":[{"@type":"ListItem","position":1,"name":"Portada","item":"https:\/\/futbolhoy.co\/"},{"@type":"ListItem","position":2,"name":"Medell\u00edn &#8211; Junior, el atractivo de cuartos de Liga \u00c1guila"}]},{"@type":"WebSite","@id":"https:\/\/futbolhoy.co\/#website","url":"https:\/\/futbolhoy.co\/","name":"FutbolHoy","description":"","publisher":{"@id":"https:\/\/futbolhoy.co\/#organization"},"potentialAction":[{"@type":"SearchAction","target":{"@type":"EntryPoint","urlTemplate":"https:\/\/futbolhoy.co\/?s={search_term_string}"},"query-input":{"@type":"PropertyValueSpecification","valueRequired":true,"valueName":"search_term_string"}}],"inLanguage":"es"},{"@type":"Organization","@id":"https:\/\/futbolhoy.co\/#organization","name":"Futbolhoy.co","url":"https:\/\/futbolhoy.co\/","logo":{"@type":"ImageObject","inLanguage":"es","@id":"https:\/\/futbolhoy.co\/#\/schema\/logo\/image\/","url":"https:\/\/futbolhoy.co\/wp-content\/uploads\/2018\/08\/17426380_1906371736249227_6326180412931521141_n.jpg","contentUrl":"https:\/\/futbolhoy.co\/wp-content\/uploads\/2018\/08\/17426380_1906371736249227_6326180412931521141_n.jpg","width":960,"height":960,"caption":"Futbolhoy.co"},"image":{"@id":"https:\/\/futbolhoy.co\/#\/schema\/logo\/image\/"},"sameAs":["https:\/\/www.facebook.com\/FutbolHoyCol\/","https:\/\/x.com\/FutbolHoyCol","https:\/\/www.instagram.com\/futbolhoycol\/"]},{"@type":"Person","@id":"https:\/\/futbolhoy.co\/#\/schema\/person\/c4a353a512b127643723a34bb1812f7d","name":"Laura Hern\u00e1ndez","image":{"@type":"ImageObject","inLanguage":"es","@id":"https:\/\/futbolhoy.co\/#\/schema\/person\/image\/","url":"https:\/\/secure.gravatar.com\/avatar\/d25959a15b9b293a743f99181c7cfd01?s=96&d=mm&r=g","contentUrl":"https:\/\/secure.gravatar.com\/avatar\/d25959a15b9b293a743f99181c7cfd01?s=96&d=mm&r=g","caption":"Laura Hern\u00e1ndez"}}]}},"publishpress_future_action":{"enabled":false,"date":"2026-05-05 01:33:05","action":"change-status","newStatus":"draft","terms":[],"taxonomy":"category","extraData":[]},"publishpress_future_workflow_manual_trigger":{"enabledWorkflows":[]},"_links":{"self":[{"href":"https:\/\/futbolhoy.co\/index.php\/wp-json\/wp\/v2\/posts\/17618","targetHints":{"allow":["GET"]}}],"collection":[{"href":"https:\/\/futbolhoy.co\/index.php\/wp-json\/wp\/v2\/posts"}],"about":[{"href":"https:\/\/futbolhoy.co\/index.php\/wp-json\/wp\/v2\/types\/post"}],"author":[{"embeddable":true,"href":"https:\/\/futbolhoy.co\/index.php\/wp-json\/wp\/v2\/users\/5"}],"replies":[{"embeddable":true,"href":"https:\/\/futbolhoy.co\/index.php\/wp-json\/wp\/v2\/comments?post=17618"}],"version-history":[{"count":4,"href":"https:\/\/futbolhoy.co\/index.php\/wp-json\/wp\/v2\/posts\/17618\/revisions"}],"predecessor-version":[{"id":17633,"href":"https:\/\/futbolhoy.co\/index.php\/wp-json\/wp\/v2\/posts\/17618\/revisions\/17633"}],"wp:featuredmedia":[{"embeddable":true,"href":"https:\/\/futbolhoy.co\/index.php\/wp-json\/wp\/v2\/media\/17634"}],"wp:attachment":[{"href":"https:\/\/futbolhoy.co\/index.php\/wp-json\/wp\/v2\/media?parent=17618"}],"wp:term":[{"taxonomy":"category","embeddable":true,"href":"https:\/\/futbolhoy.co\/index.php\/wp-json\/wp\/v2\/categories?post=17618"},{"taxonomy":"post_tag","embeddable":true,"href":"https:\/\/futbolhoy.co\/index.php\/wp-json\/wp\/v2\/tags?post=17618"}],"curies":[{"name":"wp","href":"https:\/\/api.w.org\/{rel}","templated":true}]}}