{"id":17629,"date":"2018-05-12T09:19:35","date_gmt":"2018-05-12T14:19:35","guid":{"rendered":"http:\/\/futbolhoy.co\/?p=17629"},"modified":"2018-05-12T20:59:51","modified_gmt":"2018-05-13T01:59:51","slug":"cali-quiere-adelantarse-como-local-ante-nacional","status":"publish","type":"post","link":"https:\/\/futbolhoy.co\/index.php\/2018\/05\/12\/cali-quiere-adelantarse-como-local-ante-nacional\/","title":{"rendered":"Cali quiere adelantarse como local ante Nacional"},"content":{"rendered":"<p class=\"m_-7736476798511064406ydp46b199a7MsoNormal\" style=\"text-align: justify;\"><strong>Cali<\/strong>, que dirige el uruguayo\u00a0<strong>Gerardo Pelusso<\/strong>\u00a0y que est\u00e1 clasificado a la segunda ronda de Copa Suramericana, buscar\u00e1 romper este s\u00e1bado la supremac\u00eda del\u00a0<strong>Atl\u00e9tico Nacional<\/strong>, que termin\u00f3 l\u00edder de la fase regular.<\/p>\n<p class=\"m_-7736476798511064406ydp46b199a7MsoNormal\" style=\"text-align: justify;\">Los \u201cazucareros\u201d no podr\u00e1n contar, por lesi\u00f3n, con los volantes\u00a0<strong>Andr\u00e9s Roa<\/strong>\u00a0y<strong>\u00a0Kevin Balanta<\/strong>, mientras que\u00a0<strong>Abel Aguilar<\/strong>\u00a0regresa luego de cumplir una fecha de sanci\u00f3n.<\/p>\n<p class=\"m_-7736476798511064406ydp46b199a7MsoNormal\" style=\"text-align: justify;\">Entretanto, los \u201cverdolagas\u201d, bajo la direcci\u00f3n del argentino\u00a0<strong>Jorge Almir\u00f3n<\/strong>, llegar\u00e1n al partido con la base de su n\u00f3mina, a excepci\u00f3n de los zagueros\u00a0<strong>Diego Braghieri<\/strong>, suspendido, y\u00a0<strong>Carlos Cuesta<\/strong>, lesionado.<\/p>\n<p style=\"text-align: justify;\"><strong>ENCUENTROS DESDE 2015<\/strong><\/p>\n<table style=\"width: 501px;\">\n<tbody>\n<tr>\n<td style=\"width: 65px;\">22.03.15<\/td>\n<td style=\"width: 34px;\">CALI<\/td>\n<td style=\"width: 10px;\">3<\/td>\n<td style=\"width: 26px;\">NAL<\/td>\n<td style=\"width: 14px;\">1<\/td>\n<td style=\"width: 221px;\" colspan=\"2\">H.Preciado (2), R.S.Borr\u00e9 (Cali)\u00a0\u00a0\u00a0\u00a0 F.Najera (Nal)<\/td>\n<td style=\"width: 10px;\">241<\/td>\n<\/tr>\n<tr>\n<td style=\"width: 65px;\">20.05.15<\/td>\n<td style=\"width: 34px;\">NAL<\/td>\n<td style=\"width: 10px;\">3<\/td>\n<td style=\"width: 26px;\">CALI<\/td>\n<td style=\"width: 14px;\">3<\/td>\n<td style=\"width: 221px;\" colspan=\"2\">J.Copete (2), L.C.Ruiz (Nal)\u00a0\u00a0\u00a0\u00a0 A.F.Roa, H.Preciado, M.Murillo (Cali)<\/td>\n<td style=\"width: 10px;\">242<\/td>\n<\/tr>\n<tr>\n<td style=\"width: 65px;\">23.05.15<\/td>\n<td style=\"width: 34px;\">CALI<\/td>\n<td style=\"width: 10px;\">1<\/td>\n<td style=\"width: 26px;\">NAL<\/td>\n<td style=\"width: 14px;\">0<\/td>\n<td style=\"width: 221px;\" colspan=\"2\">M.Murillo (Cali)<\/td>\n<td style=\"width: 10px;\">243<\/td>\n<\/tr>\n<tr>\n<td style=\"width: 65px;\">10.09.15<\/td>\n<td style=\"width: 34px;\">NAL<\/td>\n<td style=\"width: 10px;\">3<\/td>\n<td style=\"width: 26px;\">CALI<\/td>\n<td style=\"width: 14px;\">0<\/td>\n<td style=\"width: 221px;\" colspan=\"2\">J.Duque (2), M.Moreno (Nal)<\/td>\n<td style=\"width: 10px;\">244<\/td>\n<\/tr>\n<tr>\n<td style=\"width: 65px;\">29.11.15<\/td>\n<td style=\"width: 34px;\">CALI<\/td>\n<td style=\"width: 10px;\">0<\/td>\n<td style=\"width: 26px;\">NAL<\/td>\n<td style=\"width: 14px;\">0<\/td>\n<td style=\"width: 211px;\"><\/td>\n<td style=\"width: 10px;\"><\/td>\n<td style=\"width: 10px;\">245<\/td>\n<\/tr>\n<tr>\n<td style=\"width: 65px;\">05.12.15<\/td>\n<td style=\"width: 34px;\">NAL<\/td>\n<td style=\"width: 10px;\">3<\/td>\n<td style=\"width: 26px;\">CALI<\/td>\n<td style=\"width: 14px;\">1<\/td>\n<td style=\"width: 221px;\" colspan=\"2\">O.Murillo, G.Garc\u00eda, M.Moreno (Nal)\u00a0\u00a0\u00a0\u00a0 A.P\u00e9rez (Cali)<\/td>\n<td style=\"width: 10px;\">246<\/td>\n<\/tr>\n<tr>\n<td style=\"width: 65px;\">27.03.16<\/td>\n<td style=\"width: 34px;\">NAL<\/td>\n<td style=\"width: 10px;\">2<\/td>\n<td style=\"width: 26px;\">CALI<\/td>\n<td style=\"width: 14px;\">1<\/td>\n<td style=\"width: 221px;\" colspan=\"2\">M.Torres, A.Rodr\u00edguez (Nal)\u00a0\u00a0\u00a0\u00a0 M.Casierra (Cali)<\/td>\n<td style=\"width: 10px;\">247<\/td>\n<\/tr>\n<tr>\n<td style=\"width: 65px;\">31.07.16<\/td>\n<td style=\"width: 34px;\">CALI<\/td>\n<td style=\"width: 10px;\">1<\/td>\n<td style=\"width: 26px;\">NAL<\/td>\n<td style=\"width: 14px;\">0<\/td>\n<td style=\"width: 221px;\" colspan=\"2\">G.Mera (Cali)<\/td>\n<td style=\"width: 10px;\">248<\/td>\n<\/tr>\n<tr>\n<td style=\"width: 65px;\">21.05.17<\/td>\n<td style=\"width: 34px;\">NAL<\/td>\n<td style=\"width: 10px;\">0<\/td>\n<td style=\"width: 26px;\">CALI<\/td>\n<td style=\"width: 14px;\">0<\/td>\n<td style=\"width: 211px;\"><\/td>\n<td style=\"width: 10px;\"><\/td>\n<td style=\"width: 10px;\">249<\/td>\n<\/tr>\n<tr>\n<td style=\"width: 65px;\">14.06.17<\/td>\n<td style=\"width: 34px;\">CALI<\/td>\n<td style=\"width: 10px;\">2<\/td>\n<td style=\"width: 26px;\">NAL<\/td>\n<td style=\"width: 14px;\">0<\/td>\n<td style=\"width: 221px;\" colspan=\"2\">G.Mera, J.Duque (Cali)<\/td>\n<td style=\"width: 10px;\">250<\/td>\n<\/tr>\n<tr>\n<td style=\"width: 65px;\">18.06.17<\/td>\n<td style=\"width: 34px;\">NAL<\/td>\n<td style=\"width: 10px;\">5<\/td>\n<td style=\"width: 26px;\">CALI<\/td>\n<td style=\"width: 14px;\">1<\/td>\n<td style=\"width: 221px;\" colspan=\"2\">M.Torres, M.Uribe, A.F.Ibarguen, D.Moreno, R.Qui\u00f1ones (Nal)\u00a0\u00a0\u00a0\u00a0 D.Bocanegra (Aut) Cali.<\/td>\n<td style=\"width: 10px;\">251<\/td>\n<\/tr>\n<tr>\n<td style=\"width: 65px;\">05.11.17<\/td>\n<td style=\"width: 34px;\">CALI<\/td>\n<td style=\"width: 10px;\">1<\/td>\n<td style=\"width: 26px;\">NAL<\/td>\n<td style=\"width: 14px;\">0<\/td>\n<td style=\"width: 221px;\" colspan=\"2\">N.Benedetti (Cali)<\/td>\n<td style=\"width: 10px;\">252<\/td>\n<\/tr>\n<tr>\n<td style=\"width: 65px;\">02.05.18<\/td>\n<td style=\"width: 34px;\">CALI<\/td>\n<td style=\"width: 10px;\">0<\/td>\n<td style=\"width: 26px;\">NAL<\/td>\n<td style=\"width: 14px;\">2<\/td>\n<td style=\"width: 221px;\" colspan=\"2\">G.Torres (2) Nal.<\/td>\n<td style=\"width: 10px;\">253<\/td>\n<\/tr>\n<\/tbody>\n<\/table>\n<table style=\"width: 496px;\">\n<tbody>\n<tr>\n<td style=\"border-color: #2ca332; background-color: #9edb8f;\"><strong>TABLA HIST\u00d3RICA <span style=\"font-size: 8pt;\">1948-2018.<\/span><\/strong><\/td>\n<td style=\"border-color: #2ca332; background-color: #9edb8f;\"><strong>\u00a0<\/strong><\/td>\n<td style=\"border-color: #2ca332; background-color: #9edb8f;\"><strong>\u00a0<\/strong><\/td>\n<td style=\"border-color: #2ca332; background-color: #9edb8f;\"><strong>\u00a0<\/strong><\/td>\n<td style=\"border-color: #2ca332; background-color: #9edb8f;\"><strong>\u00a0<\/strong><\/td>\n<td style=\"border-color: #2ca332; background-color: #9edb8f;\"><strong>\u00a0<\/strong><\/td>\n<td style=\"border-color: #2ca332; background-color: #9edb8f;\"><strong>\u00a0<\/strong><\/td>\n<td style=\"border-color: #2ca332; background-color: #9edb8f;\"><\/td>\n<\/tr>\n<tr>\n<td style=\"border-color: #2ca332; background-color: #9edb8f;\"><strong>EQUIPOS<\/strong><\/td>\n<td style=\"border-color: #2ca332; background-color: #9edb8f;\"><strong>PJ<\/strong><\/td>\n<td style=\"border-color: #2ca332; background-color: #9edb8f;\"><strong>PG<\/strong><\/td>\n<td style=\"border-color: #2ca332; background-color: #9edb8f;\"><strong>PE<\/strong><\/td>\n<td style=\"border-color: #2ca332; background-color: #9edb8f;\"><strong>PP<\/strong><\/td>\n<td style=\"border-color: #2ca332; background-color: #9edb8f;\"><strong>GF<\/strong><\/td>\n<td style=\"border-color: #2ca332; background-color: #9edb8f;\"><strong>GC<\/strong><\/td>\n<td style=\"border-color: #2ca332; background-color: #9edb8f;\"><\/td>\n<\/tr>\n<tr>\n<td style=\"width: 84px;\">1.Cali<\/td>\n<td style=\"width: 12px;\">253<\/td>\n<td style=\"width: 42px;\">100<\/td>\n<td style=\"width: 22px;\">65<\/td>\n<td style=\"width: 21px;\">88<\/td>\n<td style=\"width: 29px;\">386<\/td>\n<td style=\"width: 14px;\">351<\/td>\n<td style=\"width: 91px;\">Se han marcado 737 goles<\/td>\n<\/tr>\n<tr>\n<td style=\"width: 84px;\">2.Nacional<\/td>\n<td style=\"width: 12px;\">253<\/td>\n<td style=\"width: 42px;\">88<\/td>\n<td style=\"width: 22px;\">65<\/td>\n<td style=\"width: 21px;\">100<\/td>\n<td style=\"width: 29px;\">351<\/td>\n<td style=\"width: 14px;\">386<\/td>\n<td style=\"width: 91px;\"><\/td>\n<\/tr>\n<tr>\n<td style=\"width: 84px;\"><\/td>\n<td style=\"width: 12px;\"><\/td>\n<td style=\"width: 42px;\"><\/td>\n<td style=\"width: 22px;\"><\/td>\n<td style=\"width: 21px;\"><\/td>\n<td style=\"width: 29px;\"><\/td>\n<td style=\"width: 14px;\"><\/td>\n<td style=\"width: 91px;\"><\/td>\n<\/tr>\n<tr>\n<td style=\"border-color: #0e3302; background-color: #52a337;\"><strong>TABLA HIST\u00d3RICA CALI (L).<\/strong><\/td>\n<td style=\"border-color: #0e3302; background-color: #52a337;\"><strong>\u00a0<\/strong><\/td>\n<td style=\"border-color: #0e3302; background-color: #52a337;\"><strong>\u00a0<\/strong><\/td>\n<td style=\"border-color: #0e3302; background-color: #52a337;\"><strong>\u00a0<\/strong><\/td>\n<td style=\"border-color: #0e3302; background-color: #52a337;\"><strong>\u00a0<\/strong><\/td>\n<td style=\"border-color: #0e3302; background-color: #52a337;\"><strong>\u00a0<\/strong><\/td>\n<td style=\"border-color: #0e3302; background-color: #52a337;\"><strong>\u00a0<\/strong><\/td>\n<td style=\"border-color: #0e3302; background-color: #52a337;\"><\/td>\n<\/tr>\n<tr>\n<td style=\"border-color: #0e3302; background-color: #52a337;\"><strong>EQUIPOS<\/strong><\/td>\n<td style=\"border-color: #0e3302; background-color: #52a337;\"><strong>PJ<\/strong><\/td>\n<td style=\"border-color: #0e3302; background-color: #52a337;\"><strong>PG<\/strong><\/td>\n<td style=\"border-color: #0e3302; background-color: #52a337;\"><strong>PE<\/strong><\/td>\n<td style=\"border-color: #0e3302; background-color: #52a337;\"><strong>PP<\/strong><\/td>\n<td style=\"border-color: #0e3302; background-color: #52a337;\"><strong>GF<\/strong><\/td>\n<td style=\"border-color: #0e3302; background-color: #52a337;\"><strong>GC<\/strong><\/td>\n<td style=\"border-color: #0e3302; background-color: #52a337;\"><\/td>\n<\/tr>\n<tr>\n<td style=\"width: 84px;\">1.Cali<\/td>\n<td style=\"width: 12px;\">126<\/td>\n<td style=\"width: 42px;\">68<\/td>\n<td style=\"width: 22px;\">32<\/td>\n<td style=\"width: 21px;\">26<\/td>\n<td style=\"width: 29px;\">247<\/td>\n<td style=\"width: 14px;\">153<\/td>\n<td style=\"width: 91px;\">Se han marcado 400 goles<\/td>\n<\/tr>\n<tr>\n<td style=\"width: 84px;\">2.Nacional<\/td>\n<td style=\"width: 12px;\">126<\/td>\n<td style=\"width: 42px;\">26<\/td>\n<td style=\"width: 22px;\">32<\/td>\n<td style=\"width: 21px;\">68<\/td>\n<td style=\"width: 29px;\">153<\/td>\n<td style=\"width: 14px;\">247<\/td>\n<td style=\"width: 91px;\"><\/td>\n<\/tr>\n<\/tbody>\n<\/table>\n<table style=\"width: 318px;\">\n<tbody>\n<tr style=\"text-align: justify;\">\n<td style=\"width: 235px;\"><strong>GOLEADORES<\/strong>.<\/td>\n<td style=\"width: 55px;\"><\/td>\n<\/tr>\n<tr style=\"text-align: justify;\">\n<td style=\"width: 235px;\">Edison \"Guigo\" Mafla (Cali)<\/td>\n<td style=\"width: 55px;\">16<\/td>\n<\/tr>\n<tr style=\"text-align: justify;\">\n<td style=\"width: 235px;\">V\u00edctor Hugo Aristiz\u00e1bal (Nal)<\/td>\n<td style=\"width: 55px;\">16<\/td>\n<\/tr>\n<tr>\n<td style=\"width: 235px; text-align: justify;\">Jorge Ram\u00edrez Gallego (Cali)<\/td>\n<td style=\"width: 55px; text-align: justify;\">14<\/td>\n<\/tr>\n<\/tbody>\n<\/table>\n","protected":false},"excerpt":{"rendered":"<p>Cali, que dirige el uruguayo\u00a0Gerardo Pelusso\u00a0y que est\u00e1 clasificado a la segunda ronda de Copa Suramericana, buscar\u00e1 romper este s\u00e1bado la supremac\u00eda del\u00a0Atl\u00e9tico Nacional, que termin\u00f3 l\u00edder de la fase regular. Los \u201cazucareros\u201d no podr\u00e1n contar, por lesi\u00f3n, con los volantes\u00a0Andr\u00e9s Roa\u00a0y\u00a0Kevin Balanta, mientras que\u00a0Abel Aguilar\u00a0regresa luego de cumplir una fecha de sanci\u00f3n. Entretanto, los [&hellip;]<\/p>\n","protected":false},"author":5,"featured_media":17626,"comment_status":"open","ping_status":"open","sticky":false,"template":"","format":"standard","meta":{"_acf_changed":false,"footnotes":""},"categories":[7],"tags":[205,230,145],"class_list":{"0":"post-17629","1":"post","2":"type-post","3":"status-publish","4":"format-standard","5":"has-post-thumbnail","7":"category-liga-betplay","8":"tag-atletico-nacional","9":"tag-cali","10":"tag-liga-aguila"},"acf":[],"yoast_head":"<!-- This site is optimized with the Yoast SEO plugin v26.8 - https:\/\/yoast.com\/product\/yoast-seo-wordpress\/ -->\n<title>Cali quiere adelantarse como local ante Nacional -<\/title>\n<meta name=\"robots\" content=\"index, follow, max-snippet:-1, max-image-preview:large, max-video-preview:-1\" \/>\n<link rel=\"canonical\" href=\"https:\/\/futbolhoy.co\/index.php\/2018\/05\/12\/cali-quiere-adelantarse-como-local-ante-nacional\/\" \/>\n<meta property=\"og:locale\" content=\"es_ES\" \/>\n<meta property=\"og:type\" content=\"article\" \/>\n<meta property=\"og:title\" content=\"Cali quiere adelantarse como local ante Nacional -\" \/>\n<meta property=\"og:description\" content=\"Cali, que dirige el uruguayo\u00a0Gerardo Pelusso\u00a0y que est\u00e1 clasificado a la segunda ronda de Copa Suramericana, buscar\u00e1 romper este s\u00e1bado la supremac\u00eda del\u00a0Atl\u00e9tico Nacional, que termin\u00f3 l\u00edder de la fase regular. Los \u201cazucareros\u201d no podr\u00e1n contar, por lesi\u00f3n, con los volantes\u00a0Andr\u00e9s Roa\u00a0y\u00a0Kevin Balanta, mientras que\u00a0Abel Aguilar\u00a0regresa luego de cumplir una fecha de sanci\u00f3n. Entretanto, los [&hellip;]\" \/>\n<meta property=\"og:url\" content=\"https:\/\/futbolhoy.co\/index.php\/2018\/05\/12\/cali-quiere-adelantarse-como-local-ante-nacional\/\" \/>\n<meta property=\"article:publisher\" content=\"https:\/\/www.facebook.com\/FutbolHoyCol\/\" \/>\n<meta property=\"article:published_time\" content=\"2018-05-12T14:19:35+00:00\" \/>\n<meta property=\"article:modified_time\" content=\"2018-05-13T01:59:51+00:00\" \/>\n<meta property=\"og:image\" content=\"https:\/\/futbolhoy.co\/wp-content\/uploads\/2018\/05\/DcyrQuxWkAAXnLf.jpg\" \/>\n\t<meta property=\"og:image:width\" content=\"1200\" \/>\n\t<meta property=\"og:image:height\" content=\"797\" \/>\n\t<meta property=\"og:image:type\" content=\"image\/jpeg\" \/>\n<meta name=\"author\" content=\"Laura Hern\u00e1ndez\" \/>\n<meta name=\"twitter:card\" content=\"summary_large_image\" \/>\n<meta name=\"twitter:creator\" content=\"@FutbolHoyCol\" \/>\n<meta name=\"twitter:site\" content=\"@FutbolHoyCol\" \/>\n<meta name=\"twitter:label1\" content=\"Escrito por\" \/>\n\t<meta name=\"twitter:data1\" content=\"Laura Hern\u00e1ndez\" \/>\n\t<meta name=\"twitter:label2\" content=\"Tiempo de lectura\" \/>\n\t<meta name=\"twitter:data2\" content=\"1 minuto\" \/>\n<script type=\"application\/ld+json\" class=\"yoast-schema-graph\">{\"@context\":\"https:\/\/schema.org\",\"@graph\":[{\"@type\":\"Article\",\"@id\":\"https:\/\/futbolhoy.co\/index.php\/2018\/05\/12\/cali-quiere-adelantarse-como-local-ante-nacional\/#article\",\"isPartOf\":{\"@id\":\"https:\/\/futbolhoy.co\/index.php\/2018\/05\/12\/cali-quiere-adelantarse-como-local-ante-nacional\/\"},\"author\":{\"name\":\"Laura Hern\u00e1ndez\",\"@id\":\"https:\/\/futbolhoy.co\/#\/schema\/person\/c4a353a512b127643723a34bb1812f7d\"},\"headline\":\"Cali quiere adelantarse como local ante Nacional\",\"datePublished\":\"2018-05-12T14:19:35+00:00\",\"dateModified\":\"2018-05-13T01:59:51+00:00\",\"mainEntityOfPage\":{\"@id\":\"https:\/\/futbolhoy.co\/index.php\/2018\/05\/12\/cali-quiere-adelantarse-como-local-ante-nacional\/\"},\"wordCount\":274,\"commentCount\":0,\"publisher\":{\"@id\":\"https:\/\/futbolhoy.co\/#organization\"},\"image\":{\"@id\":\"https:\/\/futbolhoy.co\/index.php\/2018\/05\/12\/cali-quiere-adelantarse-como-local-ante-nacional\/#primaryimage\"},\"thumbnailUrl\":\"https:\/\/futbolhoy.co\/wp-content\/uploads\/2018\/05\/DcyrQuxWkAAXnLf.jpg\",\"keywords\":[\"Atl\u00e9tico Nacional\",\"Cali\",\"Liga Aguila\"],\"articleSection\":[\"Liga BetPlay\"],\"inLanguage\":\"es\",\"potentialAction\":[{\"@type\":\"CommentAction\",\"name\":\"Comment\",\"target\":[\"https:\/\/futbolhoy.co\/index.php\/2018\/05\/12\/cali-quiere-adelantarse-como-local-ante-nacional\/#respond\"]}]},{\"@type\":\"WebPage\",\"@id\":\"https:\/\/futbolhoy.co\/index.php\/2018\/05\/12\/cali-quiere-adelantarse-como-local-ante-nacional\/\",\"url\":\"https:\/\/futbolhoy.co\/index.php\/2018\/05\/12\/cali-quiere-adelantarse-como-local-ante-nacional\/\",\"name\":\"Cali quiere adelantarse como local ante Nacional -\",\"isPartOf\":{\"@id\":\"https:\/\/futbolhoy.co\/#website\"},\"primaryImageOfPage\":{\"@id\":\"https:\/\/futbolhoy.co\/index.php\/2018\/05\/12\/cali-quiere-adelantarse-como-local-ante-nacional\/#primaryimage\"},\"image\":{\"@id\":\"https:\/\/futbolhoy.co\/index.php\/2018\/05\/12\/cali-quiere-adelantarse-como-local-ante-nacional\/#primaryimage\"},\"thumbnailUrl\":\"https:\/\/futbolhoy.co\/wp-content\/uploads\/2018\/05\/DcyrQuxWkAAXnLf.jpg\",\"datePublished\":\"2018-05-12T14:19:35+00:00\",\"dateModified\":\"2018-05-13T01:59:51+00:00\",\"breadcrumb\":{\"@id\":\"https:\/\/futbolhoy.co\/index.php\/2018\/05\/12\/cali-quiere-adelantarse-como-local-ante-nacional\/#breadcrumb\"},\"inLanguage\":\"es\",\"potentialAction\":[{\"@type\":\"ReadAction\",\"target\":[\"https:\/\/futbolhoy.co\/index.php\/2018\/05\/12\/cali-quiere-adelantarse-como-local-ante-nacional\/\"]}]},{\"@type\":\"ImageObject\",\"inLanguage\":\"es\",\"@id\":\"https:\/\/futbolhoy.co\/index.php\/2018\/05\/12\/cali-quiere-adelantarse-como-local-ante-nacional\/#primaryimage\",\"url\":\"https:\/\/futbolhoy.co\/wp-content\/uploads\/2018\/05\/DcyrQuxWkAAXnLf.jpg\",\"contentUrl\":\"https:\/\/futbolhoy.co\/wp-content\/uploads\/2018\/05\/DcyrQuxWkAAXnLf.jpg\",\"width\":1200,\"height\":797,\"caption\":\"Twitter @AsoDeporCali\"},{\"@type\":\"BreadcrumbList\",\"@id\":\"https:\/\/futbolhoy.co\/index.php\/2018\/05\/12\/cali-quiere-adelantarse-como-local-ante-nacional\/#breadcrumb\",\"itemListElement\":[{\"@type\":\"ListItem\",\"position\":1,\"name\":\"Portada\",\"item\":\"https:\/\/futbolhoy.co\/\"},{\"@type\":\"ListItem\",\"position\":2,\"name\":\"Cali quiere adelantarse como local ante Nacional\"}]},{\"@type\":\"WebSite\",\"@id\":\"https:\/\/futbolhoy.co\/#website\",\"url\":\"https:\/\/futbolhoy.co\/\",\"name\":\"FutbolHoy\",\"description\":\"\",\"publisher\":{\"@id\":\"https:\/\/futbolhoy.co\/#organization\"},\"potentialAction\":[{\"@type\":\"SearchAction\",\"target\":{\"@type\":\"EntryPoint\",\"urlTemplate\":\"https:\/\/futbolhoy.co\/?s={search_term_string}\"},\"query-input\":{\"@type\":\"PropertyValueSpecification\",\"valueRequired\":true,\"valueName\":\"search_term_string\"}}],\"inLanguage\":\"es\"},{\"@type\":\"Organization\",\"@id\":\"https:\/\/futbolhoy.co\/#organization\",\"name\":\"Futbolhoy.co\",\"url\":\"https:\/\/futbolhoy.co\/\",\"logo\":{\"@type\":\"ImageObject\",\"inLanguage\":\"es\",\"@id\":\"https:\/\/futbolhoy.co\/#\/schema\/logo\/image\/\",\"url\":\"https:\/\/futbolhoy.co\/wp-content\/uploads\/2018\/08\/17426380_1906371736249227_6326180412931521141_n.jpg\",\"contentUrl\":\"https:\/\/futbolhoy.co\/wp-content\/uploads\/2018\/08\/17426380_1906371736249227_6326180412931521141_n.jpg\",\"width\":960,\"height\":960,\"caption\":\"Futbolhoy.co\"},\"image\":{\"@id\":\"https:\/\/futbolhoy.co\/#\/schema\/logo\/image\/\"},\"sameAs\":[\"https:\/\/www.facebook.com\/FutbolHoyCol\/\",\"https:\/\/x.com\/FutbolHoyCol\",\"https:\/\/www.instagram.com\/futbolhoycol\/\"]},{\"@type\":\"Person\",\"@id\":\"https:\/\/futbolhoy.co\/#\/schema\/person\/c4a353a512b127643723a34bb1812f7d\",\"name\":\"Laura Hern\u00e1ndez\",\"image\":{\"@type\":\"ImageObject\",\"inLanguage\":\"es\",\"@id\":\"https:\/\/futbolhoy.co\/#\/schema\/person\/image\/\",\"url\":\"https:\/\/secure.gravatar.com\/avatar\/d25959a15b9b293a743f99181c7cfd01?s=96&d=mm&r=g\",\"contentUrl\":\"https:\/\/secure.gravatar.com\/avatar\/d25959a15b9b293a743f99181c7cfd01?s=96&d=mm&r=g\",\"caption\":\"Laura Hern\u00e1ndez\"}}]}<\/script>\n<!-- \/ Yoast SEO plugin. -->","yoast_head_json":{"title":"Cali quiere adelantarse como local ante Nacional -","robots":{"index":"index","follow":"follow","max-snippet":"max-snippet:-1","max-image-preview":"max-image-preview:large","max-video-preview":"max-video-preview:-1"},"canonical":"https:\/\/futbolhoy.co\/index.php\/2018\/05\/12\/cali-quiere-adelantarse-como-local-ante-nacional\/","og_locale":"es_ES","og_type":"article","og_title":"Cali quiere adelantarse como local ante Nacional -","og_description":"Cali, que dirige el uruguayo\u00a0Gerardo Pelusso\u00a0y que est\u00e1 clasificado a la segunda ronda de Copa Suramericana, buscar\u00e1 romper este s\u00e1bado la supremac\u00eda del\u00a0Atl\u00e9tico Nacional, que termin\u00f3 l\u00edder de la fase regular. Los \u201cazucareros\u201d no podr\u00e1n contar, por lesi\u00f3n, con los volantes\u00a0Andr\u00e9s Roa\u00a0y\u00a0Kevin Balanta, mientras que\u00a0Abel Aguilar\u00a0regresa luego de cumplir una fecha de sanci\u00f3n. Entretanto, los [&hellip;]","og_url":"https:\/\/futbolhoy.co\/index.php\/2018\/05\/12\/cali-quiere-adelantarse-como-local-ante-nacional\/","article_publisher":"https:\/\/www.facebook.com\/FutbolHoyCol\/","article_published_time":"2018-05-12T14:19:35+00:00","article_modified_time":"2018-05-13T01:59:51+00:00","og_image":[{"width":1200,"height":797,"url":"https:\/\/futbolhoy.co\/wp-content\/uploads\/2018\/05\/DcyrQuxWkAAXnLf.jpg","type":"image\/jpeg"}],"author":"Laura Hern\u00e1ndez","twitter_card":"summary_large_image","twitter_creator":"@FutbolHoyCol","twitter_site":"@FutbolHoyCol","twitter_misc":{"Escrito por":"Laura Hern\u00e1ndez","Tiempo de lectura":"1 minuto"},"schema":{"@context":"https:\/\/schema.org","@graph":[{"@type":"Article","@id":"https:\/\/futbolhoy.co\/index.php\/2018\/05\/12\/cali-quiere-adelantarse-como-local-ante-nacional\/#article","isPartOf":{"@id":"https:\/\/futbolhoy.co\/index.php\/2018\/05\/12\/cali-quiere-adelantarse-como-local-ante-nacional\/"},"author":{"name":"Laura Hern\u00e1ndez","@id":"https:\/\/futbolhoy.co\/#\/schema\/person\/c4a353a512b127643723a34bb1812f7d"},"headline":"Cali quiere adelantarse como local ante Nacional","datePublished":"2018-05-12T14:19:35+00:00","dateModified":"2018-05-13T01:59:51+00:00","mainEntityOfPage":{"@id":"https:\/\/futbolhoy.co\/index.php\/2018\/05\/12\/cali-quiere-adelantarse-como-local-ante-nacional\/"},"wordCount":274,"commentCount":0,"publisher":{"@id":"https:\/\/futbolhoy.co\/#organization"},"image":{"@id":"https:\/\/futbolhoy.co\/index.php\/2018\/05\/12\/cali-quiere-adelantarse-como-local-ante-nacional\/#primaryimage"},"thumbnailUrl":"https:\/\/futbolhoy.co\/wp-content\/uploads\/2018\/05\/DcyrQuxWkAAXnLf.jpg","keywords":["Atl\u00e9tico Nacional","Cali","Liga Aguila"],"articleSection":["Liga BetPlay"],"inLanguage":"es","potentialAction":[{"@type":"CommentAction","name":"Comment","target":["https:\/\/futbolhoy.co\/index.php\/2018\/05\/12\/cali-quiere-adelantarse-como-local-ante-nacional\/#respond"]}]},{"@type":"WebPage","@id":"https:\/\/futbolhoy.co\/index.php\/2018\/05\/12\/cali-quiere-adelantarse-como-local-ante-nacional\/","url":"https:\/\/futbolhoy.co\/index.php\/2018\/05\/12\/cali-quiere-adelantarse-como-local-ante-nacional\/","name":"Cali quiere adelantarse como local ante Nacional -","isPartOf":{"@id":"https:\/\/futbolhoy.co\/#website"},"primaryImageOfPage":{"@id":"https:\/\/futbolhoy.co\/index.php\/2018\/05\/12\/cali-quiere-adelantarse-como-local-ante-nacional\/#primaryimage"},"image":{"@id":"https:\/\/futbolhoy.co\/index.php\/2018\/05\/12\/cali-quiere-adelantarse-como-local-ante-nacional\/#primaryimage"},"thumbnailUrl":"https:\/\/futbolhoy.co\/wp-content\/uploads\/2018\/05\/DcyrQuxWkAAXnLf.jpg","datePublished":"2018-05-12T14:19:35+00:00","dateModified":"2018-05-13T01:59:51+00:00","breadcrumb":{"@id":"https:\/\/futbolhoy.co\/index.php\/2018\/05\/12\/cali-quiere-adelantarse-como-local-ante-nacional\/#breadcrumb"},"inLanguage":"es","potentialAction":[{"@type":"ReadAction","target":["https:\/\/futbolhoy.co\/index.php\/2018\/05\/12\/cali-quiere-adelantarse-como-local-ante-nacional\/"]}]},{"@type":"ImageObject","inLanguage":"es","@id":"https:\/\/futbolhoy.co\/index.php\/2018\/05\/12\/cali-quiere-adelantarse-como-local-ante-nacional\/#primaryimage","url":"https:\/\/futbolhoy.co\/wp-content\/uploads\/2018\/05\/DcyrQuxWkAAXnLf.jpg","contentUrl":"https:\/\/futbolhoy.co\/wp-content\/uploads\/2018\/05\/DcyrQuxWkAAXnLf.jpg","width":1200,"height":797,"caption":"Twitter @AsoDeporCali"},{"@type":"BreadcrumbList","@id":"https:\/\/futbolhoy.co\/index.php\/2018\/05\/12\/cali-quiere-adelantarse-como-local-ante-nacional\/#breadcrumb","itemListElement":[{"@type":"ListItem","position":1,"name":"Portada","item":"https:\/\/futbolhoy.co\/"},{"@type":"ListItem","position":2,"name":"Cali quiere adelantarse como local ante Nacional"}]},{"@type":"WebSite","@id":"https:\/\/futbolhoy.co\/#website","url":"https:\/\/futbolhoy.co\/","name":"FutbolHoy","description":"","publisher":{"@id":"https:\/\/futbolhoy.co\/#organization"},"potentialAction":[{"@type":"SearchAction","target":{"@type":"EntryPoint","urlTemplate":"https:\/\/futbolhoy.co\/?s={search_term_string}"},"query-input":{"@type":"PropertyValueSpecification","valueRequired":true,"valueName":"search_term_string"}}],"inLanguage":"es"},{"@type":"Organization","@id":"https:\/\/futbolhoy.co\/#organization","name":"Futbolhoy.co","url":"https:\/\/futbolhoy.co\/","logo":{"@type":"ImageObject","inLanguage":"es","@id":"https:\/\/futbolhoy.co\/#\/schema\/logo\/image\/","url":"https:\/\/futbolhoy.co\/wp-content\/uploads\/2018\/08\/17426380_1906371736249227_6326180412931521141_n.jpg","contentUrl":"https:\/\/futbolhoy.co\/wp-content\/uploads\/2018\/08\/17426380_1906371736249227_6326180412931521141_n.jpg","width":960,"height":960,"caption":"Futbolhoy.co"},"image":{"@id":"https:\/\/futbolhoy.co\/#\/schema\/logo\/image\/"},"sameAs":["https:\/\/www.facebook.com\/FutbolHoyCol\/","https:\/\/x.com\/FutbolHoyCol","https:\/\/www.instagram.com\/futbolhoycol\/"]},{"@type":"Person","@id":"https:\/\/futbolhoy.co\/#\/schema\/person\/c4a353a512b127643723a34bb1812f7d","name":"Laura Hern\u00e1ndez","image":{"@type":"ImageObject","inLanguage":"es","@id":"https:\/\/futbolhoy.co\/#\/schema\/person\/image\/","url":"https:\/\/secure.gravatar.com\/avatar\/d25959a15b9b293a743f99181c7cfd01?s=96&d=mm&r=g","contentUrl":"https:\/\/secure.gravatar.com\/avatar\/d25959a15b9b293a743f99181c7cfd01?s=96&d=mm&r=g","caption":"Laura Hern\u00e1ndez"}}]}},"publishpress_future_action":{"enabled":false,"date":"2026-05-05 00:00:18","action":"change-status","newStatus":"draft","terms":[],"taxonomy":"category","extraData":[]},"publishpress_future_workflow_manual_trigger":{"enabledWorkflows":[]},"_links":{"self":[{"href":"https:\/\/futbolhoy.co\/index.php\/wp-json\/wp\/v2\/posts\/17629","targetHints":{"allow":["GET"]}}],"collection":[{"href":"https:\/\/futbolhoy.co\/index.php\/wp-json\/wp\/v2\/posts"}],"about":[{"href":"https:\/\/futbolhoy.co\/index.php\/wp-json\/wp\/v2\/types\/post"}],"author":[{"embeddable":true,"href":"https:\/\/futbolhoy.co\/index.php\/wp-json\/wp\/v2\/users\/5"}],"replies":[{"embeddable":true,"href":"https:\/\/futbolhoy.co\/index.php\/wp-json\/wp\/v2\/comments?post=17629"}],"version-history":[{"count":2,"href":"https:\/\/futbolhoy.co\/index.php\/wp-json\/wp\/v2\/posts\/17629\/revisions"}],"predecessor-version":[{"id":17671,"href":"https:\/\/futbolhoy.co\/index.php\/wp-json\/wp\/v2\/posts\/17629\/revisions\/17671"}],"wp:featuredmedia":[{"embeddable":true,"href":"https:\/\/futbolhoy.co\/index.php\/wp-json\/wp\/v2\/media\/17626"}],"wp:attachment":[{"href":"https:\/\/futbolhoy.co\/index.php\/wp-json\/wp\/v2\/media?parent=17629"}],"wp:term":[{"taxonomy":"category","embeddable":true,"href":"https:\/\/futbolhoy.co\/index.php\/wp-json\/wp\/v2\/categories?post=17629"},{"taxonomy":"post_tag","embeddable":true,"href":"https:\/\/futbolhoy.co\/index.php\/wp-json\/wp\/v2\/tags?post=17629"}],"curies":[{"name":"wp","href":"https:\/\/api.w.org\/{rel}","templated":true}]}}