{"id":17668,"date":"2018-05-12T16:10:37","date_gmt":"2018-05-12T21:10:37","guid":{"rendered":"http:\/\/futbolhoy.co\/?p=17668"},"modified":"2018-05-14T12:56:42","modified_gmt":"2018-05-14T17:56:42","slug":"junior-medellin-duelo-atractivo-en-cuartos-de-final","status":"publish","type":"post","link":"https:\/\/futbolhoy.co\/index.php\/2018\/05\/12\/junior-medellin-duelo-atractivo-en-cuartos-de-final\/","title":{"rendered":"Junior - Medell\u00edn duelo atractivo en cuartos de final"},"content":{"rendered":"<p class=\"m_-7736476798511064406ydp46b199a7MsoNormal\" style=\"text-align: justify;\">Uno de los atractivos de la\u00a0jornada, ser\u00e1 la que enfrenten el domingo\u00a0<strong>Atl\u00e9tico Junior<\/strong>\u00a0e\u00a0<strong>Independiente Medell\u00edn<\/strong>.<\/p>\n<p class=\"m_-7736476798511064406ydp46b199a7MsoNormal\" style=\"text-align: justify;\">Los \u201ctiburones\u201d, dirigidos por el colombo uruguayo\u00a0<strong>Julio Comesa\u00f1a<\/strong>, lograron su clasificaci\u00f3n a expensas de\u00a0<strong>Jaguares<\/strong>, al que vencieron 2-1, y buscar\u00e1n ratificar en casa su dominio ante 'el Poderoso', al que le ha ganado las \u00faltimas tres series de eliminaci\u00f3n directa.<\/p>\n<table style=\"width: 428px;\">\n<tbody>\n<tr>\n<td style=\"width: 37px;\">20.05.12<\/td>\n<td style=\"width: 10px;\">JUN<\/td>\n<td style=\"width: 10px;\">1<\/td>\n<td style=\"width: 161px;\">MED<\/td>\n<td style=\"width: 46px;\">0<\/td>\n<td style=\"width: 124px;\" colspan=\"3\">G.Hern\u00e1ndez (Jun)<\/td>\n<td style=\"width: 10px;\">177<\/td>\n<\/tr>\n<tr>\n<td style=\"width: 37px;\">04.11.12<\/td>\n<td style=\"width: 10px;\">MED<\/td>\n<td style=\"width: 10px;\">2<\/td>\n<td style=\"width: 161px;\">JUN<\/td>\n<td style=\"width: 46px;\">1<\/td>\n<td style=\"width: 124px;\" colspan=\"3\">J.Vi\u00e1fara, G.Cano (Med)\u00a0\u00a0\u00a0\u00a0 G.Hern\u00e1ndez (Jun)<\/td>\n<td style=\"width: 10px;\">178<\/td>\n<\/tr>\n<tr>\n<td style=\"width: 37px;\">02.06.13<\/td>\n<td style=\"width: 10px;\">MED<\/td>\n<td style=\"width: 10px;\">1<\/td>\n<td style=\"width: 161px;\">JUN<\/td>\n<td style=\"width: 46px;\">0<\/td>\n<td style=\"width: 105px;\" colspan=\"2\">C.Alzate (Med)<\/td>\n<td style=\"width: 19px;\"><\/td>\n<td style=\"width: 10px;\">179<\/td>\n<\/tr>\n<tr>\n<td style=\"width: 37px;\">10.11.13<\/td>\n<td style=\"width: 10px;\">JUN<\/td>\n<td style=\"width: 10px;\">3<\/td>\n<td style=\"width: 161px;\">MED<\/td>\n<td style=\"width: 46px;\">2<\/td>\n<td style=\"width: 124px;\" colspan=\"3\">M.Ortega, G.C\u00e9lis, E.Toloza (Jun)\u00a0\u00a0\u00a0\u00a0 G.Hern\u00e1ndez, G.Cano (Med)<\/td>\n<td style=\"width: 10px;\">180<\/td>\n<\/tr>\n<tr>\n<td style=\"width: 37px;\">20.02.14<\/td>\n<td style=\"width: 10px;\">MED<\/td>\n<td style=\"width: 10px;\">2<\/td>\n<td style=\"width: 161px;\">JUN<\/td>\n<td style=\"width: 46px;\">2<\/td>\n<td style=\"width: 124px;\" colspan=\"3\">Y.Mena (2) Med.\u00a0\u00a0\u00a0\u00a0 L.C.Ruiz, J.G.Dom\u00ednguez (Jun)<\/td>\n<td style=\"width: 10px;\">181<\/td>\n<\/tr>\n<tr>\n<td style=\"width: 37px;\">24.08.14<\/td>\n<td style=\"width: 10px;\">JUN<\/td>\n<td style=\"width: 10px;\">0<\/td>\n<td style=\"width: 161px;\">MED<\/td>\n<td style=\"width: 46px;\">1<\/td>\n<td style=\"width: 105px;\" colspan=\"2\">G.Cano (Med)<\/td>\n<td style=\"width: 19px;\"><\/td>\n<td style=\"width: 10px;\">182<\/td>\n<\/tr>\n<tr>\n<td style=\"width: 37px;\">25.04.15<\/td>\n<td style=\"width: 10px;\">MED<\/td>\n<td style=\"width: 10px;\">1<\/td>\n<td style=\"width: 161px;\">JUN<\/td>\n<td style=\"width: 46px;\">2<\/td>\n<td style=\"width: 124px;\" colspan=\"3\">J.F.Caicedo (Med)\u00a0\u00a0\u00a0\u00a0 J.Aguirre, V.Hern\u00e1ndez (Jun)<\/td>\n<td style=\"width: 10px;\">183<\/td>\n<\/tr>\n<tr>\n<td style=\"width: 37px;\">21.05.15<\/td>\n<td style=\"width: 10px;\">JUN<\/td>\n<td style=\"width: 10px;\">0<\/td>\n<td style=\"width: 161px;\">MED<\/td>\n<td style=\"width: 46px;\">3<\/td>\n<td style=\"width: 124px;\" colspan=\"3\">R.Ovelar (2) Jun.\u00a0\u00a0\u00a0\u00a0 C.Valencia, J.F.Caicedo (Med)<\/td>\n<td style=\"width: 10px;\">184<\/td>\n<\/tr>\n<tr>\n<td style=\"width: 37px;\">24.05.15<\/td>\n<td style=\"width: 10px;\">MED<\/td>\n<td style=\"width: 10px;\">1<\/td>\n<td style=\"width: 161px;\">JUN<\/td>\n<td style=\"width: 46px;\">0<\/td>\n<td style=\"width: 124px;\" colspan=\"3\">H.Hechalar (Med)<\/td>\n<td style=\"width: 10px;\">185<\/td>\n<\/tr>\n<tr>\n<td style=\"width: 37px;\">29.10.15<\/td>\n<td style=\"width: 10px;\">JUN<\/td>\n<td style=\"width: 10px;\">2<\/td>\n<td style=\"width: 161px;\">MED<\/td>\n<td style=\"width: 46px;\">0<\/td>\n<td style=\"width: 124px;\" colspan=\"3\">R.Ovelar (2) Jun.<\/td>\n<td style=\"width: 10px;\">186<\/td>\n<\/tr>\n<tr>\n<td style=\"width: 37px;\">06.02.16<\/td>\n<td style=\"width: 10px;\">MED<\/td>\n<td style=\"width: 10px;\">0<\/td>\n<td style=\"width: 161px;\">JUN<\/td>\n<td style=\"width: 46px;\">1<\/td>\n<td style=\"width: 124px;\" colspan=\"3\">V.Hern\u00e1ndez (Jun)<\/td>\n<td style=\"width: 10px;\">187<\/td>\n<\/tr>\n<tr>\n<td style=\"width: 37px;\">15.06.16<\/td>\n<td style=\"width: 10px;\">JUN<\/td>\n<td style=\"width: 10px;\">1<\/td>\n<td style=\"width: 161px;\">MED<\/td>\n<td style=\"width: 46px;\">1<\/td>\n<td style=\"width: 124px;\" colspan=\"3\">J.Aguirre (Jun)\u00a0\u00a0\u00a0\u00a0 J.D.Cabezas (Med)<\/td>\n<td style=\"width: 10px;\">188<\/td>\n<\/tr>\n<tr>\n<td style=\"width: 37px;\">19.06.16<\/td>\n<td style=\"width: 10px;\">MED<\/td>\n<td style=\"width: 10px;\">2<\/td>\n<td style=\"width: 161px;\">JUN<\/td>\n<td style=\"width: 46px;\">0<\/td>\n<td style=\"width: 124px;\" colspan=\"3\">C.Marrugo (2) Med.<\/td>\n<td style=\"width: 10px;\">189<\/td>\n<\/tr>\n<tr>\n<td style=\"width: 37px;\">09.07.16<\/td>\n<td style=\"width: 10px;\">JUN<\/td>\n<td style=\"width: 10px;\">1<\/td>\n<td style=\"width: 161px;\">MED<\/td>\n<td style=\"width: 46px;\">1<\/td>\n<td style=\"width: 124px;\" colspan=\"3\">J.S\u00e1nchez (Jun)\u00a0\u00a0\u00a0\u00a0 C.Marrugo (Med)<\/td>\n<td style=\"width: 10px;\">190<\/td>\n<\/tr>\n<tr>\n<td style=\"width: 37px;\">30.04.17<\/td>\n<td style=\"width: 10px;\">JUN<\/td>\n<td style=\"width: 10px;\">2<\/td>\n<td style=\"width: 161px;\">MED<\/td>\n<td style=\"width: 46px;\">0<\/td>\n<td style=\"width: 124px;\" colspan=\"3\">J.S\u00e1nchez, R.Ovelar (Jun)<\/td>\n<td style=\"width: 10px;\">191<\/td>\n<\/tr>\n<tr>\n<td style=\"width: 37px;\">15.10.17<\/td>\n<td style=\"width: 10px;\">MED<\/td>\n<td style=\"width: 10px;\">1<\/td>\n<td style=\"width: 161px;\">JUN<\/td>\n<td style=\"width: 46px;\">2<\/td>\n<td style=\"width: 124px;\" colspan=\"3\">J.F.Quintero (Med)\u00a0\u00a0\u00a0\u00a0 Y.Char\u00e1, T.Guti\u00e9rrez (Jun)<\/td>\n<td style=\"width: 10px;\">192<\/td>\n<\/tr>\n<tr>\n<td style=\"width: 37px;\">03.03.18<\/td>\n<td style=\"width: 10px;\">MED<\/td>\n<td style=\"width: 10px;\">1<\/td>\n<td style=\"width: 161px;\">JUN<\/td>\n<td style=\"width: 46px;\">2<\/td>\n<td style=\"width: 124px;\" colspan=\"3\">R.Qui\u00f1\u00f3nes (Med)\u00a0\u00a0\u00a0\u00a0 L.C.Ruiz, Y.Char\u00e1 (Jun)<\/td>\n<td style=\"width: 10px;\">193<\/td>\n<\/tr>\n<\/tbody>\n<\/table>\n<p>&nbsp;<\/p>\n<table style=\"width: 459px;\">\n<tbody>\n<tr>\n<td style=\"border-color: #e33b3b; background-color: #e03636;\"><strong>TABLA HIST\u00d3RICA <span style=\"font-size: 8pt;\">1948-2018.<\/span><\/strong><\/td>\n<td style=\"border-color: #e33b3b; background-color: #e03636;\"><strong>\u00a0<\/strong><\/td>\n<td style=\"border-color: #e33b3b; background-color: #e03636;\"><strong>\u00a0<\/strong><\/td>\n<td style=\"border-color: #e33b3b; background-color: #e03636;\"><strong>\u00a0<\/strong><\/td>\n<td style=\"border-color: #e33b3b; background-color: #e03636;\"><strong>\u00a0<\/strong><\/td>\n<td style=\"border-color: #e33b3b; background-color: #e03636;\"><strong>\u00a0<\/strong><\/td>\n<td style=\"border-color: #e33b3b; background-color: #e03636;\"><strong>\u00a0<\/strong><\/td>\n<td style=\"border-color: #e33b3b; background-color: #e03636;\"><\/td>\n<\/tr>\n<tr>\n<td style=\"border-color: #e33b3b; background-color: #e03636;\"><strong>EQUIPOS<\/strong><\/td>\n<td style=\"border-color: #e33b3b; background-color: #e03636;\"><strong>PJ<\/strong><\/td>\n<td style=\"border-color: #e33b3b; background-color: #e03636;\"><strong>PG<\/strong><\/td>\n<td style=\"border-color: #e33b3b; background-color: #e03636;\"><strong>PE<\/strong><\/td>\n<td style=\"border-color: #e33b3b; background-color: #e03636;\"><strong>PP<\/strong><\/td>\n<td style=\"border-color: #e33b3b; background-color: #e03636;\"><strong>GF<\/strong><\/td>\n<td style=\"border-color: #e33b3b; background-color: #e03636;\"><strong>GC<\/strong><\/td>\n<td style=\"border-color: #e33b3b; background-color: #e03636;\"><\/td>\n<\/tr>\n<tr>\n<td style=\"width: 94px;\">1.Junior<\/td>\n<td style=\"width: 19px;\">193<\/td>\n<td style=\"width: 14px;\">81<\/td>\n<td style=\"width: 25px;\">58<\/td>\n<td style=\"width: 32px;\">54<\/td>\n<td style=\"width: 33px;\">271<\/td>\n<td style=\"width: 37px;\">223<\/td>\n<td style=\"width: 56px;\">Se han marcado 494 goles<\/td>\n<\/tr>\n<tr>\n<td style=\"width: 94px;\">2.Medell\u00edn<\/td>\n<td style=\"width: 19px;\">193<\/td>\n<td style=\"width: 14px;\">54<\/td>\n<td style=\"width: 25px;\">58<\/td>\n<td style=\"width: 32px;\">81<\/td>\n<td style=\"width: 33px;\">223<\/td>\n<td style=\"width: 37px;\">271<\/td>\n<td style=\"width: 56px;\"><\/td>\n<\/tr>\n<tr>\n<td style=\"width: 94px;\"><\/td>\n<td style=\"width: 19px;\"><\/td>\n<td style=\"width: 14px;\"><\/td>\n<td style=\"width: 25px;\"><\/td>\n<td style=\"width: 32px;\"><\/td>\n<td style=\"width: 33px;\"><\/td>\n<td style=\"width: 37px;\"><\/td>\n<td style=\"width: 56px;\"><\/td>\n<\/tr>\n<tr>\n<td style=\"border-color: #423fd4; background-color: #7d7fbd;\"><strong>TABLA HIST\u00d3RICA JUNIOR (L).<\/strong><\/td>\n<td style=\"border-color: #423fd4; background-color: #7d7fbd;\"><strong>\u00a0<\/strong><\/td>\n<td style=\"border-color: #423fd4; background-color: #7d7fbd;\"><strong>\u00a0<\/strong><\/td>\n<td style=\"border-color: #423fd4; background-color: #7d7fbd;\"><strong>\u00a0<\/strong><\/td>\n<td style=\"border-color: #423fd4; background-color: #7d7fbd;\"><strong>\u00a0<\/strong><\/td>\n<td style=\"border-color: #423fd4; background-color: #7d7fbd;\"><strong>\u00a0<\/strong><\/td>\n<td style=\"border-color: #423fd4; background-color: #7d7fbd;\"><strong>\u00a0<\/strong><\/td>\n<td style=\"border-color: #423fd4; background-color: #7d7fbd;\"><\/td>\n<\/tr>\n<tr>\n<td style=\"border-color: #423fd4; background-color: #7d7fbd;\"><strong>EQUIPOS<\/strong><\/td>\n<td style=\"border-color: #423fd4; background-color: #7d7fbd;\"><strong>PJ<\/strong><\/td>\n<td style=\"border-color: #423fd4; background-color: #7d7fbd;\"><strong>PG<\/strong><\/td>\n<td style=\"border-color: #423fd4; background-color: #7d7fbd;\"><strong>PE<\/strong><\/td>\n<td style=\"border-color: #423fd4; background-color: #7d7fbd;\"><strong>PP<\/strong><\/td>\n<td style=\"border-color: #423fd4; background-color: #7d7fbd;\"><strong>GF<\/strong><\/td>\n<td style=\"border-color: #423fd4; background-color: #7d7fbd;\"><strong>GC<\/strong><\/td>\n<td style=\"border-color: #423fd4; background-color: #7d7fbd;\"><\/td>\n<\/tr>\n<tr>\n<td style=\"width: 94px;\">1.Junior<\/td>\n<td style=\"width: 19px;\">96<\/td>\n<td style=\"width: 14px;\">63<\/td>\n<td style=\"width: 25px;\">23<\/td>\n<td style=\"width: 32px;\">10<\/td>\n<td style=\"width: 33px;\">185<\/td>\n<td style=\"width: 37px;\">81<\/td>\n<td style=\"width: 56px;\">Se han marcado 266 goles<\/td>\n<\/tr>\n<tr>\n<td style=\"width: 94px;\">2.Medell\u00edn<\/td>\n<td style=\"width: 19px;\">96<\/td>\n<td style=\"width: 14px;\">10<\/td>\n<td style=\"width: 25px;\">23<\/td>\n<td style=\"width: 32px;\">63<\/td>\n<td style=\"width: 33px;\">81<\/td>\n<td style=\"width: 37px;\">185<\/td>\n<td style=\"width: 56px;\"><\/td>\n<\/tr>\n<\/tbody>\n<\/table>\n<p>&nbsp;<\/p>\n<table style=\"width: 284px;\">\n<tbody>\n<tr>\n<td style=\"width: 227px;\"><strong>GOLEADORES.\u00a0\u00a0\u00a0\u00a0<\/strong><\/td>\n<td style=\"width: 19px;\"><\/td>\n<\/tr>\n<tr>\n<td style=\"width: 227px;\">Iv\u00e1n R.Valenciano (Jun-Med)<\/td>\n<td style=\"width: 19px;\">18<\/td>\n<\/tr>\n<tr>\n<td style=\"width: 227px;\">Jorge Daniel Jara (Medell\u00edn)<\/td>\n<td style=\"width: 19px;\">9<\/td>\n<\/tr>\n<tr>\n<td style=\"width: 227px;\">Eladio V\u00e1squez (Jun-Med)<\/td>\n<td style=\"width: 19px;\">8<\/td>\n<\/tr>\n<\/tbody>\n<\/table>\n","protected":false},"excerpt":{"rendered":"<p>Uno de los atractivos de la\u00a0jornada, ser\u00e1 la que enfrenten el domingo\u00a0Atl\u00e9tico Junior\u00a0e\u00a0Independiente Medell\u00edn. Los \u201ctiburones\u201d, dirigidos por el colombo uruguayo\u00a0Julio Comesa\u00f1a, lograron su clasificaci\u00f3n a expensas de\u00a0Jaguares, al que vencieron 2-1, y buscar\u00e1n ratificar en casa su dominio ante 'el Poderoso', al que le ha ganado las \u00faltimas tres series de eliminaci\u00f3n directa. 20.05.12 [&hellip;]<\/p>\n","protected":false},"author":5,"featured_media":17672,"comment_status":"open","ping_status":"open","sticky":false,"template":"","format":"standard","meta":{"_acf_changed":false,"footnotes":""},"categories":[7],"tags":[688,124,145],"class_list":{"0":"post-17668","1":"post","2":"type-post","3":"status-publish","4":"format-standard","5":"has-post-thumbnail","7":"category-liga-betplay","8":"tag-atletico-junior","9":"tag-independiente-medellin","10":"tag-liga-aguila"},"acf":[],"yoast_head":"<!-- This site is optimized with the Yoast SEO plugin v26.8 - https:\/\/yoast.com\/product\/yoast-seo-wordpress\/ -->\n<title>Junior - Medell\u00edn duelo atractivo en cuartos de final -<\/title>\n<meta name=\"robots\" content=\"index, follow, max-snippet:-1, max-image-preview:large, max-video-preview:-1\" \/>\n<link rel=\"canonical\" href=\"https:\/\/futbolhoy.co\/index.php\/2018\/05\/12\/junior-medellin-duelo-atractivo-en-cuartos-de-final\/\" \/>\n<meta property=\"og:locale\" content=\"es_ES\" \/>\n<meta property=\"og:type\" content=\"article\" \/>\n<meta property=\"og:title\" content=\"Junior - Medell\u00edn duelo atractivo en cuartos de final -\" \/>\n<meta property=\"og:description\" content=\"Uno de los atractivos de la\u00a0jornada, ser\u00e1 la que enfrenten el domingo\u00a0Atl\u00e9tico Junior\u00a0e\u00a0Independiente Medell\u00edn. Los \u201ctiburones\u201d, dirigidos por el colombo uruguayo\u00a0Julio Comesa\u00f1a, lograron su clasificaci\u00f3n a expensas de\u00a0Jaguares, al que vencieron 2-1, y buscar\u00e1n ratificar en casa su dominio ante &#039;el Poderoso&#039;, al que le ha ganado las \u00faltimas tres series de eliminaci\u00f3n directa. 20.05.12 [&hellip;]\" \/>\n<meta property=\"og:url\" content=\"https:\/\/futbolhoy.co\/index.php\/2018\/05\/12\/junior-medellin-duelo-atractivo-en-cuartos-de-final\/\" \/>\n<meta property=\"article:publisher\" content=\"https:\/\/www.facebook.com\/FutbolHoyCol\/\" \/>\n<meta property=\"article:published_time\" content=\"2018-05-12T21:10:37+00:00\" \/>\n<meta property=\"article:modified_time\" content=\"2018-05-14T17:56:42+00:00\" \/>\n<meta property=\"og:image\" content=\"https:\/\/futbolhoy.co\/wp-content\/uploads\/2018\/05\/DcyNUcNWsAUPWfQ.jpg\" \/>\n\t<meta property=\"og:image:width\" content=\"960\" \/>\n\t<meta property=\"og:image:height\" content=\"535\" \/>\n\t<meta property=\"og:image:type\" content=\"image\/jpeg\" \/>\n<meta name=\"author\" content=\"Laura Hern\u00e1ndez\" \/>\n<meta name=\"twitter:card\" content=\"summary_large_image\" \/>\n<meta name=\"twitter:creator\" content=\"@FutbolHoyCol\" \/>\n<meta name=\"twitter:site\" content=\"@FutbolHoyCol\" \/>\n<meta name=\"twitter:label1\" content=\"Escrito por\" \/>\n\t<meta name=\"twitter:data1\" content=\"Laura Hern\u00e1ndez\" \/>\n\t<meta name=\"twitter:label2\" content=\"Tiempo de lectura\" \/>\n\t<meta name=\"twitter:data2\" content=\"1 minuto\" \/>\n<script type=\"application\/ld+json\" class=\"yoast-schema-graph\">{\"@context\":\"https:\/\/schema.org\",\"@graph\":[{\"@type\":\"Article\",\"@id\":\"https:\/\/futbolhoy.co\/index.php\/2018\/05\/12\/junior-medellin-duelo-atractivo-en-cuartos-de-final\/#article\",\"isPartOf\":{\"@id\":\"https:\/\/futbolhoy.co\/index.php\/2018\/05\/12\/junior-medellin-duelo-atractivo-en-cuartos-de-final\/\"},\"author\":{\"name\":\"Laura Hern\u00e1ndez\",\"@id\":\"https:\/\/futbolhoy.co\/#\/schema\/person\/c4a353a512b127643723a34bb1812f7d\"},\"headline\":\"Junior - Medell\u00edn duelo atractivo en cuartos de final\",\"datePublished\":\"2018-05-12T21:10:37+00:00\",\"dateModified\":\"2018-05-14T17:56:42+00:00\",\"mainEntityOfPage\":{\"@id\":\"https:\/\/futbolhoy.co\/index.php\/2018\/05\/12\/junior-medellin-duelo-atractivo-en-cuartos-de-final\/\"},\"wordCount\":281,\"commentCount\":0,\"publisher\":{\"@id\":\"https:\/\/futbolhoy.co\/#organization\"},\"image\":{\"@id\":\"https:\/\/futbolhoy.co\/index.php\/2018\/05\/12\/junior-medellin-duelo-atractivo-en-cuartos-de-final\/#primaryimage\"},\"thumbnailUrl\":\"https:\/\/futbolhoy.co\/wp-content\/uploads\/2018\/05\/DcyNUcNWsAUPWfQ.jpg\",\"keywords\":[\"Atl\u00e9tico Junior\",\"Independiente Medell\u00edn\",\"Liga Aguila\"],\"articleSection\":[\"Liga BetPlay\"],\"inLanguage\":\"es\",\"potentialAction\":[{\"@type\":\"CommentAction\",\"name\":\"Comment\",\"target\":[\"https:\/\/futbolhoy.co\/index.php\/2018\/05\/12\/junior-medellin-duelo-atractivo-en-cuartos-de-final\/#respond\"]}]},{\"@type\":\"WebPage\",\"@id\":\"https:\/\/futbolhoy.co\/index.php\/2018\/05\/12\/junior-medellin-duelo-atractivo-en-cuartos-de-final\/\",\"url\":\"https:\/\/futbolhoy.co\/index.php\/2018\/05\/12\/junior-medellin-duelo-atractivo-en-cuartos-de-final\/\",\"name\":\"Junior - Medell\u00edn duelo atractivo en cuartos de final -\",\"isPartOf\":{\"@id\":\"https:\/\/futbolhoy.co\/#website\"},\"primaryImageOfPage\":{\"@id\":\"https:\/\/futbolhoy.co\/index.php\/2018\/05\/12\/junior-medellin-duelo-atractivo-en-cuartos-de-final\/#primaryimage\"},\"image\":{\"@id\":\"https:\/\/futbolhoy.co\/index.php\/2018\/05\/12\/junior-medellin-duelo-atractivo-en-cuartos-de-final\/#primaryimage\"},\"thumbnailUrl\":\"https:\/\/futbolhoy.co\/wp-content\/uploads\/2018\/05\/DcyNUcNWsAUPWfQ.jpg\",\"datePublished\":\"2018-05-12T21:10:37+00:00\",\"dateModified\":\"2018-05-14T17:56:42+00:00\",\"breadcrumb\":{\"@id\":\"https:\/\/futbolhoy.co\/index.php\/2018\/05\/12\/junior-medellin-duelo-atractivo-en-cuartos-de-final\/#breadcrumb\"},\"inLanguage\":\"es\",\"potentialAction\":[{\"@type\":\"ReadAction\",\"target\":[\"https:\/\/futbolhoy.co\/index.php\/2018\/05\/12\/junior-medellin-duelo-atractivo-en-cuartos-de-final\/\"]}]},{\"@type\":\"ImageObject\",\"inLanguage\":\"es\",\"@id\":\"https:\/\/futbolhoy.co\/index.php\/2018\/05\/12\/junior-medellin-duelo-atractivo-en-cuartos-de-final\/#primaryimage\",\"url\":\"https:\/\/futbolhoy.co\/wp-content\/uploads\/2018\/05\/DcyNUcNWsAUPWfQ.jpg\",\"contentUrl\":\"https:\/\/futbolhoy.co\/wp-content\/uploads\/2018\/05\/DcyNUcNWsAUPWfQ.jpg\",\"width\":960,\"height\":535,\"caption\":\"Twitter @DIM_Oficial\"},{\"@type\":\"BreadcrumbList\",\"@id\":\"https:\/\/futbolhoy.co\/index.php\/2018\/05\/12\/junior-medellin-duelo-atractivo-en-cuartos-de-final\/#breadcrumb\",\"itemListElement\":[{\"@type\":\"ListItem\",\"position\":1,\"name\":\"Portada\",\"item\":\"https:\/\/futbolhoy.co\/\"},{\"@type\":\"ListItem\",\"position\":2,\"name\":\"Junior &#8211; Medell\u00edn duelo atractivo en cuartos de final\"}]},{\"@type\":\"WebSite\",\"@id\":\"https:\/\/futbolhoy.co\/#website\",\"url\":\"https:\/\/futbolhoy.co\/\",\"name\":\"FutbolHoy\",\"description\":\"\",\"publisher\":{\"@id\":\"https:\/\/futbolhoy.co\/#organization\"},\"potentialAction\":[{\"@type\":\"SearchAction\",\"target\":{\"@type\":\"EntryPoint\",\"urlTemplate\":\"https:\/\/futbolhoy.co\/?s={search_term_string}\"},\"query-input\":{\"@type\":\"PropertyValueSpecification\",\"valueRequired\":true,\"valueName\":\"search_term_string\"}}],\"inLanguage\":\"es\"},{\"@type\":\"Organization\",\"@id\":\"https:\/\/futbolhoy.co\/#organization\",\"name\":\"Futbolhoy.co\",\"url\":\"https:\/\/futbolhoy.co\/\",\"logo\":{\"@type\":\"ImageObject\",\"inLanguage\":\"es\",\"@id\":\"https:\/\/futbolhoy.co\/#\/schema\/logo\/image\/\",\"url\":\"https:\/\/futbolhoy.co\/wp-content\/uploads\/2018\/08\/17426380_1906371736249227_6326180412931521141_n.jpg\",\"contentUrl\":\"https:\/\/futbolhoy.co\/wp-content\/uploads\/2018\/08\/17426380_1906371736249227_6326180412931521141_n.jpg\",\"width\":960,\"height\":960,\"caption\":\"Futbolhoy.co\"},\"image\":{\"@id\":\"https:\/\/futbolhoy.co\/#\/schema\/logo\/image\/\"},\"sameAs\":[\"https:\/\/www.facebook.com\/FutbolHoyCol\/\",\"https:\/\/x.com\/FutbolHoyCol\",\"https:\/\/www.instagram.com\/futbolhoycol\/\"]},{\"@type\":\"Person\",\"@id\":\"https:\/\/futbolhoy.co\/#\/schema\/person\/c4a353a512b127643723a34bb1812f7d\",\"name\":\"Laura Hern\u00e1ndez\",\"image\":{\"@type\":\"ImageObject\",\"inLanguage\":\"es\",\"@id\":\"https:\/\/futbolhoy.co\/#\/schema\/person\/image\/\",\"url\":\"https:\/\/secure.gravatar.com\/avatar\/d25959a15b9b293a743f99181c7cfd01?s=96&d=mm&r=g\",\"contentUrl\":\"https:\/\/secure.gravatar.com\/avatar\/d25959a15b9b293a743f99181c7cfd01?s=96&d=mm&r=g\",\"caption\":\"Laura Hern\u00e1ndez\"}}]}<\/script>\n<!-- \/ Yoast SEO plugin. -->","yoast_head_json":{"title":"Junior - Medell\u00edn duelo atractivo en cuartos de final -","robots":{"index":"index","follow":"follow","max-snippet":"max-snippet:-1","max-image-preview":"max-image-preview:large","max-video-preview":"max-video-preview:-1"},"canonical":"https:\/\/futbolhoy.co\/index.php\/2018\/05\/12\/junior-medellin-duelo-atractivo-en-cuartos-de-final\/","og_locale":"es_ES","og_type":"article","og_title":"Junior - Medell\u00edn duelo atractivo en cuartos de final -","og_description":"Uno de los atractivos de la\u00a0jornada, ser\u00e1 la que enfrenten el domingo\u00a0Atl\u00e9tico Junior\u00a0e\u00a0Independiente Medell\u00edn. Los \u201ctiburones\u201d, dirigidos por el colombo uruguayo\u00a0Julio Comesa\u00f1a, lograron su clasificaci\u00f3n a expensas de\u00a0Jaguares, al que vencieron 2-1, y buscar\u00e1n ratificar en casa su dominio ante 'el Poderoso', al que le ha ganado las \u00faltimas tres series de eliminaci\u00f3n directa. 20.05.12 [&hellip;]","og_url":"https:\/\/futbolhoy.co\/index.php\/2018\/05\/12\/junior-medellin-duelo-atractivo-en-cuartos-de-final\/","article_publisher":"https:\/\/www.facebook.com\/FutbolHoyCol\/","article_published_time":"2018-05-12T21:10:37+00:00","article_modified_time":"2018-05-14T17:56:42+00:00","og_image":[{"width":960,"height":535,"url":"https:\/\/futbolhoy.co\/wp-content\/uploads\/2018\/05\/DcyNUcNWsAUPWfQ.jpg","type":"image\/jpeg"}],"author":"Laura Hern\u00e1ndez","twitter_card":"summary_large_image","twitter_creator":"@FutbolHoyCol","twitter_site":"@FutbolHoyCol","twitter_misc":{"Escrito por":"Laura Hern\u00e1ndez","Tiempo de lectura":"1 minuto"},"schema":{"@context":"https:\/\/schema.org","@graph":[{"@type":"Article","@id":"https:\/\/futbolhoy.co\/index.php\/2018\/05\/12\/junior-medellin-duelo-atractivo-en-cuartos-de-final\/#article","isPartOf":{"@id":"https:\/\/futbolhoy.co\/index.php\/2018\/05\/12\/junior-medellin-duelo-atractivo-en-cuartos-de-final\/"},"author":{"name":"Laura Hern\u00e1ndez","@id":"https:\/\/futbolhoy.co\/#\/schema\/person\/c4a353a512b127643723a34bb1812f7d"},"headline":"Junior - Medell\u00edn duelo atractivo en cuartos de final","datePublished":"2018-05-12T21:10:37+00:00","dateModified":"2018-05-14T17:56:42+00:00","mainEntityOfPage":{"@id":"https:\/\/futbolhoy.co\/index.php\/2018\/05\/12\/junior-medellin-duelo-atractivo-en-cuartos-de-final\/"},"wordCount":281,"commentCount":0,"publisher":{"@id":"https:\/\/futbolhoy.co\/#organization"},"image":{"@id":"https:\/\/futbolhoy.co\/index.php\/2018\/05\/12\/junior-medellin-duelo-atractivo-en-cuartos-de-final\/#primaryimage"},"thumbnailUrl":"https:\/\/futbolhoy.co\/wp-content\/uploads\/2018\/05\/DcyNUcNWsAUPWfQ.jpg","keywords":["Atl\u00e9tico Junior","Independiente Medell\u00edn","Liga Aguila"],"articleSection":["Liga BetPlay"],"inLanguage":"es","potentialAction":[{"@type":"CommentAction","name":"Comment","target":["https:\/\/futbolhoy.co\/index.php\/2018\/05\/12\/junior-medellin-duelo-atractivo-en-cuartos-de-final\/#respond"]}]},{"@type":"WebPage","@id":"https:\/\/futbolhoy.co\/index.php\/2018\/05\/12\/junior-medellin-duelo-atractivo-en-cuartos-de-final\/","url":"https:\/\/futbolhoy.co\/index.php\/2018\/05\/12\/junior-medellin-duelo-atractivo-en-cuartos-de-final\/","name":"Junior - Medell\u00edn duelo atractivo en cuartos de final -","isPartOf":{"@id":"https:\/\/futbolhoy.co\/#website"},"primaryImageOfPage":{"@id":"https:\/\/futbolhoy.co\/index.php\/2018\/05\/12\/junior-medellin-duelo-atractivo-en-cuartos-de-final\/#primaryimage"},"image":{"@id":"https:\/\/futbolhoy.co\/index.php\/2018\/05\/12\/junior-medellin-duelo-atractivo-en-cuartos-de-final\/#primaryimage"},"thumbnailUrl":"https:\/\/futbolhoy.co\/wp-content\/uploads\/2018\/05\/DcyNUcNWsAUPWfQ.jpg","datePublished":"2018-05-12T21:10:37+00:00","dateModified":"2018-05-14T17:56:42+00:00","breadcrumb":{"@id":"https:\/\/futbolhoy.co\/index.php\/2018\/05\/12\/junior-medellin-duelo-atractivo-en-cuartos-de-final\/#breadcrumb"},"inLanguage":"es","potentialAction":[{"@type":"ReadAction","target":["https:\/\/futbolhoy.co\/index.php\/2018\/05\/12\/junior-medellin-duelo-atractivo-en-cuartos-de-final\/"]}]},{"@type":"ImageObject","inLanguage":"es","@id":"https:\/\/futbolhoy.co\/index.php\/2018\/05\/12\/junior-medellin-duelo-atractivo-en-cuartos-de-final\/#primaryimage","url":"https:\/\/futbolhoy.co\/wp-content\/uploads\/2018\/05\/DcyNUcNWsAUPWfQ.jpg","contentUrl":"https:\/\/futbolhoy.co\/wp-content\/uploads\/2018\/05\/DcyNUcNWsAUPWfQ.jpg","width":960,"height":535,"caption":"Twitter @DIM_Oficial"},{"@type":"BreadcrumbList","@id":"https:\/\/futbolhoy.co\/index.php\/2018\/05\/12\/junior-medellin-duelo-atractivo-en-cuartos-de-final\/#breadcrumb","itemListElement":[{"@type":"ListItem","position":1,"name":"Portada","item":"https:\/\/futbolhoy.co\/"},{"@type":"ListItem","position":2,"name":"Junior &#8211; Medell\u00edn duelo atractivo en cuartos de final"}]},{"@type":"WebSite","@id":"https:\/\/futbolhoy.co\/#website","url":"https:\/\/futbolhoy.co\/","name":"FutbolHoy","description":"","publisher":{"@id":"https:\/\/futbolhoy.co\/#organization"},"potentialAction":[{"@type":"SearchAction","target":{"@type":"EntryPoint","urlTemplate":"https:\/\/futbolhoy.co\/?s={search_term_string}"},"query-input":{"@type":"PropertyValueSpecification","valueRequired":true,"valueName":"search_term_string"}}],"inLanguage":"es"},{"@type":"Organization","@id":"https:\/\/futbolhoy.co\/#organization","name":"Futbolhoy.co","url":"https:\/\/futbolhoy.co\/","logo":{"@type":"ImageObject","inLanguage":"es","@id":"https:\/\/futbolhoy.co\/#\/schema\/logo\/image\/","url":"https:\/\/futbolhoy.co\/wp-content\/uploads\/2018\/08\/17426380_1906371736249227_6326180412931521141_n.jpg","contentUrl":"https:\/\/futbolhoy.co\/wp-content\/uploads\/2018\/08\/17426380_1906371736249227_6326180412931521141_n.jpg","width":960,"height":960,"caption":"Futbolhoy.co"},"image":{"@id":"https:\/\/futbolhoy.co\/#\/schema\/logo\/image\/"},"sameAs":["https:\/\/www.facebook.com\/FutbolHoyCol\/","https:\/\/x.com\/FutbolHoyCol","https:\/\/www.instagram.com\/futbolhoycol\/"]},{"@type":"Person","@id":"https:\/\/futbolhoy.co\/#\/schema\/person\/c4a353a512b127643723a34bb1812f7d","name":"Laura Hern\u00e1ndez","image":{"@type":"ImageObject","inLanguage":"es","@id":"https:\/\/futbolhoy.co\/#\/schema\/person\/image\/","url":"https:\/\/secure.gravatar.com\/avatar\/d25959a15b9b293a743f99181c7cfd01?s=96&d=mm&r=g","contentUrl":"https:\/\/secure.gravatar.com\/avatar\/d25959a15b9b293a743f99181c7cfd01?s=96&d=mm&r=g","caption":"Laura Hern\u00e1ndez"}}]}},"publishpress_future_action":{"enabled":false,"date":"2026-05-04 18:50:57","action":"change-status","newStatus":"draft","terms":[],"taxonomy":"category","extraData":[]},"publishpress_future_workflow_manual_trigger":{"enabledWorkflows":[]},"_links":{"self":[{"href":"https:\/\/futbolhoy.co\/index.php\/wp-json\/wp\/v2\/posts\/17668","targetHints":{"allow":["GET"]}}],"collection":[{"href":"https:\/\/futbolhoy.co\/index.php\/wp-json\/wp\/v2\/posts"}],"about":[{"href":"https:\/\/futbolhoy.co\/index.php\/wp-json\/wp\/v2\/types\/post"}],"author":[{"embeddable":true,"href":"https:\/\/futbolhoy.co\/index.php\/wp-json\/wp\/v2\/users\/5"}],"replies":[{"embeddable":true,"href":"https:\/\/futbolhoy.co\/index.php\/wp-json\/wp\/v2\/comments?post=17668"}],"version-history":[{"count":1,"href":"https:\/\/futbolhoy.co\/index.php\/wp-json\/wp\/v2\/posts\/17668\/revisions"}],"predecessor-version":[{"id":17674,"href":"https:\/\/futbolhoy.co\/index.php\/wp-json\/wp\/v2\/posts\/17668\/revisions\/17674"}],"wp:featuredmedia":[{"embeddable":true,"href":"https:\/\/futbolhoy.co\/index.php\/wp-json\/wp\/v2\/media\/17672"}],"wp:attachment":[{"href":"https:\/\/futbolhoy.co\/index.php\/wp-json\/wp\/v2\/media?parent=17668"}],"wp:term":[{"taxonomy":"category","embeddable":true,"href":"https:\/\/futbolhoy.co\/index.php\/wp-json\/wp\/v2\/categories?post=17668"},{"taxonomy":"post_tag","embeddable":true,"href":"https:\/\/futbolhoy.co\/index.php\/wp-json\/wp\/v2\/tags?post=17668"}],"curies":[{"name":"wp","href":"https:\/\/api.w.org\/{rel}","templated":true}]}}